{"id":1415,"date":"2008-07-25T00:00:00","date_gmt":"2008-07-25T00:00:00","guid":{"rendered":"http:\/\/psol50.org.br\/arquivo\/2008\/07\/25\/rs-justica-determina-apreensao-da-propaganda-de-luciana-genro\/"},"modified":"2008-07-25T00:00:00","modified_gmt":"2008-07-25T00:00:00","slug":"rs-justica-determina-apreensao-da-propaganda-de-luciana-genro","status":"publish","type":"post","link":"https:\/\/psol50.org.br\/rs-justica-determina-apreensao-da-propaganda-de-luciana-genro\/","title":{"rendered":"(RS) Justi\u00e7a determina apreens\u00e3o da propaganda de Luciana Genro"},"content":{"rendered":"<p>A Justi\u00e7a Eleitoral determinou nesta quinta-feira (24) \u00e0 tarde o recolhimento da propaganda gr\u00e1fica da deputada Luciana Genro, candidata do PSOL \u00e0 prefeitura de Porto Alegre. Um oficial de Justi\u00e7a foi \u00e0 sede do partido na capital, \u00e0s 17h, e recolheu cerca de 35 mil impressos armazenados para distribui\u00e7\u00e3o. Al\u00e9m disso, a Justi\u00e7a apreendeu material de campanha que estava sendo distribu\u00eddo na Esquina Democr\u00e1tica &#8211; tradicional ponto de encontros pol\u00edticos no Centro de Porto Alegre.<\/p>\n<p><!--more--><\/p>\n<p>O pedido foi encaminhado \u00e0 Justi\u00e7a pela candidata do PCdoB, Manuela D&#8217;\u00c1vila. Ela se sentiu atingida por uma frase no texto de apresenta\u00e7\u00e3o da Luciana pela seguinte frase: &#8220;O PMDB de Foga\u00e7a, o PT de Ros\u00e1rio, o PP que \u00e9 do vice de Onyx e o PPS que est\u00e1 com a Manuela s\u00e3o os respons\u00e1veis para escalada de esc\u00e2ndalos do tipo Mensal\u00e3o, Detran e Banrisul&#8221;.<\/p>\n<p>Na representa\u00e7\u00e3o, a coliga\u00e7\u00e3o Renova Porto Alegre &#8211; formada pelo PCdoB, PPS, PSB, PR, PMN, PTN e PTdoB &#8211; alegou que o PPS, que comp\u00f5e a chapa de Manuela com o candidato a vice Berfran Rosado, n\u00e3o est\u00e1 envolvido em nenhum dos esc\u00e2ndalos citados. O juiz eleitoral Di\u00f3genes Hassan Ribeiro, respons\u00e1vel pela propaganda eleitoral de rua em Porto Alegre, acatou o pedido e determinou a apreens\u00e3o da propaganda imediatamente. O material recolhido vai ficar sob a guarda da Justi\u00e7a at\u00e9 o julgamento do m\u00e9rito da a\u00e7\u00e3o.<\/p>\n<p>O PSOL disse que vai recorrer da apreens\u00e3o. Em nota divulgada no final da tarde, o presidente estadual da sigla, Roberto Robaina, classifica a a\u00e7\u00e3o como arbitr\u00e1ria e reafirma o envolvimento do PPS nos esc\u00e2ndalos citados pelos panfletos. &#8220;A verdade incomoda aos que sempre governaram de costas para o povo&#8221;, diz a nota.<\/p>\n<p>Robaina se refere no texto ao fato de o ex-secret\u00e1rio da Casa Civil do governo ga\u00facho, C\u00e9zar Busatto, ter sido flagrado pelo vice-governador Paulo Feij\u00f3 (DEM) em conversa sobre pr\u00e1ticas de corrup\u00e7\u00e3o e financiamento ilegal de campanha. O epis\u00f3dio acabou determinando a demiss\u00e3o de Busatto. &#8220;Ele foi flagrado em escuta telef\u00f4nica mostrando que a corrup\u00e7\u00e3o \u00e9 modus operandis na pol\u00edtica&#8221;, justifica.<\/p>\n<p><em>Fonte: Fl\u00e1vio Ilha, UOL.<\/em> <\/p>\n","protected":false},"excerpt":{"rendered":"<p>A Justi\u00e7a Eleitoral determinou nesta quinta-feira (24) \u00e0 tarde o recolhimento da propaganda gr\u00e1fica da deputada Luciana Genro, candidata do PSOL \u00e0 prefeitura de Porto Alegre. Um oficial de Justi\u00e7a foi \u00e0 sede do partido na capital, \u00e0s 17h, e recolheu cerca de 35 mil impressos armazenados para distribui\u00e7\u00e3o. Al\u00e9m disso, a Justi\u00e7a apreendeu material [&hellip;]<\/p>\n","protected":false},"author":2,"featured_media":0,"comment_status":"open","ping_status":"open","sticky":false,"template":"","format":"standard","meta":{"_acf_changed":false,"footnotes":""},"categories":[4766,4978],"tags":[4979],"class_list":{"0":"post-1415","1":"post","2":"type-post","3":"status-publish","4":"format-standard","6":"category-arquivo","7":"category-eleicoes-2008","8":"tag-eleicoes-2008"},"acf":[],"yoast_head":"<!-- This site is optimized with the Yoast SEO plugin v26.5 - https:\/\/yoast.com\/wordpress\/plugins\/seo\/ -->\n<title>(RS) Justi\u00e7a determina apreens\u00e3o da propaganda de Luciana Genro - PSOL 50<\/title>\n<meta name=\"robots\" content=\"index, follow, max-snippet:-1, max-image-preview:large, max-video-preview:-1\" \/>\n<link rel=\"canonical\" href=\"https:\/\/psol50.org.br\/rs-justica-determina-apreensao-da-propaganda-de-luciana-genro\/\" \/>\n<meta property=\"og:locale\" content=\"pt_BR\" \/>\n<meta property=\"og:type\" content=\"article\" \/>\n<meta property=\"og:title\" content=\"(RS) Justi\u00e7a determina apreens\u00e3o da propaganda de Luciana Genro - PSOL 50\" \/>\n<meta property=\"og:description\" content=\"A Justi\u00e7a Eleitoral determinou nesta quinta-feira (24) \u00e0 tarde o recolhimento da propaganda gr\u00e1fica da deputada Luciana Genro, candidata do PSOL \u00e0 prefeitura de Porto Alegre. Um oficial de Justi\u00e7a foi \u00e0 sede do partido na capital, \u00e0s 17h, e recolheu cerca de 35 mil impressos armazenados para distribui\u00e7\u00e3o. Al\u00e9m disso, a Justi\u00e7a apreendeu material [&hellip;]\" \/>\n<meta property=\"og:url\" content=\"https:\/\/psol50.org.br\/rs-justica-determina-apreensao-da-propaganda-de-luciana-genro\/\" \/>\n<meta property=\"og:site_name\" content=\"PSOL 50\" \/>\n<meta property=\"article:publisher\" content=\"https:\/\/www.facebook.com\/psol50\" \/>\n<meta property=\"article:published_time\" content=\"2008-07-25T00:00:00+00:00\" \/>\n<meta property=\"og:image\" content=\"https:\/\/psol50.org.br\/inc\/uploads\/2018\/07\/capa.png\" \/>\n\t<meta property=\"og:image:width\" content=\"1350\" \/>\n\t<meta property=\"og:image:height\" content=\"900\" \/>\n\t<meta property=\"og:image:type\" content=\"image\/png\" \/>\n<meta name=\"author\" content=\"Comunica\u00e7\u00e3o PSOL\" \/>\n<meta name=\"twitter:card\" content=\"summary_large_image\" \/>\n<meta name=\"twitter:creator\" content=\"@psol50\" \/>\n<meta name=\"twitter:site\" content=\"@psol50\" \/>\n<meta name=\"twitter:label1\" content=\"Escrito por\" \/>\n\t<meta name=\"twitter:data1\" content=\"Comunica\u00e7\u00e3o PSOL\" \/>\n\t<meta name=\"twitter:label2\" content=\"Est. tempo de leitura\" \/>\n\t<meta name=\"twitter:data2\" content=\"2 minutos\" \/>\n<script type=\"application\/ld+json\" class=\"yoast-schema-graph\">{\"@context\":\"https:\/\/schema.org\",\"@graph\":[{\"@type\":\"Article\",\"@id\":\"https:\/\/psol50.org.br\/rs-justica-determina-apreensao-da-propaganda-de-luciana-genro\/#article\",\"isPartOf\":{\"@id\":\"https:\/\/psol50.org.br\/rs-justica-determina-apreensao-da-propaganda-de-luciana-genro\/\"},\"author\":{\"name\":\"Comunica\u00e7\u00e3o PSOL\",\"@id\":\"https:\/\/psol50.org.br\/#\/schema\/person\/475dfa57d0b815993c714c2e96491fcd\"},\"headline\":\"(RS) Justi\u00e7a determina apreens\u00e3o da propaganda de Luciana Genro\",\"datePublished\":\"2008-07-25T00:00:00+00:00\",\"mainEntityOfPage\":{\"@id\":\"https:\/\/psol50.org.br\/rs-justica-determina-apreensao-da-propaganda-de-luciana-genro\/\"},\"wordCount\":391,\"commentCount\":0,\"publisher\":{\"@id\":\"https:\/\/psol50.org.br\/#organization\"},\"keywords\":[\"Elei\u00e7\u00f5es 2008\"],\"articleSection\":[\"Arquivo\",\"ELEI\u00c7\u00d5ES 2008\"],\"inLanguage\":\"pt-BR\",\"potentialAction\":[{\"@type\":\"CommentAction\",\"name\":\"Comment\",\"target\":[\"https:\/\/psol50.org.br\/rs-justica-determina-apreensao-da-propaganda-de-luciana-genro\/#respond\"]}]},{\"@type\":\"WebPage\",\"@id\":\"https:\/\/psol50.org.br\/rs-justica-determina-apreensao-da-propaganda-de-luciana-genro\/\",\"url\":\"https:\/\/psol50.org.br\/rs-justica-determina-apreensao-da-propaganda-de-luciana-genro\/\",\"name\":\"(RS) Justi\u00e7a determina apreens\u00e3o da propaganda de Luciana Genro - PSOL 50\",\"isPartOf\":{\"@id\":\"https:\/\/psol50.org.br\/#website\"},\"datePublished\":\"2008-07-25T00:00:00+00:00\",\"breadcrumb\":{\"@id\":\"https:\/\/psol50.org.br\/rs-justica-determina-apreensao-da-propaganda-de-luciana-genro\/#breadcrumb\"},\"inLanguage\":\"pt-BR\",\"potentialAction\":[{\"@type\":\"ReadAction\",\"target\":[\"https:\/\/psol50.org.br\/rs-justica-determina-apreensao-da-propaganda-de-luciana-genro\/\"]}]},{\"@type\":\"BreadcrumbList\",\"@id\":\"https:\/\/psol50.org.br\/rs-justica-determina-apreensao-da-propaganda-de-luciana-genro\/#breadcrumb\",\"itemListElement\":[{\"@type\":\"ListItem\",\"position\":1,\"name\":\"In\u00edcio\",\"item\":\"https:\/\/psol50.org.br\/\"},{\"@type\":\"ListItem\",\"position\":2,\"name\":\"(RS) Justi\u00e7a determina apreens\u00e3o da propaganda de Luciana Genro\"}]},{\"@type\":\"WebSite\",\"@id\":\"https:\/\/psol50.org.br\/#website\",\"url\":\"https:\/\/psol50.org.br\/\",\"name\":\"PSOL 50\",\"description\":\"Site oficial do Partido Socialismo e Liberdade\",\"publisher\":{\"@id\":\"https:\/\/psol50.org.br\/#organization\"},\"alternateName\":\"PSOL50\",\"potentialAction\":[{\"@type\":\"SearchAction\",\"target\":{\"@type\":\"EntryPoint\",\"urlTemplate\":\"https:\/\/psol50.org.br\/?s={search_term_string}\"},\"query-input\":{\"@type\":\"PropertyValueSpecification\",\"valueRequired\":true,\"valueName\":\"search_term_string\"}}],\"inLanguage\":\"pt-BR\"},{\"@type\":\"Organization\",\"@id\":\"https:\/\/psol50.org.br\/#organization\",\"name\":\"PSOL 50\",\"alternateName\":\"PSOL 50\",\"url\":\"https:\/\/psol50.org.br\/\",\"logo\":{\"@type\":\"ImageObject\",\"inLanguage\":\"pt-BR\",\"@id\":\"https:\/\/psol50.org.br\/#\/schema\/logo\/image\/\",\"url\":\"https:\/\/psol50.org.br\/inc\/uploads\/2018\/07\/capa.png\",\"contentUrl\":\"https:\/\/psol50.org.br\/inc\/uploads\/2018\/07\/capa.png\",\"width\":1350,\"height\":900,\"caption\":\"PSOL 50\"},\"image\":{\"@id\":\"https:\/\/psol50.org.br\/#\/schema\/logo\/image\/\"},\"sameAs\":[\"https:\/\/www.facebook.com\/psol50\",\"https:\/\/x.com\/psol50\",\"https:\/\/www.instagram.com\/psol50\/\",\"https:\/\/www.youtube.com\/channel\/UC7SnJS5o1os7a6CaiNabzcg\"]},{\"@type\":\"Person\",\"@id\":\"https:\/\/psol50.org.br\/#\/schema\/person\/475dfa57d0b815993c714c2e96491fcd\",\"name\":\"Comunica\u00e7\u00e3o PSOL\",\"image\":{\"@type\":\"ImageObject\",\"inLanguage\":\"pt-BR\",\"@id\":\"https:\/\/psol50.org.br\/#\/schema\/person\/image\/\",\"url\":\"https:\/\/secure.gravatar.com\/avatar\/b34fc4f4e468a4e51785917065a3db57b841f5c95dba6ad8c73aaf8f66f8f9bf?s=96&d=mm&r=g\",\"contentUrl\":\"https:\/\/secure.gravatar.com\/avatar\/b34fc4f4e468a4e51785917065a3db57b841f5c95dba6ad8c73aaf8f66f8f9bf?s=96&d=mm&r=g\",\"caption\":\"Comunica\u00e7\u00e3o PSOL\"}}]}<\/script>\n<!-- \/ Yoast SEO plugin. -->","yoast_head_json":{"title":"(RS) Justi\u00e7a determina apreens\u00e3o da propaganda de Luciana Genro - PSOL 50","robots":{"index":"index","follow":"follow","max-snippet":"max-snippet:-1","max-image-preview":"max-image-preview:large","max-video-preview":"max-video-preview:-1"},"canonical":"https:\/\/psol50.org.br\/rs-justica-determina-apreensao-da-propaganda-de-luciana-genro\/","og_locale":"pt_BR","og_type":"article","og_title":"(RS) Justi\u00e7a determina apreens\u00e3o da propaganda de Luciana Genro - PSOL 50","og_description":"A Justi\u00e7a Eleitoral determinou nesta quinta-feira (24) \u00e0 tarde o recolhimento da propaganda gr\u00e1fica da deputada Luciana Genro, candidata do PSOL \u00e0 prefeitura de Porto Alegre. Um oficial de Justi\u00e7a foi \u00e0 sede do partido na capital, \u00e0s 17h, e recolheu cerca de 35 mil impressos armazenados para distribui\u00e7\u00e3o. Al\u00e9m disso, a Justi\u00e7a apreendeu material [&hellip;]","og_url":"https:\/\/psol50.org.br\/rs-justica-determina-apreensao-da-propaganda-de-luciana-genro\/","og_site_name":"PSOL 50","article_publisher":"https:\/\/www.facebook.com\/psol50","article_published_time":"2008-07-25T00:00:00+00:00","og_image":[{"width":1350,"height":900,"url":"https:\/\/psol50.org.br\/inc\/uploads\/2018\/07\/capa.png","type":"image\/png"}],"author":"Comunica\u00e7\u00e3o PSOL","twitter_card":"summary_large_image","twitter_creator":"@psol50","twitter_site":"@psol50","twitter_misc":{"Escrito por":"Comunica\u00e7\u00e3o PSOL","Est. tempo de leitura":"2 minutos"},"schema":{"@context":"https:\/\/schema.org","@graph":[{"@type":"Article","@id":"https:\/\/psol50.org.br\/rs-justica-determina-apreensao-da-propaganda-de-luciana-genro\/#article","isPartOf":{"@id":"https:\/\/psol50.org.br\/rs-justica-determina-apreensao-da-propaganda-de-luciana-genro\/"},"author":{"name":"Comunica\u00e7\u00e3o PSOL","@id":"https:\/\/psol50.org.br\/#\/schema\/person\/475dfa57d0b815993c714c2e96491fcd"},"headline":"(RS) Justi\u00e7a determina apreens\u00e3o da propaganda de Luciana Genro","datePublished":"2008-07-25T00:00:00+00:00","mainEntityOfPage":{"@id":"https:\/\/psol50.org.br\/rs-justica-determina-apreensao-da-propaganda-de-luciana-genro\/"},"wordCount":391,"commentCount":0,"publisher":{"@id":"https:\/\/psol50.org.br\/#organization"},"keywords":["Elei\u00e7\u00f5es 2008"],"articleSection":["Arquivo","ELEI\u00c7\u00d5ES 2008"],"inLanguage":"pt-BR","potentialAction":[{"@type":"CommentAction","name":"Comment","target":["https:\/\/psol50.org.br\/rs-justica-determina-apreensao-da-propaganda-de-luciana-genro\/#respond"]}]},{"@type":"WebPage","@id":"https:\/\/psol50.org.br\/rs-justica-determina-apreensao-da-propaganda-de-luciana-genro\/","url":"https:\/\/psol50.org.br\/rs-justica-determina-apreensao-da-propaganda-de-luciana-genro\/","name":"(RS) Justi\u00e7a determina apreens\u00e3o da propaganda de Luciana Genro - PSOL 50","isPartOf":{"@id":"https:\/\/psol50.org.br\/#website"},"datePublished":"2008-07-25T00:00:00+00:00","breadcrumb":{"@id":"https:\/\/psol50.org.br\/rs-justica-determina-apreensao-da-propaganda-de-luciana-genro\/#breadcrumb"},"inLanguage":"pt-BR","potentialAction":[{"@type":"ReadAction","target":["https:\/\/psol50.org.br\/rs-justica-determina-apreensao-da-propaganda-de-luciana-genro\/"]}]},{"@type":"BreadcrumbList","@id":"https:\/\/psol50.org.br\/rs-justica-determina-apreensao-da-propaganda-de-luciana-genro\/#breadcrumb","itemListElement":[{"@type":"ListItem","position":1,"name":"In\u00edcio","item":"https:\/\/psol50.org.br\/"},{"@type":"ListItem","position":2,"name":"(RS) Justi\u00e7a determina apreens\u00e3o da propaganda de Luciana Genro"}]},{"@type":"WebSite","@id":"https:\/\/psol50.org.br\/#website","url":"https:\/\/psol50.org.br\/","name":"PSOL 50","description":"Site oficial do Partido Socialismo e Liberdade","publisher":{"@id":"https:\/\/psol50.org.br\/#organization"},"alternateName":"PSOL50","potentialAction":[{"@type":"SearchAction","target":{"@type":"EntryPoint","urlTemplate":"https:\/\/psol50.org.br\/?s={search_term_string}"},"query-input":{"@type":"PropertyValueSpecification","valueRequired":true,"valueName":"search_term_string"}}],"inLanguage":"pt-BR"},{"@type":"Organization","@id":"https:\/\/psol50.org.br\/#organization","name":"PSOL 50","alternateName":"PSOL 50","url":"https:\/\/psol50.org.br\/","logo":{"@type":"ImageObject","inLanguage":"pt-BR","@id":"https:\/\/psol50.org.br\/#\/schema\/logo\/image\/","url":"https:\/\/psol50.org.br\/inc\/uploads\/2018\/07\/capa.png","contentUrl":"https:\/\/psol50.org.br\/inc\/uploads\/2018\/07\/capa.png","width":1350,"height":900,"caption":"PSOL 50"},"image":{"@id":"https:\/\/psol50.org.br\/#\/schema\/logo\/image\/"},"sameAs":["https:\/\/www.facebook.com\/psol50","https:\/\/x.com\/psol50","https:\/\/www.instagram.com\/psol50\/","https:\/\/www.youtube.com\/channel\/UC7SnJS5o1os7a6CaiNabzcg"]},{"@type":"Person","@id":"https:\/\/psol50.org.br\/#\/schema\/person\/475dfa57d0b815993c714c2e96491fcd","name":"Comunica\u00e7\u00e3o PSOL","image":{"@type":"ImageObject","inLanguage":"pt-BR","@id":"https:\/\/psol50.org.br\/#\/schema\/person\/image\/","url":"https:\/\/secure.gravatar.com\/avatar\/b34fc4f4e468a4e51785917065a3db57b841f5c95dba6ad8c73aaf8f66f8f9bf?s=96&d=mm&r=g","contentUrl":"https:\/\/secure.gravatar.com\/avatar\/b34fc4f4e468a4e51785917065a3db57b841f5c95dba6ad8c73aaf8f66f8f9bf?s=96&d=mm&r=g","caption":"Comunica\u00e7\u00e3o PSOL"}}]}},"_links":{"self":[{"href":"https:\/\/psol50.org.br\/rest\/wp\/v2\/posts\/1415","targetHints":{"allow":["GET"]}}],"collection":[{"href":"https:\/\/psol50.org.br\/rest\/wp\/v2\/posts"}],"about":[{"href":"https:\/\/psol50.org.br\/rest\/wp\/v2\/types\/post"}],"author":[{"embeddable":true,"href":"https:\/\/psol50.org.br\/rest\/wp\/v2\/users\/2"}],"replies":[{"embeddable":true,"href":"https:\/\/psol50.org.br\/rest\/wp\/v2\/comments?post=1415"}],"version-history":[{"count":0,"href":"https:\/\/psol50.org.br\/rest\/wp\/v2\/posts\/1415\/revisions"}],"wp:attachment":[{"href":"https:\/\/psol50.org.br\/rest\/wp\/v2\/media?parent=1415"}],"wp:term":[{"taxonomy":"category","embeddable":true,"href":"https:\/\/psol50.org.br\/rest\/wp\/v2\/categories?post=1415"},{"taxonomy":"post_tag","embeddable":true,"href":"https:\/\/psol50.org.br\/rest\/wp\/v2\/tags?post=1415"}],"curies":[{"name":"wp","href":"https:\/\/api.w.org\/{rel}","templated":true}]}}