{"id":1417,"date":"2008-07-26T00:00:00","date_gmt":"2008-07-26T00:00:00","guid":{"rendered":"http:\/\/psol50.org.br\/arquivo\/2008\/07\/26\/go-nota-sobre-as-eleicoes-em-novo-gama\/"},"modified":"2008-07-26T00:00:00","modified_gmt":"2008-07-26T00:00:00","slug":"go-nota-sobre-as-eleicoes-em-novo-gama","status":"publish","type":"post","link":"https:\/\/psol50.org.br\/go-nota-sobre-as-eleicoes-em-novo-gama\/","title":{"rendered":"(GO) Nota sobre as elei\u00e7\u00f5es em Novo Gama"},"content":{"rendered":"<p>O Diret\u00f3rio Regional do PSOL \u2013 GO, atrav\u00e9s da Secretaria de Coordena\u00e7\u00e3o do Entorno do DF, vem a p\u00fablico contestar nota publicada no Jornal Correio Brasiliense, edi\u00e7\u00e3o de 25 de junho de 2008, Caderno pol\u00edtica, P\u00e1gina 04.<\/p>\n<p><!--more--><\/p>\n<p>A referida mat\u00e9ria, escrita pelo rep\u00f3rter Tiago Pariz, informa que o PSOL do munic\u00edpio do Novo Gama ap\u00f3ia o Candidato do DEM, formando uma coliga\u00e7\u00e3o proporcional com os partidos DEM, PSC, PCB, PSB e PSL, contrariando assim, decis\u00f5es de inst\u00e2ncias superiores do partido.<\/p>\n<p>\u00c9 mister informar que antes do partido tomar a decis\u00e3o de n\u00e3o se coligar com os partidos mensaleiros, aliados do Governo Federal e representantes do capital, foram realizadas diversas plen\u00e1rias locais, Regionais e Finalmente, Congresso e Confer\u00eancia Eleitoral e a dire\u00e7\u00e3o municipal de Novo Gama n\u00e3o quis ou n\u00e3o teve compet\u00eancia para eleger delegado \u00e0 Confer\u00eancia Eleitoral para defender a esdr\u00faxula proposta.<\/p>\n<p>Alheios \u00e0s decis\u00f5es tomadas, e sem informar \u00e0 dire\u00e7\u00e3o estadual da realiza\u00e7\u00e3o de uma Conven\u00e7\u00e3o, a dire\u00e7\u00e3o municipal conduz um processo que vai \u00e0 contram\u00e3o da decis\u00e3o de uma ampla maioria dos integrantes do parido. E ainda que sabedores por acaso, enviamos of\u00edcio \u00e0 Ju\u00edza Eleitoral da 4\u00aa Zona Eleitoral do Novo Gama anulando todos os atos de decis\u00e3o sobre coliga\u00e7\u00e3o no munic\u00edpio, o qual foi deferido pela Justi\u00e7a Local.<\/p>\n<p>Diante do exposto, reafirmamos nossa posi\u00e7\u00e3o de n\u00e3o coligarmos com quaisquer desses partidos no munic\u00edpio do Novo Gama, e diante do preju\u00edzo causado pela mat\u00e9ria em virtude das decis\u00f5es arbitr\u00e1rias tomadas no munic\u00edpio, esta secretaria encaminhar\u00e1 \u00e0s inst\u00e2ncias superiores, o pedido de averigua\u00e7\u00e3o dos fatos, e se comprovados verdadeiros o inteiro cumprimento das normas estatut\u00e1rias no sentido de punir os respons\u00e1veis pelo ato.<\/p>\n<p>&nbsp;<\/p>\n<p align=\"center\"><strong>PSOL \u2013 GO<br \/>Secretaria de Coordena\u00e7\u00e3o do Entorno do Distrito Federal<\/strong><\/p>\n<div align=\"center\"> <\/div>\n<p align=\"center\">NILTON NALLIN FERREIRA JUNIOR<br \/>(61) 8402-0688<\/p>\n<p align=\"center\">ALEXANDRE VARELA<br \/>(61) 9217-9410<\/p>\n<p align=\"center\">GAST\u00c3O VISGUEIRA<br \/>(61) 9904-2059<\/p>\n","protected":false},"excerpt":{"rendered":"<p>O Diret\u00f3rio Regional do PSOL \u2013 GO, atrav\u00e9s da Secretaria de Coordena\u00e7\u00e3o do Entorno do DF, vem a p\u00fablico contestar nota publicada no Jornal Correio Brasiliense, edi\u00e7\u00e3o de 25 de junho de 2008, Caderno pol\u00edtica, P\u00e1gina 04.<\/p>\n","protected":false},"author":2,"featured_media":0,"comment_status":"open","ping_status":"open","sticky":false,"template":"","format":"standard","meta":{"_acf_changed":false,"footnotes":""},"categories":[4766,4978],"tags":[4979],"class_list":{"0":"post-1417","1":"post","2":"type-post","3":"status-publish","4":"format-standard","6":"category-arquivo","7":"category-eleicoes-2008","8":"tag-eleicoes-2008"},"acf":[],"yoast_head":"<!-- This site is optimized with the Yoast SEO plugin v26.5 - https:\/\/yoast.com\/wordpress\/plugins\/seo\/ -->\n<title>(GO) Nota sobre as elei\u00e7\u00f5es em Novo Gama - PSOL 50<\/title>\n<meta name=\"robots\" content=\"index, follow, max-snippet:-1, max-image-preview:large, max-video-preview:-1\" \/>\n<link rel=\"canonical\" href=\"https:\/\/psol50.org.br\/go-nota-sobre-as-eleicoes-em-novo-gama\/\" \/>\n<meta property=\"og:locale\" content=\"pt_BR\" \/>\n<meta property=\"og:type\" content=\"article\" \/>\n<meta property=\"og:title\" content=\"(GO) Nota sobre as elei\u00e7\u00f5es em Novo Gama - PSOL 50\" \/>\n<meta property=\"og:description\" content=\"O Diret\u00f3rio Regional do PSOL \u2013 GO, atrav\u00e9s da Secretaria de Coordena\u00e7\u00e3o do Entorno do DF, vem a p\u00fablico contestar nota publicada no Jornal Correio Brasiliense, edi\u00e7\u00e3o de 25 de junho de 2008, Caderno pol\u00edtica, P\u00e1gina 04.\" \/>\n<meta property=\"og:url\" content=\"https:\/\/psol50.org.br\/go-nota-sobre-as-eleicoes-em-novo-gama\/\" \/>\n<meta property=\"og:site_name\" content=\"PSOL 50\" \/>\n<meta property=\"article:publisher\" content=\"https:\/\/www.facebook.com\/psol50\" \/>\n<meta property=\"article:published_time\" content=\"2008-07-26T00:00:00+00:00\" \/>\n<meta property=\"og:image\" content=\"https:\/\/psol50.org.br\/inc\/uploads\/2018\/07\/capa.png\" \/>\n\t<meta property=\"og:image:width\" content=\"1350\" \/>\n\t<meta property=\"og:image:height\" content=\"900\" \/>\n\t<meta property=\"og:image:type\" content=\"image\/png\" \/>\n<meta name=\"author\" content=\"Comunica\u00e7\u00e3o PSOL\" \/>\n<meta name=\"twitter:card\" content=\"summary_large_image\" \/>\n<meta name=\"twitter:creator\" content=\"@psol50\" \/>\n<meta name=\"twitter:site\" content=\"@psol50\" \/>\n<meta name=\"twitter:label1\" content=\"Escrito por\" \/>\n\t<meta name=\"twitter:data1\" content=\"Comunica\u00e7\u00e3o PSOL\" \/>\n\t<meta name=\"twitter:label2\" content=\"Est. tempo de leitura\" \/>\n\t<meta name=\"twitter:data2\" content=\"2 minutos\" \/>\n<script type=\"application\/ld+json\" class=\"yoast-schema-graph\">{\"@context\":\"https:\/\/schema.org\",\"@graph\":[{\"@type\":\"Article\",\"@id\":\"https:\/\/psol50.org.br\/go-nota-sobre-as-eleicoes-em-novo-gama\/#article\",\"isPartOf\":{\"@id\":\"https:\/\/psol50.org.br\/go-nota-sobre-as-eleicoes-em-novo-gama\/\"},\"author\":{\"name\":\"Comunica\u00e7\u00e3o PSOL\",\"@id\":\"https:\/\/psol50.org.br\/#\/schema\/person\/475dfa57d0b815993c714c2e96491fcd\"},\"headline\":\"(GO) Nota sobre as elei\u00e7\u00f5es em Novo Gama\",\"datePublished\":\"2008-07-26T00:00:00+00:00\",\"mainEntityOfPage\":{\"@id\":\"https:\/\/psol50.org.br\/go-nota-sobre-as-eleicoes-em-novo-gama\/\"},\"wordCount\":346,\"commentCount\":0,\"publisher\":{\"@id\":\"https:\/\/psol50.org.br\/#organization\"},\"keywords\":[\"Elei\u00e7\u00f5es 2008\"],\"articleSection\":[\"Arquivo\",\"ELEI\u00c7\u00d5ES 2008\"],\"inLanguage\":\"pt-BR\",\"potentialAction\":[{\"@type\":\"CommentAction\",\"name\":\"Comment\",\"target\":[\"https:\/\/psol50.org.br\/go-nota-sobre-as-eleicoes-em-novo-gama\/#respond\"]}]},{\"@type\":\"WebPage\",\"@id\":\"https:\/\/psol50.org.br\/go-nota-sobre-as-eleicoes-em-novo-gama\/\",\"url\":\"https:\/\/psol50.org.br\/go-nota-sobre-as-eleicoes-em-novo-gama\/\",\"name\":\"(GO) Nota sobre as elei\u00e7\u00f5es em Novo Gama - PSOL 50\",\"isPartOf\":{\"@id\":\"https:\/\/psol50.org.br\/#website\"},\"datePublished\":\"2008-07-26T00:00:00+00:00\",\"breadcrumb\":{\"@id\":\"https:\/\/psol50.org.br\/go-nota-sobre-as-eleicoes-em-novo-gama\/#breadcrumb\"},\"inLanguage\":\"pt-BR\",\"potentialAction\":[{\"@type\":\"ReadAction\",\"target\":[\"https:\/\/psol50.org.br\/go-nota-sobre-as-eleicoes-em-novo-gama\/\"]}]},{\"@type\":\"BreadcrumbList\",\"@id\":\"https:\/\/psol50.org.br\/go-nota-sobre-as-eleicoes-em-novo-gama\/#breadcrumb\",\"itemListElement\":[{\"@type\":\"ListItem\",\"position\":1,\"name\":\"In\u00edcio\",\"item\":\"https:\/\/psol50.org.br\/\"},{\"@type\":\"ListItem\",\"position\":2,\"name\":\"(GO) Nota sobre as elei\u00e7\u00f5es em Novo Gama\"}]},{\"@type\":\"WebSite\",\"@id\":\"https:\/\/psol50.org.br\/#website\",\"url\":\"https:\/\/psol50.org.br\/\",\"name\":\"PSOL 50\",\"description\":\"Site oficial do Partido Socialismo e Liberdade\",\"publisher\":{\"@id\":\"https:\/\/psol50.org.br\/#organization\"},\"alternateName\":\"PSOL50\",\"potentialAction\":[{\"@type\":\"SearchAction\",\"target\":{\"@type\":\"EntryPoint\",\"urlTemplate\":\"https:\/\/psol50.org.br\/?s={search_term_string}\"},\"query-input\":{\"@type\":\"PropertyValueSpecification\",\"valueRequired\":true,\"valueName\":\"search_term_string\"}}],\"inLanguage\":\"pt-BR\"},{\"@type\":\"Organization\",\"@id\":\"https:\/\/psol50.org.br\/#organization\",\"name\":\"PSOL 50\",\"alternateName\":\"PSOL 50\",\"url\":\"https:\/\/psol50.org.br\/\",\"logo\":{\"@type\":\"ImageObject\",\"inLanguage\":\"pt-BR\",\"@id\":\"https:\/\/psol50.org.br\/#\/schema\/logo\/image\/\",\"url\":\"https:\/\/psol50.org.br\/inc\/uploads\/2018\/07\/capa.png\",\"contentUrl\":\"https:\/\/psol50.org.br\/inc\/uploads\/2018\/07\/capa.png\",\"width\":1350,\"height\":900,\"caption\":\"PSOL 50\"},\"image\":{\"@id\":\"https:\/\/psol50.org.br\/#\/schema\/logo\/image\/\"},\"sameAs\":[\"https:\/\/www.facebook.com\/psol50\",\"https:\/\/x.com\/psol50\",\"https:\/\/www.instagram.com\/psol50\/\",\"https:\/\/www.youtube.com\/channel\/UC7SnJS5o1os7a6CaiNabzcg\"]},{\"@type\":\"Person\",\"@id\":\"https:\/\/psol50.org.br\/#\/schema\/person\/475dfa57d0b815993c714c2e96491fcd\",\"name\":\"Comunica\u00e7\u00e3o PSOL\",\"image\":{\"@type\":\"ImageObject\",\"inLanguage\":\"pt-BR\",\"@id\":\"https:\/\/psol50.org.br\/#\/schema\/person\/image\/\",\"url\":\"https:\/\/secure.gravatar.com\/avatar\/b34fc4f4e468a4e51785917065a3db57b841f5c95dba6ad8c73aaf8f66f8f9bf?s=96&d=mm&r=g\",\"contentUrl\":\"https:\/\/secure.gravatar.com\/avatar\/b34fc4f4e468a4e51785917065a3db57b841f5c95dba6ad8c73aaf8f66f8f9bf?s=96&d=mm&r=g\",\"caption\":\"Comunica\u00e7\u00e3o PSOL\"}}]}<\/script>\n<!-- \/ Yoast SEO plugin. -->","yoast_head_json":{"title":"(GO) Nota sobre as elei\u00e7\u00f5es em Novo Gama - PSOL 50","robots":{"index":"index","follow":"follow","max-snippet":"max-snippet:-1","max-image-preview":"max-image-preview:large","max-video-preview":"max-video-preview:-1"},"canonical":"https:\/\/psol50.org.br\/go-nota-sobre-as-eleicoes-em-novo-gama\/","og_locale":"pt_BR","og_type":"article","og_title":"(GO) Nota sobre as elei\u00e7\u00f5es em Novo Gama - PSOL 50","og_description":"O Diret\u00f3rio Regional do PSOL \u2013 GO, atrav\u00e9s da Secretaria de Coordena\u00e7\u00e3o do Entorno do DF, vem a p\u00fablico contestar nota publicada no Jornal Correio Brasiliense, edi\u00e7\u00e3o de 25 de junho de 2008, Caderno pol\u00edtica, P\u00e1gina 04.","og_url":"https:\/\/psol50.org.br\/go-nota-sobre-as-eleicoes-em-novo-gama\/","og_site_name":"PSOL 50","article_publisher":"https:\/\/www.facebook.com\/psol50","article_published_time":"2008-07-26T00:00:00+00:00","og_image":[{"width":1350,"height":900,"url":"https:\/\/psol50.org.br\/inc\/uploads\/2018\/07\/capa.png","type":"image\/png"}],"author":"Comunica\u00e7\u00e3o PSOL","twitter_card":"summary_large_image","twitter_creator":"@psol50","twitter_site":"@psol50","twitter_misc":{"Escrito por":"Comunica\u00e7\u00e3o PSOL","Est. tempo de leitura":"2 minutos"},"schema":{"@context":"https:\/\/schema.org","@graph":[{"@type":"Article","@id":"https:\/\/psol50.org.br\/go-nota-sobre-as-eleicoes-em-novo-gama\/#article","isPartOf":{"@id":"https:\/\/psol50.org.br\/go-nota-sobre-as-eleicoes-em-novo-gama\/"},"author":{"name":"Comunica\u00e7\u00e3o PSOL","@id":"https:\/\/psol50.org.br\/#\/schema\/person\/475dfa57d0b815993c714c2e96491fcd"},"headline":"(GO) Nota sobre as elei\u00e7\u00f5es em Novo Gama","datePublished":"2008-07-26T00:00:00+00:00","mainEntityOfPage":{"@id":"https:\/\/psol50.org.br\/go-nota-sobre-as-eleicoes-em-novo-gama\/"},"wordCount":346,"commentCount":0,"publisher":{"@id":"https:\/\/psol50.org.br\/#organization"},"keywords":["Elei\u00e7\u00f5es 2008"],"articleSection":["Arquivo","ELEI\u00c7\u00d5ES 2008"],"inLanguage":"pt-BR","potentialAction":[{"@type":"CommentAction","name":"Comment","target":["https:\/\/psol50.org.br\/go-nota-sobre-as-eleicoes-em-novo-gama\/#respond"]}]},{"@type":"WebPage","@id":"https:\/\/psol50.org.br\/go-nota-sobre-as-eleicoes-em-novo-gama\/","url":"https:\/\/psol50.org.br\/go-nota-sobre-as-eleicoes-em-novo-gama\/","name":"(GO) Nota sobre as elei\u00e7\u00f5es em Novo Gama - PSOL 50","isPartOf":{"@id":"https:\/\/psol50.org.br\/#website"},"datePublished":"2008-07-26T00:00:00+00:00","breadcrumb":{"@id":"https:\/\/psol50.org.br\/go-nota-sobre-as-eleicoes-em-novo-gama\/#breadcrumb"},"inLanguage":"pt-BR","potentialAction":[{"@type":"ReadAction","target":["https:\/\/psol50.org.br\/go-nota-sobre-as-eleicoes-em-novo-gama\/"]}]},{"@type":"BreadcrumbList","@id":"https:\/\/psol50.org.br\/go-nota-sobre-as-eleicoes-em-novo-gama\/#breadcrumb","itemListElement":[{"@type":"ListItem","position":1,"name":"In\u00edcio","item":"https:\/\/psol50.org.br\/"},{"@type":"ListItem","position":2,"name":"(GO) Nota sobre as elei\u00e7\u00f5es em Novo Gama"}]},{"@type":"WebSite","@id":"https:\/\/psol50.org.br\/#website","url":"https:\/\/psol50.org.br\/","name":"PSOL 50","description":"Site oficial do Partido Socialismo e Liberdade","publisher":{"@id":"https:\/\/psol50.org.br\/#organization"},"alternateName":"PSOL50","potentialAction":[{"@type":"SearchAction","target":{"@type":"EntryPoint","urlTemplate":"https:\/\/psol50.org.br\/?s={search_term_string}"},"query-input":{"@type":"PropertyValueSpecification","valueRequired":true,"valueName":"search_term_string"}}],"inLanguage":"pt-BR"},{"@type":"Organization","@id":"https:\/\/psol50.org.br\/#organization","name":"PSOL 50","alternateName":"PSOL 50","url":"https:\/\/psol50.org.br\/","logo":{"@type":"ImageObject","inLanguage":"pt-BR","@id":"https:\/\/psol50.org.br\/#\/schema\/logo\/image\/","url":"https:\/\/psol50.org.br\/inc\/uploads\/2018\/07\/capa.png","contentUrl":"https:\/\/psol50.org.br\/inc\/uploads\/2018\/07\/capa.png","width":1350,"height":900,"caption":"PSOL 50"},"image":{"@id":"https:\/\/psol50.org.br\/#\/schema\/logo\/image\/"},"sameAs":["https:\/\/www.facebook.com\/psol50","https:\/\/x.com\/psol50","https:\/\/www.instagram.com\/psol50\/","https:\/\/www.youtube.com\/channel\/UC7SnJS5o1os7a6CaiNabzcg"]},{"@type":"Person","@id":"https:\/\/psol50.org.br\/#\/schema\/person\/475dfa57d0b815993c714c2e96491fcd","name":"Comunica\u00e7\u00e3o PSOL","image":{"@type":"ImageObject","inLanguage":"pt-BR","@id":"https:\/\/psol50.org.br\/#\/schema\/person\/image\/","url":"https:\/\/secure.gravatar.com\/avatar\/b34fc4f4e468a4e51785917065a3db57b841f5c95dba6ad8c73aaf8f66f8f9bf?s=96&d=mm&r=g","contentUrl":"https:\/\/secure.gravatar.com\/avatar\/b34fc4f4e468a4e51785917065a3db57b841f5c95dba6ad8c73aaf8f66f8f9bf?s=96&d=mm&r=g","caption":"Comunica\u00e7\u00e3o PSOL"}}]}},"_links":{"self":[{"href":"https:\/\/psol50.org.br\/rest\/wp\/v2\/posts\/1417","targetHints":{"allow":["GET"]}}],"collection":[{"href":"https:\/\/psol50.org.br\/rest\/wp\/v2\/posts"}],"about":[{"href":"https:\/\/psol50.org.br\/rest\/wp\/v2\/types\/post"}],"author":[{"embeddable":true,"href":"https:\/\/psol50.org.br\/rest\/wp\/v2\/users\/2"}],"replies":[{"embeddable":true,"href":"https:\/\/psol50.org.br\/rest\/wp\/v2\/comments?post=1417"}],"version-history":[{"count":0,"href":"https:\/\/psol50.org.br\/rest\/wp\/v2\/posts\/1417\/revisions"}],"wp:attachment":[{"href":"https:\/\/psol50.org.br\/rest\/wp\/v2\/media?parent=1417"}],"wp:term":[{"taxonomy":"category","embeddable":true,"href":"https:\/\/psol50.org.br\/rest\/wp\/v2\/categories?post=1417"},{"taxonomy":"post_tag","embeddable":true,"href":"https:\/\/psol50.org.br\/rest\/wp\/v2\/tags?post=1417"}],"curies":[{"name":"wp","href":"https:\/\/api.w.org\/{rel}","templated":true}]}}