{"id":1419,"date":"2008-01-29T00:00:00","date_gmt":"2008-01-29T00:00:00","guid":{"rendered":"http:\/\/psol50.org.br\/arquivo\/2008\/01\/29\/sp-psol-apresenta-pre-candidatura-de-ivan-valente-para-a-prefeitura-de-sao-paulo\/"},"modified":"2008-01-29T00:00:00","modified_gmt":"2008-01-29T00:00:00","slug":"sp-psol-apresenta-pre-candidatura-de-ivan-valente-para-a-prefeitura-de-sao-paulo","status":"publish","type":"post","link":"https:\/\/psol50.org.br\/sp-psol-apresenta-pre-candidatura-de-ivan-valente-para-a-prefeitura-de-sao-paulo\/","title":{"rendered":"(SP) PSOL apresenta pr\u00e9-candidatura de Ivan Valente para a Prefeitura de S\u00e3o Paulo"},"content":{"rendered":"<p>Executiva Estadual se reuniu nesta segunda (28) e afirmou a necessidade do partido apresentar uma alternativa program\u00e1tica \u00e0 cidade. O nome do deputado federal Ivan Valente foi apresentado como pr\u00e9-candidato a prefeito.<\/p>\n<p><!--more--><br \/>A Executiva Estadual do PSOL (Partido Socialismo e Liberdade), reunida nesta segunda-feira, dia 28, definiu que o partido disputar\u00e1 este ano a Prefeitura de S\u00e3o Paulo. Em nota p\u00fablica \u00e0 milit\u00e2ncia, os membros da Executiva afirmaram a necessidade de uma alternativa program\u00e1tica e socialista para a cidade. O nome apresentado como pr\u00e9-candidato para as elei\u00e7\u00f5es majorit\u00e1rias foi o do nosso deputado federal Ivan Valente.<\/p>\n<p>O PSOL tamb\u00e9m abriu o processo de debate para a constru\u00e7\u00e3o do programa de governo. O partido deve apresentar uma plataforma alternativa, que discuta os grandes problemas do munic\u00edpio, inverta prioridades, garanta a participa\u00e7\u00e3o popular e seja voltada aos interesses populares.<\/p>\n<p>O crescimento da legenda, a atua\u00e7\u00e3o dos parlamentares do PSOL na C\u00e2mara e no Senado, a representatividade da ex-senadora Helo\u00edsa Helena expressos em pesquisas de opini\u00e3o credenciam o partido a disputar com for\u00e7a as elei\u00e7\u00f5es municipais de S\u00e3o Paulo.<\/p>\n<p>O Encontro Municipal do partido, agendado para o dia 2 de mar\u00e7o, homologar\u00e1 o nome do PSOL \u00e0 Prefeitura de S\u00e3o Paulo.<\/p>\n<p>&nbsp;<\/p>\n<p><strong>Nota da Executiva Estadual do Partido Socialismo e Liberdade<\/strong><\/p>\n<p>A executiva estadual informa aos militantes as delibera\u00e7\u00f5es de sua \u00faltima reuni\u00e3o, realizada no dia 28 de janeiro, em rela\u00e7\u00e3o ao processo de debate das elei\u00e7\u00f5es municipais e do Encontro Municipal de S\u00e3o Paulo.<\/p>\n<p>A Executiva Estadual debateu a situa\u00e7\u00e3o do munic\u00edpio de S\u00e3o Paulo e a imperiosa necessidade do partido apresentar uma alternativa program\u00e1tica e socialista para a cidade em conson\u00e2ncia com o debate que est\u00e1 sendo travado na base do partido a partir dos n\u00facleos como se expressou na reuni\u00e3o municipal com representantes dos n\u00facleos realizada no dia 22 de janeiro. A Executiva tamb\u00e9m faz um chamado a todos os n\u00facleos da capital a se engajar no debate preparat\u00f3rio do programa que o partido defender\u00e1 nas elei\u00e7\u00f5es municipais e tamb\u00e9m na prepara\u00e7\u00e3o da chapa de candidatos e candidatas proporcionais.<\/p>\n<p>Foi apresentado o nome do nosso deputado federal Ivan Valente como pr\u00e9-candidato a prefeito. O Encontro Municipal homologar\u00e1 a candidatura.<\/p>\n<p>O partido tamb\u00e9m decidiu abrir o debate com os aliados, como o PSTU e PCB e setores combativos dos movimentos sociais, tendo em vista a composi\u00e7\u00e3o da frente eleitoral, da t\u00e1tica e do programa de governo.<\/p>\n<p>Em rela\u00e7\u00e3o ao Encontro Municipal o calend\u00e1rio aprovado \u00e9 o seguinte:<\/p>\n<p>De 28 de janeiro a 16 de fevereiro &#8211; Inscri\u00e7\u00e3o de Teses e Contribui\u00e7\u00f5es ao Encontro<\/p>\n<p>13 de fevereiro &#8211; Plen\u00e1ria da Capital para debater eixos program\u00e1ticos<\/p>\n<p>De 09 de fevereiro a 01 de mar\u00e7o &#8211; Reuni\u00f5es de n\u00facleos para elei\u00e7\u00e3o de delegados ao Encontro Municipal<\/p>\n<p>28 e 29 de fevereiro e 01 de mar\u00e7o &#8211; Inscri\u00e7\u00e3o de delegados e contribui\u00e7\u00e3o financeira para participar do Encontro Municipal<\/p>\n<p>02 de mar\u00e7o &#8211; Encontro Municipal (Local a definir). <\/p>\n","protected":false},"excerpt":{"rendered":"<p>Executiva Estadual se reuniu nesta segunda (28) e afirmou a necessidade do partido apresentar uma alternativa program\u00e1tica \u00e0 cidade. O nome do deputado federal Ivan Valente foi apresentado como pr\u00e9-candidato a prefeito.<\/p>\n","protected":false},"author":2,"featured_media":0,"comment_status":"open","ping_status":"open","sticky":false,"template":"","format":"standard","meta":{"_acf_changed":false,"footnotes":""},"categories":[4766],"tags":[],"class_list":{"0":"post-1419","1":"post","2":"type-post","3":"status-publish","4":"format-standard","6":"category-arquivo"},"acf":[],"yoast_head":"<!-- This site is optimized with the Yoast SEO plugin v26.5 - https:\/\/yoast.com\/wordpress\/plugins\/seo\/ -->\n<title>(SP) PSOL apresenta pr\u00e9-candidatura de Ivan Valente para a Prefeitura de S\u00e3o Paulo - PSOL 50<\/title>\n<meta name=\"robots\" content=\"index, follow, max-snippet:-1, max-image-preview:large, max-video-preview:-1\" \/>\n<link rel=\"canonical\" href=\"https:\/\/psol50.org.br\/sp-psol-apresenta-pre-candidatura-de-ivan-valente-para-a-prefeitura-de-sao-paulo\/\" \/>\n<meta property=\"og:locale\" content=\"pt_BR\" \/>\n<meta property=\"og:type\" content=\"article\" \/>\n<meta property=\"og:title\" content=\"(SP) PSOL apresenta pr\u00e9-candidatura de Ivan Valente para a Prefeitura de S\u00e3o Paulo - PSOL 50\" \/>\n<meta property=\"og:description\" content=\"Executiva Estadual se reuniu nesta segunda (28) e afirmou a necessidade do partido apresentar uma alternativa program\u00e1tica \u00e0 cidade. O nome do deputado federal Ivan Valente foi apresentado como pr\u00e9-candidato a prefeito.\" \/>\n<meta property=\"og:url\" content=\"https:\/\/psol50.org.br\/sp-psol-apresenta-pre-candidatura-de-ivan-valente-para-a-prefeitura-de-sao-paulo\/\" \/>\n<meta property=\"og:site_name\" content=\"PSOL 50\" \/>\n<meta property=\"article:publisher\" content=\"https:\/\/www.facebook.com\/psol50\" \/>\n<meta property=\"article:published_time\" content=\"2008-01-29T00:00:00+00:00\" \/>\n<meta property=\"og:image\" content=\"https:\/\/psol50.org.br\/inc\/uploads\/2018\/07\/capa.png\" \/>\n\t<meta property=\"og:image:width\" content=\"1350\" \/>\n\t<meta property=\"og:image:height\" content=\"900\" \/>\n\t<meta property=\"og:image:type\" content=\"image\/png\" \/>\n<meta name=\"author\" content=\"Comunica\u00e7\u00e3o PSOL\" \/>\n<meta name=\"twitter:card\" content=\"summary_large_image\" \/>\n<meta name=\"twitter:creator\" content=\"@psol50\" \/>\n<meta name=\"twitter:site\" content=\"@psol50\" \/>\n<meta name=\"twitter:label1\" content=\"Escrito por\" \/>\n\t<meta name=\"twitter:data1\" content=\"Comunica\u00e7\u00e3o PSOL\" \/>\n\t<meta name=\"twitter:label2\" content=\"Est. tempo de leitura\" \/>\n\t<meta name=\"twitter:data2\" content=\"3 minutos\" \/>\n<script type=\"application\/ld+json\" class=\"yoast-schema-graph\">{\"@context\":\"https:\/\/schema.org\",\"@graph\":[{\"@type\":\"Article\",\"@id\":\"https:\/\/psol50.org.br\/sp-psol-apresenta-pre-candidatura-de-ivan-valente-para-a-prefeitura-de-sao-paulo\/#article\",\"isPartOf\":{\"@id\":\"https:\/\/psol50.org.br\/sp-psol-apresenta-pre-candidatura-de-ivan-valente-para-a-prefeitura-de-sao-paulo\/\"},\"author\":{\"name\":\"Comunica\u00e7\u00e3o PSOL\",\"@id\":\"https:\/\/psol50.org.br\/#\/schema\/person\/475dfa57d0b815993c714c2e96491fcd\"},\"headline\":\"(SP) PSOL apresenta pr\u00e9-candidatura de Ivan Valente para a Prefeitura de S\u00e3o Paulo\",\"datePublished\":\"2008-01-29T00:00:00+00:00\",\"mainEntityOfPage\":{\"@id\":\"https:\/\/psol50.org.br\/sp-psol-apresenta-pre-candidatura-de-ivan-valente-para-a-prefeitura-de-sao-paulo\/\"},\"wordCount\":538,\"commentCount\":0,\"publisher\":{\"@id\":\"https:\/\/psol50.org.br\/#organization\"},\"articleSection\":[\"Arquivo\"],\"inLanguage\":\"pt-BR\",\"potentialAction\":[{\"@type\":\"CommentAction\",\"name\":\"Comment\",\"target\":[\"https:\/\/psol50.org.br\/sp-psol-apresenta-pre-candidatura-de-ivan-valente-para-a-prefeitura-de-sao-paulo\/#respond\"]}]},{\"@type\":\"WebPage\",\"@id\":\"https:\/\/psol50.org.br\/sp-psol-apresenta-pre-candidatura-de-ivan-valente-para-a-prefeitura-de-sao-paulo\/\",\"url\":\"https:\/\/psol50.org.br\/sp-psol-apresenta-pre-candidatura-de-ivan-valente-para-a-prefeitura-de-sao-paulo\/\",\"name\":\"(SP) PSOL apresenta pr\u00e9-candidatura de Ivan Valente para a Prefeitura de S\u00e3o Paulo - PSOL 50\",\"isPartOf\":{\"@id\":\"https:\/\/psol50.org.br\/#website\"},\"datePublished\":\"2008-01-29T00:00:00+00:00\",\"breadcrumb\":{\"@id\":\"https:\/\/psol50.org.br\/sp-psol-apresenta-pre-candidatura-de-ivan-valente-para-a-prefeitura-de-sao-paulo\/#breadcrumb\"},\"inLanguage\":\"pt-BR\",\"potentialAction\":[{\"@type\":\"ReadAction\",\"target\":[\"https:\/\/psol50.org.br\/sp-psol-apresenta-pre-candidatura-de-ivan-valente-para-a-prefeitura-de-sao-paulo\/\"]}]},{\"@type\":\"BreadcrumbList\",\"@id\":\"https:\/\/psol50.org.br\/sp-psol-apresenta-pre-candidatura-de-ivan-valente-para-a-prefeitura-de-sao-paulo\/#breadcrumb\",\"itemListElement\":[{\"@type\":\"ListItem\",\"position\":1,\"name\":\"In\u00edcio\",\"item\":\"https:\/\/psol50.org.br\/\"},{\"@type\":\"ListItem\",\"position\":2,\"name\":\"(SP) PSOL apresenta pr\u00e9-candidatura de Ivan Valente para a Prefeitura de S\u00e3o Paulo\"}]},{\"@type\":\"WebSite\",\"@id\":\"https:\/\/psol50.org.br\/#website\",\"url\":\"https:\/\/psol50.org.br\/\",\"name\":\"PSOL 50\",\"description\":\"Site oficial do Partido Socialismo e Liberdade\",\"publisher\":{\"@id\":\"https:\/\/psol50.org.br\/#organization\"},\"alternateName\":\"PSOL50\",\"potentialAction\":[{\"@type\":\"SearchAction\",\"target\":{\"@type\":\"EntryPoint\",\"urlTemplate\":\"https:\/\/psol50.org.br\/?s={search_term_string}\"},\"query-input\":{\"@type\":\"PropertyValueSpecification\",\"valueRequired\":true,\"valueName\":\"search_term_string\"}}],\"inLanguage\":\"pt-BR\"},{\"@type\":\"Organization\",\"@id\":\"https:\/\/psol50.org.br\/#organization\",\"name\":\"PSOL 50\",\"alternateName\":\"PSOL 50\",\"url\":\"https:\/\/psol50.org.br\/\",\"logo\":{\"@type\":\"ImageObject\",\"inLanguage\":\"pt-BR\",\"@id\":\"https:\/\/psol50.org.br\/#\/schema\/logo\/image\/\",\"url\":\"https:\/\/psol50.org.br\/inc\/uploads\/2018\/07\/capa.png\",\"contentUrl\":\"https:\/\/psol50.org.br\/inc\/uploads\/2018\/07\/capa.png\",\"width\":1350,\"height\":900,\"caption\":\"PSOL 50\"},\"image\":{\"@id\":\"https:\/\/psol50.org.br\/#\/schema\/logo\/image\/\"},\"sameAs\":[\"https:\/\/www.facebook.com\/psol50\",\"https:\/\/x.com\/psol50\",\"https:\/\/www.instagram.com\/psol50\/\",\"https:\/\/www.youtube.com\/channel\/UC7SnJS5o1os7a6CaiNabzcg\"]},{\"@type\":\"Person\",\"@id\":\"https:\/\/psol50.org.br\/#\/schema\/person\/475dfa57d0b815993c714c2e96491fcd\",\"name\":\"Comunica\u00e7\u00e3o PSOL\",\"image\":{\"@type\":\"ImageObject\",\"inLanguage\":\"pt-BR\",\"@id\":\"https:\/\/psol50.org.br\/#\/schema\/person\/image\/\",\"url\":\"https:\/\/secure.gravatar.com\/avatar\/b34fc4f4e468a4e51785917065a3db57b841f5c95dba6ad8c73aaf8f66f8f9bf?s=96&d=mm&r=g\",\"contentUrl\":\"https:\/\/secure.gravatar.com\/avatar\/b34fc4f4e468a4e51785917065a3db57b841f5c95dba6ad8c73aaf8f66f8f9bf?s=96&d=mm&r=g\",\"caption\":\"Comunica\u00e7\u00e3o PSOL\"}}]}<\/script>\n<!-- \/ Yoast SEO plugin. -->","yoast_head_json":{"title":"(SP) PSOL apresenta pr\u00e9-candidatura de Ivan Valente para a Prefeitura de S\u00e3o Paulo - PSOL 50","robots":{"index":"index","follow":"follow","max-snippet":"max-snippet:-1","max-image-preview":"max-image-preview:large","max-video-preview":"max-video-preview:-1"},"canonical":"https:\/\/psol50.org.br\/sp-psol-apresenta-pre-candidatura-de-ivan-valente-para-a-prefeitura-de-sao-paulo\/","og_locale":"pt_BR","og_type":"article","og_title":"(SP) PSOL apresenta pr\u00e9-candidatura de Ivan Valente para a Prefeitura de S\u00e3o Paulo - PSOL 50","og_description":"Executiva Estadual se reuniu nesta segunda (28) e afirmou a necessidade do partido apresentar uma alternativa program\u00e1tica \u00e0 cidade. O nome do deputado federal Ivan Valente foi apresentado como pr\u00e9-candidato a prefeito.","og_url":"https:\/\/psol50.org.br\/sp-psol-apresenta-pre-candidatura-de-ivan-valente-para-a-prefeitura-de-sao-paulo\/","og_site_name":"PSOL 50","article_publisher":"https:\/\/www.facebook.com\/psol50","article_published_time":"2008-01-29T00:00:00+00:00","og_image":[{"width":1350,"height":900,"url":"https:\/\/psol50.org.br\/inc\/uploads\/2018\/07\/capa.png","type":"image\/png"}],"author":"Comunica\u00e7\u00e3o PSOL","twitter_card":"summary_large_image","twitter_creator":"@psol50","twitter_site":"@psol50","twitter_misc":{"Escrito por":"Comunica\u00e7\u00e3o PSOL","Est. tempo de leitura":"3 minutos"},"schema":{"@context":"https:\/\/schema.org","@graph":[{"@type":"Article","@id":"https:\/\/psol50.org.br\/sp-psol-apresenta-pre-candidatura-de-ivan-valente-para-a-prefeitura-de-sao-paulo\/#article","isPartOf":{"@id":"https:\/\/psol50.org.br\/sp-psol-apresenta-pre-candidatura-de-ivan-valente-para-a-prefeitura-de-sao-paulo\/"},"author":{"name":"Comunica\u00e7\u00e3o PSOL","@id":"https:\/\/psol50.org.br\/#\/schema\/person\/475dfa57d0b815993c714c2e96491fcd"},"headline":"(SP) PSOL apresenta pr\u00e9-candidatura de Ivan Valente para a Prefeitura de S\u00e3o Paulo","datePublished":"2008-01-29T00:00:00+00:00","mainEntityOfPage":{"@id":"https:\/\/psol50.org.br\/sp-psol-apresenta-pre-candidatura-de-ivan-valente-para-a-prefeitura-de-sao-paulo\/"},"wordCount":538,"commentCount":0,"publisher":{"@id":"https:\/\/psol50.org.br\/#organization"},"articleSection":["Arquivo"],"inLanguage":"pt-BR","potentialAction":[{"@type":"CommentAction","name":"Comment","target":["https:\/\/psol50.org.br\/sp-psol-apresenta-pre-candidatura-de-ivan-valente-para-a-prefeitura-de-sao-paulo\/#respond"]}]},{"@type":"WebPage","@id":"https:\/\/psol50.org.br\/sp-psol-apresenta-pre-candidatura-de-ivan-valente-para-a-prefeitura-de-sao-paulo\/","url":"https:\/\/psol50.org.br\/sp-psol-apresenta-pre-candidatura-de-ivan-valente-para-a-prefeitura-de-sao-paulo\/","name":"(SP) PSOL apresenta pr\u00e9-candidatura de Ivan Valente para a Prefeitura de S\u00e3o Paulo - PSOL 50","isPartOf":{"@id":"https:\/\/psol50.org.br\/#website"},"datePublished":"2008-01-29T00:00:00+00:00","breadcrumb":{"@id":"https:\/\/psol50.org.br\/sp-psol-apresenta-pre-candidatura-de-ivan-valente-para-a-prefeitura-de-sao-paulo\/#breadcrumb"},"inLanguage":"pt-BR","potentialAction":[{"@type":"ReadAction","target":["https:\/\/psol50.org.br\/sp-psol-apresenta-pre-candidatura-de-ivan-valente-para-a-prefeitura-de-sao-paulo\/"]}]},{"@type":"BreadcrumbList","@id":"https:\/\/psol50.org.br\/sp-psol-apresenta-pre-candidatura-de-ivan-valente-para-a-prefeitura-de-sao-paulo\/#breadcrumb","itemListElement":[{"@type":"ListItem","position":1,"name":"In\u00edcio","item":"https:\/\/psol50.org.br\/"},{"@type":"ListItem","position":2,"name":"(SP) PSOL apresenta pr\u00e9-candidatura de Ivan Valente para a Prefeitura de S\u00e3o Paulo"}]},{"@type":"WebSite","@id":"https:\/\/psol50.org.br\/#website","url":"https:\/\/psol50.org.br\/","name":"PSOL 50","description":"Site oficial do Partido Socialismo e Liberdade","publisher":{"@id":"https:\/\/psol50.org.br\/#organization"},"alternateName":"PSOL50","potentialAction":[{"@type":"SearchAction","target":{"@type":"EntryPoint","urlTemplate":"https:\/\/psol50.org.br\/?s={search_term_string}"},"query-input":{"@type":"PropertyValueSpecification","valueRequired":true,"valueName":"search_term_string"}}],"inLanguage":"pt-BR"},{"@type":"Organization","@id":"https:\/\/psol50.org.br\/#organization","name":"PSOL 50","alternateName":"PSOL 50","url":"https:\/\/psol50.org.br\/","logo":{"@type":"ImageObject","inLanguage":"pt-BR","@id":"https:\/\/psol50.org.br\/#\/schema\/logo\/image\/","url":"https:\/\/psol50.org.br\/inc\/uploads\/2018\/07\/capa.png","contentUrl":"https:\/\/psol50.org.br\/inc\/uploads\/2018\/07\/capa.png","width":1350,"height":900,"caption":"PSOL 50"},"image":{"@id":"https:\/\/psol50.org.br\/#\/schema\/logo\/image\/"},"sameAs":["https:\/\/www.facebook.com\/psol50","https:\/\/x.com\/psol50","https:\/\/www.instagram.com\/psol50\/","https:\/\/www.youtube.com\/channel\/UC7SnJS5o1os7a6CaiNabzcg"]},{"@type":"Person","@id":"https:\/\/psol50.org.br\/#\/schema\/person\/475dfa57d0b815993c714c2e96491fcd","name":"Comunica\u00e7\u00e3o PSOL","image":{"@type":"ImageObject","inLanguage":"pt-BR","@id":"https:\/\/psol50.org.br\/#\/schema\/person\/image\/","url":"https:\/\/secure.gravatar.com\/avatar\/b34fc4f4e468a4e51785917065a3db57b841f5c95dba6ad8c73aaf8f66f8f9bf?s=96&d=mm&r=g","contentUrl":"https:\/\/secure.gravatar.com\/avatar\/b34fc4f4e468a4e51785917065a3db57b841f5c95dba6ad8c73aaf8f66f8f9bf?s=96&d=mm&r=g","caption":"Comunica\u00e7\u00e3o PSOL"}}]}},"_links":{"self":[{"href":"https:\/\/psol50.org.br\/rest\/wp\/v2\/posts\/1419","targetHints":{"allow":["GET"]}}],"collection":[{"href":"https:\/\/psol50.org.br\/rest\/wp\/v2\/posts"}],"about":[{"href":"https:\/\/psol50.org.br\/rest\/wp\/v2\/types\/post"}],"author":[{"embeddable":true,"href":"https:\/\/psol50.org.br\/rest\/wp\/v2\/users\/2"}],"replies":[{"embeddable":true,"href":"https:\/\/psol50.org.br\/rest\/wp\/v2\/comments?post=1419"}],"version-history":[{"count":0,"href":"https:\/\/psol50.org.br\/rest\/wp\/v2\/posts\/1419\/revisions"}],"wp:attachment":[{"href":"https:\/\/psol50.org.br\/rest\/wp\/v2\/media?parent=1419"}],"wp:term":[{"taxonomy":"category","embeddable":true,"href":"https:\/\/psol50.org.br\/rest\/wp\/v2\/categories?post=1419"},{"taxonomy":"post_tag","embeddable":true,"href":"https:\/\/psol50.org.br\/rest\/wp\/v2\/tags?post=1419"}],"curies":[{"name":"wp","href":"https:\/\/api.w.org\/{rel}","templated":true}]}}