{"id":14192,"date":"2016-10-11T14:46:34","date_gmt":"2016-10-11T14:46:34","guid":{"rendered":"http:\/\/www.psol50.org.br\/?p=14192"},"modified":"2016-10-11T14:46:34","modified_gmt":"2016-10-11T14:46:34","slug":"partidos-de-adversarios-do-psol-no-segundo-turno-votam-a-favor-da-pec-241","status":"publish","type":"post","link":"https:\/\/psol50.org.br\/partidos-de-adversarios-do-psol-no-segundo-turno-votam-a-favor-da-pec-241\/","title":{"rendered":"Partidos de advers\u00e1rios do PSOL no segundo turno votam a favor da PEC 241"},"content":{"rendered":"<p>Partidos da base aliada do governo de Michel Temer votaram favor\u00e1veis \u00e0 Proposta de Emenda \u00e0 Constitui\u00e7\u00e3o 241\/2016, aprovada em primeiro turno na noite desta segunda-feira (10). Ap\u00f3s mais de dez horas de discuss\u00e3o, 366 deputados votaram na proposta que, por limitar os investimentos nos servi\u00e7os p\u00fablicos em 20 anos, pode trazer s\u00e9rias consequ\u00eancias ao pa\u00eds, dentre elas o sucateamento da educa\u00e7\u00e3o e da sa\u00fade p\u00fablicas. Os seis deputados do PSOL est\u00e3o entre os 111 que foram contra a mat\u00e9ria.<\/p>\n<p>Considerada a primeira grande vit\u00f3ria do governo Temer, contra a classe trabalhadora, a aprova\u00e7\u00e3o da PEC, e a forma como cada partido votou, d\u00e1 o tom de como ser\u00e3o os pr\u00f3ximos anos de enfrentamento contra as propostas de retirada de direitos. Al\u00e9m disso, confirma quem s\u00e3o os verdadeiros aliados do governo ileg\u00edtimo, fruto de um golpe institucional, na empreitada para colocar em pr\u00e1tica o ajuste fiscal.<\/p>\n<p>Entre os partidos que votaram na PEC do desmonte p\u00fablico est\u00e3o os dos advers\u00e1rios dos candidatos do PSOL no segundo turno: o PSDB de Zenaldo Coutinho, advers\u00e1rio de <a href=\"https:\/\/www.facebook.com\/edmilsonpsol\/?fref=ts\" target=\"_blank\" rel=\"noopener\"><span style=\"color: #0000ff\">Edmilson Rodrigues<\/span><\/a> em Bel\u00e9m; o PRB de Marcelo Crivella, que disputa com <a href=\"https:\/\/www.facebook.com\/MarceloFreixoPsol\/?fref=ts\" target=\"_blank\" rel=\"noopener\"><span style=\"color: #0000ff\">Marcelo Freixo<\/span><\/a> no Rio; e o DEM de Jos\u00e9 Crespo, que enfrenta <a href=\"https:\/\/www.facebook.com\/raulmarcelopsol\/?fref=ts\" target=\"_blank\" rel=\"noopener\"><span style=\"color: #0000ff\">Raul Marcelo<\/span><\/a> em Sorocaba.<\/p>\n<p>O posicionamento desses partidos mostra que as prioridades desses candidatos n\u00e3o \u00e9 a popula\u00e7\u00e3o que recorre aos servi\u00e7os p\u00fablicos, mas sim o mercado que dever\u00e1 lucrar com a economia de dinheiro a partir da imposi\u00e7\u00e3o do teto de gastos. Numa atua\u00e7\u00e3o oposta, todos os tr\u00eas candidatos do PSOL denunciaram os ataques do governo Temer e o que est\u00e1 por tr\u00e1s da proposta aprovada em primeiro turno na C\u00e2mara. Ao lado dos demais colegas de bancada na C\u00e2mara, Edmilson \u00e9 um dos 111 deputados que disseram n\u00e3o \u00e0 PEC 241. Freixo e Raul Marcelo tamb\u00e9m se posicionaram em suas redes sociais e discursos de campanha nas ruas sobre os ataques que est\u00e3o por vir, caso a mat\u00e9ria seja definitivamente aprovada no Congresso Nacional.<\/p>\n<p>O PSOL continuar\u00e1 denunciando mais esse ataque do governo contra a classe trabalhadora. Atuar\u00e1 at\u00e9 o fim, nas ruas e no parlamento, para tentar impedir a aprova\u00e7\u00e3o da PEC 241 e de outras propostas que est\u00e3o sendo elaboradas pelo Pal\u00e1cio do Planalto, como a reforma da previd\u00eancia que deve ser apresentada logo ap\u00f3s o segundo turno das elei\u00e7\u00f5es. J\u00e1 os partidos de Zenaldo, Crivella e Crespo certamente seguir\u00e3o do lado do governo ileg\u00edtimo, aprovando projetos que retiram direitos sociais e trabalhistas.<\/p>\n<p><a href=\"http:\/\/www.camara.leg.br\/internet\/votacao\/mostraVotacao.asp?ideVotacao=7214&amp;numLegislatura=55&amp;codCasa=1&amp;numSessaoLegislativa=2&amp;indTipoSessaoLegislativa=O&amp;numSessao=251&amp;indTipoSessao=E&amp;tipo=uf\" target=\"_blank\" rel=\"noopener\"><span style=\"color: #0000ff\">Confira aqui como votou cada partido e tamb\u00e9m como votaram todos os deputado<\/span><\/a>s.<\/p>\n","protected":false},"excerpt":{"rendered":"<p>Partidos da base aliada do governo de Michel Temer votaram favor\u00e1veis \u00e0 Proposta de Emenda \u00e0 Constitui\u00e7\u00e3o 241\/2016, aprovada em primeiro turno na noite desta segunda-feira (10). Ap\u00f3s mais de dez horas de discuss\u00e3o, 366 deputados votaram na proposta que, por limitar os investimentos nos servi\u00e7os p\u00fablicos em 20 anos, pode trazer s\u00e9rias consequ\u00eancias ao [&hellip;]<\/p>\n","protected":false},"author":2,"featured_media":14193,"comment_status":"open","ping_status":"open","sticky":false,"template":"","format":"standard","meta":{"_acf_changed":false,"footnotes":""},"categories":[10,1882,2833,654,6,14],"tags":[4605,2210,973,3510,160,161,720,4560,4606,1590,22,2528,1214,644],"class_list":{"0":"post-14192","1":"post","2":"type-post","3":"status-publish","4":"format-standard","5":"has-post-thumbnail","7":"category-acao-parlamentares","8":"category-brasil","9":"category-eleicoes-2016","10":"category-estados","11":"category-noticias","12":"category-partido","13":"tag-adversarios","14":"tag-dem","15":"tag-edmilson-rodrigues","16":"tag-jose-crespo","17":"tag-marcelo-crivella","18":"tag-marcelo-freixo","19":"tag-partidos","20":"tag-pec-241","21":"tag-prb","22":"tag-psdb","23":"tag-psol","24":"tag-raul-marcelo","25":"tag-segundo-turno","26":"tag-zenaldo-coutinho"},"acf":[],"yoast_head":"<!-- This site is optimized with the Yoast SEO plugin v26.5 - https:\/\/yoast.com\/wordpress\/plugins\/seo\/ -->\n<title>Partidos de advers\u00e1rios do PSOL no segundo turno votam a favor da PEC 241 - PSOL 50<\/title>\n<meta name=\"robots\" content=\"index, follow, max-snippet:-1, max-image-preview:large, max-video-preview:-1\" \/>\n<link rel=\"canonical\" href=\"https:\/\/psol50.org.br\/partidos-de-adversarios-do-psol-no-segundo-turno-votam-a-favor-da-pec-241\/\" \/>\n<meta property=\"og:locale\" content=\"pt_BR\" \/>\n<meta property=\"og:type\" content=\"article\" \/>\n<meta property=\"og:title\" content=\"Partidos de advers\u00e1rios do PSOL no segundo turno votam a favor da PEC 241 - PSOL 50\" \/>\n<meta property=\"og:description\" content=\"Partidos da base aliada do governo de Michel Temer votaram favor\u00e1veis \u00e0 Proposta de Emenda \u00e0 Constitui\u00e7\u00e3o 241\/2016, aprovada em primeiro turno na noite desta segunda-feira (10). Ap\u00f3s mais de dez horas de discuss\u00e3o, 366 deputados votaram na proposta que, por limitar os investimentos nos servi\u00e7os p\u00fablicos em 20 anos, pode trazer s\u00e9rias consequ\u00eancias ao [&hellip;]\" \/>\n<meta property=\"og:url\" content=\"https:\/\/psol50.org.br\/partidos-de-adversarios-do-psol-no-segundo-turno-votam-a-favor-da-pec-241\/\" \/>\n<meta property=\"og:site_name\" content=\"PSOL 50\" \/>\n<meta property=\"article:publisher\" content=\"https:\/\/www.facebook.com\/psol50\" \/>\n<meta property=\"article:published_time\" content=\"2016-10-11T14:46:34+00:00\" \/>\n<meta property=\"og:image\" content=\"https:\/\/psol50.org.br\/inc\/uploads\/2018\/07\/capa.png\" \/>\n\t<meta property=\"og:image:width\" content=\"1350\" \/>\n\t<meta property=\"og:image:height\" content=\"900\" \/>\n\t<meta property=\"og:image:type\" content=\"image\/png\" \/>\n<meta name=\"author\" content=\"Comunica\u00e7\u00e3o PSOL\" \/>\n<meta name=\"twitter:card\" content=\"summary_large_image\" \/>\n<meta name=\"twitter:creator\" content=\"@psol50\" \/>\n<meta name=\"twitter:site\" content=\"@psol50\" \/>\n<meta name=\"twitter:label1\" content=\"Escrito por\" \/>\n\t<meta name=\"twitter:data1\" content=\"Comunica\u00e7\u00e3o PSOL\" \/>\n\t<meta name=\"twitter:label2\" content=\"Est. tempo de leitura\" \/>\n\t<meta name=\"twitter:data2\" content=\"2 minutos\" \/>\n<script type=\"application\/ld+json\" class=\"yoast-schema-graph\">{\"@context\":\"https:\/\/schema.org\",\"@graph\":[{\"@type\":\"Article\",\"@id\":\"https:\/\/psol50.org.br\/partidos-de-adversarios-do-psol-no-segundo-turno-votam-a-favor-da-pec-241\/#article\",\"isPartOf\":{\"@id\":\"https:\/\/psol50.org.br\/partidos-de-adversarios-do-psol-no-segundo-turno-votam-a-favor-da-pec-241\/\"},\"author\":{\"name\":\"Comunica\u00e7\u00e3o PSOL\",\"@id\":\"https:\/\/psol50.org.br\/#\/schema\/person\/475dfa57d0b815993c714c2e96491fcd\"},\"headline\":\"Partidos de advers\u00e1rios do PSOL no segundo turno votam a favor da PEC 241\",\"datePublished\":\"2016-10-11T14:46:34+00:00\",\"mainEntityOfPage\":{\"@id\":\"https:\/\/psol50.org.br\/partidos-de-adversarios-do-psol-no-segundo-turno-votam-a-favor-da-pec-241\/\"},\"wordCount\":470,\"commentCount\":0,\"publisher\":{\"@id\":\"https:\/\/psol50.org.br\/#organization\"},\"image\":{\"@id\":\"https:\/\/psol50.org.br\/partidos-de-adversarios-do-psol-no-segundo-turno-votam-a-favor-da-pec-241\/#primaryimage\"},\"thumbnailUrl\":\"\",\"keywords\":[\"advers\u00e1rios\",\"DEM\",\"Edmilson Rodrigues\",\"Jos\u00e9 Crespo\",\"Marcelo Crivella\",\"Marcelo Freixo\",\"partidos\",\"PEC 241\",\"PRB\",\"PSDB\",\"PSOL\",\"Raul Marcelo\",\"segundo turno\",\"Zenaldo Coutinho\"],\"articleSection\":[\"A\u00e7\u00e3o Parlamentar\",\"Brasil\",\"ELEI\u00c7\u00d5ES 2016\",\"Estados\",\"Not\u00edcias\",\"Partido\"],\"inLanguage\":\"pt-BR\",\"potentialAction\":[{\"@type\":\"CommentAction\",\"name\":\"Comment\",\"target\":[\"https:\/\/psol50.org.br\/partidos-de-adversarios-do-psol-no-segundo-turno-votam-a-favor-da-pec-241\/#respond\"]}]},{\"@type\":\"WebPage\",\"@id\":\"https:\/\/psol50.org.br\/partidos-de-adversarios-do-psol-no-segundo-turno-votam-a-favor-da-pec-241\/\",\"url\":\"https:\/\/psol50.org.br\/partidos-de-adversarios-do-psol-no-segundo-turno-votam-a-favor-da-pec-241\/\",\"name\":\"Partidos de advers\u00e1rios do PSOL no segundo turno votam a favor da PEC 241 - PSOL 50\",\"isPartOf\":{\"@id\":\"https:\/\/psol50.org.br\/#website\"},\"primaryImageOfPage\":{\"@id\":\"https:\/\/psol50.org.br\/partidos-de-adversarios-do-psol-no-segundo-turno-votam-a-favor-da-pec-241\/#primaryimage\"},\"image\":{\"@id\":\"https:\/\/psol50.org.br\/partidos-de-adversarios-do-psol-no-segundo-turno-votam-a-favor-da-pec-241\/#primaryimage\"},\"thumbnailUrl\":\"\",\"datePublished\":\"2016-10-11T14:46:34+00:00\",\"breadcrumb\":{\"@id\":\"https:\/\/psol50.org.br\/partidos-de-adversarios-do-psol-no-segundo-turno-votam-a-favor-da-pec-241\/#breadcrumb\"},\"inLanguage\":\"pt-BR\",\"potentialAction\":[{\"@type\":\"ReadAction\",\"target\":[\"https:\/\/psol50.org.br\/partidos-de-adversarios-do-psol-no-segundo-turno-votam-a-favor-da-pec-241\/\"]}]},{\"@type\":\"ImageObject\",\"inLanguage\":\"pt-BR\",\"@id\":\"https:\/\/psol50.org.br\/partidos-de-adversarios-do-psol-no-segundo-turno-votam-a-favor-da-pec-241\/#primaryimage\",\"url\":\"\",\"contentUrl\":\"\"},{\"@type\":\"BreadcrumbList\",\"@id\":\"https:\/\/psol50.org.br\/partidos-de-adversarios-do-psol-no-segundo-turno-votam-a-favor-da-pec-241\/#breadcrumb\",\"itemListElement\":[{\"@type\":\"ListItem\",\"position\":1,\"name\":\"In\u00edcio\",\"item\":\"https:\/\/psol50.org.br\/\"},{\"@type\":\"ListItem\",\"position\":2,\"name\":\"Partidos de advers\u00e1rios do PSOL no segundo turno votam a favor da PEC 241\"}]},{\"@type\":\"WebSite\",\"@id\":\"https:\/\/psol50.org.br\/#website\",\"url\":\"https:\/\/psol50.org.br\/\",\"name\":\"PSOL 50\",\"description\":\"Site oficial do Partido Socialismo e Liberdade\",\"publisher\":{\"@id\":\"https:\/\/psol50.org.br\/#organization\"},\"alternateName\":\"PSOL50\",\"potentialAction\":[{\"@type\":\"SearchAction\",\"target\":{\"@type\":\"EntryPoint\",\"urlTemplate\":\"https:\/\/psol50.org.br\/?s={search_term_string}\"},\"query-input\":{\"@type\":\"PropertyValueSpecification\",\"valueRequired\":true,\"valueName\":\"search_term_string\"}}],\"inLanguage\":\"pt-BR\"},{\"@type\":\"Organization\",\"@id\":\"https:\/\/psol50.org.br\/#organization\",\"name\":\"PSOL 50\",\"alternateName\":\"PSOL 50\",\"url\":\"https:\/\/psol50.org.br\/\",\"logo\":{\"@type\":\"ImageObject\",\"inLanguage\":\"pt-BR\",\"@id\":\"https:\/\/psol50.org.br\/#\/schema\/logo\/image\/\",\"url\":\"https:\/\/psol50.org.br\/inc\/uploads\/2018\/07\/capa.png\",\"contentUrl\":\"https:\/\/psol50.org.br\/inc\/uploads\/2018\/07\/capa.png\",\"width\":1350,\"height\":900,\"caption\":\"PSOL 50\"},\"image\":{\"@id\":\"https:\/\/psol50.org.br\/#\/schema\/logo\/image\/\"},\"sameAs\":[\"https:\/\/www.facebook.com\/psol50\",\"https:\/\/x.com\/psol50\",\"https:\/\/www.instagram.com\/psol50\/\",\"https:\/\/www.youtube.com\/channel\/UC7SnJS5o1os7a6CaiNabzcg\"]},{\"@type\":\"Person\",\"@id\":\"https:\/\/psol50.org.br\/#\/schema\/person\/475dfa57d0b815993c714c2e96491fcd\",\"name\":\"Comunica\u00e7\u00e3o PSOL\",\"image\":{\"@type\":\"ImageObject\",\"inLanguage\":\"pt-BR\",\"@id\":\"https:\/\/psol50.org.br\/#\/schema\/person\/image\/\",\"url\":\"https:\/\/secure.gravatar.com\/avatar\/b34fc4f4e468a4e51785917065a3db57b841f5c95dba6ad8c73aaf8f66f8f9bf?s=96&d=mm&r=g\",\"contentUrl\":\"https:\/\/secure.gravatar.com\/avatar\/b34fc4f4e468a4e51785917065a3db57b841f5c95dba6ad8c73aaf8f66f8f9bf?s=96&d=mm&r=g\",\"caption\":\"Comunica\u00e7\u00e3o PSOL\"}}]}<\/script>\n<!-- \/ Yoast SEO plugin. -->","yoast_head_json":{"title":"Partidos de advers\u00e1rios do PSOL no segundo turno votam a favor da PEC 241 - PSOL 50","robots":{"index":"index","follow":"follow","max-snippet":"max-snippet:-1","max-image-preview":"max-image-preview:large","max-video-preview":"max-video-preview:-1"},"canonical":"https:\/\/psol50.org.br\/partidos-de-adversarios-do-psol-no-segundo-turno-votam-a-favor-da-pec-241\/","og_locale":"pt_BR","og_type":"article","og_title":"Partidos de advers\u00e1rios do PSOL no segundo turno votam a favor da PEC 241 - PSOL 50","og_description":"Partidos da base aliada do governo de Michel Temer votaram favor\u00e1veis \u00e0 Proposta de Emenda \u00e0 Constitui\u00e7\u00e3o 241\/2016, aprovada em primeiro turno na noite desta segunda-feira (10). Ap\u00f3s mais de dez horas de discuss\u00e3o, 366 deputados votaram na proposta que, por limitar os investimentos nos servi\u00e7os p\u00fablicos em 20 anos, pode trazer s\u00e9rias consequ\u00eancias ao [&hellip;]","og_url":"https:\/\/psol50.org.br\/partidos-de-adversarios-do-psol-no-segundo-turno-votam-a-favor-da-pec-241\/","og_site_name":"PSOL 50","article_publisher":"https:\/\/www.facebook.com\/psol50","article_published_time":"2016-10-11T14:46:34+00:00","og_image":[{"width":1350,"height":900,"url":"https:\/\/psol50.org.br\/inc\/uploads\/2018\/07\/capa.png","type":"image\/png"}],"author":"Comunica\u00e7\u00e3o PSOL","twitter_card":"summary_large_image","twitter_creator":"@psol50","twitter_site":"@psol50","twitter_misc":{"Escrito por":"Comunica\u00e7\u00e3o PSOL","Est. tempo de leitura":"2 minutos"},"schema":{"@context":"https:\/\/schema.org","@graph":[{"@type":"Article","@id":"https:\/\/psol50.org.br\/partidos-de-adversarios-do-psol-no-segundo-turno-votam-a-favor-da-pec-241\/#article","isPartOf":{"@id":"https:\/\/psol50.org.br\/partidos-de-adversarios-do-psol-no-segundo-turno-votam-a-favor-da-pec-241\/"},"author":{"name":"Comunica\u00e7\u00e3o PSOL","@id":"https:\/\/psol50.org.br\/#\/schema\/person\/475dfa57d0b815993c714c2e96491fcd"},"headline":"Partidos de advers\u00e1rios do PSOL no segundo turno votam a favor da PEC 241","datePublished":"2016-10-11T14:46:34+00:00","mainEntityOfPage":{"@id":"https:\/\/psol50.org.br\/partidos-de-adversarios-do-psol-no-segundo-turno-votam-a-favor-da-pec-241\/"},"wordCount":470,"commentCount":0,"publisher":{"@id":"https:\/\/psol50.org.br\/#organization"},"image":{"@id":"https:\/\/psol50.org.br\/partidos-de-adversarios-do-psol-no-segundo-turno-votam-a-favor-da-pec-241\/#primaryimage"},"thumbnailUrl":"","keywords":["advers\u00e1rios","DEM","Edmilson Rodrigues","Jos\u00e9 Crespo","Marcelo Crivella","Marcelo Freixo","partidos","PEC 241","PRB","PSDB","PSOL","Raul Marcelo","segundo turno","Zenaldo Coutinho"],"articleSection":["A\u00e7\u00e3o Parlamentar","Brasil","ELEI\u00c7\u00d5ES 2016","Estados","Not\u00edcias","Partido"],"inLanguage":"pt-BR","potentialAction":[{"@type":"CommentAction","name":"Comment","target":["https:\/\/psol50.org.br\/partidos-de-adversarios-do-psol-no-segundo-turno-votam-a-favor-da-pec-241\/#respond"]}]},{"@type":"WebPage","@id":"https:\/\/psol50.org.br\/partidos-de-adversarios-do-psol-no-segundo-turno-votam-a-favor-da-pec-241\/","url":"https:\/\/psol50.org.br\/partidos-de-adversarios-do-psol-no-segundo-turno-votam-a-favor-da-pec-241\/","name":"Partidos de advers\u00e1rios do PSOL no segundo turno votam a favor da PEC 241 - PSOL 50","isPartOf":{"@id":"https:\/\/psol50.org.br\/#website"},"primaryImageOfPage":{"@id":"https:\/\/psol50.org.br\/partidos-de-adversarios-do-psol-no-segundo-turno-votam-a-favor-da-pec-241\/#primaryimage"},"image":{"@id":"https:\/\/psol50.org.br\/partidos-de-adversarios-do-psol-no-segundo-turno-votam-a-favor-da-pec-241\/#primaryimage"},"thumbnailUrl":"","datePublished":"2016-10-11T14:46:34+00:00","breadcrumb":{"@id":"https:\/\/psol50.org.br\/partidos-de-adversarios-do-psol-no-segundo-turno-votam-a-favor-da-pec-241\/#breadcrumb"},"inLanguage":"pt-BR","potentialAction":[{"@type":"ReadAction","target":["https:\/\/psol50.org.br\/partidos-de-adversarios-do-psol-no-segundo-turno-votam-a-favor-da-pec-241\/"]}]},{"@type":"ImageObject","inLanguage":"pt-BR","@id":"https:\/\/psol50.org.br\/partidos-de-adversarios-do-psol-no-segundo-turno-votam-a-favor-da-pec-241\/#primaryimage","url":"","contentUrl":""},{"@type":"BreadcrumbList","@id":"https:\/\/psol50.org.br\/partidos-de-adversarios-do-psol-no-segundo-turno-votam-a-favor-da-pec-241\/#breadcrumb","itemListElement":[{"@type":"ListItem","position":1,"name":"In\u00edcio","item":"https:\/\/psol50.org.br\/"},{"@type":"ListItem","position":2,"name":"Partidos de advers\u00e1rios do PSOL no segundo turno votam a favor da PEC 241"}]},{"@type":"WebSite","@id":"https:\/\/psol50.org.br\/#website","url":"https:\/\/psol50.org.br\/","name":"PSOL 50","description":"Site oficial do Partido Socialismo e Liberdade","publisher":{"@id":"https:\/\/psol50.org.br\/#organization"},"alternateName":"PSOL50","potentialAction":[{"@type":"SearchAction","target":{"@type":"EntryPoint","urlTemplate":"https:\/\/psol50.org.br\/?s={search_term_string}"},"query-input":{"@type":"PropertyValueSpecification","valueRequired":true,"valueName":"search_term_string"}}],"inLanguage":"pt-BR"},{"@type":"Organization","@id":"https:\/\/psol50.org.br\/#organization","name":"PSOL 50","alternateName":"PSOL 50","url":"https:\/\/psol50.org.br\/","logo":{"@type":"ImageObject","inLanguage":"pt-BR","@id":"https:\/\/psol50.org.br\/#\/schema\/logo\/image\/","url":"https:\/\/psol50.org.br\/inc\/uploads\/2018\/07\/capa.png","contentUrl":"https:\/\/psol50.org.br\/inc\/uploads\/2018\/07\/capa.png","width":1350,"height":900,"caption":"PSOL 50"},"image":{"@id":"https:\/\/psol50.org.br\/#\/schema\/logo\/image\/"},"sameAs":["https:\/\/www.facebook.com\/psol50","https:\/\/x.com\/psol50","https:\/\/www.instagram.com\/psol50\/","https:\/\/www.youtube.com\/channel\/UC7SnJS5o1os7a6CaiNabzcg"]},{"@type":"Person","@id":"https:\/\/psol50.org.br\/#\/schema\/person\/475dfa57d0b815993c714c2e96491fcd","name":"Comunica\u00e7\u00e3o PSOL","image":{"@type":"ImageObject","inLanguage":"pt-BR","@id":"https:\/\/psol50.org.br\/#\/schema\/person\/image\/","url":"https:\/\/secure.gravatar.com\/avatar\/b34fc4f4e468a4e51785917065a3db57b841f5c95dba6ad8c73aaf8f66f8f9bf?s=96&d=mm&r=g","contentUrl":"https:\/\/secure.gravatar.com\/avatar\/b34fc4f4e468a4e51785917065a3db57b841f5c95dba6ad8c73aaf8f66f8f9bf?s=96&d=mm&r=g","caption":"Comunica\u00e7\u00e3o PSOL"}}]}},"_links":{"self":[{"href":"https:\/\/psol50.org.br\/rest\/wp\/v2\/posts\/14192","targetHints":{"allow":["GET"]}}],"collection":[{"href":"https:\/\/psol50.org.br\/rest\/wp\/v2\/posts"}],"about":[{"href":"https:\/\/psol50.org.br\/rest\/wp\/v2\/types\/post"}],"author":[{"embeddable":true,"href":"https:\/\/psol50.org.br\/rest\/wp\/v2\/users\/2"}],"replies":[{"embeddable":true,"href":"https:\/\/psol50.org.br\/rest\/wp\/v2\/comments?post=14192"}],"version-history":[{"count":0,"href":"https:\/\/psol50.org.br\/rest\/wp\/v2\/posts\/14192\/revisions"}],"wp:featuredmedia":[{"embeddable":true,"href":"https:\/\/psol50.org.br\/rest\/"}],"wp:attachment":[{"href":"https:\/\/psol50.org.br\/rest\/wp\/v2\/media?parent=14192"}],"wp:term":[{"taxonomy":"category","embeddable":true,"href":"https:\/\/psol50.org.br\/rest\/wp\/v2\/categories?post=14192"},{"taxonomy":"post_tag","embeddable":true,"href":"https:\/\/psol50.org.br\/rest\/wp\/v2\/tags?post=14192"}],"curies":[{"name":"wp","href":"https:\/\/api.w.org\/{rel}","templated":true}]}}