{"id":14235,"date":"2016-10-14T15:05:32","date_gmt":"2016-10-14T15:05:32","guid":{"rendered":"http:\/\/www.psol50.org.br\/?p=14235"},"modified":"2016-10-14T15:05:32","modified_gmt":"2016-10-14T15:05:32","slug":"professores-e-estudantes-do-parana-na-luta-contra-a-politica-de-temer-e-richa","status":"publish","type":"post","link":"https:\/\/psol50.org.br\/professores-e-estudantes-do-parana-na-luta-contra-a-politica-de-temer-e-richa\/","title":{"rendered":"Professores e estudantes do Paran\u00e1 na luta contra a pol\u00edtica de Temer e Richa"},"content":{"rendered":"<p>O movimento da educa\u00e7\u00e3o do Paran\u00e1, iniciado no in\u00edcio do m\u00eas com as ocupa\u00e7\u00f5es dos estudantes secundaristas, ganha for\u00e7a a partir da pr\u00f3xima semana. Em assembleia realizada na quarta-feira (12\/10), professores da rede estadual de ensino aprovaram deflagrar greve em todo o estado a partir da pr\u00f3xima segunda-feira (17). Com isso, a luta passa a ser unificada contra as pol\u00edticas de arrocho impostas pelos governos de Michel Temer (PMDB) e de Beto Richa (PSDB).<\/p>\n<p>A assembleia, realizada pela APP-Sindicato (Sindicato dos Professores do Paran\u00e1), contou com cerca de 2 mil professores, cuja maioria, ap\u00f3s um amplo debate, decidiu dar uma resposta \u00e0 forma como o governador Beto Richa vem atacando a educa\u00e7\u00e3o p\u00fablica estadual, depreciando as a\u00e7\u00f5es\u00a0do sindicato, desvalorizando o trabalho dos educadores e passando por cima tamb\u00e9m dos\u00a0direitos dos estudantes.<\/p>\n<p>A APP-Sindicato explica que o motivo que levou a categoria a decidir pela deflagra\u00e7\u00e3o da greve foi a atitude do governo, que voltou atr\u00e1s no seu compromisso de pagar a data-base em janeiro de 2017, conforme conquista da \u00faltima greve da categoria. Passando por cima do acordo, o governo tucano de Richa enviou \u00e0 Assembleia Legislativa uma proposta (Mensagem de Lei 043\/2016) que suspende o pagamento do direito e condiciona o pagamento das promo\u00e7\u00f5es e progress\u00f5es (s\u00e3o mais de 600 milh\u00f5es em atraso) \u00e0s sobras do caixa do Estado.<\/p>\n<p><strong>Reivindica\u00e7\u00f5es<br \/>\n<\/strong>A pauta de reivindica\u00e7\u00f5es da categoria contempla os seguintes itens: retirada das emendas da LDO contidas na Mensagem 43 que afetam o cumprimento da data-base; implanta\u00e7\u00e3o e pagamento dos atrasados das progress\u00f5es e promo\u00e7\u00f5es; equipara\u00e7\u00e3o do sal\u00e1rio dos funcion\u00e1rios ao sal\u00e1rio m\u00ednimo regional; reajuste do aux\u00edlio transporte para funcion\u00e1rios e o abono da falta em decorr\u00eancia da participa\u00e7\u00e3o na manifesta\u00e7\u00e3o do dia 29 de abril.<\/p>\n<p>Al\u00e9m das quest\u00f5es espec\u00edficas da categoria, a greve tamb\u00e9m inclui pautas gerais da classe trabalhadora, como a luta contra a MP 746\/2016 (reforma do ensino m\u00e9dio), a PEC 241\/2016, o PLC 54\/2016 (antigo PLP 257\/2016) e a reforma da Previd\u00eancia que est\u00e1 sendo elaborada pelo governo Temer.<\/p>\n<p><strong>Luta dos estudantes<br \/>\n<\/strong>Desde o in\u00edcio de outubro, estudantes do ensino m\u00e9dio do Paran\u00e1 est\u00e3o em luta para denunciar os ataques dos governos federal e estadual, especialmente a MP enviado ao Congresso Nacional pelo presidente Michel Temer, que traz verdadeiros retrocessos ao ensino m\u00e9dio.<\/p>\n<p><em><span style=\"font-size: 12px\">Foto: Leandro Taques\/Jornalistas Livres<\/span><\/em><br \/>\n<img loading=\"lazy\" decoding=\"async\" class=\"wp-image-14237 alignleft\" src=\"http:\/\/www.psol50.org.br\/inc\/uploads\/2016\/10\/Estudantes_PR_LeandroTaques-300x199.jpg\" alt=\"estudantes_pr_leandrotaques\" width=\"510\" height=\"338\" srcset=\"https:\/\/psol50.org.br\/inc\/uploads\/2016\/10\/Estudantes_PR_LeandroTaques-300x199.jpg 300w, https:\/\/psol50.org.br\/inc\/uploads\/2016\/10\/Estudantes_PR_LeandroTaques-150x99.jpg 150w, https:\/\/psol50.org.br\/inc\/uploads\/2016\/10\/Estudantes_PR_LeandroTaques-696x461.jpg 696w, https:\/\/psol50.org.br\/inc\/uploads\/2016\/10\/Estudantes_PR_LeandroTaques.jpg 740w\" sizes=\"auto, (max-width: 510px) 100vw, 510px\" \/>De acordo com o movimento de secundaristas, atualmente h\u00e1 mais de 250 escolas ocupadas, espalhadas em pelo menos 40 cidades do estado. Embora h\u00e1 mobiliza\u00e7\u00f5es de estudantes em outros estados, como S\u00e3o Paulo, Minas Gerais, Rio Grande do Sul, Distrito Federal e Rio Grande do Norte, \u00e9 no Paran\u00e1 onde se concentra, atualmente, o maior foco da resist\u00eancia estudantil.<\/p>\n<p>Os estudantes exigem a anula\u00e7\u00e3o da Medida Provis\u00f3ria publicada em 23 de setembro, que, entre outras medidas, prev\u00ea\u00a0aumento da carga hor\u00e1ria para os alunos (o objetivo \u00e9 chegar ao ensino integral), uma reformula\u00e7\u00e3o no curr\u00edculo e sua flexibiliza\u00e7\u00e3o. Para os secundaristas, o governo elaborou a proposta sem qualquer di\u00e1logo com as entidades que atuam no setor da educa\u00e7\u00e3o, como as sindicais e estudantis.<\/p>\n<p>Com a deflagra\u00e7\u00e3o da greve dos professores da rede estadual de ensino, a luta da educa\u00e7\u00e3o no Paran\u00e1 vai se consolidando como um movimento unificado, onde tamb\u00e9m se incluem os estudantes, que seguem promovendo as ocupa\u00e7\u00f5es nas escolas.<\/p>\n","protected":false},"excerpt":{"rendered":"<p>O movimento da educa\u00e7\u00e3o do Paran\u00e1, iniciado no in\u00edcio do m\u00eas com as ocupa\u00e7\u00f5es dos estudantes secundaristas, ganha for\u00e7a a partir da pr\u00f3xima semana. Em assembleia realizada na quarta-feira (12\/10), professores da rede estadual de ensino aprovaram deflagrar greve em todo o estado a partir da pr\u00f3xima segunda-feira (17). Com isso, a luta passa a [&hellip;]<\/p>\n","protected":false},"author":2,"featured_media":14236,"comment_status":"open","ping_status":"open","sticky":false,"template":"","format":"standard","meta":{"_acf_changed":false,"footnotes":""},"categories":[2208,654,6],"tags":[4196,164,1816,221,1748,4612,526,272,2195,4613],"class_list":{"0":"post-14235","1":"post","2":"type-post","3":"status-publish","4":"format-standard","5":"has-post-thumbnail","7":"category-educacao","8":"category-estados","9":"category-noticias","10":"tag-beto-richa","11":"tag-educacao","12":"tag-estudantes","13":"tag-greve","14":"tag-michel-temer","15":"tag-mp-7462016","16":"tag-parana","17":"tag-professores","18":"tag-reforma-do-ensino-medio","19":"tag-secundaristas"},"acf":[],"yoast_head":"<!-- This site is optimized with the Yoast SEO plugin v26.5 - https:\/\/yoast.com\/wordpress\/plugins\/seo\/ -->\n<title>Professores e estudantes do Paran\u00e1 na luta contra a pol\u00edtica de Temer e Richa - PSOL 50<\/title>\n<meta name=\"robots\" content=\"index, follow, max-snippet:-1, max-image-preview:large, max-video-preview:-1\" \/>\n<link rel=\"canonical\" href=\"https:\/\/psol50.org.br\/professores-e-estudantes-do-parana-na-luta-contra-a-politica-de-temer-e-richa\/\" \/>\n<meta property=\"og:locale\" content=\"pt_BR\" \/>\n<meta property=\"og:type\" content=\"article\" \/>\n<meta property=\"og:title\" content=\"Professores e estudantes do Paran\u00e1 na luta contra a pol\u00edtica de Temer e Richa - PSOL 50\" \/>\n<meta property=\"og:description\" content=\"O movimento da educa\u00e7\u00e3o do Paran\u00e1, iniciado no in\u00edcio do m\u00eas com as ocupa\u00e7\u00f5es dos estudantes secundaristas, ganha for\u00e7a a partir da pr\u00f3xima semana. Em assembleia realizada na quarta-feira (12\/10), professores da rede estadual de ensino aprovaram deflagrar greve em todo o estado a partir da pr\u00f3xima segunda-feira (17). Com isso, a luta passa a [&hellip;]\" \/>\n<meta property=\"og:url\" content=\"https:\/\/psol50.org.br\/professores-e-estudantes-do-parana-na-luta-contra-a-politica-de-temer-e-richa\/\" \/>\n<meta property=\"og:site_name\" content=\"PSOL 50\" \/>\n<meta property=\"article:publisher\" content=\"https:\/\/www.facebook.com\/psol50\" \/>\n<meta property=\"article:published_time\" content=\"2016-10-14T15:05:32+00:00\" \/>\n<meta property=\"og:image\" content=\"https:\/\/psol50.org.br\/inc\/uploads\/2018\/07\/capa.png\" \/>\n\t<meta property=\"og:image:width\" content=\"1350\" \/>\n\t<meta property=\"og:image:height\" content=\"900\" \/>\n\t<meta property=\"og:image:type\" content=\"image\/png\" \/>\n<meta name=\"author\" content=\"Comunica\u00e7\u00e3o PSOL\" \/>\n<meta name=\"twitter:card\" content=\"summary_large_image\" \/>\n<meta name=\"twitter:creator\" content=\"@psol50\" \/>\n<meta name=\"twitter:site\" content=\"@psol50\" \/>\n<meta name=\"twitter:label1\" content=\"Escrito por\" \/>\n\t<meta name=\"twitter:data1\" content=\"Comunica\u00e7\u00e3o PSOL\" \/>\n\t<meta name=\"twitter:label2\" content=\"Est. tempo de leitura\" \/>\n\t<meta name=\"twitter:data2\" content=\"3 minutos\" \/>\n<script type=\"application\/ld+json\" class=\"yoast-schema-graph\">{\"@context\":\"https:\/\/schema.org\",\"@graph\":[{\"@type\":\"Article\",\"@id\":\"https:\/\/psol50.org.br\/professores-e-estudantes-do-parana-na-luta-contra-a-politica-de-temer-e-richa\/#article\",\"isPartOf\":{\"@id\":\"https:\/\/psol50.org.br\/professores-e-estudantes-do-parana-na-luta-contra-a-politica-de-temer-e-richa\/\"},\"author\":{\"name\":\"Comunica\u00e7\u00e3o PSOL\",\"@id\":\"https:\/\/psol50.org.br\/#\/schema\/person\/475dfa57d0b815993c714c2e96491fcd\"},\"headline\":\"Professores e estudantes do Paran\u00e1 na luta contra a pol\u00edtica de Temer e Richa\",\"datePublished\":\"2016-10-14T15:05:32+00:00\",\"mainEntityOfPage\":{\"@id\":\"https:\/\/psol50.org.br\/professores-e-estudantes-do-parana-na-luta-contra-a-politica-de-temer-e-richa\/\"},\"wordCount\":600,\"commentCount\":0,\"publisher\":{\"@id\":\"https:\/\/psol50.org.br\/#organization\"},\"image\":{\"@id\":\"https:\/\/psol50.org.br\/professores-e-estudantes-do-parana-na-luta-contra-a-politica-de-temer-e-richa\/#primaryimage\"},\"thumbnailUrl\":\"\",\"keywords\":[\"Beto Richa\",\"Educa\u00e7\u00e3o\",\"estudantes\",\"greve\",\"Michel Temer\",\"MP 746\/2016\",\"Paran\u00e1\",\"professores\",\"reforma do ensino m\u00e9dio\",\"secundaristas\"],\"articleSection\":[\"Educa\u00e7\u00e3o\",\"Estados\",\"Not\u00edcias\"],\"inLanguage\":\"pt-BR\",\"potentialAction\":[{\"@type\":\"CommentAction\",\"name\":\"Comment\",\"target\":[\"https:\/\/psol50.org.br\/professores-e-estudantes-do-parana-na-luta-contra-a-politica-de-temer-e-richa\/#respond\"]}]},{\"@type\":\"WebPage\",\"@id\":\"https:\/\/psol50.org.br\/professores-e-estudantes-do-parana-na-luta-contra-a-politica-de-temer-e-richa\/\",\"url\":\"https:\/\/psol50.org.br\/professores-e-estudantes-do-parana-na-luta-contra-a-politica-de-temer-e-richa\/\",\"name\":\"Professores e estudantes do Paran\u00e1 na luta contra a pol\u00edtica de Temer e Richa - PSOL 50\",\"isPartOf\":{\"@id\":\"https:\/\/psol50.org.br\/#website\"},\"primaryImageOfPage\":{\"@id\":\"https:\/\/psol50.org.br\/professores-e-estudantes-do-parana-na-luta-contra-a-politica-de-temer-e-richa\/#primaryimage\"},\"image\":{\"@id\":\"https:\/\/psol50.org.br\/professores-e-estudantes-do-parana-na-luta-contra-a-politica-de-temer-e-richa\/#primaryimage\"},\"thumbnailUrl\":\"\",\"datePublished\":\"2016-10-14T15:05:32+00:00\",\"breadcrumb\":{\"@id\":\"https:\/\/psol50.org.br\/professores-e-estudantes-do-parana-na-luta-contra-a-politica-de-temer-e-richa\/#breadcrumb\"},\"inLanguage\":\"pt-BR\",\"potentialAction\":[{\"@type\":\"ReadAction\",\"target\":[\"https:\/\/psol50.org.br\/professores-e-estudantes-do-parana-na-luta-contra-a-politica-de-temer-e-richa\/\"]}]},{\"@type\":\"ImageObject\",\"inLanguage\":\"pt-BR\",\"@id\":\"https:\/\/psol50.org.br\/professores-e-estudantes-do-parana-na-luta-contra-a-politica-de-temer-e-richa\/#primaryimage\",\"url\":\"\",\"contentUrl\":\"\"},{\"@type\":\"BreadcrumbList\",\"@id\":\"https:\/\/psol50.org.br\/professores-e-estudantes-do-parana-na-luta-contra-a-politica-de-temer-e-richa\/#breadcrumb\",\"itemListElement\":[{\"@type\":\"ListItem\",\"position\":1,\"name\":\"In\u00edcio\",\"item\":\"https:\/\/psol50.org.br\/\"},{\"@type\":\"ListItem\",\"position\":2,\"name\":\"Professores e estudantes do Paran\u00e1 na luta contra a pol\u00edtica de Temer e Richa\"}]},{\"@type\":\"WebSite\",\"@id\":\"https:\/\/psol50.org.br\/#website\",\"url\":\"https:\/\/psol50.org.br\/\",\"name\":\"PSOL 50\",\"description\":\"Site oficial do Partido Socialismo e Liberdade\",\"publisher\":{\"@id\":\"https:\/\/psol50.org.br\/#organization\"},\"alternateName\":\"PSOL50\",\"potentialAction\":[{\"@type\":\"SearchAction\",\"target\":{\"@type\":\"EntryPoint\",\"urlTemplate\":\"https:\/\/psol50.org.br\/?s={search_term_string}\"},\"query-input\":{\"@type\":\"PropertyValueSpecification\",\"valueRequired\":true,\"valueName\":\"search_term_string\"}}],\"inLanguage\":\"pt-BR\"},{\"@type\":\"Organization\",\"@id\":\"https:\/\/psol50.org.br\/#organization\",\"name\":\"PSOL 50\",\"alternateName\":\"PSOL 50\",\"url\":\"https:\/\/psol50.org.br\/\",\"logo\":{\"@type\":\"ImageObject\",\"inLanguage\":\"pt-BR\",\"@id\":\"https:\/\/psol50.org.br\/#\/schema\/logo\/image\/\",\"url\":\"https:\/\/psol50.org.br\/inc\/uploads\/2018\/07\/capa.png\",\"contentUrl\":\"https:\/\/psol50.org.br\/inc\/uploads\/2018\/07\/capa.png\",\"width\":1350,\"height\":900,\"caption\":\"PSOL 50\"},\"image\":{\"@id\":\"https:\/\/psol50.org.br\/#\/schema\/logo\/image\/\"},\"sameAs\":[\"https:\/\/www.facebook.com\/psol50\",\"https:\/\/x.com\/psol50\",\"https:\/\/www.instagram.com\/psol50\/\",\"https:\/\/www.youtube.com\/channel\/UC7SnJS5o1os7a6CaiNabzcg\"]},{\"@type\":\"Person\",\"@id\":\"https:\/\/psol50.org.br\/#\/schema\/person\/475dfa57d0b815993c714c2e96491fcd\",\"name\":\"Comunica\u00e7\u00e3o PSOL\",\"image\":{\"@type\":\"ImageObject\",\"inLanguage\":\"pt-BR\",\"@id\":\"https:\/\/psol50.org.br\/#\/schema\/person\/image\/\",\"url\":\"https:\/\/secure.gravatar.com\/avatar\/b34fc4f4e468a4e51785917065a3db57b841f5c95dba6ad8c73aaf8f66f8f9bf?s=96&d=mm&r=g\",\"contentUrl\":\"https:\/\/secure.gravatar.com\/avatar\/b34fc4f4e468a4e51785917065a3db57b841f5c95dba6ad8c73aaf8f66f8f9bf?s=96&d=mm&r=g\",\"caption\":\"Comunica\u00e7\u00e3o PSOL\"}}]}<\/script>\n<!-- \/ Yoast SEO plugin. -->","yoast_head_json":{"title":"Professores e estudantes do Paran\u00e1 na luta contra a pol\u00edtica de Temer e Richa - PSOL 50","robots":{"index":"index","follow":"follow","max-snippet":"max-snippet:-1","max-image-preview":"max-image-preview:large","max-video-preview":"max-video-preview:-1"},"canonical":"https:\/\/psol50.org.br\/professores-e-estudantes-do-parana-na-luta-contra-a-politica-de-temer-e-richa\/","og_locale":"pt_BR","og_type":"article","og_title":"Professores e estudantes do Paran\u00e1 na luta contra a pol\u00edtica de Temer e Richa - PSOL 50","og_description":"O movimento da educa\u00e7\u00e3o do Paran\u00e1, iniciado no in\u00edcio do m\u00eas com as ocupa\u00e7\u00f5es dos estudantes secundaristas, ganha for\u00e7a a partir da pr\u00f3xima semana. Em assembleia realizada na quarta-feira (12\/10), professores da rede estadual de ensino aprovaram deflagrar greve em todo o estado a partir da pr\u00f3xima segunda-feira (17). Com isso, a luta passa a [&hellip;]","og_url":"https:\/\/psol50.org.br\/professores-e-estudantes-do-parana-na-luta-contra-a-politica-de-temer-e-richa\/","og_site_name":"PSOL 50","article_publisher":"https:\/\/www.facebook.com\/psol50","article_published_time":"2016-10-14T15:05:32+00:00","og_image":[{"width":1350,"height":900,"url":"https:\/\/psol50.org.br\/inc\/uploads\/2018\/07\/capa.png","type":"image\/png"}],"author":"Comunica\u00e7\u00e3o PSOL","twitter_card":"summary_large_image","twitter_creator":"@psol50","twitter_site":"@psol50","twitter_misc":{"Escrito por":"Comunica\u00e7\u00e3o PSOL","Est. tempo de leitura":"3 minutos"},"schema":{"@context":"https:\/\/schema.org","@graph":[{"@type":"Article","@id":"https:\/\/psol50.org.br\/professores-e-estudantes-do-parana-na-luta-contra-a-politica-de-temer-e-richa\/#article","isPartOf":{"@id":"https:\/\/psol50.org.br\/professores-e-estudantes-do-parana-na-luta-contra-a-politica-de-temer-e-richa\/"},"author":{"name":"Comunica\u00e7\u00e3o PSOL","@id":"https:\/\/psol50.org.br\/#\/schema\/person\/475dfa57d0b815993c714c2e96491fcd"},"headline":"Professores e estudantes do Paran\u00e1 na luta contra a pol\u00edtica de Temer e Richa","datePublished":"2016-10-14T15:05:32+00:00","mainEntityOfPage":{"@id":"https:\/\/psol50.org.br\/professores-e-estudantes-do-parana-na-luta-contra-a-politica-de-temer-e-richa\/"},"wordCount":600,"commentCount":0,"publisher":{"@id":"https:\/\/psol50.org.br\/#organization"},"image":{"@id":"https:\/\/psol50.org.br\/professores-e-estudantes-do-parana-na-luta-contra-a-politica-de-temer-e-richa\/#primaryimage"},"thumbnailUrl":"","keywords":["Beto Richa","Educa\u00e7\u00e3o","estudantes","greve","Michel Temer","MP 746\/2016","Paran\u00e1","professores","reforma do ensino m\u00e9dio","secundaristas"],"articleSection":["Educa\u00e7\u00e3o","Estados","Not\u00edcias"],"inLanguage":"pt-BR","potentialAction":[{"@type":"CommentAction","name":"Comment","target":["https:\/\/psol50.org.br\/professores-e-estudantes-do-parana-na-luta-contra-a-politica-de-temer-e-richa\/#respond"]}]},{"@type":"WebPage","@id":"https:\/\/psol50.org.br\/professores-e-estudantes-do-parana-na-luta-contra-a-politica-de-temer-e-richa\/","url":"https:\/\/psol50.org.br\/professores-e-estudantes-do-parana-na-luta-contra-a-politica-de-temer-e-richa\/","name":"Professores e estudantes do Paran\u00e1 na luta contra a pol\u00edtica de Temer e Richa - PSOL 50","isPartOf":{"@id":"https:\/\/psol50.org.br\/#website"},"primaryImageOfPage":{"@id":"https:\/\/psol50.org.br\/professores-e-estudantes-do-parana-na-luta-contra-a-politica-de-temer-e-richa\/#primaryimage"},"image":{"@id":"https:\/\/psol50.org.br\/professores-e-estudantes-do-parana-na-luta-contra-a-politica-de-temer-e-richa\/#primaryimage"},"thumbnailUrl":"","datePublished":"2016-10-14T15:05:32+00:00","breadcrumb":{"@id":"https:\/\/psol50.org.br\/professores-e-estudantes-do-parana-na-luta-contra-a-politica-de-temer-e-richa\/#breadcrumb"},"inLanguage":"pt-BR","potentialAction":[{"@type":"ReadAction","target":["https:\/\/psol50.org.br\/professores-e-estudantes-do-parana-na-luta-contra-a-politica-de-temer-e-richa\/"]}]},{"@type":"ImageObject","inLanguage":"pt-BR","@id":"https:\/\/psol50.org.br\/professores-e-estudantes-do-parana-na-luta-contra-a-politica-de-temer-e-richa\/#primaryimage","url":"","contentUrl":""},{"@type":"BreadcrumbList","@id":"https:\/\/psol50.org.br\/professores-e-estudantes-do-parana-na-luta-contra-a-politica-de-temer-e-richa\/#breadcrumb","itemListElement":[{"@type":"ListItem","position":1,"name":"In\u00edcio","item":"https:\/\/psol50.org.br\/"},{"@type":"ListItem","position":2,"name":"Professores e estudantes do Paran\u00e1 na luta contra a pol\u00edtica de Temer e Richa"}]},{"@type":"WebSite","@id":"https:\/\/psol50.org.br\/#website","url":"https:\/\/psol50.org.br\/","name":"PSOL 50","description":"Site oficial do Partido Socialismo e Liberdade","publisher":{"@id":"https:\/\/psol50.org.br\/#organization"},"alternateName":"PSOL50","potentialAction":[{"@type":"SearchAction","target":{"@type":"EntryPoint","urlTemplate":"https:\/\/psol50.org.br\/?s={search_term_string}"},"query-input":{"@type":"PropertyValueSpecification","valueRequired":true,"valueName":"search_term_string"}}],"inLanguage":"pt-BR"},{"@type":"Organization","@id":"https:\/\/psol50.org.br\/#organization","name":"PSOL 50","alternateName":"PSOL 50","url":"https:\/\/psol50.org.br\/","logo":{"@type":"ImageObject","inLanguage":"pt-BR","@id":"https:\/\/psol50.org.br\/#\/schema\/logo\/image\/","url":"https:\/\/psol50.org.br\/inc\/uploads\/2018\/07\/capa.png","contentUrl":"https:\/\/psol50.org.br\/inc\/uploads\/2018\/07\/capa.png","width":1350,"height":900,"caption":"PSOL 50"},"image":{"@id":"https:\/\/psol50.org.br\/#\/schema\/logo\/image\/"},"sameAs":["https:\/\/www.facebook.com\/psol50","https:\/\/x.com\/psol50","https:\/\/www.instagram.com\/psol50\/","https:\/\/www.youtube.com\/channel\/UC7SnJS5o1os7a6CaiNabzcg"]},{"@type":"Person","@id":"https:\/\/psol50.org.br\/#\/schema\/person\/475dfa57d0b815993c714c2e96491fcd","name":"Comunica\u00e7\u00e3o PSOL","image":{"@type":"ImageObject","inLanguage":"pt-BR","@id":"https:\/\/psol50.org.br\/#\/schema\/person\/image\/","url":"https:\/\/secure.gravatar.com\/avatar\/b34fc4f4e468a4e51785917065a3db57b841f5c95dba6ad8c73aaf8f66f8f9bf?s=96&d=mm&r=g","contentUrl":"https:\/\/secure.gravatar.com\/avatar\/b34fc4f4e468a4e51785917065a3db57b841f5c95dba6ad8c73aaf8f66f8f9bf?s=96&d=mm&r=g","caption":"Comunica\u00e7\u00e3o PSOL"}}]}},"_links":{"self":[{"href":"https:\/\/psol50.org.br\/rest\/wp\/v2\/posts\/14235","targetHints":{"allow":["GET"]}}],"collection":[{"href":"https:\/\/psol50.org.br\/rest\/wp\/v2\/posts"}],"about":[{"href":"https:\/\/psol50.org.br\/rest\/wp\/v2\/types\/post"}],"author":[{"embeddable":true,"href":"https:\/\/psol50.org.br\/rest\/wp\/v2\/users\/2"}],"replies":[{"embeddable":true,"href":"https:\/\/psol50.org.br\/rest\/wp\/v2\/comments?post=14235"}],"version-history":[{"count":0,"href":"https:\/\/psol50.org.br\/rest\/wp\/v2\/posts\/14235\/revisions"}],"wp:featuredmedia":[{"embeddable":true,"href":"https:\/\/psol50.org.br\/rest\/"}],"wp:attachment":[{"href":"https:\/\/psol50.org.br\/rest\/wp\/v2\/media?parent=14235"}],"wp:term":[{"taxonomy":"category","embeddable":true,"href":"https:\/\/psol50.org.br\/rest\/wp\/v2\/categories?post=14235"},{"taxonomy":"post_tag","embeddable":true,"href":"https:\/\/psol50.org.br\/rest\/wp\/v2\/tags?post=14235"}],"curies":[{"name":"wp","href":"https:\/\/api.w.org\/{rel}","templated":true}]}}