{"id":14240,"date":"2016-10-14T16:28:04","date_gmt":"2016-10-14T16:28:04","guid":{"rendered":"http:\/\/www.psol50.org.br\/?p=14240"},"modified":"2016-10-14T16:28:04","modified_gmt":"2016-10-14T16:28:04","slug":"luiza-erundina-morosidade-da-justica-e-punicoes-brandas-fazem-tragedias-como-a-de-abaetetuba-se-perpetuarem","status":"publish","type":"post","link":"https:\/\/psol50.org.br\/luiza-erundina-morosidade-da-justica-e-punicoes-brandas-fazem-tragedias-como-a-de-abaetetuba-se-perpetuarem\/","title":{"rendered":"LUIZA ERUNDINA: Morosidade da Justi\u00e7a e puni\u00e7\u00f5es brandas fazem trag\u00e9dias como a de Abaetetuba se perpetuarem"},"content":{"rendered":"<p><em>Depois de uma d\u00e9cada que uma jovem de 15 anos foi detida em uma cela com 30 homens sendo violentada e torturada, ju\u00edza envolvida \u00e9 afastada por dois anos com sal\u00e1rio integral e possibilidade de retorno \u00e0s fun\u00e7\u00f5es<\/p>\n<p><\/em>No fim de 2007, uma adolescente de 15 anos foi jogada numa cela lotada com mais de 30 homens em Abaetetuba, interior do Par\u00e1. Durante 26 dias, ela apanhou, teve a pele queimada com cigarros e foi estuprada em troca de comida. A jovem havia sido presa sem julgamento, sob a acusa\u00e7\u00e3o de tentar furtar um celular. Apesar de seus numerosos pedidos de socorro, nada foi feito para a libertarem daquela criminosa situa\u00e7\u00e3o.<\/p>\n<p>Na ocasi\u00e3o, eu requeri a cria\u00e7\u00e3o de uma Comiss\u00e3o Externa para apurar o caso. Coordenada por mim, a comiss\u00e3o visitou a cidade e constatou que a situa\u00e7\u00e3o n\u00e3o era uma exce\u00e7\u00e3o.<\/p>\n<p>A omiss\u00e3o generalizada de todos os agentes do poder p\u00fablico envolvidos no caso era surpreendente. A comiss\u00e3o concluiu em seu relat\u00f3rio que o governo do Estado tomou provid\u00eancias, &#8220;por\u00e9m de forma pontual e dispersa&#8221;. O documento pediu o afastamento de todas as autoridades envolvidas no epis\u00f3dio, prop\u00f4s a demoli\u00e7\u00e3o da delegacia \u2014 face \u00e0 precariedade das instala\u00e7\u00f5es \u2014 e pediu aos presidentes da C\u00e2mara e do Senado a inclus\u00e3o na pauta de vota\u00e7\u00f5es de projetos que tornassem mais r\u00edgidas as penas para viola\u00e7\u00f5es do Estatuto da Crian\u00e7a e do Adolescente (ECA).<\/p>\n<p>O texto apontou &#8220;neglig\u00eancia, omiss\u00e3o e at\u00e9 mesmo coniv\u00eancia das autoridades da Corregedoria Regional da Pol\u00edcia Civil, dos promotores do Minist\u00e9rio P\u00fablico e dos representantes do Poder Judici\u00e1rio&#8221; daquele estado. O chefe da pol\u00edcia paraense ainda foi chamado a se explicar no Senado, onde afirmou que a jovem deveria ter &#8220;alguma debilidade mental&#8221;. Naquele momento, era a resposta oficial diante da barb\u00e1rie. O caso foi um grav\u00edssimo e inomin\u00e1vel atentado aos direitos humanos cometido por agentes do Estado contra uma jovem indefesa que estava sob a tutela do pr\u00f3prio Estado.<\/p>\n<p>Na \u00faltima ter\u00e7a-feira (11\/10), tivemos not\u00edcia de um novo cap\u00edtulo dessa hist\u00f3ria. Passados nove anos dos crimes contra aquela jovem, o Conselho Nacional de Justi\u00e7a (CNJ) puniu a ju\u00edza Clarice Maria de Andrade (foto) por omiss\u00e3o. A magistrada havia recebido um of\u00edcio &#8220;em car\u00e1ter de urg\u00eancia&#8221; pedindo a transfer\u00eancia da jovem. O documento dizia que ela corria &#8220;risco de sofrer todo e qualquer tipo de viol\u00eancia&#8221; na cadeia. A ju\u00edza levou 13 dias para tomar provid\u00eancias.<\/p>\n<p>O CNJ concluiu que ficou &#8220;evidente a falta de compromisso da magistrada com suas obriga\u00e7\u00f5es funcionais&#8221;. A defesa alegou que ela desconhecia as condi\u00e7\u00f5es da pris\u00e3o \u2014 mesmo tendo o dever legal de conhecer e fiscalizar mensalmente as cadeias. Clarice fica afastada do cargo pelos pr\u00f3ximos dois anos, com o sal\u00e1rio em dia, e poder\u00e1 voltar ao servi\u00e7o depois dessa temporada. A san\u00e7\u00e3o m\u00e1xima conferida aos membros do Judici\u00e1rio \u00e9 a aposentadoria compuls\u00f3ria.<\/p>\n<p>Depois da morosidade da Justi\u00e7a diante do caso, que deixou quase uma d\u00e9cada passar,\u00a0no fim das contas, a pena aplicada\u00a0\u00e0\u00a0ju\u00edza\u00a0\u00e9excessivamente branda. As autoridades paraenses s\u00e3o penalmente respons\u00e1veis pelos crimes de tortura, estupro e atentado violento ao pudor porque podiam e deviam ter evitado tratamento desumano e degradante, equivalente \u00e0 tortura, e a viola\u00e7\u00e3o da integridade f\u00edsica e ps\u00edquica da jovem, que, a prop\u00f3sito, havia sido detida sem julgamento. Por conseguinte, suas responsabilidades s\u00e3o de natureza civil e administrativa, e tamb\u00e9m de natureza criminal.<\/p>\n<p>Al\u00e9m disso, o Estado violou obriga\u00e7\u00f5es do pa\u00eds estabelecidas em instrumentos internacionais de prote\u00e7\u00e3o dos direitos humanos das mulheres (tais como a Conven\u00e7\u00e3o de Bel\u00e9m do Par\u00e1 e da Conven\u00e7\u00e3o para a Elimina\u00e7\u00e3o de Todas as Formas de Discrimina\u00e7\u00e3o contra a Mulher). O Brasil tamb\u00e9m \u00e9 conhecido internacionalmente por v\u00e1rias den\u00fancias de viola\u00e7\u00f5es de direitos humanos dentro de seu sistema carcer\u00e1rio.<\/p>\n<p>Delegacias e penitenci\u00e1rias brasileiras s\u00e3o ambientes onde s\u00e3o registrados crimes de toda ordem, como superlota\u00e7\u00e3o, alimenta\u00e7\u00e3o e condi\u00e7\u00f5es prec\u00e1rias e insalubres de vida, torturas, pris\u00f5es sem leg\u00edtima defesa ou julgamento, atua\u00e7\u00e3o do crime organizado, tr\u00e1fico. A conviv\u00eancia de institui\u00e7\u00f5es p\u00fablicas com um sistema falido de tal forma produz trag\u00e9dias como a de Abaetetuba e tantos outras pa\u00eds afora.<\/p>\n<p>Tais reprov\u00e1veis condutas reclamam, n\u00e3o s\u00f3 a apura\u00e7\u00e3o rigorosa das responsabilidades e o afastamento de todos os envolvidos de suas fun\u00e7\u00f5es, bem como a aplica\u00e7\u00e3o das legisla\u00e7\u00f5es penal e administrativa em vigor, em tempo razo\u00e1vel. \u00c9 inadmiss\u00edvel que autoridades p\u00fablicas violem, sistematicamente, a Constitui\u00e7\u00e3o e os direitos das mulheres e adolescentes, permanecendo impunes.<\/p>\n<p>O fortalecimento do ECA tamb\u00e9m se faz indispens\u00e1vel. O ECA \u00e9 enf\u00e1tico ao estabelecer que nenhuma crian\u00e7a ou adolescente ser\u00e1 objeto de qualquer forma de neglig\u00eancia, discrimina\u00e7\u00e3o, explora\u00e7\u00e3o, viol\u00eancia, crueldade e opress\u00e3o. Apenas com o enfrentamento sistem\u00e1tico e vigoroso das viola\u00e7\u00f5es teremos nossas crian\u00e7as e adolescentes protegidos e um sistema prisional que n\u00e3o desumanize os detentos.<\/p>\n<p><em>Luiza Erundina de Sousa \u00e9 deputada federal pelo PSOL-SP e coordenadora da Comiss\u00e3o Externa que investigou o caso de Abaetetuba.<\/em><\/p>\n<p>&nbsp;<\/p>\n<p>&nbsp;<\/p>\n","protected":false},"excerpt":{"rendered":"<p>Depois de uma d\u00e9cada que uma jovem de 15 anos foi detida em uma cela com 30 homens sendo violentada e torturada, ju\u00edza envolvida \u00e9 afastada por dois anos com sal\u00e1rio integral e possibilidade de retorno \u00e0s fun\u00e7\u00f5es No fim de 2007, uma adolescente de 15 anos foi jogada numa cela lotada com mais de [&hellip;]<\/p>\n","protected":false},"author":2,"featured_media":14241,"comment_status":"open","ping_status":"open","sticky":false,"template":"","format":"standard","meta":{"_acf_changed":false,"footnotes":""},"categories":[10,3,1882],"tags":[4614,1109,4615,2005,54,553,537,4616],"class_list":{"0":"post-14240","1":"post","2":"type-post","3":"status-publish","4":"format-standard","5":"has-post-thumbnail","7":"category-acao-parlamentares","8":"category-artigos-e-entrevistas","9":"category-brasil","10":"tag-abaetetuba","11":"tag-adolescente","12":"tag-clarice-maria-de-andrade","13":"tag-eca","14":"tag-justica","15":"tag-luiza-erundina","16":"tag-prisao","17":"tag-sistema-prisional"},"acf":[],"yoast_head":"<!-- This site is optimized with the Yoast SEO plugin v26.5 - https:\/\/yoast.com\/wordpress\/plugins\/seo\/ -->\n<title>LUIZA ERUNDINA: Morosidade da Justi\u00e7a e puni\u00e7\u00f5es brandas fazem trag\u00e9dias como a de Abaetetuba se perpetuarem - PSOL 50<\/title>\n<meta name=\"robots\" content=\"index, follow, max-snippet:-1, max-image-preview:large, max-video-preview:-1\" \/>\n<link rel=\"canonical\" href=\"https:\/\/psol50.org.br\/luiza-erundina-morosidade-da-justica-e-punicoes-brandas-fazem-tragedias-como-a-de-abaetetuba-se-perpetuarem\/\" \/>\n<meta property=\"og:locale\" content=\"pt_BR\" \/>\n<meta property=\"og:type\" content=\"article\" \/>\n<meta property=\"og:title\" content=\"LUIZA ERUNDINA: Morosidade da Justi\u00e7a e puni\u00e7\u00f5es brandas fazem trag\u00e9dias como a de Abaetetuba se perpetuarem - PSOL 50\" \/>\n<meta property=\"og:description\" content=\"Depois de uma d\u00e9cada que uma jovem de 15 anos foi detida em uma cela com 30 homens sendo violentada e torturada, ju\u00edza envolvida \u00e9 afastada por dois anos com sal\u00e1rio integral e possibilidade de retorno \u00e0s fun\u00e7\u00f5es No fim de 2007, uma adolescente de 15 anos foi jogada numa cela lotada com mais de [&hellip;]\" \/>\n<meta property=\"og:url\" content=\"https:\/\/psol50.org.br\/luiza-erundina-morosidade-da-justica-e-punicoes-brandas-fazem-tragedias-como-a-de-abaetetuba-se-perpetuarem\/\" \/>\n<meta property=\"og:site_name\" content=\"PSOL 50\" \/>\n<meta property=\"article:publisher\" content=\"https:\/\/www.facebook.com\/psol50\" \/>\n<meta property=\"article:published_time\" content=\"2016-10-14T16:28:04+00:00\" \/>\n<meta property=\"og:image\" content=\"https:\/\/psol50.org.br\/inc\/uploads\/2016\/10\/Juiza_Abaetetuba_MarceloSeabra_Liberal.jpg\" \/>\n\t<meta property=\"og:image:width\" content=\"620\" \/>\n\t<meta property=\"og:image:height\" content=\"465\" \/>\n\t<meta property=\"og:image:type\" content=\"image\/jpeg\" \/>\n<meta name=\"author\" content=\"Comunica\u00e7\u00e3o PSOL\" \/>\n<meta name=\"twitter:card\" content=\"summary_large_image\" \/>\n<meta name=\"twitter:creator\" content=\"@psol50\" \/>\n<meta name=\"twitter:site\" content=\"@psol50\" \/>\n<meta name=\"twitter:label1\" content=\"Escrito por\" \/>\n\t<meta name=\"twitter:data1\" content=\"Comunica\u00e7\u00e3o PSOL\" \/>\n\t<meta name=\"twitter:label2\" content=\"Est. tempo de leitura\" \/>\n\t<meta name=\"twitter:data2\" content=\"5 minutos\" \/>\n<script type=\"application\/ld+json\" class=\"yoast-schema-graph\">{\"@context\":\"https:\/\/schema.org\",\"@graph\":[{\"@type\":\"Article\",\"@id\":\"https:\/\/psol50.org.br\/luiza-erundina-morosidade-da-justica-e-punicoes-brandas-fazem-tragedias-como-a-de-abaetetuba-se-perpetuarem\/#article\",\"isPartOf\":{\"@id\":\"https:\/\/psol50.org.br\/luiza-erundina-morosidade-da-justica-e-punicoes-brandas-fazem-tragedias-como-a-de-abaetetuba-se-perpetuarem\/\"},\"author\":{\"name\":\"Comunica\u00e7\u00e3o PSOL\",\"@id\":\"https:\/\/psol50.org.br\/#\/schema\/person\/475dfa57d0b815993c714c2e96491fcd\"},\"headline\":\"LUIZA ERUNDINA: Morosidade da Justi\u00e7a e puni\u00e7\u00f5es brandas fazem trag\u00e9dias como a de Abaetetuba se perpetuarem\",\"datePublished\":\"2016-10-14T16:28:04+00:00\",\"mainEntityOfPage\":{\"@id\":\"https:\/\/psol50.org.br\/luiza-erundina-morosidade-da-justica-e-punicoes-brandas-fazem-tragedias-como-a-de-abaetetuba-se-perpetuarem\/\"},\"wordCount\":938,\"commentCount\":0,\"publisher\":{\"@id\":\"https:\/\/psol50.org.br\/#organization\"},\"image\":{\"@id\":\"https:\/\/psol50.org.br\/luiza-erundina-morosidade-da-justica-e-punicoes-brandas-fazem-tragedias-como-a-de-abaetetuba-se-perpetuarem\/#primaryimage\"},\"thumbnailUrl\":\"https:\/\/psol50.org.br\/inc\/uploads\/2016\/10\/Juiza_Abaetetuba_MarceloSeabra_Liberal.jpg\",\"keywords\":[\"Abaetetuba\",\"adolescente\",\"Clarice Maria de Andrade\",\"ECA\",\"justi\u00e7a\",\"Luiza Erundina\",\"pris\u00e3o\",\"sistema prisional\"],\"articleSection\":[\"A\u00e7\u00e3o Parlamentar\",\"Artigos\",\"Brasil\"],\"inLanguage\":\"pt-BR\",\"potentialAction\":[{\"@type\":\"CommentAction\",\"name\":\"Comment\",\"target\":[\"https:\/\/psol50.org.br\/luiza-erundina-morosidade-da-justica-e-punicoes-brandas-fazem-tragedias-como-a-de-abaetetuba-se-perpetuarem\/#respond\"]}]},{\"@type\":\"WebPage\",\"@id\":\"https:\/\/psol50.org.br\/luiza-erundina-morosidade-da-justica-e-punicoes-brandas-fazem-tragedias-como-a-de-abaetetuba-se-perpetuarem\/\",\"url\":\"https:\/\/psol50.org.br\/luiza-erundina-morosidade-da-justica-e-punicoes-brandas-fazem-tragedias-como-a-de-abaetetuba-se-perpetuarem\/\",\"name\":\"LUIZA ERUNDINA: Morosidade da Justi\u00e7a e puni\u00e7\u00f5es brandas fazem trag\u00e9dias como a de Abaetetuba se perpetuarem - PSOL 50\",\"isPartOf\":{\"@id\":\"https:\/\/psol50.org.br\/#website\"},\"primaryImageOfPage\":{\"@id\":\"https:\/\/psol50.org.br\/luiza-erundina-morosidade-da-justica-e-punicoes-brandas-fazem-tragedias-como-a-de-abaetetuba-se-perpetuarem\/#primaryimage\"},\"image\":{\"@id\":\"https:\/\/psol50.org.br\/luiza-erundina-morosidade-da-justica-e-punicoes-brandas-fazem-tragedias-como-a-de-abaetetuba-se-perpetuarem\/#primaryimage\"},\"thumbnailUrl\":\"https:\/\/psol50.org.br\/inc\/uploads\/2016\/10\/Juiza_Abaetetuba_MarceloSeabra_Liberal.jpg\",\"datePublished\":\"2016-10-14T16:28:04+00:00\",\"breadcrumb\":{\"@id\":\"https:\/\/psol50.org.br\/luiza-erundina-morosidade-da-justica-e-punicoes-brandas-fazem-tragedias-como-a-de-abaetetuba-se-perpetuarem\/#breadcrumb\"},\"inLanguage\":\"pt-BR\",\"potentialAction\":[{\"@type\":\"ReadAction\",\"target\":[\"https:\/\/psol50.org.br\/luiza-erundina-morosidade-da-justica-e-punicoes-brandas-fazem-tragedias-como-a-de-abaetetuba-se-perpetuarem\/\"]}]},{\"@type\":\"ImageObject\",\"inLanguage\":\"pt-BR\",\"@id\":\"https:\/\/psol50.org.br\/luiza-erundina-morosidade-da-justica-e-punicoes-brandas-fazem-tragedias-como-a-de-abaetetuba-se-perpetuarem\/#primaryimage\",\"url\":\"https:\/\/psol50.org.br\/inc\/uploads\/2016\/10\/Juiza_Abaetetuba_MarceloSeabra_Liberal.jpg\",\"contentUrl\":\"https:\/\/psol50.org.br\/inc\/uploads\/2016\/10\/Juiza_Abaetetuba_MarceloSeabra_Liberal.jpg\",\"width\":620,\"height\":465},{\"@type\":\"BreadcrumbList\",\"@id\":\"https:\/\/psol50.org.br\/luiza-erundina-morosidade-da-justica-e-punicoes-brandas-fazem-tragedias-como-a-de-abaetetuba-se-perpetuarem\/#breadcrumb\",\"itemListElement\":[{\"@type\":\"ListItem\",\"position\":1,\"name\":\"In\u00edcio\",\"item\":\"https:\/\/psol50.org.br\/\"},{\"@type\":\"ListItem\",\"position\":2,\"name\":\"LUIZA ERUNDINA: Morosidade da Justi\u00e7a e puni\u00e7\u00f5es brandas fazem trag\u00e9dias como a de Abaetetuba se perpetuarem\"}]},{\"@type\":\"WebSite\",\"@id\":\"https:\/\/psol50.org.br\/#website\",\"url\":\"https:\/\/psol50.org.br\/\",\"name\":\"PSOL 50\",\"description\":\"Site oficial do Partido Socialismo e Liberdade\",\"publisher\":{\"@id\":\"https:\/\/psol50.org.br\/#organization\"},\"alternateName\":\"PSOL50\",\"potentialAction\":[{\"@type\":\"SearchAction\",\"target\":{\"@type\":\"EntryPoint\",\"urlTemplate\":\"https:\/\/psol50.org.br\/?s={search_term_string}\"},\"query-input\":{\"@type\":\"PropertyValueSpecification\",\"valueRequired\":true,\"valueName\":\"search_term_string\"}}],\"inLanguage\":\"pt-BR\"},{\"@type\":\"Organization\",\"@id\":\"https:\/\/psol50.org.br\/#organization\",\"name\":\"PSOL 50\",\"alternateName\":\"PSOL 50\",\"url\":\"https:\/\/psol50.org.br\/\",\"logo\":{\"@type\":\"ImageObject\",\"inLanguage\":\"pt-BR\",\"@id\":\"https:\/\/psol50.org.br\/#\/schema\/logo\/image\/\",\"url\":\"https:\/\/psol50.org.br\/inc\/uploads\/2018\/07\/capa.png\",\"contentUrl\":\"https:\/\/psol50.org.br\/inc\/uploads\/2018\/07\/capa.png\",\"width\":1350,\"height\":900,\"caption\":\"PSOL 50\"},\"image\":{\"@id\":\"https:\/\/psol50.org.br\/#\/schema\/logo\/image\/\"},\"sameAs\":[\"https:\/\/www.facebook.com\/psol50\",\"https:\/\/x.com\/psol50\",\"https:\/\/www.instagram.com\/psol50\/\",\"https:\/\/www.youtube.com\/channel\/UC7SnJS5o1os7a6CaiNabzcg\"]},{\"@type\":\"Person\",\"@id\":\"https:\/\/psol50.org.br\/#\/schema\/person\/475dfa57d0b815993c714c2e96491fcd\",\"name\":\"Comunica\u00e7\u00e3o PSOL\",\"image\":{\"@type\":\"ImageObject\",\"inLanguage\":\"pt-BR\",\"@id\":\"https:\/\/psol50.org.br\/#\/schema\/person\/image\/\",\"url\":\"https:\/\/secure.gravatar.com\/avatar\/b34fc4f4e468a4e51785917065a3db57b841f5c95dba6ad8c73aaf8f66f8f9bf?s=96&d=mm&r=g\",\"contentUrl\":\"https:\/\/secure.gravatar.com\/avatar\/b34fc4f4e468a4e51785917065a3db57b841f5c95dba6ad8c73aaf8f66f8f9bf?s=96&d=mm&r=g\",\"caption\":\"Comunica\u00e7\u00e3o PSOL\"}}]}<\/script>\n<!-- \/ Yoast SEO plugin. -->","yoast_head_json":{"title":"LUIZA ERUNDINA: Morosidade da Justi\u00e7a e puni\u00e7\u00f5es brandas fazem trag\u00e9dias como a de Abaetetuba se perpetuarem - PSOL 50","robots":{"index":"index","follow":"follow","max-snippet":"max-snippet:-1","max-image-preview":"max-image-preview:large","max-video-preview":"max-video-preview:-1"},"canonical":"https:\/\/psol50.org.br\/luiza-erundina-morosidade-da-justica-e-punicoes-brandas-fazem-tragedias-como-a-de-abaetetuba-se-perpetuarem\/","og_locale":"pt_BR","og_type":"article","og_title":"LUIZA ERUNDINA: Morosidade da Justi\u00e7a e puni\u00e7\u00f5es brandas fazem trag\u00e9dias como a de Abaetetuba se perpetuarem - PSOL 50","og_description":"Depois de uma d\u00e9cada que uma jovem de 15 anos foi detida em uma cela com 30 homens sendo violentada e torturada, ju\u00edza envolvida \u00e9 afastada por dois anos com sal\u00e1rio integral e possibilidade de retorno \u00e0s fun\u00e7\u00f5es No fim de 2007, uma adolescente de 15 anos foi jogada numa cela lotada com mais de [&hellip;]","og_url":"https:\/\/psol50.org.br\/luiza-erundina-morosidade-da-justica-e-punicoes-brandas-fazem-tragedias-como-a-de-abaetetuba-se-perpetuarem\/","og_site_name":"PSOL 50","article_publisher":"https:\/\/www.facebook.com\/psol50","article_published_time":"2016-10-14T16:28:04+00:00","og_image":[{"width":620,"height":465,"url":"https:\/\/psol50.org.br\/inc\/uploads\/2016\/10\/Juiza_Abaetetuba_MarceloSeabra_Liberal.jpg","type":"image\/jpeg"}],"author":"Comunica\u00e7\u00e3o PSOL","twitter_card":"summary_large_image","twitter_creator":"@psol50","twitter_site":"@psol50","twitter_misc":{"Escrito por":"Comunica\u00e7\u00e3o PSOL","Est. tempo de leitura":"5 minutos"},"schema":{"@context":"https:\/\/schema.org","@graph":[{"@type":"Article","@id":"https:\/\/psol50.org.br\/luiza-erundina-morosidade-da-justica-e-punicoes-brandas-fazem-tragedias-como-a-de-abaetetuba-se-perpetuarem\/#article","isPartOf":{"@id":"https:\/\/psol50.org.br\/luiza-erundina-morosidade-da-justica-e-punicoes-brandas-fazem-tragedias-como-a-de-abaetetuba-se-perpetuarem\/"},"author":{"name":"Comunica\u00e7\u00e3o PSOL","@id":"https:\/\/psol50.org.br\/#\/schema\/person\/475dfa57d0b815993c714c2e96491fcd"},"headline":"LUIZA ERUNDINA: Morosidade da Justi\u00e7a e puni\u00e7\u00f5es brandas fazem trag\u00e9dias como a de Abaetetuba se perpetuarem","datePublished":"2016-10-14T16:28:04+00:00","mainEntityOfPage":{"@id":"https:\/\/psol50.org.br\/luiza-erundina-morosidade-da-justica-e-punicoes-brandas-fazem-tragedias-como-a-de-abaetetuba-se-perpetuarem\/"},"wordCount":938,"commentCount":0,"publisher":{"@id":"https:\/\/psol50.org.br\/#organization"},"image":{"@id":"https:\/\/psol50.org.br\/luiza-erundina-morosidade-da-justica-e-punicoes-brandas-fazem-tragedias-como-a-de-abaetetuba-se-perpetuarem\/#primaryimage"},"thumbnailUrl":"https:\/\/psol50.org.br\/inc\/uploads\/2016\/10\/Juiza_Abaetetuba_MarceloSeabra_Liberal.jpg","keywords":["Abaetetuba","adolescente","Clarice Maria de Andrade","ECA","justi\u00e7a","Luiza Erundina","pris\u00e3o","sistema prisional"],"articleSection":["A\u00e7\u00e3o Parlamentar","Artigos","Brasil"],"inLanguage":"pt-BR","potentialAction":[{"@type":"CommentAction","name":"Comment","target":["https:\/\/psol50.org.br\/luiza-erundina-morosidade-da-justica-e-punicoes-brandas-fazem-tragedias-como-a-de-abaetetuba-se-perpetuarem\/#respond"]}]},{"@type":"WebPage","@id":"https:\/\/psol50.org.br\/luiza-erundina-morosidade-da-justica-e-punicoes-brandas-fazem-tragedias-como-a-de-abaetetuba-se-perpetuarem\/","url":"https:\/\/psol50.org.br\/luiza-erundina-morosidade-da-justica-e-punicoes-brandas-fazem-tragedias-como-a-de-abaetetuba-se-perpetuarem\/","name":"LUIZA ERUNDINA: Morosidade da Justi\u00e7a e puni\u00e7\u00f5es brandas fazem trag\u00e9dias como a de Abaetetuba se perpetuarem - PSOL 50","isPartOf":{"@id":"https:\/\/psol50.org.br\/#website"},"primaryImageOfPage":{"@id":"https:\/\/psol50.org.br\/luiza-erundina-morosidade-da-justica-e-punicoes-brandas-fazem-tragedias-como-a-de-abaetetuba-se-perpetuarem\/#primaryimage"},"image":{"@id":"https:\/\/psol50.org.br\/luiza-erundina-morosidade-da-justica-e-punicoes-brandas-fazem-tragedias-como-a-de-abaetetuba-se-perpetuarem\/#primaryimage"},"thumbnailUrl":"https:\/\/psol50.org.br\/inc\/uploads\/2016\/10\/Juiza_Abaetetuba_MarceloSeabra_Liberal.jpg","datePublished":"2016-10-14T16:28:04+00:00","breadcrumb":{"@id":"https:\/\/psol50.org.br\/luiza-erundina-morosidade-da-justica-e-punicoes-brandas-fazem-tragedias-como-a-de-abaetetuba-se-perpetuarem\/#breadcrumb"},"inLanguage":"pt-BR","potentialAction":[{"@type":"ReadAction","target":["https:\/\/psol50.org.br\/luiza-erundina-morosidade-da-justica-e-punicoes-brandas-fazem-tragedias-como-a-de-abaetetuba-se-perpetuarem\/"]}]},{"@type":"ImageObject","inLanguage":"pt-BR","@id":"https:\/\/psol50.org.br\/luiza-erundina-morosidade-da-justica-e-punicoes-brandas-fazem-tragedias-como-a-de-abaetetuba-se-perpetuarem\/#primaryimage","url":"https:\/\/psol50.org.br\/inc\/uploads\/2016\/10\/Juiza_Abaetetuba_MarceloSeabra_Liberal.jpg","contentUrl":"https:\/\/psol50.org.br\/inc\/uploads\/2016\/10\/Juiza_Abaetetuba_MarceloSeabra_Liberal.jpg","width":620,"height":465},{"@type":"BreadcrumbList","@id":"https:\/\/psol50.org.br\/luiza-erundina-morosidade-da-justica-e-punicoes-brandas-fazem-tragedias-como-a-de-abaetetuba-se-perpetuarem\/#breadcrumb","itemListElement":[{"@type":"ListItem","position":1,"name":"In\u00edcio","item":"https:\/\/psol50.org.br\/"},{"@type":"ListItem","position":2,"name":"LUIZA ERUNDINA: Morosidade da Justi\u00e7a e puni\u00e7\u00f5es brandas fazem trag\u00e9dias como a de Abaetetuba se perpetuarem"}]},{"@type":"WebSite","@id":"https:\/\/psol50.org.br\/#website","url":"https:\/\/psol50.org.br\/","name":"PSOL 50","description":"Site oficial do Partido Socialismo e Liberdade","publisher":{"@id":"https:\/\/psol50.org.br\/#organization"},"alternateName":"PSOL50","potentialAction":[{"@type":"SearchAction","target":{"@type":"EntryPoint","urlTemplate":"https:\/\/psol50.org.br\/?s={search_term_string}"},"query-input":{"@type":"PropertyValueSpecification","valueRequired":true,"valueName":"search_term_string"}}],"inLanguage":"pt-BR"},{"@type":"Organization","@id":"https:\/\/psol50.org.br\/#organization","name":"PSOL 50","alternateName":"PSOL 50","url":"https:\/\/psol50.org.br\/","logo":{"@type":"ImageObject","inLanguage":"pt-BR","@id":"https:\/\/psol50.org.br\/#\/schema\/logo\/image\/","url":"https:\/\/psol50.org.br\/inc\/uploads\/2018\/07\/capa.png","contentUrl":"https:\/\/psol50.org.br\/inc\/uploads\/2018\/07\/capa.png","width":1350,"height":900,"caption":"PSOL 50"},"image":{"@id":"https:\/\/psol50.org.br\/#\/schema\/logo\/image\/"},"sameAs":["https:\/\/www.facebook.com\/psol50","https:\/\/x.com\/psol50","https:\/\/www.instagram.com\/psol50\/","https:\/\/www.youtube.com\/channel\/UC7SnJS5o1os7a6CaiNabzcg"]},{"@type":"Person","@id":"https:\/\/psol50.org.br\/#\/schema\/person\/475dfa57d0b815993c714c2e96491fcd","name":"Comunica\u00e7\u00e3o PSOL","image":{"@type":"ImageObject","inLanguage":"pt-BR","@id":"https:\/\/psol50.org.br\/#\/schema\/person\/image\/","url":"https:\/\/secure.gravatar.com\/avatar\/b34fc4f4e468a4e51785917065a3db57b841f5c95dba6ad8c73aaf8f66f8f9bf?s=96&d=mm&r=g","contentUrl":"https:\/\/secure.gravatar.com\/avatar\/b34fc4f4e468a4e51785917065a3db57b841f5c95dba6ad8c73aaf8f66f8f9bf?s=96&d=mm&r=g","caption":"Comunica\u00e7\u00e3o PSOL"}}]}},"_links":{"self":[{"href":"https:\/\/psol50.org.br\/rest\/wp\/v2\/posts\/14240","targetHints":{"allow":["GET"]}}],"collection":[{"href":"https:\/\/psol50.org.br\/rest\/wp\/v2\/posts"}],"about":[{"href":"https:\/\/psol50.org.br\/rest\/wp\/v2\/types\/post"}],"author":[{"embeddable":true,"href":"https:\/\/psol50.org.br\/rest\/wp\/v2\/users\/2"}],"replies":[{"embeddable":true,"href":"https:\/\/psol50.org.br\/rest\/wp\/v2\/comments?post=14240"}],"version-history":[{"count":0,"href":"https:\/\/psol50.org.br\/rest\/wp\/v2\/posts\/14240\/revisions"}],"wp:featuredmedia":[{"embeddable":true,"href":"https:\/\/psol50.org.br\/rest\/wp\/v2\/media\/14241"}],"wp:attachment":[{"href":"https:\/\/psol50.org.br\/rest\/wp\/v2\/media?parent=14240"}],"wp:term":[{"taxonomy":"category","embeddable":true,"href":"https:\/\/psol50.org.br\/rest\/wp\/v2\/categories?post=14240"},{"taxonomy":"post_tag","embeddable":true,"href":"https:\/\/psol50.org.br\/rest\/wp\/v2\/tags?post=14240"}],"curies":[{"name":"wp","href":"https:\/\/api.w.org\/{rel}","templated":true}]}}