{"id":14263,"date":"2016-10-18T17:07:05","date_gmt":"2016-10-18T17:07:05","guid":{"rendered":"http:\/\/www.psol50.org.br\/?p=14263"},"modified":"2016-10-18T17:07:05","modified_gmt":"2016-10-18T17:07:05","slug":"frentes-de-movimentos-convocam-jornada-de-debates-e-manifestacoes-contra-a-pec-241","status":"publish","type":"post","link":"https:\/\/psol50.org.br\/frentes-de-movimentos-convocam-jornada-de-debates-e-manifestacoes-contra-a-pec-241\/","title":{"rendered":"Frentes de movimentos convocam jornada de debates e manifesta\u00e7\u00f5es contra a PEC 241"},"content":{"rendered":"<p>As frentes de movimentos sociais\u00a0Povo Sem Medo e Brasil Popular convocaram nesta semana uma jornada de debates e atos contra a Proposta de Emenda Constitucional 241, a chamada PEC do Fim do Mundo, que congela gastos sociais por duas d\u00e9cadas do pa\u00eds.<\/p>\n<p>Os movimentos acompanham uma crescente de manifesta\u00e7\u00f5es contra a proposta que ocorre em todo o pa\u00eds, seja nas centenas de ocupa\u00e7\u00f5es de institui\u00e7\u00f5es de ensino ou em grandes atos de rua, que <span style=\"color: #3366ff\"><strong><a style=\"color: #3366ff\" href=\"http:\/\/www.psol50.org.br\/blog\/2016\/10\/17\/em-varias-cidades-movimentos-protestam-contra-pec-241-e-a-politica-de-michel-temer\/\" target=\"_blank\" rel=\"noopener\">come\u00e7aram nesta segunda-feira<\/a><\/strong><\/span> (17). As manifesta\u00e7\u00f5es reuniram milhares nas ruas de v\u00e1rias capitais, como S\u00e3o Paulo, Rio de Janeiro e Belo Horizonte.<\/p>\n<p>A PEC, de autoria do governo Temer, <span style=\"color: #3366ff\"><strong><a style=\"color: #3366ff\" href=\"http:\/\/www.psol50.org.br\/blog\/2016\/10\/11\/pec-241-e-aprovada-em-primeiro-turno-na-camara-dos-deputados\/\" target=\"_blank\" rel=\"noopener\">foi aprovada em primeiro turno<\/a><\/strong><\/span> pela C\u00e2mara dos Deputados no \u00faltimo dia\u00a010, por 366 votos favor\u00e1veis, 111 contr\u00e1rios e 2 absten\u00e7\u00f5es.<\/p>\n<p><em><strong>Leia mais: <a href=\"http:\/\/www.psol50.org.br\/blog\/2016\/10\/11\/vencedora-na-camara-pec-241-perde-de-lavada-nas-redes-sociais\/\" target=\"_blank\" rel=\"noopener\">Vencedora na C\u00e2mara, PEC 241 perde de lavada nas redes sociais<\/a><\/strong><\/em><\/p>\n<p>Os movimentos sociais convocaram manifesta\u00e7\u00f5es de rua para a pr\u00f3xima segunda-feira (24), data marcada para a vota\u00e7\u00e3o em segundo turno da proposta na C\u00e2mara. A expectativa da coordena\u00e7\u00e3o da Povo Sem Medo \u00e9 de ocorram atos em pelo menos 10 capitais do pa\u00eds, al\u00e9m de cidades menores. J\u00e1 est\u00e3o convocados os atos de S\u00e3o Paulo (<strong><span style=\"color: #3366ff\"><a style=\"color: #3366ff\" href=\"https:\/\/www.facebook.com\/events\/532213383655950\/\" target=\"_blank\" rel=\"noopener\">no MASP, Avenida Paulista, \u00e0s 18h<\/a><\/span><\/strong>) e do Rio de Janeiro (<a href=\"https:\/\/www.facebook.com\/events\/920846154727056\/\" target=\"_blank\" rel=\"noopener\"><strong><span style=\"color: #3366ff\">na Candel\u00e1ria, Centro, \u00e0s 17h<\/span><\/strong><\/a>).<\/p>\n<p>Voc\u00ea pode acompanhar a agenda na <strong><span style=\"color: #3366ff\"><a style=\"color: #3366ff\" href=\"https:\/\/www.facebook.com\/povosemmedonacional\/\" target=\"_blank\" rel=\"noopener\">p\u00e1gina da Povo Sem Medo<\/a><\/span><\/strong> no Facebook.<\/p>\n<p>As atividades da frente Povo Sem Medo incluem, tamb\u00e9m,\u00a0uma aula p\u00fablica sobre a PEC 241, no pr\u00f3ximo s\u00e1bado (22), na Pra\u00e7a Roosevelt, em S\u00e3o Paulo, com a economista e professora da USP Laura Carvalho. O evento est\u00e1 convocado para as 18h &#8211; <span style=\"color: #3366ff\"><strong><a style=\"color: #3366ff\" href=\"https:\/\/www.facebook.com\/events\/1795502057332609\/\" target=\"_blank\" rel=\"noopener\">clique aqui<\/a><\/strong><\/span> para mais informa\u00e7\u00f5es. A economista lan\u00e7ou na \u00faltima semana um texto com 10 perguntas e respostas sobre a PEC, mostrando que ela em nada serve para o combate \u00e0 infla\u00e7\u00e3o, como t\u00eam dito os agentes do governo. Leia <strong><span style=\"color: #3366ff\"><a style=\"color: #3366ff\" href=\"http:\/\/www.psol50.org.br\/blog\/2016\/10\/13\/segundo-economista-e-professora-da-usp-pec-241-nao-garante-combate-a-inflacao\/\" target=\"_blank\" rel=\"noopener\">clicando aqui<\/a><\/span><\/strong>.<\/p>\n<p>&nbsp;<\/p>\n","protected":false},"excerpt":{"rendered":"<p>As frentes de movimentos sociais\u00a0Povo Sem Medo e Brasil Popular convocaram nesta semana uma jornada de debates e atos contra a Proposta de Emenda Constitucional 241, a chamada PEC do Fim do Mundo, que congela gastos sociais por duas d\u00e9cadas do pa\u00eds. Os movimentos acompanham uma crescente de manifesta\u00e7\u00f5es contra a proposta que ocorre em [&hellip;]<\/p>\n","protected":false},"author":2,"featured_media":14264,"comment_status":"open","ping_status":"open","sticky":false,"template":"","format":"standard","meta":{"_acf_changed":false,"footnotes":""},"categories":[1882,1104],"tags":[4618,314,4560,4619,1945],"class_list":{"0":"post-14263","1":"post","2":"type-post","3":"status-publish","4":"format-standard","5":"has-post-thumbnail","7":"category-brasil","8":"category-movimento","9":"tag-laura-carvalho","10":"tag-manifestacoes","11":"tag-pec-241","12":"tag-pec-do-fim-do-mundo","13":"tag-povo-sem-medo"},"acf":[],"yoast_head":"<!-- This site is optimized with the Yoast SEO plugin v26.5 - https:\/\/yoast.com\/wordpress\/plugins\/seo\/ -->\n<title>Frentes de movimentos convocam jornada de debates e manifesta\u00e7\u00f5es contra a PEC 241 - PSOL 50<\/title>\n<meta name=\"robots\" content=\"index, follow, max-snippet:-1, max-image-preview:large, max-video-preview:-1\" \/>\n<link rel=\"canonical\" href=\"https:\/\/psol50.org.br\/frentes-de-movimentos-convocam-jornada-de-debates-e-manifestacoes-contra-a-pec-241\/\" \/>\n<meta property=\"og:locale\" content=\"pt_BR\" \/>\n<meta property=\"og:type\" content=\"article\" \/>\n<meta property=\"og:title\" content=\"Frentes de movimentos convocam jornada de debates e manifesta\u00e7\u00f5es contra a PEC 241 - PSOL 50\" \/>\n<meta property=\"og:description\" content=\"As frentes de movimentos sociais\u00a0Povo Sem Medo e Brasil Popular convocaram nesta semana uma jornada de debates e atos contra a Proposta de Emenda Constitucional 241, a chamada PEC do Fim do Mundo, que congela gastos sociais por duas d\u00e9cadas do pa\u00eds. Os movimentos acompanham uma crescente de manifesta\u00e7\u00f5es contra a proposta que ocorre em [&hellip;]\" \/>\n<meta property=\"og:url\" content=\"https:\/\/psol50.org.br\/frentes-de-movimentos-convocam-jornada-de-debates-e-manifestacoes-contra-a-pec-241\/\" \/>\n<meta property=\"og:site_name\" content=\"PSOL 50\" \/>\n<meta property=\"article:publisher\" content=\"https:\/\/www.facebook.com\/psol50\" \/>\n<meta property=\"article:published_time\" content=\"2016-10-18T17:07:05+00:00\" \/>\n<meta property=\"og:image\" content=\"https:\/\/psol50.org.br\/inc\/uploads\/2018\/07\/capa.png\" \/>\n\t<meta property=\"og:image:width\" content=\"1350\" \/>\n\t<meta property=\"og:image:height\" content=\"900\" \/>\n\t<meta property=\"og:image:type\" content=\"image\/png\" \/>\n<meta name=\"author\" content=\"Comunica\u00e7\u00e3o PSOL\" \/>\n<meta name=\"twitter:card\" content=\"summary_large_image\" \/>\n<meta name=\"twitter:creator\" content=\"@psol50\" \/>\n<meta name=\"twitter:site\" content=\"@psol50\" \/>\n<meta name=\"twitter:label1\" content=\"Escrito por\" \/>\n\t<meta name=\"twitter:data1\" content=\"Comunica\u00e7\u00e3o PSOL\" \/>\n\t<meta name=\"twitter:label2\" content=\"Est. tempo de leitura\" \/>\n\t<meta name=\"twitter:data2\" content=\"2 minutos\" \/>\n<script type=\"application\/ld+json\" class=\"yoast-schema-graph\">{\"@context\":\"https:\/\/schema.org\",\"@graph\":[{\"@type\":\"Article\",\"@id\":\"https:\/\/psol50.org.br\/frentes-de-movimentos-convocam-jornada-de-debates-e-manifestacoes-contra-a-pec-241\/#article\",\"isPartOf\":{\"@id\":\"https:\/\/psol50.org.br\/frentes-de-movimentos-convocam-jornada-de-debates-e-manifestacoes-contra-a-pec-241\/\"},\"author\":{\"name\":\"Comunica\u00e7\u00e3o PSOL\",\"@id\":\"https:\/\/psol50.org.br\/#\/schema\/person\/475dfa57d0b815993c714c2e96491fcd\"},\"headline\":\"Frentes de movimentos convocam jornada de debates e manifesta\u00e7\u00f5es contra a PEC 241\",\"datePublished\":\"2016-10-18T17:07:05+00:00\",\"mainEntityOfPage\":{\"@id\":\"https:\/\/psol50.org.br\/frentes-de-movimentos-convocam-jornada-de-debates-e-manifestacoes-contra-a-pec-241\/\"},\"wordCount\":344,\"commentCount\":0,\"publisher\":{\"@id\":\"https:\/\/psol50.org.br\/#organization\"},\"image\":{\"@id\":\"https:\/\/psol50.org.br\/frentes-de-movimentos-convocam-jornada-de-debates-e-manifestacoes-contra-a-pec-241\/#primaryimage\"},\"thumbnailUrl\":\"\",\"keywords\":[\"Laura Carvalho\",\"manifesta\u00e7\u00f5es\",\"PEC 241\",\"PEC do Fim do Mundo\",\"Povo Sem medo\"],\"articleSection\":[\"Brasil\",\"Movimento\"],\"inLanguage\":\"pt-BR\",\"potentialAction\":[{\"@type\":\"CommentAction\",\"name\":\"Comment\",\"target\":[\"https:\/\/psol50.org.br\/frentes-de-movimentos-convocam-jornada-de-debates-e-manifestacoes-contra-a-pec-241\/#respond\"]}]},{\"@type\":\"WebPage\",\"@id\":\"https:\/\/psol50.org.br\/frentes-de-movimentos-convocam-jornada-de-debates-e-manifestacoes-contra-a-pec-241\/\",\"url\":\"https:\/\/psol50.org.br\/frentes-de-movimentos-convocam-jornada-de-debates-e-manifestacoes-contra-a-pec-241\/\",\"name\":\"Frentes de movimentos convocam jornada de debates e manifesta\u00e7\u00f5es contra a PEC 241 - PSOL 50\",\"isPartOf\":{\"@id\":\"https:\/\/psol50.org.br\/#website\"},\"primaryImageOfPage\":{\"@id\":\"https:\/\/psol50.org.br\/frentes-de-movimentos-convocam-jornada-de-debates-e-manifestacoes-contra-a-pec-241\/#primaryimage\"},\"image\":{\"@id\":\"https:\/\/psol50.org.br\/frentes-de-movimentos-convocam-jornada-de-debates-e-manifestacoes-contra-a-pec-241\/#primaryimage\"},\"thumbnailUrl\":\"\",\"datePublished\":\"2016-10-18T17:07:05+00:00\",\"breadcrumb\":{\"@id\":\"https:\/\/psol50.org.br\/frentes-de-movimentos-convocam-jornada-de-debates-e-manifestacoes-contra-a-pec-241\/#breadcrumb\"},\"inLanguage\":\"pt-BR\",\"potentialAction\":[{\"@type\":\"ReadAction\",\"target\":[\"https:\/\/psol50.org.br\/frentes-de-movimentos-convocam-jornada-de-debates-e-manifestacoes-contra-a-pec-241\/\"]}]},{\"@type\":\"ImageObject\",\"inLanguage\":\"pt-BR\",\"@id\":\"https:\/\/psol50.org.br\/frentes-de-movimentos-convocam-jornada-de-debates-e-manifestacoes-contra-a-pec-241\/#primaryimage\",\"url\":\"\",\"contentUrl\":\"\"},{\"@type\":\"BreadcrumbList\",\"@id\":\"https:\/\/psol50.org.br\/frentes-de-movimentos-convocam-jornada-de-debates-e-manifestacoes-contra-a-pec-241\/#breadcrumb\",\"itemListElement\":[{\"@type\":\"ListItem\",\"position\":1,\"name\":\"In\u00edcio\",\"item\":\"https:\/\/psol50.org.br\/\"},{\"@type\":\"ListItem\",\"position\":2,\"name\":\"Frentes de movimentos convocam jornada de debates e manifesta\u00e7\u00f5es contra a PEC 241\"}]},{\"@type\":\"WebSite\",\"@id\":\"https:\/\/psol50.org.br\/#website\",\"url\":\"https:\/\/psol50.org.br\/\",\"name\":\"PSOL 50\",\"description\":\"Site oficial do Partido Socialismo e Liberdade\",\"publisher\":{\"@id\":\"https:\/\/psol50.org.br\/#organization\"},\"alternateName\":\"PSOL50\",\"potentialAction\":[{\"@type\":\"SearchAction\",\"target\":{\"@type\":\"EntryPoint\",\"urlTemplate\":\"https:\/\/psol50.org.br\/?s={search_term_string}\"},\"query-input\":{\"@type\":\"PropertyValueSpecification\",\"valueRequired\":true,\"valueName\":\"search_term_string\"}}],\"inLanguage\":\"pt-BR\"},{\"@type\":\"Organization\",\"@id\":\"https:\/\/psol50.org.br\/#organization\",\"name\":\"PSOL 50\",\"alternateName\":\"PSOL 50\",\"url\":\"https:\/\/psol50.org.br\/\",\"logo\":{\"@type\":\"ImageObject\",\"inLanguage\":\"pt-BR\",\"@id\":\"https:\/\/psol50.org.br\/#\/schema\/logo\/image\/\",\"url\":\"https:\/\/psol50.org.br\/inc\/uploads\/2018\/07\/capa.png\",\"contentUrl\":\"https:\/\/psol50.org.br\/inc\/uploads\/2018\/07\/capa.png\",\"width\":1350,\"height\":900,\"caption\":\"PSOL 50\"},\"image\":{\"@id\":\"https:\/\/psol50.org.br\/#\/schema\/logo\/image\/\"},\"sameAs\":[\"https:\/\/www.facebook.com\/psol50\",\"https:\/\/x.com\/psol50\",\"https:\/\/www.instagram.com\/psol50\/\",\"https:\/\/www.youtube.com\/channel\/UC7SnJS5o1os7a6CaiNabzcg\"]},{\"@type\":\"Person\",\"@id\":\"https:\/\/psol50.org.br\/#\/schema\/person\/475dfa57d0b815993c714c2e96491fcd\",\"name\":\"Comunica\u00e7\u00e3o PSOL\",\"image\":{\"@type\":\"ImageObject\",\"inLanguage\":\"pt-BR\",\"@id\":\"https:\/\/psol50.org.br\/#\/schema\/person\/image\/\",\"url\":\"https:\/\/secure.gravatar.com\/avatar\/b34fc4f4e468a4e51785917065a3db57b841f5c95dba6ad8c73aaf8f66f8f9bf?s=96&d=mm&r=g\",\"contentUrl\":\"https:\/\/secure.gravatar.com\/avatar\/b34fc4f4e468a4e51785917065a3db57b841f5c95dba6ad8c73aaf8f66f8f9bf?s=96&d=mm&r=g\",\"caption\":\"Comunica\u00e7\u00e3o PSOL\"}}]}<\/script>\n<!-- \/ Yoast SEO plugin. -->","yoast_head_json":{"title":"Frentes de movimentos convocam jornada de debates e manifesta\u00e7\u00f5es contra a PEC 241 - PSOL 50","robots":{"index":"index","follow":"follow","max-snippet":"max-snippet:-1","max-image-preview":"max-image-preview:large","max-video-preview":"max-video-preview:-1"},"canonical":"https:\/\/psol50.org.br\/frentes-de-movimentos-convocam-jornada-de-debates-e-manifestacoes-contra-a-pec-241\/","og_locale":"pt_BR","og_type":"article","og_title":"Frentes de movimentos convocam jornada de debates e manifesta\u00e7\u00f5es contra a PEC 241 - PSOL 50","og_description":"As frentes de movimentos sociais\u00a0Povo Sem Medo e Brasil Popular convocaram nesta semana uma jornada de debates e atos contra a Proposta de Emenda Constitucional 241, a chamada PEC do Fim do Mundo, que congela gastos sociais por duas d\u00e9cadas do pa\u00eds. Os movimentos acompanham uma crescente de manifesta\u00e7\u00f5es contra a proposta que ocorre em [&hellip;]","og_url":"https:\/\/psol50.org.br\/frentes-de-movimentos-convocam-jornada-de-debates-e-manifestacoes-contra-a-pec-241\/","og_site_name":"PSOL 50","article_publisher":"https:\/\/www.facebook.com\/psol50","article_published_time":"2016-10-18T17:07:05+00:00","og_image":[{"width":1350,"height":900,"url":"https:\/\/psol50.org.br\/inc\/uploads\/2018\/07\/capa.png","type":"image\/png"}],"author":"Comunica\u00e7\u00e3o PSOL","twitter_card":"summary_large_image","twitter_creator":"@psol50","twitter_site":"@psol50","twitter_misc":{"Escrito por":"Comunica\u00e7\u00e3o PSOL","Est. tempo de leitura":"2 minutos"},"schema":{"@context":"https:\/\/schema.org","@graph":[{"@type":"Article","@id":"https:\/\/psol50.org.br\/frentes-de-movimentos-convocam-jornada-de-debates-e-manifestacoes-contra-a-pec-241\/#article","isPartOf":{"@id":"https:\/\/psol50.org.br\/frentes-de-movimentos-convocam-jornada-de-debates-e-manifestacoes-contra-a-pec-241\/"},"author":{"name":"Comunica\u00e7\u00e3o PSOL","@id":"https:\/\/psol50.org.br\/#\/schema\/person\/475dfa57d0b815993c714c2e96491fcd"},"headline":"Frentes de movimentos convocam jornada de debates e manifesta\u00e7\u00f5es contra a PEC 241","datePublished":"2016-10-18T17:07:05+00:00","mainEntityOfPage":{"@id":"https:\/\/psol50.org.br\/frentes-de-movimentos-convocam-jornada-de-debates-e-manifestacoes-contra-a-pec-241\/"},"wordCount":344,"commentCount":0,"publisher":{"@id":"https:\/\/psol50.org.br\/#organization"},"image":{"@id":"https:\/\/psol50.org.br\/frentes-de-movimentos-convocam-jornada-de-debates-e-manifestacoes-contra-a-pec-241\/#primaryimage"},"thumbnailUrl":"","keywords":["Laura Carvalho","manifesta\u00e7\u00f5es","PEC 241","PEC do Fim do Mundo","Povo Sem medo"],"articleSection":["Brasil","Movimento"],"inLanguage":"pt-BR","potentialAction":[{"@type":"CommentAction","name":"Comment","target":["https:\/\/psol50.org.br\/frentes-de-movimentos-convocam-jornada-de-debates-e-manifestacoes-contra-a-pec-241\/#respond"]}]},{"@type":"WebPage","@id":"https:\/\/psol50.org.br\/frentes-de-movimentos-convocam-jornada-de-debates-e-manifestacoes-contra-a-pec-241\/","url":"https:\/\/psol50.org.br\/frentes-de-movimentos-convocam-jornada-de-debates-e-manifestacoes-contra-a-pec-241\/","name":"Frentes de movimentos convocam jornada de debates e manifesta\u00e7\u00f5es contra a PEC 241 - PSOL 50","isPartOf":{"@id":"https:\/\/psol50.org.br\/#website"},"primaryImageOfPage":{"@id":"https:\/\/psol50.org.br\/frentes-de-movimentos-convocam-jornada-de-debates-e-manifestacoes-contra-a-pec-241\/#primaryimage"},"image":{"@id":"https:\/\/psol50.org.br\/frentes-de-movimentos-convocam-jornada-de-debates-e-manifestacoes-contra-a-pec-241\/#primaryimage"},"thumbnailUrl":"","datePublished":"2016-10-18T17:07:05+00:00","breadcrumb":{"@id":"https:\/\/psol50.org.br\/frentes-de-movimentos-convocam-jornada-de-debates-e-manifestacoes-contra-a-pec-241\/#breadcrumb"},"inLanguage":"pt-BR","potentialAction":[{"@type":"ReadAction","target":["https:\/\/psol50.org.br\/frentes-de-movimentos-convocam-jornada-de-debates-e-manifestacoes-contra-a-pec-241\/"]}]},{"@type":"ImageObject","inLanguage":"pt-BR","@id":"https:\/\/psol50.org.br\/frentes-de-movimentos-convocam-jornada-de-debates-e-manifestacoes-contra-a-pec-241\/#primaryimage","url":"","contentUrl":""},{"@type":"BreadcrumbList","@id":"https:\/\/psol50.org.br\/frentes-de-movimentos-convocam-jornada-de-debates-e-manifestacoes-contra-a-pec-241\/#breadcrumb","itemListElement":[{"@type":"ListItem","position":1,"name":"In\u00edcio","item":"https:\/\/psol50.org.br\/"},{"@type":"ListItem","position":2,"name":"Frentes de movimentos convocam jornada de debates e manifesta\u00e7\u00f5es contra a PEC 241"}]},{"@type":"WebSite","@id":"https:\/\/psol50.org.br\/#website","url":"https:\/\/psol50.org.br\/","name":"PSOL 50","description":"Site oficial do Partido Socialismo e Liberdade","publisher":{"@id":"https:\/\/psol50.org.br\/#organization"},"alternateName":"PSOL50","potentialAction":[{"@type":"SearchAction","target":{"@type":"EntryPoint","urlTemplate":"https:\/\/psol50.org.br\/?s={search_term_string}"},"query-input":{"@type":"PropertyValueSpecification","valueRequired":true,"valueName":"search_term_string"}}],"inLanguage":"pt-BR"},{"@type":"Organization","@id":"https:\/\/psol50.org.br\/#organization","name":"PSOL 50","alternateName":"PSOL 50","url":"https:\/\/psol50.org.br\/","logo":{"@type":"ImageObject","inLanguage":"pt-BR","@id":"https:\/\/psol50.org.br\/#\/schema\/logo\/image\/","url":"https:\/\/psol50.org.br\/inc\/uploads\/2018\/07\/capa.png","contentUrl":"https:\/\/psol50.org.br\/inc\/uploads\/2018\/07\/capa.png","width":1350,"height":900,"caption":"PSOL 50"},"image":{"@id":"https:\/\/psol50.org.br\/#\/schema\/logo\/image\/"},"sameAs":["https:\/\/www.facebook.com\/psol50","https:\/\/x.com\/psol50","https:\/\/www.instagram.com\/psol50\/","https:\/\/www.youtube.com\/channel\/UC7SnJS5o1os7a6CaiNabzcg"]},{"@type":"Person","@id":"https:\/\/psol50.org.br\/#\/schema\/person\/475dfa57d0b815993c714c2e96491fcd","name":"Comunica\u00e7\u00e3o PSOL","image":{"@type":"ImageObject","inLanguage":"pt-BR","@id":"https:\/\/psol50.org.br\/#\/schema\/person\/image\/","url":"https:\/\/secure.gravatar.com\/avatar\/b34fc4f4e468a4e51785917065a3db57b841f5c95dba6ad8c73aaf8f66f8f9bf?s=96&d=mm&r=g","contentUrl":"https:\/\/secure.gravatar.com\/avatar\/b34fc4f4e468a4e51785917065a3db57b841f5c95dba6ad8c73aaf8f66f8f9bf?s=96&d=mm&r=g","caption":"Comunica\u00e7\u00e3o PSOL"}}]}},"_links":{"self":[{"href":"https:\/\/psol50.org.br\/rest\/wp\/v2\/posts\/14263","targetHints":{"allow":["GET"]}}],"collection":[{"href":"https:\/\/psol50.org.br\/rest\/wp\/v2\/posts"}],"about":[{"href":"https:\/\/psol50.org.br\/rest\/wp\/v2\/types\/post"}],"author":[{"embeddable":true,"href":"https:\/\/psol50.org.br\/rest\/wp\/v2\/users\/2"}],"replies":[{"embeddable":true,"href":"https:\/\/psol50.org.br\/rest\/wp\/v2\/comments?post=14263"}],"version-history":[{"count":0,"href":"https:\/\/psol50.org.br\/rest\/wp\/v2\/posts\/14263\/revisions"}],"wp:featuredmedia":[{"embeddable":true,"href":"https:\/\/psol50.org.br\/rest\/"}],"wp:attachment":[{"href":"https:\/\/psol50.org.br\/rest\/wp\/v2\/media?parent=14263"}],"wp:term":[{"taxonomy":"category","embeddable":true,"href":"https:\/\/psol50.org.br\/rest\/wp\/v2\/categories?post=14263"},{"taxonomy":"post_tag","embeddable":true,"href":"https:\/\/psol50.org.br\/rest\/wp\/v2\/tags?post=14263"}],"curies":[{"name":"wp","href":"https:\/\/api.w.org\/{rel}","templated":true}]}}