{"id":14279,"date":"2016-10-19T15:10:34","date_gmt":"2016-10-19T15:10:34","guid":{"rendered":"http:\/\/www.psol50.org.br\/?p=14279"},"modified":"2016-10-19T15:10:34","modified_gmt":"2016-10-19T15:10:34","slug":"pesquisa-encomendada-pelo-governo-revela-que-pec-241-e-associada-a-golpe-para-99-dos-entrevistados","status":"publish","type":"post","link":"https:\/\/psol50.org.br\/pesquisa-encomendada-pelo-governo-revela-que-pec-241-e-associada-a-golpe-para-99-dos-entrevistados\/","title":{"rendered":"Pesquisa encomendada pelo governo revela que PEC 241 \u00e9 associada a golpe para 99% dos entrevistados"},"content":{"rendered":"<p>O blog <a href=\"http:\/\/politica.estadao.com.br\/blogs\/coluna-do-estadao\/apos-pesquisa-governo-promovera-pec-do-teto\/\" target=\"_blank\" rel=\"noopener\"><span style=\"color: #0000ff\">Coluna do Estad\u00e3o<\/span><\/a> divulgou nesta ter\u00e7a-feira (18\/10) que em uma pesquisa encomendada pelo governo, 99% dos entrevistados associam Michel Temer \u00e0 palavra golpista quando o assunto \u00e9 a PEC 241. Al\u00e9m disso, a pesquisa mostra que 94% dos internautas consideram o teto de gastos p\u00fablicos negativo para o pa\u00eds.<\/p>\n<p>Segundo o blog, diante desse resultado o Pal\u00e1cio do Planalto tra\u00e7ou uma estrat\u00e9gia para driblar os discursos contr\u00e1rios \u00e0 PEC. \u201cNa pr\u00f3xima semana, que antecede a vota\u00e7\u00e3o em segundo turno, decidiu bombardear os sites e as redes sociais do governo com informa\u00e7\u00f5es positivas sobre a emenda e explicar exaustivamente a \u2018necessidade\u2019 da medida\u201d, afirma a mat\u00e9ria.<\/p>\n<p>O texto explica, ainda, que a pesquisa foi feita pela ag\u00eancia de comunica\u00e7\u00e3o Isobar Brasil e analisou 59 mil men\u00e7\u00f5es diretas \u00e0 PEC 241 no Twitter e no Facebook do Pal\u00e1cio do Planalto, no dia 13 de outubro, primeiro dia \u00fatil ap\u00f3s a vota\u00e7\u00e3o da proposta em primeiro turno na C\u00e2mara dos Deputados.<\/p>\n<p>Para o deputado Ivan Valente, l\u00edder do PSOL na C\u00e2mara, por mais que gaste em propaganda, o governo n\u00e3o est\u00e1 conseguindo convencer a popula\u00e7\u00e3o sobre a farsa que \u00e9 a proposta. \u201cA PEC do Teto dos Gastos s\u00f3 interessa a 1% dos mais ricos, ou melhor, aos rentistas, a banqueiros, a quem se beneficia diretamente da especula\u00e7\u00e3o financeira e n\u00e3o tem o menor\u00a0compromisso com o futuro do pa\u00eds. A PEC 241 \u00e9 amplamente repudiada pela popula\u00e7\u00e3o e a pesquisa confirma que esta luta \u00e9 dos 99% contra 1%\u201d, afirma o deputado.<\/p>\n<p>&nbsp;<\/p>\n","protected":false},"excerpt":{"rendered":"<p>O blog Coluna do Estad\u00e3o divulgou nesta ter\u00e7a-feira (18\/10) que em uma pesquisa encomendada pelo governo, 99% dos entrevistados associam Michel Temer \u00e0 palavra golpista quando o assunto \u00e9 a PEC 241. Al\u00e9m disso, a pesquisa mostra que 94% dos internautas consideram o teto de gastos p\u00fablicos negativo para o pa\u00eds. Segundo o blog, diante [&hellip;]<\/p>\n","protected":false},"author":2,"featured_media":14282,"comment_status":"open","ping_status":"open","sticky":false,"template":"","format":"standard","meta":{"_acf_changed":false,"footnotes":""},"categories":[1882,6],"tags":[4622,151,1495,552,1748,1993,4623,403,966,4624],"class_list":{"0":"post-14279","1":"post","2":"type-post","3":"status-publish","4":"format-standard","5":"has-post-thumbnail","7":"category-brasil","8":"category-noticias","9":"tag-coluna-do-estadao","10":"tag-golpe","11":"tag-golpista","12":"tag-ivan-valente","13":"tag-michel-temer","14":"tag-palacio-do-planalto","15":"tag-pec-2412916","16":"tag-pesquisa","17":"tag-propaganda","18":"tag-teto-dos-gastos-publicos"},"acf":[],"yoast_head":"<!-- This site is optimized with the Yoast SEO plugin v26.5 - https:\/\/yoast.com\/wordpress\/plugins\/seo\/ -->\n<title>Pesquisa encomendada pelo governo revela que PEC 241 \u00e9 associada a golpe para 99% dos entrevistados - PSOL 50<\/title>\n<meta name=\"robots\" content=\"index, follow, max-snippet:-1, max-image-preview:large, max-video-preview:-1\" \/>\n<link rel=\"canonical\" href=\"https:\/\/psol50.org.br\/pesquisa-encomendada-pelo-governo-revela-que-pec-241-e-associada-a-golpe-para-99-dos-entrevistados\/\" \/>\n<meta property=\"og:locale\" content=\"pt_BR\" \/>\n<meta property=\"og:type\" content=\"article\" \/>\n<meta property=\"og:title\" content=\"Pesquisa encomendada pelo governo revela que PEC 241 \u00e9 associada a golpe para 99% dos entrevistados - PSOL 50\" \/>\n<meta property=\"og:description\" content=\"O blog Coluna do Estad\u00e3o divulgou nesta ter\u00e7a-feira (18\/10) que em uma pesquisa encomendada pelo governo, 99% dos entrevistados associam Michel Temer \u00e0 palavra golpista quando o assunto \u00e9 a PEC 241. Al\u00e9m disso, a pesquisa mostra que 94% dos internautas consideram o teto de gastos p\u00fablicos negativo para o pa\u00eds. Segundo o blog, diante [&hellip;]\" \/>\n<meta property=\"og:url\" content=\"https:\/\/psol50.org.br\/pesquisa-encomendada-pelo-governo-revela-que-pec-241-e-associada-a-golpe-para-99-dos-entrevistados\/\" \/>\n<meta property=\"og:site_name\" content=\"PSOL 50\" \/>\n<meta property=\"article:publisher\" content=\"https:\/\/www.facebook.com\/psol50\" \/>\n<meta property=\"article:published_time\" content=\"2016-10-19T15:10:34+00:00\" \/>\n<meta property=\"og:image\" content=\"https:\/\/psol50.org.br\/inc\/uploads\/2018\/07\/capa.png\" \/>\n\t<meta property=\"og:image:width\" content=\"1350\" \/>\n\t<meta property=\"og:image:height\" content=\"900\" \/>\n\t<meta property=\"og:image:type\" content=\"image\/png\" \/>\n<meta name=\"author\" content=\"Comunica\u00e7\u00e3o PSOL\" \/>\n<meta name=\"twitter:card\" content=\"summary_large_image\" \/>\n<meta name=\"twitter:creator\" content=\"@psol50\" \/>\n<meta name=\"twitter:site\" content=\"@psol50\" \/>\n<meta name=\"twitter:label1\" content=\"Escrito por\" \/>\n\t<meta name=\"twitter:data1\" content=\"Comunica\u00e7\u00e3o PSOL\" \/>\n\t<meta name=\"twitter:label2\" content=\"Est. tempo de leitura\" \/>\n\t<meta name=\"twitter:data2\" content=\"1 minuto\" \/>\n<script type=\"application\/ld+json\" class=\"yoast-schema-graph\">{\"@context\":\"https:\/\/schema.org\",\"@graph\":[{\"@type\":\"Article\",\"@id\":\"https:\/\/psol50.org.br\/pesquisa-encomendada-pelo-governo-revela-que-pec-241-e-associada-a-golpe-para-99-dos-entrevistados\/#article\",\"isPartOf\":{\"@id\":\"https:\/\/psol50.org.br\/pesquisa-encomendada-pelo-governo-revela-que-pec-241-e-associada-a-golpe-para-99-dos-entrevistados\/\"},\"author\":{\"name\":\"Comunica\u00e7\u00e3o PSOL\",\"@id\":\"https:\/\/psol50.org.br\/#\/schema\/person\/475dfa57d0b815993c714c2e96491fcd\"},\"headline\":\"Pesquisa encomendada pelo governo revela que PEC 241 \u00e9 associada a golpe para 99% dos entrevistados\",\"datePublished\":\"2016-10-19T15:10:34+00:00\",\"mainEntityOfPage\":{\"@id\":\"https:\/\/psol50.org.br\/pesquisa-encomendada-pelo-governo-revela-que-pec-241-e-associada-a-golpe-para-99-dos-entrevistados\/\"},\"wordCount\":276,\"commentCount\":0,\"publisher\":{\"@id\":\"https:\/\/psol50.org.br\/#organization\"},\"image\":{\"@id\":\"https:\/\/psol50.org.br\/pesquisa-encomendada-pelo-governo-revela-que-pec-241-e-associada-a-golpe-para-99-dos-entrevistados\/#primaryimage\"},\"thumbnailUrl\":\"\",\"keywords\":[\"Coluna do Estad\u00e3o\",\"golpe\",\"golpista\",\"Ivan Valente\",\"Michel Temer\",\"Pal\u00e1cio do Planalto\",\"PEC 241\/2916\",\"pesquisa\",\"propaganda\",\"teto dos gastos p\u00fablicos\"],\"articleSection\":[\"Brasil\",\"Not\u00edcias\"],\"inLanguage\":\"pt-BR\",\"potentialAction\":[{\"@type\":\"CommentAction\",\"name\":\"Comment\",\"target\":[\"https:\/\/psol50.org.br\/pesquisa-encomendada-pelo-governo-revela-que-pec-241-e-associada-a-golpe-para-99-dos-entrevistados\/#respond\"]}]},{\"@type\":\"WebPage\",\"@id\":\"https:\/\/psol50.org.br\/pesquisa-encomendada-pelo-governo-revela-que-pec-241-e-associada-a-golpe-para-99-dos-entrevistados\/\",\"url\":\"https:\/\/psol50.org.br\/pesquisa-encomendada-pelo-governo-revela-que-pec-241-e-associada-a-golpe-para-99-dos-entrevistados\/\",\"name\":\"Pesquisa encomendada pelo governo revela que PEC 241 \u00e9 associada a golpe para 99% dos entrevistados - PSOL 50\",\"isPartOf\":{\"@id\":\"https:\/\/psol50.org.br\/#website\"},\"primaryImageOfPage\":{\"@id\":\"https:\/\/psol50.org.br\/pesquisa-encomendada-pelo-governo-revela-que-pec-241-e-associada-a-golpe-para-99-dos-entrevistados\/#primaryimage\"},\"image\":{\"@id\":\"https:\/\/psol50.org.br\/pesquisa-encomendada-pelo-governo-revela-que-pec-241-e-associada-a-golpe-para-99-dos-entrevistados\/#primaryimage\"},\"thumbnailUrl\":\"\",\"datePublished\":\"2016-10-19T15:10:34+00:00\",\"breadcrumb\":{\"@id\":\"https:\/\/psol50.org.br\/pesquisa-encomendada-pelo-governo-revela-que-pec-241-e-associada-a-golpe-para-99-dos-entrevistados\/#breadcrumb\"},\"inLanguage\":\"pt-BR\",\"potentialAction\":[{\"@type\":\"ReadAction\",\"target\":[\"https:\/\/psol50.org.br\/pesquisa-encomendada-pelo-governo-revela-que-pec-241-e-associada-a-golpe-para-99-dos-entrevistados\/\"]}]},{\"@type\":\"ImageObject\",\"inLanguage\":\"pt-BR\",\"@id\":\"https:\/\/psol50.org.br\/pesquisa-encomendada-pelo-governo-revela-que-pec-241-e-associada-a-golpe-para-99-dos-entrevistados\/#primaryimage\",\"url\":\"\",\"contentUrl\":\"\"},{\"@type\":\"BreadcrumbList\",\"@id\":\"https:\/\/psol50.org.br\/pesquisa-encomendada-pelo-governo-revela-que-pec-241-e-associada-a-golpe-para-99-dos-entrevistados\/#breadcrumb\",\"itemListElement\":[{\"@type\":\"ListItem\",\"position\":1,\"name\":\"In\u00edcio\",\"item\":\"https:\/\/psol50.org.br\/\"},{\"@type\":\"ListItem\",\"position\":2,\"name\":\"Pesquisa encomendada pelo governo revela que PEC 241 \u00e9 associada a golpe para 99% dos entrevistados\"}]},{\"@type\":\"WebSite\",\"@id\":\"https:\/\/psol50.org.br\/#website\",\"url\":\"https:\/\/psol50.org.br\/\",\"name\":\"PSOL 50\",\"description\":\"Site oficial do Partido Socialismo e Liberdade\",\"publisher\":{\"@id\":\"https:\/\/psol50.org.br\/#organization\"},\"alternateName\":\"PSOL50\",\"potentialAction\":[{\"@type\":\"SearchAction\",\"target\":{\"@type\":\"EntryPoint\",\"urlTemplate\":\"https:\/\/psol50.org.br\/?s={search_term_string}\"},\"query-input\":{\"@type\":\"PropertyValueSpecification\",\"valueRequired\":true,\"valueName\":\"search_term_string\"}}],\"inLanguage\":\"pt-BR\"},{\"@type\":\"Organization\",\"@id\":\"https:\/\/psol50.org.br\/#organization\",\"name\":\"PSOL 50\",\"alternateName\":\"PSOL 50\",\"url\":\"https:\/\/psol50.org.br\/\",\"logo\":{\"@type\":\"ImageObject\",\"inLanguage\":\"pt-BR\",\"@id\":\"https:\/\/psol50.org.br\/#\/schema\/logo\/image\/\",\"url\":\"https:\/\/psol50.org.br\/inc\/uploads\/2018\/07\/capa.png\",\"contentUrl\":\"https:\/\/psol50.org.br\/inc\/uploads\/2018\/07\/capa.png\",\"width\":1350,\"height\":900,\"caption\":\"PSOL 50\"},\"image\":{\"@id\":\"https:\/\/psol50.org.br\/#\/schema\/logo\/image\/\"},\"sameAs\":[\"https:\/\/www.facebook.com\/psol50\",\"https:\/\/x.com\/psol50\",\"https:\/\/www.instagram.com\/psol50\/\",\"https:\/\/www.youtube.com\/channel\/UC7SnJS5o1os7a6CaiNabzcg\"]},{\"@type\":\"Person\",\"@id\":\"https:\/\/psol50.org.br\/#\/schema\/person\/475dfa57d0b815993c714c2e96491fcd\",\"name\":\"Comunica\u00e7\u00e3o PSOL\",\"image\":{\"@type\":\"ImageObject\",\"inLanguage\":\"pt-BR\",\"@id\":\"https:\/\/psol50.org.br\/#\/schema\/person\/image\/\",\"url\":\"https:\/\/secure.gravatar.com\/avatar\/b34fc4f4e468a4e51785917065a3db57b841f5c95dba6ad8c73aaf8f66f8f9bf?s=96&d=mm&r=g\",\"contentUrl\":\"https:\/\/secure.gravatar.com\/avatar\/b34fc4f4e468a4e51785917065a3db57b841f5c95dba6ad8c73aaf8f66f8f9bf?s=96&d=mm&r=g\",\"caption\":\"Comunica\u00e7\u00e3o PSOL\"}}]}<\/script>\n<!-- \/ Yoast SEO plugin. -->","yoast_head_json":{"title":"Pesquisa encomendada pelo governo revela que PEC 241 \u00e9 associada a golpe para 99% dos entrevistados - PSOL 50","robots":{"index":"index","follow":"follow","max-snippet":"max-snippet:-1","max-image-preview":"max-image-preview:large","max-video-preview":"max-video-preview:-1"},"canonical":"https:\/\/psol50.org.br\/pesquisa-encomendada-pelo-governo-revela-que-pec-241-e-associada-a-golpe-para-99-dos-entrevistados\/","og_locale":"pt_BR","og_type":"article","og_title":"Pesquisa encomendada pelo governo revela que PEC 241 \u00e9 associada a golpe para 99% dos entrevistados - PSOL 50","og_description":"O blog Coluna do Estad\u00e3o divulgou nesta ter\u00e7a-feira (18\/10) que em uma pesquisa encomendada pelo governo, 99% dos entrevistados associam Michel Temer \u00e0 palavra golpista quando o assunto \u00e9 a PEC 241. Al\u00e9m disso, a pesquisa mostra que 94% dos internautas consideram o teto de gastos p\u00fablicos negativo para o pa\u00eds. Segundo o blog, diante [&hellip;]","og_url":"https:\/\/psol50.org.br\/pesquisa-encomendada-pelo-governo-revela-que-pec-241-e-associada-a-golpe-para-99-dos-entrevistados\/","og_site_name":"PSOL 50","article_publisher":"https:\/\/www.facebook.com\/psol50","article_published_time":"2016-10-19T15:10:34+00:00","og_image":[{"width":1350,"height":900,"url":"https:\/\/psol50.org.br\/inc\/uploads\/2018\/07\/capa.png","type":"image\/png"}],"author":"Comunica\u00e7\u00e3o PSOL","twitter_card":"summary_large_image","twitter_creator":"@psol50","twitter_site":"@psol50","twitter_misc":{"Escrito por":"Comunica\u00e7\u00e3o PSOL","Est. tempo de leitura":"1 minuto"},"schema":{"@context":"https:\/\/schema.org","@graph":[{"@type":"Article","@id":"https:\/\/psol50.org.br\/pesquisa-encomendada-pelo-governo-revela-que-pec-241-e-associada-a-golpe-para-99-dos-entrevistados\/#article","isPartOf":{"@id":"https:\/\/psol50.org.br\/pesquisa-encomendada-pelo-governo-revela-que-pec-241-e-associada-a-golpe-para-99-dos-entrevistados\/"},"author":{"name":"Comunica\u00e7\u00e3o PSOL","@id":"https:\/\/psol50.org.br\/#\/schema\/person\/475dfa57d0b815993c714c2e96491fcd"},"headline":"Pesquisa encomendada pelo governo revela que PEC 241 \u00e9 associada a golpe para 99% dos entrevistados","datePublished":"2016-10-19T15:10:34+00:00","mainEntityOfPage":{"@id":"https:\/\/psol50.org.br\/pesquisa-encomendada-pelo-governo-revela-que-pec-241-e-associada-a-golpe-para-99-dos-entrevistados\/"},"wordCount":276,"commentCount":0,"publisher":{"@id":"https:\/\/psol50.org.br\/#organization"},"image":{"@id":"https:\/\/psol50.org.br\/pesquisa-encomendada-pelo-governo-revela-que-pec-241-e-associada-a-golpe-para-99-dos-entrevistados\/#primaryimage"},"thumbnailUrl":"","keywords":["Coluna do Estad\u00e3o","golpe","golpista","Ivan Valente","Michel Temer","Pal\u00e1cio do Planalto","PEC 241\/2916","pesquisa","propaganda","teto dos gastos p\u00fablicos"],"articleSection":["Brasil","Not\u00edcias"],"inLanguage":"pt-BR","potentialAction":[{"@type":"CommentAction","name":"Comment","target":["https:\/\/psol50.org.br\/pesquisa-encomendada-pelo-governo-revela-que-pec-241-e-associada-a-golpe-para-99-dos-entrevistados\/#respond"]}]},{"@type":"WebPage","@id":"https:\/\/psol50.org.br\/pesquisa-encomendada-pelo-governo-revela-que-pec-241-e-associada-a-golpe-para-99-dos-entrevistados\/","url":"https:\/\/psol50.org.br\/pesquisa-encomendada-pelo-governo-revela-que-pec-241-e-associada-a-golpe-para-99-dos-entrevistados\/","name":"Pesquisa encomendada pelo governo revela que PEC 241 \u00e9 associada a golpe para 99% dos entrevistados - PSOL 50","isPartOf":{"@id":"https:\/\/psol50.org.br\/#website"},"primaryImageOfPage":{"@id":"https:\/\/psol50.org.br\/pesquisa-encomendada-pelo-governo-revela-que-pec-241-e-associada-a-golpe-para-99-dos-entrevistados\/#primaryimage"},"image":{"@id":"https:\/\/psol50.org.br\/pesquisa-encomendada-pelo-governo-revela-que-pec-241-e-associada-a-golpe-para-99-dos-entrevistados\/#primaryimage"},"thumbnailUrl":"","datePublished":"2016-10-19T15:10:34+00:00","breadcrumb":{"@id":"https:\/\/psol50.org.br\/pesquisa-encomendada-pelo-governo-revela-que-pec-241-e-associada-a-golpe-para-99-dos-entrevistados\/#breadcrumb"},"inLanguage":"pt-BR","potentialAction":[{"@type":"ReadAction","target":["https:\/\/psol50.org.br\/pesquisa-encomendada-pelo-governo-revela-que-pec-241-e-associada-a-golpe-para-99-dos-entrevistados\/"]}]},{"@type":"ImageObject","inLanguage":"pt-BR","@id":"https:\/\/psol50.org.br\/pesquisa-encomendada-pelo-governo-revela-que-pec-241-e-associada-a-golpe-para-99-dos-entrevistados\/#primaryimage","url":"","contentUrl":""},{"@type":"BreadcrumbList","@id":"https:\/\/psol50.org.br\/pesquisa-encomendada-pelo-governo-revela-que-pec-241-e-associada-a-golpe-para-99-dos-entrevistados\/#breadcrumb","itemListElement":[{"@type":"ListItem","position":1,"name":"In\u00edcio","item":"https:\/\/psol50.org.br\/"},{"@type":"ListItem","position":2,"name":"Pesquisa encomendada pelo governo revela que PEC 241 \u00e9 associada a golpe para 99% dos entrevistados"}]},{"@type":"WebSite","@id":"https:\/\/psol50.org.br\/#website","url":"https:\/\/psol50.org.br\/","name":"PSOL 50","description":"Site oficial do Partido Socialismo e Liberdade","publisher":{"@id":"https:\/\/psol50.org.br\/#organization"},"alternateName":"PSOL50","potentialAction":[{"@type":"SearchAction","target":{"@type":"EntryPoint","urlTemplate":"https:\/\/psol50.org.br\/?s={search_term_string}"},"query-input":{"@type":"PropertyValueSpecification","valueRequired":true,"valueName":"search_term_string"}}],"inLanguage":"pt-BR"},{"@type":"Organization","@id":"https:\/\/psol50.org.br\/#organization","name":"PSOL 50","alternateName":"PSOL 50","url":"https:\/\/psol50.org.br\/","logo":{"@type":"ImageObject","inLanguage":"pt-BR","@id":"https:\/\/psol50.org.br\/#\/schema\/logo\/image\/","url":"https:\/\/psol50.org.br\/inc\/uploads\/2018\/07\/capa.png","contentUrl":"https:\/\/psol50.org.br\/inc\/uploads\/2018\/07\/capa.png","width":1350,"height":900,"caption":"PSOL 50"},"image":{"@id":"https:\/\/psol50.org.br\/#\/schema\/logo\/image\/"},"sameAs":["https:\/\/www.facebook.com\/psol50","https:\/\/x.com\/psol50","https:\/\/www.instagram.com\/psol50\/","https:\/\/www.youtube.com\/channel\/UC7SnJS5o1os7a6CaiNabzcg"]},{"@type":"Person","@id":"https:\/\/psol50.org.br\/#\/schema\/person\/475dfa57d0b815993c714c2e96491fcd","name":"Comunica\u00e7\u00e3o PSOL","image":{"@type":"ImageObject","inLanguage":"pt-BR","@id":"https:\/\/psol50.org.br\/#\/schema\/person\/image\/","url":"https:\/\/secure.gravatar.com\/avatar\/b34fc4f4e468a4e51785917065a3db57b841f5c95dba6ad8c73aaf8f66f8f9bf?s=96&d=mm&r=g","contentUrl":"https:\/\/secure.gravatar.com\/avatar\/b34fc4f4e468a4e51785917065a3db57b841f5c95dba6ad8c73aaf8f66f8f9bf?s=96&d=mm&r=g","caption":"Comunica\u00e7\u00e3o PSOL"}}]}},"_links":{"self":[{"href":"https:\/\/psol50.org.br\/rest\/wp\/v2\/posts\/14279","targetHints":{"allow":["GET"]}}],"collection":[{"href":"https:\/\/psol50.org.br\/rest\/wp\/v2\/posts"}],"about":[{"href":"https:\/\/psol50.org.br\/rest\/wp\/v2\/types\/post"}],"author":[{"embeddable":true,"href":"https:\/\/psol50.org.br\/rest\/wp\/v2\/users\/2"}],"replies":[{"embeddable":true,"href":"https:\/\/psol50.org.br\/rest\/wp\/v2\/comments?post=14279"}],"version-history":[{"count":0,"href":"https:\/\/psol50.org.br\/rest\/wp\/v2\/posts\/14279\/revisions"}],"wp:featuredmedia":[{"embeddable":true,"href":"https:\/\/psol50.org.br\/rest\/"}],"wp:attachment":[{"href":"https:\/\/psol50.org.br\/rest\/wp\/v2\/media?parent=14279"}],"wp:term":[{"taxonomy":"category","embeddable":true,"href":"https:\/\/psol50.org.br\/rest\/wp\/v2\/categories?post=14279"},{"taxonomy":"post_tag","embeddable":true,"href":"https:\/\/psol50.org.br\/rest\/wp\/v2\/tags?post=14279"}],"curies":[{"name":"wp","href":"https:\/\/api.w.org\/{rel}","templated":true}]}}