{"id":14298,"date":"2016-10-20T13:00:24","date_gmt":"2016-10-20T13:00:24","guid":{"rendered":"http:\/\/www.psol50.org.br\/?p=14298"},"modified":"2016-10-20T13:00:24","modified_gmt":"2016-10-20T13:00:24","slug":"estado-de-sao-paulo-e-condenado-por-violencia-policial-em-manifestacoes-de-2013","status":"publish","type":"post","link":"https:\/\/psol50.org.br\/estado-de-sao-paulo-e-condenado-por-violencia-policial-em-manifestacoes-de-2013\/","title":{"rendered":"Estado de S\u00e3o Paulo \u00e9 condenado por viol\u00eancia policial em manifesta\u00e7\u00f5es de 2013"},"content":{"rendered":"<p>Em decis\u00e3o proferida nesta quarta-feira (19\/10), o juiz Valentino Aparecido de Andrade, da 10\u00aa Vara de Fazenda P\u00fablica do Tribunal de Justi\u00e7a de S\u00e3o Paulo (TJSP), condenou o estado de S\u00e3o Paulo pelos atos de viol\u00eancia da Pol\u00edcia Militar praticada contra manifestantes durante os protestos realizados em junho de 2013. Pela decis\u00e3o, o governo ter\u00e1 que pagar R$ 8 milh\u00f5es de indeniza\u00e7\u00e3o. Al\u00e9m disso, ter\u00e1 que formular uma esp\u00e9cie de protocolo definindo como a PM deve atuar em protestos.<\/p>\n<p>A a\u00e7\u00e3o contra a pol\u00edcia do governo de Geraldo Alckmin (PSDB) foi protocolada em abril de 2014, pela Defensoria P\u00fablica do estado. Nela, o \u00f3rg\u00e3o aponta a viola\u00e7\u00e3o dos direitos constitucionais de reuni\u00e3o, de liberdade de express\u00e3o e \u00e0 cidade.<\/p>\n<p>A acusa\u00e7\u00e3o da Defensoria se baseia, ainda, na atua\u00e7\u00e3o da PM em oito manifesta\u00e7\u00f5es, considerada desproporcional pelo uso da for\u00e7a. Por isso, o valor da indeniza\u00e7\u00e3o estipulado foi de R$ 8 milh\u00f5es, j\u00e1 que a senten\u00e7a estabeleceu a puni\u00e7\u00e3o de R$ 1 milh\u00e3o para cada manifesta\u00e7\u00e3o. Entre as exig\u00eancias que devem constar do plano de a\u00e7\u00e3o determinado pelo juiz Valentino Aparecido de Andrade, se destaca a que policiais tenham que usar identifica\u00e7\u00e3o vis\u00edvel na farda.<\/p>\n<p>&#8220;O Estado n\u00e3o pode ser ele o agente repressor que, a pretexto de proteger a seguran\u00e7a p\u00fablica, agindo com excesso, crie as condi\u00e7\u00f5es adequadas a tornar o protesto agressivo, atuando, pois, como a verdadeira causa da viol\u00eancia que envolve os manifestantes&#8221;, escreveu o juiz na senten\u00e7a.<\/p>\n<p>O magistrado fala ainda em &#8220;medidas desproporcionais adotadas pela Pol\u00edcia Militar do Estado de S\u00e3o Paulo&#8221; e uso de &#8220;instrumentos inadequados \u00e0s circunst\u00e2ncias (balas de borracha, g\u00e1s lacrimog\u00eanio e armas de grosso calibre \u00e0 mostra)&#8221; nas manifesta\u00e7\u00f5es de 2013.<\/p>\n<p>Andrade respondeu, ainda, os questionamentos apontados na defesa do estado de S\u00e3o Paulo de que os direitos fundamentais n\u00e3o s\u00e3o absolutos diante da administra\u00e7\u00e3o p\u00fablica, o que garantiria o princ\u00edpio da separa\u00e7\u00e3o de poderes. &#8220;Defender-se, pois, a tese de que a \u00e1rea da seguran\u00e7a p\u00fablica \u00e9 uma \u00e1rea exclusivamente t\u00e9cnica e que por isso deve estar colocada sob um \u00e2mbito de &#8216;imunidade jurisdicional&#8217;, \u00e9, portanto, colocar abaixo todo um regime de prote\u00e7\u00e3o aos direitos fundamentais&#8221;, concluiu o juiz.<\/p>\n<p>Na senten\u00e7a, o magistrado lembra tamb\u00e9m que o &#8220;demasiado grau de viol\u00eancia&#8221; agiu n\u00e3o s\u00f3 contra os manifestantes, mas tamb\u00e9m contra aqueles que estavam assistindo aos protestos ou trabalhando, como os profissionais da imprensa.<\/p>\n<p><em>Com informa\u00e7\u00f5es do jornal O Globo<\/em><\/p>\n<p>&nbsp;<\/p>\n","protected":false},"excerpt":{"rendered":"<p>Em decis\u00e3o proferida nesta quarta-feira (19\/10), o juiz Valentino Aparecido de Andrade, da 10\u00aa Vara de Fazenda P\u00fablica do Tribunal de Justi\u00e7a de S\u00e3o Paulo (TJSP), condenou o estado de S\u00e3o Paulo pelos atos de viol\u00eancia da Pol\u00edcia Militar praticada contra manifestantes durante os protestos realizados em junho de 2013. Pela decis\u00e3o, o governo ter\u00e1 [&hellip;]<\/p>\n","protected":false},"author":2,"featured_media":14299,"comment_status":"open","ping_status":"open","sticky":false,"template":"","format":"standard","meta":{"_acf_changed":false,"footnotes":""},"categories":[654,6],"tags":[2178,4625,4626,314,115,116,233],"class_list":{"0":"post-14298","1":"post","2":"type-post","3":"status-publish","4":"format-standard","5":"has-post-thumbnail","7":"category-estados","8":"category-noticias","9":"tag-condenacao","10":"tag-estado-de-sao-paulo","11":"tag-junho-de-2013","12":"tag-manifestacoes","13":"tag-policia-militar","14":"tag-protestos","15":"tag-violencia"},"acf":[],"yoast_head":"<!-- This site is optimized with the Yoast SEO plugin v26.5 - https:\/\/yoast.com\/wordpress\/plugins\/seo\/ -->\n<title>Estado de S\u00e3o Paulo \u00e9 condenado por viol\u00eancia policial em manifesta\u00e7\u00f5es de 2013 - PSOL 50<\/title>\n<meta name=\"robots\" content=\"index, follow, max-snippet:-1, max-image-preview:large, max-video-preview:-1\" \/>\n<link rel=\"canonical\" href=\"https:\/\/psol50.org.br\/estado-de-sao-paulo-e-condenado-por-violencia-policial-em-manifestacoes-de-2013\/\" \/>\n<meta property=\"og:locale\" content=\"pt_BR\" \/>\n<meta property=\"og:type\" content=\"article\" \/>\n<meta property=\"og:title\" content=\"Estado de S\u00e3o Paulo \u00e9 condenado por viol\u00eancia policial em manifesta\u00e7\u00f5es de 2013 - PSOL 50\" \/>\n<meta property=\"og:description\" content=\"Em decis\u00e3o proferida nesta quarta-feira (19\/10), o juiz Valentino Aparecido de Andrade, da 10\u00aa Vara de Fazenda P\u00fablica do Tribunal de Justi\u00e7a de S\u00e3o Paulo (TJSP), condenou o estado de S\u00e3o Paulo pelos atos de viol\u00eancia da Pol\u00edcia Militar praticada contra manifestantes durante os protestos realizados em junho de 2013. Pela decis\u00e3o, o governo ter\u00e1 [&hellip;]\" \/>\n<meta property=\"og:url\" content=\"https:\/\/psol50.org.br\/estado-de-sao-paulo-e-condenado-por-violencia-policial-em-manifestacoes-de-2013\/\" \/>\n<meta property=\"og:site_name\" content=\"PSOL 50\" \/>\n<meta property=\"article:publisher\" content=\"https:\/\/www.facebook.com\/psol50\" \/>\n<meta property=\"article:published_time\" content=\"2016-10-20T13:00:24+00:00\" \/>\n<meta property=\"og:image\" content=\"https:\/\/psol50.org.br\/inc\/uploads\/2018\/07\/capa.png\" \/>\n\t<meta property=\"og:image:width\" content=\"1350\" \/>\n\t<meta property=\"og:image:height\" content=\"900\" \/>\n\t<meta property=\"og:image:type\" content=\"image\/png\" \/>\n<meta name=\"author\" content=\"Comunica\u00e7\u00e3o PSOL\" \/>\n<meta name=\"twitter:card\" content=\"summary_large_image\" \/>\n<meta name=\"twitter:creator\" content=\"@psol50\" \/>\n<meta name=\"twitter:site\" content=\"@psol50\" \/>\n<meta name=\"twitter:label1\" content=\"Escrito por\" \/>\n\t<meta name=\"twitter:data1\" content=\"Comunica\u00e7\u00e3o PSOL\" \/>\n\t<meta name=\"twitter:label2\" content=\"Est. tempo de leitura\" \/>\n\t<meta name=\"twitter:data2\" content=\"2 minutos\" \/>\n<script type=\"application\/ld+json\" class=\"yoast-schema-graph\">{\"@context\":\"https:\/\/schema.org\",\"@graph\":[{\"@type\":\"Article\",\"@id\":\"https:\/\/psol50.org.br\/estado-de-sao-paulo-e-condenado-por-violencia-policial-em-manifestacoes-de-2013\/#article\",\"isPartOf\":{\"@id\":\"https:\/\/psol50.org.br\/estado-de-sao-paulo-e-condenado-por-violencia-policial-em-manifestacoes-de-2013\/\"},\"author\":{\"name\":\"Comunica\u00e7\u00e3o PSOL\",\"@id\":\"https:\/\/psol50.org.br\/#\/schema\/person\/475dfa57d0b815993c714c2e96491fcd\"},\"headline\":\"Estado de S\u00e3o Paulo \u00e9 condenado por viol\u00eancia policial em manifesta\u00e7\u00f5es de 2013\",\"datePublished\":\"2016-10-20T13:00:24+00:00\",\"mainEntityOfPage\":{\"@id\":\"https:\/\/psol50.org.br\/estado-de-sao-paulo-e-condenado-por-violencia-policial-em-manifestacoes-de-2013\/\"},\"wordCount\":462,\"commentCount\":0,\"publisher\":{\"@id\":\"https:\/\/psol50.org.br\/#organization\"},\"image\":{\"@id\":\"https:\/\/psol50.org.br\/estado-de-sao-paulo-e-condenado-por-violencia-policial-em-manifestacoes-de-2013\/#primaryimage\"},\"thumbnailUrl\":\"\",\"keywords\":[\"condena\u00e7\u00e3o\",\"Estado de S\u00e3o Paulo\",\"junho de 2013\",\"manifesta\u00e7\u00f5es\",\"Pol\u00edcia Militar\",\"protestos\",\"viol\u00eancia\"],\"articleSection\":[\"Estados\",\"Not\u00edcias\"],\"inLanguage\":\"pt-BR\",\"potentialAction\":[{\"@type\":\"CommentAction\",\"name\":\"Comment\",\"target\":[\"https:\/\/psol50.org.br\/estado-de-sao-paulo-e-condenado-por-violencia-policial-em-manifestacoes-de-2013\/#respond\"]}]},{\"@type\":\"WebPage\",\"@id\":\"https:\/\/psol50.org.br\/estado-de-sao-paulo-e-condenado-por-violencia-policial-em-manifestacoes-de-2013\/\",\"url\":\"https:\/\/psol50.org.br\/estado-de-sao-paulo-e-condenado-por-violencia-policial-em-manifestacoes-de-2013\/\",\"name\":\"Estado de S\u00e3o Paulo \u00e9 condenado por viol\u00eancia policial em manifesta\u00e7\u00f5es de 2013 - PSOL 50\",\"isPartOf\":{\"@id\":\"https:\/\/psol50.org.br\/#website\"},\"primaryImageOfPage\":{\"@id\":\"https:\/\/psol50.org.br\/estado-de-sao-paulo-e-condenado-por-violencia-policial-em-manifestacoes-de-2013\/#primaryimage\"},\"image\":{\"@id\":\"https:\/\/psol50.org.br\/estado-de-sao-paulo-e-condenado-por-violencia-policial-em-manifestacoes-de-2013\/#primaryimage\"},\"thumbnailUrl\":\"\",\"datePublished\":\"2016-10-20T13:00:24+00:00\",\"breadcrumb\":{\"@id\":\"https:\/\/psol50.org.br\/estado-de-sao-paulo-e-condenado-por-violencia-policial-em-manifestacoes-de-2013\/#breadcrumb\"},\"inLanguage\":\"pt-BR\",\"potentialAction\":[{\"@type\":\"ReadAction\",\"target\":[\"https:\/\/psol50.org.br\/estado-de-sao-paulo-e-condenado-por-violencia-policial-em-manifestacoes-de-2013\/\"]}]},{\"@type\":\"ImageObject\",\"inLanguage\":\"pt-BR\",\"@id\":\"https:\/\/psol50.org.br\/estado-de-sao-paulo-e-condenado-por-violencia-policial-em-manifestacoes-de-2013\/#primaryimage\",\"url\":\"\",\"contentUrl\":\"\"},{\"@type\":\"BreadcrumbList\",\"@id\":\"https:\/\/psol50.org.br\/estado-de-sao-paulo-e-condenado-por-violencia-policial-em-manifestacoes-de-2013\/#breadcrumb\",\"itemListElement\":[{\"@type\":\"ListItem\",\"position\":1,\"name\":\"In\u00edcio\",\"item\":\"https:\/\/psol50.org.br\/\"},{\"@type\":\"ListItem\",\"position\":2,\"name\":\"Estado de S\u00e3o Paulo \u00e9 condenado por viol\u00eancia policial em manifesta\u00e7\u00f5es de 2013\"}]},{\"@type\":\"WebSite\",\"@id\":\"https:\/\/psol50.org.br\/#website\",\"url\":\"https:\/\/psol50.org.br\/\",\"name\":\"PSOL 50\",\"description\":\"Site oficial do Partido Socialismo e Liberdade\",\"publisher\":{\"@id\":\"https:\/\/psol50.org.br\/#organization\"},\"alternateName\":\"PSOL50\",\"potentialAction\":[{\"@type\":\"SearchAction\",\"target\":{\"@type\":\"EntryPoint\",\"urlTemplate\":\"https:\/\/psol50.org.br\/?s={search_term_string}\"},\"query-input\":{\"@type\":\"PropertyValueSpecification\",\"valueRequired\":true,\"valueName\":\"search_term_string\"}}],\"inLanguage\":\"pt-BR\"},{\"@type\":\"Organization\",\"@id\":\"https:\/\/psol50.org.br\/#organization\",\"name\":\"PSOL 50\",\"alternateName\":\"PSOL 50\",\"url\":\"https:\/\/psol50.org.br\/\",\"logo\":{\"@type\":\"ImageObject\",\"inLanguage\":\"pt-BR\",\"@id\":\"https:\/\/psol50.org.br\/#\/schema\/logo\/image\/\",\"url\":\"https:\/\/psol50.org.br\/inc\/uploads\/2018\/07\/capa.png\",\"contentUrl\":\"https:\/\/psol50.org.br\/inc\/uploads\/2018\/07\/capa.png\",\"width\":1350,\"height\":900,\"caption\":\"PSOL 50\"},\"image\":{\"@id\":\"https:\/\/psol50.org.br\/#\/schema\/logo\/image\/\"},\"sameAs\":[\"https:\/\/www.facebook.com\/psol50\",\"https:\/\/x.com\/psol50\",\"https:\/\/www.instagram.com\/psol50\/\",\"https:\/\/www.youtube.com\/channel\/UC7SnJS5o1os7a6CaiNabzcg\"]},{\"@type\":\"Person\",\"@id\":\"https:\/\/psol50.org.br\/#\/schema\/person\/475dfa57d0b815993c714c2e96491fcd\",\"name\":\"Comunica\u00e7\u00e3o PSOL\",\"image\":{\"@type\":\"ImageObject\",\"inLanguage\":\"pt-BR\",\"@id\":\"https:\/\/psol50.org.br\/#\/schema\/person\/image\/\",\"url\":\"https:\/\/secure.gravatar.com\/avatar\/b34fc4f4e468a4e51785917065a3db57b841f5c95dba6ad8c73aaf8f66f8f9bf?s=96&d=mm&r=g\",\"contentUrl\":\"https:\/\/secure.gravatar.com\/avatar\/b34fc4f4e468a4e51785917065a3db57b841f5c95dba6ad8c73aaf8f66f8f9bf?s=96&d=mm&r=g\",\"caption\":\"Comunica\u00e7\u00e3o PSOL\"}}]}<\/script>\n<!-- \/ Yoast SEO plugin. -->","yoast_head_json":{"title":"Estado de S\u00e3o Paulo \u00e9 condenado por viol\u00eancia policial em manifesta\u00e7\u00f5es de 2013 - PSOL 50","robots":{"index":"index","follow":"follow","max-snippet":"max-snippet:-1","max-image-preview":"max-image-preview:large","max-video-preview":"max-video-preview:-1"},"canonical":"https:\/\/psol50.org.br\/estado-de-sao-paulo-e-condenado-por-violencia-policial-em-manifestacoes-de-2013\/","og_locale":"pt_BR","og_type":"article","og_title":"Estado de S\u00e3o Paulo \u00e9 condenado por viol\u00eancia policial em manifesta\u00e7\u00f5es de 2013 - PSOL 50","og_description":"Em decis\u00e3o proferida nesta quarta-feira (19\/10), o juiz Valentino Aparecido de Andrade, da 10\u00aa Vara de Fazenda P\u00fablica do Tribunal de Justi\u00e7a de S\u00e3o Paulo (TJSP), condenou o estado de S\u00e3o Paulo pelos atos de viol\u00eancia da Pol\u00edcia Militar praticada contra manifestantes durante os protestos realizados em junho de 2013. Pela decis\u00e3o, o governo ter\u00e1 [&hellip;]","og_url":"https:\/\/psol50.org.br\/estado-de-sao-paulo-e-condenado-por-violencia-policial-em-manifestacoes-de-2013\/","og_site_name":"PSOL 50","article_publisher":"https:\/\/www.facebook.com\/psol50","article_published_time":"2016-10-20T13:00:24+00:00","og_image":[{"width":1350,"height":900,"url":"https:\/\/psol50.org.br\/inc\/uploads\/2018\/07\/capa.png","type":"image\/png"}],"author":"Comunica\u00e7\u00e3o PSOL","twitter_card":"summary_large_image","twitter_creator":"@psol50","twitter_site":"@psol50","twitter_misc":{"Escrito por":"Comunica\u00e7\u00e3o PSOL","Est. tempo de leitura":"2 minutos"},"schema":{"@context":"https:\/\/schema.org","@graph":[{"@type":"Article","@id":"https:\/\/psol50.org.br\/estado-de-sao-paulo-e-condenado-por-violencia-policial-em-manifestacoes-de-2013\/#article","isPartOf":{"@id":"https:\/\/psol50.org.br\/estado-de-sao-paulo-e-condenado-por-violencia-policial-em-manifestacoes-de-2013\/"},"author":{"name":"Comunica\u00e7\u00e3o PSOL","@id":"https:\/\/psol50.org.br\/#\/schema\/person\/475dfa57d0b815993c714c2e96491fcd"},"headline":"Estado de S\u00e3o Paulo \u00e9 condenado por viol\u00eancia policial em manifesta\u00e7\u00f5es de 2013","datePublished":"2016-10-20T13:00:24+00:00","mainEntityOfPage":{"@id":"https:\/\/psol50.org.br\/estado-de-sao-paulo-e-condenado-por-violencia-policial-em-manifestacoes-de-2013\/"},"wordCount":462,"commentCount":0,"publisher":{"@id":"https:\/\/psol50.org.br\/#organization"},"image":{"@id":"https:\/\/psol50.org.br\/estado-de-sao-paulo-e-condenado-por-violencia-policial-em-manifestacoes-de-2013\/#primaryimage"},"thumbnailUrl":"","keywords":["condena\u00e7\u00e3o","Estado de S\u00e3o Paulo","junho de 2013","manifesta\u00e7\u00f5es","Pol\u00edcia Militar","protestos","viol\u00eancia"],"articleSection":["Estados","Not\u00edcias"],"inLanguage":"pt-BR","potentialAction":[{"@type":"CommentAction","name":"Comment","target":["https:\/\/psol50.org.br\/estado-de-sao-paulo-e-condenado-por-violencia-policial-em-manifestacoes-de-2013\/#respond"]}]},{"@type":"WebPage","@id":"https:\/\/psol50.org.br\/estado-de-sao-paulo-e-condenado-por-violencia-policial-em-manifestacoes-de-2013\/","url":"https:\/\/psol50.org.br\/estado-de-sao-paulo-e-condenado-por-violencia-policial-em-manifestacoes-de-2013\/","name":"Estado de S\u00e3o Paulo \u00e9 condenado por viol\u00eancia policial em manifesta\u00e7\u00f5es de 2013 - PSOL 50","isPartOf":{"@id":"https:\/\/psol50.org.br\/#website"},"primaryImageOfPage":{"@id":"https:\/\/psol50.org.br\/estado-de-sao-paulo-e-condenado-por-violencia-policial-em-manifestacoes-de-2013\/#primaryimage"},"image":{"@id":"https:\/\/psol50.org.br\/estado-de-sao-paulo-e-condenado-por-violencia-policial-em-manifestacoes-de-2013\/#primaryimage"},"thumbnailUrl":"","datePublished":"2016-10-20T13:00:24+00:00","breadcrumb":{"@id":"https:\/\/psol50.org.br\/estado-de-sao-paulo-e-condenado-por-violencia-policial-em-manifestacoes-de-2013\/#breadcrumb"},"inLanguage":"pt-BR","potentialAction":[{"@type":"ReadAction","target":["https:\/\/psol50.org.br\/estado-de-sao-paulo-e-condenado-por-violencia-policial-em-manifestacoes-de-2013\/"]}]},{"@type":"ImageObject","inLanguage":"pt-BR","@id":"https:\/\/psol50.org.br\/estado-de-sao-paulo-e-condenado-por-violencia-policial-em-manifestacoes-de-2013\/#primaryimage","url":"","contentUrl":""},{"@type":"BreadcrumbList","@id":"https:\/\/psol50.org.br\/estado-de-sao-paulo-e-condenado-por-violencia-policial-em-manifestacoes-de-2013\/#breadcrumb","itemListElement":[{"@type":"ListItem","position":1,"name":"In\u00edcio","item":"https:\/\/psol50.org.br\/"},{"@type":"ListItem","position":2,"name":"Estado de S\u00e3o Paulo \u00e9 condenado por viol\u00eancia policial em manifesta\u00e7\u00f5es de 2013"}]},{"@type":"WebSite","@id":"https:\/\/psol50.org.br\/#website","url":"https:\/\/psol50.org.br\/","name":"PSOL 50","description":"Site oficial do Partido Socialismo e Liberdade","publisher":{"@id":"https:\/\/psol50.org.br\/#organization"},"alternateName":"PSOL50","potentialAction":[{"@type":"SearchAction","target":{"@type":"EntryPoint","urlTemplate":"https:\/\/psol50.org.br\/?s={search_term_string}"},"query-input":{"@type":"PropertyValueSpecification","valueRequired":true,"valueName":"search_term_string"}}],"inLanguage":"pt-BR"},{"@type":"Organization","@id":"https:\/\/psol50.org.br\/#organization","name":"PSOL 50","alternateName":"PSOL 50","url":"https:\/\/psol50.org.br\/","logo":{"@type":"ImageObject","inLanguage":"pt-BR","@id":"https:\/\/psol50.org.br\/#\/schema\/logo\/image\/","url":"https:\/\/psol50.org.br\/inc\/uploads\/2018\/07\/capa.png","contentUrl":"https:\/\/psol50.org.br\/inc\/uploads\/2018\/07\/capa.png","width":1350,"height":900,"caption":"PSOL 50"},"image":{"@id":"https:\/\/psol50.org.br\/#\/schema\/logo\/image\/"},"sameAs":["https:\/\/www.facebook.com\/psol50","https:\/\/x.com\/psol50","https:\/\/www.instagram.com\/psol50\/","https:\/\/www.youtube.com\/channel\/UC7SnJS5o1os7a6CaiNabzcg"]},{"@type":"Person","@id":"https:\/\/psol50.org.br\/#\/schema\/person\/475dfa57d0b815993c714c2e96491fcd","name":"Comunica\u00e7\u00e3o PSOL","image":{"@type":"ImageObject","inLanguage":"pt-BR","@id":"https:\/\/psol50.org.br\/#\/schema\/person\/image\/","url":"https:\/\/secure.gravatar.com\/avatar\/b34fc4f4e468a4e51785917065a3db57b841f5c95dba6ad8c73aaf8f66f8f9bf?s=96&d=mm&r=g","contentUrl":"https:\/\/secure.gravatar.com\/avatar\/b34fc4f4e468a4e51785917065a3db57b841f5c95dba6ad8c73aaf8f66f8f9bf?s=96&d=mm&r=g","caption":"Comunica\u00e7\u00e3o PSOL"}}]}},"_links":{"self":[{"href":"https:\/\/psol50.org.br\/rest\/wp\/v2\/posts\/14298","targetHints":{"allow":["GET"]}}],"collection":[{"href":"https:\/\/psol50.org.br\/rest\/wp\/v2\/posts"}],"about":[{"href":"https:\/\/psol50.org.br\/rest\/wp\/v2\/types\/post"}],"author":[{"embeddable":true,"href":"https:\/\/psol50.org.br\/rest\/wp\/v2\/users\/2"}],"replies":[{"embeddable":true,"href":"https:\/\/psol50.org.br\/rest\/wp\/v2\/comments?post=14298"}],"version-history":[{"count":0,"href":"https:\/\/psol50.org.br\/rest\/wp\/v2\/posts\/14298\/revisions"}],"wp:featuredmedia":[{"embeddable":true,"href":"https:\/\/psol50.org.br\/rest\/"}],"wp:attachment":[{"href":"https:\/\/psol50.org.br\/rest\/wp\/v2\/media?parent=14298"}],"wp:term":[{"taxonomy":"category","embeddable":true,"href":"https:\/\/psol50.org.br\/rest\/wp\/v2\/categories?post=14298"},{"taxonomy":"post_tag","embeddable":true,"href":"https:\/\/psol50.org.br\/rest\/wp\/v2\/tags?post=14298"}],"curies":[{"name":"wp","href":"https:\/\/api.w.org\/{rel}","templated":true}]}}