{"id":14310,"date":"2016-10-21T11:46:41","date_gmt":"2016-10-21T11:46:41","guid":{"rendered":"http:\/\/www.psol50.org.br\/?p=14310"},"modified":"2016-10-21T11:46:41","modified_gmt":"2016-10-21T11:46:41","slug":"isa-penna-para-nao-esquecer-cunha-e-temer","status":"publish","type":"post","link":"https:\/\/psol50.org.br\/isa-penna-para-nao-esquecer-cunha-e-temer\/","title":{"rendered":"ISA PENNA: Para n\u00e3o esquecer: Cunha \u00e9 Temer!"},"content":{"rendered":"<p>Cunha poderia ter sido um pol\u00edtico qualquer. Defensor de um projeto extremamente conservador para o pa\u00eds, existem &#8211; somente nessa legislatura da C\u00e2mara Federal &#8211; pelo menos uns 350 deputados que defendem o mesmo que ele e que, em sua maioria, mal sabemos o nome. \u00c9 de responsabilidade da mobiliza\u00e7\u00e3o popular o fato de Cunha ir parar no centro do notici\u00e1rio pol\u00edtico do pa\u00eds e ter seus projetos derrotados. Os maiores exemplos disso foram a luta contra a redu\u00e7\u00e3o da maioridade penal e contra o PL 5069 (que dificultava o socorro \u00e0 mulheres v\u00edtimas de estupro), onde a juventude &#8211; mais particularmente a negritude e as mulheres &#8211; derrotaram o ex-deputado. Cabe destacar nesse processo o papel dos parlamentares do PSOL, que conseguiram casar a luta parlamentar com as lutas das ruas ao entrarem com o pedido de cassa\u00e7\u00e3o do seu mandato.<\/p>\n<p>Para completar a trajet\u00f3ria pol\u00edtica de Eduardo Cunha temos a comprova\u00e7\u00e3o de sua liga\u00e7\u00e3o com esquemas de corrup\u00e7\u00e3o. A comprova\u00e7\u00e3o desse crime questiona por si s\u00f3 a forma pela qual foi feita a sua pris\u00e3o nessa semana. Se o crime cometido j\u00e1 foi apurado, por que ocorreu a pris\u00e3o preventiva baseada em a\u00e7\u00e3o da pol\u00edcia federal pouco embasada juridicamente? At\u00e9 parece que S\u00e9rgio Moro quer ajudar o deputado. Questionamento a parte, se Cunha se encontra na situa\u00e7\u00e3o que hoje est\u00e1, muito se deve a nossa luta &#8211; e isso \u00e9 inquestion\u00e1vel.<\/p>\n<p>\u00c9 poss\u00edvel &#8211; e necess\u00e1rio &#8211; comemorarmos a pris\u00e3o de Cunha ao mesmo tempo que questionamos o sistema penal e carcer\u00e1rio existente hoje em nosso pa\u00eds. Cunha n\u00e3o ir\u00e1 ser um preso qualquer. Receber\u00e1 o melhor tratamento poss\u00edvel por parte dos policiais e corre o risco de cumprir sua \u201cpena\u201d em sua mans\u00e3o, usando uma tornozeleira eletr\u00f4nica e levando uma vida mais luxuosa que 99% da popula\u00e7\u00e3o brasileira. Essa condi\u00e7\u00e3o \u00e9 bem diferente da qual se encontra a maioria dos nossos presos, jovens negros amontoados sem a m\u00ednima infraestrutura e muitas vezes sem terem sequer seus poss\u00edveis crimes julgados. N\u00e3o podemos, devido a casos isolados como a pris\u00e3o de deputados, pararmos de denunciar o papel do poder Judici\u00e1rio em nosso pa\u00eds.<\/p>\n<p>De minha parte, ficaria ainda mais feliz se Cunha, ao inv\u00e9s de ficar preso em sua casa levando uma vida de rei, fosse obrigado a devolver todo o dinheiro por ele desviado e tivesse seus direitos pol\u00edticos cassados, pois sem combatermos os privil\u00e9gios que foram a ele possibilitados por seu crime, Cunha ser\u00e1 apenas mais um corrupto da alta corte que seguir\u00e1 perpetuando seu poder e seu modo de vida, frutos de um ato il\u00edcito contra sociedade.<\/p>\n<p>O cen\u00e1rio pol\u00edtico brasileiro deve mudar a partir dessa pris\u00e3o. Como n\u00e3o creio em uma hist\u00f3ria feita de forma linear, mas sim a partir da luta de classes, \u00e9 dif\u00edcil hoje cravar o que ir\u00e1 acontecer nos pr\u00f3ximos dias, por\u00e9m avalio que dois caminhos se mostram mais abertos. O primeiro deles seria o completo desmonte do governo golpista, pois como j\u00e1 disse Romero Juc\u00e1 \u201dCunha \u00e9 Temer\u201d e, a partir de uma dela\u00e7\u00e3o feita pelo ex-deputado, poder\u00edamos desencadear a comprova\u00e7\u00e3o de diversos crimes envolvendo as grandes empresas, a extrema maioria do Congresso Nacional e o Pal\u00e1cio do Planalto. Devemos pressionar para que isso aconte\u00e7a, o que seria um completo desmonte do que temos hoje em nosso pa\u00eds.<\/p>\n<p>Por\u00e9m, existe um outro caminho, que julgo ser o mais prov\u00e1vel. A burguesia brasileira conseguiu aos poucos consolidar-se em um novo bloco hegem\u00f4nico, o que ficou provado tendo em vista o processo de impeachment da Dilma e consolidado a partir das elei\u00e7\u00f5es municipais e da expressiva vota\u00e7\u00e3o que Temer conseguiu (ap\u00f3s seu banquete) para a aprova\u00e7\u00e3o da PEC 241 no Congresso. Considerando que estamos em uma correla\u00e7\u00e3o de for\u00e7a desfavor\u00e1vel para a esquerda, \u00e9 poss\u00edvel que Cunha seja utilizado mais uma vez como \u201cboi de piranha\u201d. Isso se consolidaria com a sua pris\u00e3o domiciliar em troca da retirada do questionamento da \u201cparcialidade\u201d ao qual a Lava Jato \u00e9 submetida e a legitima\u00e7\u00e3o para que novas pris\u00f5es ocorram em nosso pa\u00eds, provavelmente de pol\u00edticos sem provas &#8211; at\u00e9 o momento &#8211; de estarem envolvidos nos mesmos esquemas de corrup\u00e7\u00e3o.<\/p>\n<p>O fato de Cunha ser detido s\u00f3 agora, meses depois da comprova\u00e7\u00e3o do seu crime e quando se encontra mais fraco politicamente, ajuda a mostrar a seletividade que envolve a opera\u00e7\u00e3o Lava Jato. Espera-se meses para prender quem era o piv\u00f4 dos crimes e ignora-se in\u00fameras dela\u00e7\u00f5es feitas contra outros pol\u00edticos, como A\u00e9cio Neves e Jos\u00e9 Serra, que seguem operando livremente em Bras\u00edlia. Se essa opera\u00e7\u00e3o quer de fato acabar com a corrup\u00e7\u00e3o, deveria atacar quem est\u00e1 no centro do poder pol\u00edtico e n\u00e3o esperar que essa pessoa saia do poder para ser presa. Se isso n\u00e3o acontece, estamos apenas assistindo uma opera\u00e7\u00e3o midi\u00e1tica.<\/p>\n<p>Perante estas d\u00favidas, a n\u00f3s s\u00f3 resta um caminho: seguir na luta. Devemos sim exigir que os parlamentares corruptos sejam alvos de puni\u00e7\u00e3o, por\u00e9m a defesa desse combate se faz com uma reforma pol\u00edtica s\u00e9ria e n\u00e3o a partir de opera\u00e7\u00f5es jur\u00eddicas midi\u00e1ticas, que n\u00e3o atacam o cerne da quest\u00e3o. \u00c9 necess\u00e1rio fortalecermos as mobiliza\u00e7\u00f5es da Frente Povo Sem Medo e que a juventude, a mulherada e a negritude sigam \u201cocupando tudo\u201d para derrotarmos esse podre modo de fazer pol\u00edtica que impera em nosso pa\u00eds. O espa\u00e7o para luta social e a possibilidade de mudan\u00e7as existem e \u00e9 nas ruas que vamos arranc\u00e1-las!<\/p>\n","protected":false},"excerpt":{"rendered":"<p>Cunha poderia ter sido um pol\u00edtico qualquer. Defensor de um projeto extremamente conservador para o pa\u00eds, existem &#8211; somente nessa legislatura da C\u00e2mara Federal &#8211; pelo menos uns 350 deputados que defendem o mesmo que ele e que, em sua maioria, mal sabemos o nome. \u00c9 de responsabilidade da mobiliza\u00e7\u00e3o popular o fato de Cunha [&hellip;]<\/p>\n","protected":false},"author":2,"featured_media":14311,"comment_status":"open","ping_status":"open","sticky":false,"template":"","format":"standard","meta":{"_acf_changed":false,"footnotes":""},"categories":[3,1882],"tags":[2890,220,298,1748,1749,537,22],"class_list":{"0":"post-14310","1":"post","2":"type-post","3":"status-publish","4":"format-standard","5":"has-post-thumbnail","7":"category-artigos-e-entrevistas","8":"category-brasil","9":"tag-eduardo-cunha","10":"tag-impeachment","11":"tag-isa-penna","12":"tag-michel-temer","13":"tag-operacao-lava-jato","14":"tag-prisao","15":"tag-psol"},"acf":[],"yoast_head":"<!-- This site is optimized with the Yoast SEO plugin v26.5 - https:\/\/yoast.com\/wordpress\/plugins\/seo\/ -->\n<title>ISA PENNA: Para n\u00e3o esquecer: Cunha \u00e9 Temer! - PSOL 50<\/title>\n<meta name=\"robots\" content=\"index, follow, max-snippet:-1, max-image-preview:large, max-video-preview:-1\" \/>\n<link rel=\"canonical\" href=\"https:\/\/psol50.org.br\/isa-penna-para-nao-esquecer-cunha-e-temer\/\" \/>\n<meta property=\"og:locale\" content=\"pt_BR\" \/>\n<meta property=\"og:type\" content=\"article\" \/>\n<meta property=\"og:title\" content=\"ISA PENNA: Para n\u00e3o esquecer: Cunha \u00e9 Temer! - PSOL 50\" \/>\n<meta property=\"og:description\" content=\"Cunha poderia ter sido um pol\u00edtico qualquer. Defensor de um projeto extremamente conservador para o pa\u00eds, existem &#8211; somente nessa legislatura da C\u00e2mara Federal &#8211; pelo menos uns 350 deputados que defendem o mesmo que ele e que, em sua maioria, mal sabemos o nome. \u00c9 de responsabilidade da mobiliza\u00e7\u00e3o popular o fato de Cunha [&hellip;]\" \/>\n<meta property=\"og:url\" content=\"https:\/\/psol50.org.br\/isa-penna-para-nao-esquecer-cunha-e-temer\/\" \/>\n<meta property=\"og:site_name\" content=\"PSOL 50\" \/>\n<meta property=\"article:publisher\" content=\"https:\/\/www.facebook.com\/psol50\" \/>\n<meta property=\"article:published_time\" content=\"2016-10-21T11:46:41+00:00\" \/>\n<meta property=\"og:image\" content=\"https:\/\/psol50.org.br\/inc\/uploads\/2016\/10\/Temer-e-Cunha.jpg\" \/>\n\t<meta property=\"og:image:width\" content=\"932\" \/>\n\t<meta property=\"og:image:height\" content=\"621\" \/>\n\t<meta property=\"og:image:type\" content=\"image\/jpeg\" \/>\n<meta name=\"author\" content=\"Comunica\u00e7\u00e3o PSOL\" \/>\n<meta name=\"twitter:card\" content=\"summary_large_image\" \/>\n<meta name=\"twitter:creator\" content=\"@psol50\" \/>\n<meta name=\"twitter:site\" content=\"@psol50\" \/>\n<meta name=\"twitter:label1\" content=\"Escrito por\" \/>\n\t<meta name=\"twitter:data1\" content=\"Comunica\u00e7\u00e3o PSOL\" \/>\n\t<meta name=\"twitter:label2\" content=\"Est. tempo de leitura\" \/>\n\t<meta name=\"twitter:data2\" content=\"5 minutos\" \/>\n<script type=\"application\/ld+json\" class=\"yoast-schema-graph\">{\"@context\":\"https:\/\/schema.org\",\"@graph\":[{\"@type\":\"Article\",\"@id\":\"https:\/\/psol50.org.br\/isa-penna-para-nao-esquecer-cunha-e-temer\/#article\",\"isPartOf\":{\"@id\":\"https:\/\/psol50.org.br\/isa-penna-para-nao-esquecer-cunha-e-temer\/\"},\"author\":{\"name\":\"Comunica\u00e7\u00e3o PSOL\",\"@id\":\"https:\/\/psol50.org.br\/#\/schema\/person\/475dfa57d0b815993c714c2e96491fcd\"},\"headline\":\"ISA PENNA: Para n\u00e3o esquecer: Cunha \u00e9 Temer!\",\"datePublished\":\"2016-10-21T11:46:41+00:00\",\"mainEntityOfPage\":{\"@id\":\"https:\/\/psol50.org.br\/isa-penna-para-nao-esquecer-cunha-e-temer\/\"},\"wordCount\":994,\"commentCount\":0,\"publisher\":{\"@id\":\"https:\/\/psol50.org.br\/#organization\"},\"image\":{\"@id\":\"https:\/\/psol50.org.br\/isa-penna-para-nao-esquecer-cunha-e-temer\/#primaryimage\"},\"thumbnailUrl\":\"https:\/\/psol50.org.br\/inc\/uploads\/2016\/10\/Temer-e-Cunha.jpg\",\"keywords\":[\"Eduardo Cunha\",\"impeachment\",\"Isa Penna\",\"Michel Temer\",\"Opera\u00e7\u00e3o Lava-Jato\",\"pris\u00e3o\",\"PSOL\"],\"articleSection\":[\"Artigos\",\"Brasil\"],\"inLanguage\":\"pt-BR\",\"potentialAction\":[{\"@type\":\"CommentAction\",\"name\":\"Comment\",\"target\":[\"https:\/\/psol50.org.br\/isa-penna-para-nao-esquecer-cunha-e-temer\/#respond\"]}]},{\"@type\":\"WebPage\",\"@id\":\"https:\/\/psol50.org.br\/isa-penna-para-nao-esquecer-cunha-e-temer\/\",\"url\":\"https:\/\/psol50.org.br\/isa-penna-para-nao-esquecer-cunha-e-temer\/\",\"name\":\"ISA PENNA: Para n\u00e3o esquecer: Cunha \u00e9 Temer! - PSOL 50\",\"isPartOf\":{\"@id\":\"https:\/\/psol50.org.br\/#website\"},\"primaryImageOfPage\":{\"@id\":\"https:\/\/psol50.org.br\/isa-penna-para-nao-esquecer-cunha-e-temer\/#primaryimage\"},\"image\":{\"@id\":\"https:\/\/psol50.org.br\/isa-penna-para-nao-esquecer-cunha-e-temer\/#primaryimage\"},\"thumbnailUrl\":\"https:\/\/psol50.org.br\/inc\/uploads\/2016\/10\/Temer-e-Cunha.jpg\",\"datePublished\":\"2016-10-21T11:46:41+00:00\",\"breadcrumb\":{\"@id\":\"https:\/\/psol50.org.br\/isa-penna-para-nao-esquecer-cunha-e-temer\/#breadcrumb\"},\"inLanguage\":\"pt-BR\",\"potentialAction\":[{\"@type\":\"ReadAction\",\"target\":[\"https:\/\/psol50.org.br\/isa-penna-para-nao-esquecer-cunha-e-temer\/\"]}]},{\"@type\":\"ImageObject\",\"inLanguage\":\"pt-BR\",\"@id\":\"https:\/\/psol50.org.br\/isa-penna-para-nao-esquecer-cunha-e-temer\/#primaryimage\",\"url\":\"https:\/\/psol50.org.br\/inc\/uploads\/2016\/10\/Temer-e-Cunha.jpg\",\"contentUrl\":\"https:\/\/psol50.org.br\/inc\/uploads\/2016\/10\/Temer-e-Cunha.jpg\",\"width\":932,\"height\":621,\"caption\":\"ADUG421 BSB - 15\/7\/2015 - PMDB \/ FUG - POLITICA - Cerimonia de lan\u00e7amento da p\u00e1gina da Funda\u00e7\u00e3o Ulysses Guimar\u00e3es (PMDB) no facebook chamada FUG Digital com a presen\u00e7a do vice presidente Michel Temer, do prresidente da Camara Eduardo Cunha , do senado Renan Calheiros, do presidente da FUG Moreira Franco e do ex presidente Jos\u00e9 Sarney, na FUG na C\u00e2mara dos Deputados , em Brasilia. FOTO: ANDRE DUSEK\/ESTADAO\"},{\"@type\":\"BreadcrumbList\",\"@id\":\"https:\/\/psol50.org.br\/isa-penna-para-nao-esquecer-cunha-e-temer\/#breadcrumb\",\"itemListElement\":[{\"@type\":\"ListItem\",\"position\":1,\"name\":\"In\u00edcio\",\"item\":\"https:\/\/psol50.org.br\/\"},{\"@type\":\"ListItem\",\"position\":2,\"name\":\"ISA PENNA: Para n\u00e3o esquecer: Cunha \u00e9 Temer!\"}]},{\"@type\":\"WebSite\",\"@id\":\"https:\/\/psol50.org.br\/#website\",\"url\":\"https:\/\/psol50.org.br\/\",\"name\":\"PSOL 50\",\"description\":\"Site oficial do Partido Socialismo e Liberdade\",\"publisher\":{\"@id\":\"https:\/\/psol50.org.br\/#organization\"},\"alternateName\":\"PSOL50\",\"potentialAction\":[{\"@type\":\"SearchAction\",\"target\":{\"@type\":\"EntryPoint\",\"urlTemplate\":\"https:\/\/psol50.org.br\/?s={search_term_string}\"},\"query-input\":{\"@type\":\"PropertyValueSpecification\",\"valueRequired\":true,\"valueName\":\"search_term_string\"}}],\"inLanguage\":\"pt-BR\"},{\"@type\":\"Organization\",\"@id\":\"https:\/\/psol50.org.br\/#organization\",\"name\":\"PSOL 50\",\"alternateName\":\"PSOL 50\",\"url\":\"https:\/\/psol50.org.br\/\",\"logo\":{\"@type\":\"ImageObject\",\"inLanguage\":\"pt-BR\",\"@id\":\"https:\/\/psol50.org.br\/#\/schema\/logo\/image\/\",\"url\":\"https:\/\/psol50.org.br\/inc\/uploads\/2018\/07\/capa.png\",\"contentUrl\":\"https:\/\/psol50.org.br\/inc\/uploads\/2018\/07\/capa.png\",\"width\":1350,\"height\":900,\"caption\":\"PSOL 50\"},\"image\":{\"@id\":\"https:\/\/psol50.org.br\/#\/schema\/logo\/image\/\"},\"sameAs\":[\"https:\/\/www.facebook.com\/psol50\",\"https:\/\/x.com\/psol50\",\"https:\/\/www.instagram.com\/psol50\/\",\"https:\/\/www.youtube.com\/channel\/UC7SnJS5o1os7a6CaiNabzcg\"]},{\"@type\":\"Person\",\"@id\":\"https:\/\/psol50.org.br\/#\/schema\/person\/475dfa57d0b815993c714c2e96491fcd\",\"name\":\"Comunica\u00e7\u00e3o PSOL\",\"image\":{\"@type\":\"ImageObject\",\"inLanguage\":\"pt-BR\",\"@id\":\"https:\/\/psol50.org.br\/#\/schema\/person\/image\/\",\"url\":\"https:\/\/secure.gravatar.com\/avatar\/b34fc4f4e468a4e51785917065a3db57b841f5c95dba6ad8c73aaf8f66f8f9bf?s=96&d=mm&r=g\",\"contentUrl\":\"https:\/\/secure.gravatar.com\/avatar\/b34fc4f4e468a4e51785917065a3db57b841f5c95dba6ad8c73aaf8f66f8f9bf?s=96&d=mm&r=g\",\"caption\":\"Comunica\u00e7\u00e3o PSOL\"}}]}<\/script>\n<!-- \/ Yoast SEO plugin. -->","yoast_head_json":{"title":"ISA PENNA: Para n\u00e3o esquecer: Cunha \u00e9 Temer! - PSOL 50","robots":{"index":"index","follow":"follow","max-snippet":"max-snippet:-1","max-image-preview":"max-image-preview:large","max-video-preview":"max-video-preview:-1"},"canonical":"https:\/\/psol50.org.br\/isa-penna-para-nao-esquecer-cunha-e-temer\/","og_locale":"pt_BR","og_type":"article","og_title":"ISA PENNA: Para n\u00e3o esquecer: Cunha \u00e9 Temer! - PSOL 50","og_description":"Cunha poderia ter sido um pol\u00edtico qualquer. Defensor de um projeto extremamente conservador para o pa\u00eds, existem &#8211; somente nessa legislatura da C\u00e2mara Federal &#8211; pelo menos uns 350 deputados que defendem o mesmo que ele e que, em sua maioria, mal sabemos o nome. \u00c9 de responsabilidade da mobiliza\u00e7\u00e3o popular o fato de Cunha [&hellip;]","og_url":"https:\/\/psol50.org.br\/isa-penna-para-nao-esquecer-cunha-e-temer\/","og_site_name":"PSOL 50","article_publisher":"https:\/\/www.facebook.com\/psol50","article_published_time":"2016-10-21T11:46:41+00:00","og_image":[{"width":932,"height":621,"url":"https:\/\/psol50.org.br\/inc\/uploads\/2016\/10\/Temer-e-Cunha.jpg","type":"image\/jpeg"}],"author":"Comunica\u00e7\u00e3o PSOL","twitter_card":"summary_large_image","twitter_creator":"@psol50","twitter_site":"@psol50","twitter_misc":{"Escrito por":"Comunica\u00e7\u00e3o PSOL","Est. tempo de leitura":"5 minutos"},"schema":{"@context":"https:\/\/schema.org","@graph":[{"@type":"Article","@id":"https:\/\/psol50.org.br\/isa-penna-para-nao-esquecer-cunha-e-temer\/#article","isPartOf":{"@id":"https:\/\/psol50.org.br\/isa-penna-para-nao-esquecer-cunha-e-temer\/"},"author":{"name":"Comunica\u00e7\u00e3o PSOL","@id":"https:\/\/psol50.org.br\/#\/schema\/person\/475dfa57d0b815993c714c2e96491fcd"},"headline":"ISA PENNA: Para n\u00e3o esquecer: Cunha \u00e9 Temer!","datePublished":"2016-10-21T11:46:41+00:00","mainEntityOfPage":{"@id":"https:\/\/psol50.org.br\/isa-penna-para-nao-esquecer-cunha-e-temer\/"},"wordCount":994,"commentCount":0,"publisher":{"@id":"https:\/\/psol50.org.br\/#organization"},"image":{"@id":"https:\/\/psol50.org.br\/isa-penna-para-nao-esquecer-cunha-e-temer\/#primaryimage"},"thumbnailUrl":"https:\/\/psol50.org.br\/inc\/uploads\/2016\/10\/Temer-e-Cunha.jpg","keywords":["Eduardo Cunha","impeachment","Isa Penna","Michel Temer","Opera\u00e7\u00e3o Lava-Jato","pris\u00e3o","PSOL"],"articleSection":["Artigos","Brasil"],"inLanguage":"pt-BR","potentialAction":[{"@type":"CommentAction","name":"Comment","target":["https:\/\/psol50.org.br\/isa-penna-para-nao-esquecer-cunha-e-temer\/#respond"]}]},{"@type":"WebPage","@id":"https:\/\/psol50.org.br\/isa-penna-para-nao-esquecer-cunha-e-temer\/","url":"https:\/\/psol50.org.br\/isa-penna-para-nao-esquecer-cunha-e-temer\/","name":"ISA PENNA: Para n\u00e3o esquecer: Cunha \u00e9 Temer! - PSOL 50","isPartOf":{"@id":"https:\/\/psol50.org.br\/#website"},"primaryImageOfPage":{"@id":"https:\/\/psol50.org.br\/isa-penna-para-nao-esquecer-cunha-e-temer\/#primaryimage"},"image":{"@id":"https:\/\/psol50.org.br\/isa-penna-para-nao-esquecer-cunha-e-temer\/#primaryimage"},"thumbnailUrl":"https:\/\/psol50.org.br\/inc\/uploads\/2016\/10\/Temer-e-Cunha.jpg","datePublished":"2016-10-21T11:46:41+00:00","breadcrumb":{"@id":"https:\/\/psol50.org.br\/isa-penna-para-nao-esquecer-cunha-e-temer\/#breadcrumb"},"inLanguage":"pt-BR","potentialAction":[{"@type":"ReadAction","target":["https:\/\/psol50.org.br\/isa-penna-para-nao-esquecer-cunha-e-temer\/"]}]},{"@type":"ImageObject","inLanguage":"pt-BR","@id":"https:\/\/psol50.org.br\/isa-penna-para-nao-esquecer-cunha-e-temer\/#primaryimage","url":"https:\/\/psol50.org.br\/inc\/uploads\/2016\/10\/Temer-e-Cunha.jpg","contentUrl":"https:\/\/psol50.org.br\/inc\/uploads\/2016\/10\/Temer-e-Cunha.jpg","width":932,"height":621,"caption":"ADUG421 BSB - 15\/7\/2015 - PMDB \/ FUG - POLITICA - Cerimonia de lan\u00e7amento da p\u00e1gina da Funda\u00e7\u00e3o Ulysses Guimar\u00e3es (PMDB) no facebook chamada FUG Digital com a presen\u00e7a do vice presidente Michel Temer, do prresidente da Camara Eduardo Cunha , do senado Renan Calheiros, do presidente da FUG Moreira Franco e do ex presidente Jos\u00e9 Sarney, na FUG na C\u00e2mara dos Deputados , em Brasilia. FOTO: ANDRE DUSEK\/ESTADAO"},{"@type":"BreadcrumbList","@id":"https:\/\/psol50.org.br\/isa-penna-para-nao-esquecer-cunha-e-temer\/#breadcrumb","itemListElement":[{"@type":"ListItem","position":1,"name":"In\u00edcio","item":"https:\/\/psol50.org.br\/"},{"@type":"ListItem","position":2,"name":"ISA PENNA: Para n\u00e3o esquecer: Cunha \u00e9 Temer!"}]},{"@type":"WebSite","@id":"https:\/\/psol50.org.br\/#website","url":"https:\/\/psol50.org.br\/","name":"PSOL 50","description":"Site oficial do Partido Socialismo e Liberdade","publisher":{"@id":"https:\/\/psol50.org.br\/#organization"},"alternateName":"PSOL50","potentialAction":[{"@type":"SearchAction","target":{"@type":"EntryPoint","urlTemplate":"https:\/\/psol50.org.br\/?s={search_term_string}"},"query-input":{"@type":"PropertyValueSpecification","valueRequired":true,"valueName":"search_term_string"}}],"inLanguage":"pt-BR"},{"@type":"Organization","@id":"https:\/\/psol50.org.br\/#organization","name":"PSOL 50","alternateName":"PSOL 50","url":"https:\/\/psol50.org.br\/","logo":{"@type":"ImageObject","inLanguage":"pt-BR","@id":"https:\/\/psol50.org.br\/#\/schema\/logo\/image\/","url":"https:\/\/psol50.org.br\/inc\/uploads\/2018\/07\/capa.png","contentUrl":"https:\/\/psol50.org.br\/inc\/uploads\/2018\/07\/capa.png","width":1350,"height":900,"caption":"PSOL 50"},"image":{"@id":"https:\/\/psol50.org.br\/#\/schema\/logo\/image\/"},"sameAs":["https:\/\/www.facebook.com\/psol50","https:\/\/x.com\/psol50","https:\/\/www.instagram.com\/psol50\/","https:\/\/www.youtube.com\/channel\/UC7SnJS5o1os7a6CaiNabzcg"]},{"@type":"Person","@id":"https:\/\/psol50.org.br\/#\/schema\/person\/475dfa57d0b815993c714c2e96491fcd","name":"Comunica\u00e7\u00e3o PSOL","image":{"@type":"ImageObject","inLanguage":"pt-BR","@id":"https:\/\/psol50.org.br\/#\/schema\/person\/image\/","url":"https:\/\/secure.gravatar.com\/avatar\/b34fc4f4e468a4e51785917065a3db57b841f5c95dba6ad8c73aaf8f66f8f9bf?s=96&d=mm&r=g","contentUrl":"https:\/\/secure.gravatar.com\/avatar\/b34fc4f4e468a4e51785917065a3db57b841f5c95dba6ad8c73aaf8f66f8f9bf?s=96&d=mm&r=g","caption":"Comunica\u00e7\u00e3o PSOL"}}]}},"_links":{"self":[{"href":"https:\/\/psol50.org.br\/rest\/wp\/v2\/posts\/14310","targetHints":{"allow":["GET"]}}],"collection":[{"href":"https:\/\/psol50.org.br\/rest\/wp\/v2\/posts"}],"about":[{"href":"https:\/\/psol50.org.br\/rest\/wp\/v2\/types\/post"}],"author":[{"embeddable":true,"href":"https:\/\/psol50.org.br\/rest\/wp\/v2\/users\/2"}],"replies":[{"embeddable":true,"href":"https:\/\/psol50.org.br\/rest\/wp\/v2\/comments?post=14310"}],"version-history":[{"count":0,"href":"https:\/\/psol50.org.br\/rest\/wp\/v2\/posts\/14310\/revisions"}],"wp:featuredmedia":[{"embeddable":true,"href":"https:\/\/psol50.org.br\/rest\/wp\/v2\/media\/14311"}],"wp:attachment":[{"href":"https:\/\/psol50.org.br\/rest\/wp\/v2\/media?parent=14310"}],"wp:term":[{"taxonomy":"category","embeddable":true,"href":"https:\/\/psol50.org.br\/rest\/wp\/v2\/categories?post=14310"},{"taxonomy":"post_tag","embeddable":true,"href":"https:\/\/psol50.org.br\/rest\/wp\/v2\/tags?post=14310"}],"curies":[{"name":"wp","href":"https:\/\/api.w.org\/{rel}","templated":true}]}}