{"id":14313,"date":"2016-10-21T13:15:59","date_gmt":"2016-10-21T13:15:59","guid":{"rendered":"http:\/\/www.psol50.org.br\/?p=14313"},"modified":"2016-10-21T13:15:59","modified_gmt":"2016-10-21T13:15:59","slug":"centrais-sindicais-marcam-jornada-de-lutas-contra-a-pec-241-e-outras-propostas-que-retiram-direitos","status":"publish","type":"post","link":"https:\/\/psol50.org.br\/centrais-sindicais-marcam-jornada-de-lutas-contra-a-pec-241-e-outras-propostas-que-retiram-direitos\/","title":{"rendered":"Centrais sindicais marcam jornada de lutas contra a PEC 241 e outras propostas que retiram direitos"},"content":{"rendered":"<p>Barrar a aprova\u00e7\u00e3o da PEC 241\/2016 e outras propostas que amea\u00e7am direitos, como as reformas previdenci\u00e1ria e trabalhista, \u00e9 o objetivo das centrais sindicais ao definirem um calend\u00e1rio unificado para os meses de outubro e novembro. As entidades, entre as quais a Intersindical \u2013 Central da Classe Trabalhadora, a CSP-Conlutas e a CUT, ap\u00f3s amplo debate em reuni\u00e3o na quarta-feira (19), em S\u00e3o Paulo, aprovaram a jornada de lutas, que come\u00e7a na semana que vem, quando dever\u00e1 ser votada, em segundo turno, a PEC 241. De acordo com os dirigentes que estiveram no encontro, a unidade \u00e9 fundamental para que as mobiliza\u00e7\u00f5es continuem crescendo e fortalecendo a resist\u00eancia da classe trabalhadora.<\/p>\n<p>Inicialmente prevista para a segunda-feira (24\/10), a vota\u00e7\u00e3o da proposta foi adiada para a ter\u00e7a-feira (25), conforme anunciou ontem (20) o presidente da C\u00e2mara, deputado Rodrigo Maia (DEM-RJ). Com o objetivo de impedir a aprova\u00e7\u00e3o final da mat\u00e9ria, que congela os investimentos em servi\u00e7os p\u00fablicos nos pr\u00f3ximos 20 anos, as centrais aprovaram realizar uma grande mobiliza\u00e7\u00e3o na C\u00e2mara na pr\u00f3pria segunda-feira, 24 de outubro. Representa\u00e7\u00f5es de v\u00e1rias categorias, dos setores p\u00fablico e privado, abordar\u00e3o deputados com os argumentos contr\u00e1rios \u00e0 proposta, que, se aprovada, congelar\u00e1 os sal\u00e1rios do funcionalismo p\u00fablico e precarizar\u00e1, ainda mais, os servi\u00e7os prestados \u00e0 popula\u00e7\u00e3o, entre outros efeitos nocivos. Com o adiamento da vota\u00e7\u00e3o em um dia, a mobiliza\u00e7\u00e3o deve se estender at\u00e9 a ter\u00e7a-feira. Al\u00e9m da agenda na C\u00e2mara, <a href=\"http:\/\/www.psol50.org.br\/blog\/2016\/10\/18\/frentes-de-movimentos-convocam-jornada-de-debates-e-manifestacoes-contra-a-pec-241\/\" target=\"_blank\" rel=\"noopener\"><span style=\"color: #0000ff\"><strong>em v\u00e1rias capitais tamb\u00e9m ser\u00e3o realizados atos de ruas, constru\u00eddos conjuntamente com as frentes Povo Sem Medo e Brasil Popular<\/strong><\/span><\/a>.<\/p>\n<p>Em novembro, est\u00e3o previstas duas datas de luta. No dia 11, haver\u00e1 o Dia Nacional de Luta, quando diversas categorias promover\u00e3o atos e paralisa\u00e7\u00f5es contra a agenda de retrocesso imposta pelo governo Temer.<\/p>\n<p>J\u00e1 no dia 25 de novembro, ser\u00e1 realizado Dia Nacional de Greves e Paralisa\u00e7\u00f5es, com a participa\u00e7\u00e3o de um maior n\u00famero de categorias num esfor\u00e7o de construir a greve geral.<\/p>\n<p>Al\u00e9m das manifesta\u00e7\u00f5es de ruas e paralisa\u00e7\u00f5es nos dias 11 e 25, as centrais sindicais e suas entidades de base manter\u00e3o uma agenda de mobiliza\u00e7\u00e3o permanente no Congresso Nacional, na tentativa de convencer os parlamentares a rejeitarem a PEC 241 e as reformas previdenci\u00e1ria e trabalhista, que dever\u00e3o ser apresentadas em breve pelo governo de Michel Temer.<\/p>\n","protected":false},"excerpt":{"rendered":"<p>Barrar a aprova\u00e7\u00e3o da PEC 241\/2016 e outras propostas que amea\u00e7am direitos, como as reformas previdenci\u00e1ria e trabalhista, \u00e9 o objetivo das centrais sindicais ao definirem um calend\u00e1rio unificado para os meses de outubro e novembro. As entidades, entre as quais a Intersindical \u2013 Central da Classe Trabalhadora, a CSP-Conlutas e a CUT, ap\u00f3s amplo [&hellip;]<\/p>\n","protected":false},"author":2,"featured_media":13923,"comment_status":"open","ping_status":"open","sticky":false,"template":"","format":"standard","meta":{"_acf_changed":false,"footnotes":""},"categories":[1882,1104,6],"tags":[1792,2772,3173,2990,406,1793,3034,4628,1748,4629,4560,3366,1669],"class_list":{"0":"post-14313","1":"post","2":"type-post","3":"status-publish","4":"format-standard","5":"has-post-thumbnail","7":"category-brasil","8":"category-movimento","9":"category-noticias","10":"tag-centrais-sindicais","11":"tag-classe-trabalhadora","12":"tag-csp-conlutas","13":"tag-cut","14":"tag-direitos","15":"tag-greve-geral","16":"tag-intersindical","17":"tag-jornada-nacional-de-lutas","18":"tag-michel-temer","19":"tag-paralisacoes","20":"tag-pec-241","21":"tag-reforma-previdenciaria","22":"tag-reforma-trabalhista"},"acf":[],"yoast_head":"<!-- This site is optimized with the Yoast SEO plugin v26.5 - https:\/\/yoast.com\/wordpress\/plugins\/seo\/ -->\n<title>Centrais sindicais marcam jornada de lutas contra a PEC 241 e outras propostas que retiram direitos - PSOL 50<\/title>\n<meta name=\"robots\" content=\"index, follow, max-snippet:-1, max-image-preview:large, max-video-preview:-1\" \/>\n<link rel=\"canonical\" href=\"https:\/\/psol50.org.br\/centrais-sindicais-marcam-jornada-de-lutas-contra-a-pec-241-e-outras-propostas-que-retiram-direitos\/\" \/>\n<meta property=\"og:locale\" content=\"pt_BR\" \/>\n<meta property=\"og:type\" content=\"article\" \/>\n<meta property=\"og:title\" content=\"Centrais sindicais marcam jornada de lutas contra a PEC 241 e outras propostas que retiram direitos - PSOL 50\" \/>\n<meta property=\"og:description\" content=\"Barrar a aprova\u00e7\u00e3o da PEC 241\/2016 e outras propostas que amea\u00e7am direitos, como as reformas previdenci\u00e1ria e trabalhista, \u00e9 o objetivo das centrais sindicais ao definirem um calend\u00e1rio unificado para os meses de outubro e novembro. As entidades, entre as quais a Intersindical \u2013 Central da Classe Trabalhadora, a CSP-Conlutas e a CUT, ap\u00f3s amplo [&hellip;]\" \/>\n<meta property=\"og:url\" content=\"https:\/\/psol50.org.br\/centrais-sindicais-marcam-jornada-de-lutas-contra-a-pec-241-e-outras-propostas-que-retiram-direitos\/\" \/>\n<meta property=\"og:site_name\" content=\"PSOL 50\" \/>\n<meta property=\"article:publisher\" content=\"https:\/\/www.facebook.com\/psol50\" \/>\n<meta property=\"article:published_time\" content=\"2016-10-21T13:15:59+00:00\" \/>\n<meta property=\"og:image\" content=\"https:\/\/psol50.org.br\/inc\/uploads\/2018\/07\/capa.png\" \/>\n\t<meta property=\"og:image:width\" content=\"1350\" \/>\n\t<meta property=\"og:image:height\" content=\"900\" \/>\n\t<meta property=\"og:image:type\" content=\"image\/png\" \/>\n<meta name=\"author\" content=\"Comunica\u00e7\u00e3o PSOL\" \/>\n<meta name=\"twitter:card\" content=\"summary_large_image\" \/>\n<meta name=\"twitter:creator\" content=\"@psol50\" \/>\n<meta name=\"twitter:site\" content=\"@psol50\" \/>\n<meta name=\"twitter:label1\" content=\"Escrito por\" \/>\n\t<meta name=\"twitter:data1\" content=\"Comunica\u00e7\u00e3o PSOL\" \/>\n\t<meta name=\"twitter:label2\" content=\"Est. tempo de leitura\" \/>\n\t<meta name=\"twitter:data2\" content=\"2 minutos\" \/>\n<script type=\"application\/ld+json\" class=\"yoast-schema-graph\">{\"@context\":\"https:\/\/schema.org\",\"@graph\":[{\"@type\":\"Article\",\"@id\":\"https:\/\/psol50.org.br\/centrais-sindicais-marcam-jornada-de-lutas-contra-a-pec-241-e-outras-propostas-que-retiram-direitos\/#article\",\"isPartOf\":{\"@id\":\"https:\/\/psol50.org.br\/centrais-sindicais-marcam-jornada-de-lutas-contra-a-pec-241-e-outras-propostas-que-retiram-direitos\/\"},\"author\":{\"name\":\"Comunica\u00e7\u00e3o PSOL\",\"@id\":\"https:\/\/psol50.org.br\/#\/schema\/person\/475dfa57d0b815993c714c2e96491fcd\"},\"headline\":\"Centrais sindicais marcam jornada de lutas contra a PEC 241 e outras propostas que retiram direitos\",\"datePublished\":\"2016-10-21T13:15:59+00:00\",\"mainEntityOfPage\":{\"@id\":\"https:\/\/psol50.org.br\/centrais-sindicais-marcam-jornada-de-lutas-contra-a-pec-241-e-outras-propostas-que-retiram-direitos\/\"},\"wordCount\":425,\"commentCount\":0,\"publisher\":{\"@id\":\"https:\/\/psol50.org.br\/#organization\"},\"image\":{\"@id\":\"https:\/\/psol50.org.br\/centrais-sindicais-marcam-jornada-de-lutas-contra-a-pec-241-e-outras-propostas-que-retiram-direitos\/#primaryimage\"},\"thumbnailUrl\":\"\",\"keywords\":[\"centrais sindicais\",\"classe trabalhadora\",\"CSP-Conlutas\",\"CUT\",\"direitos\",\"greve geral\",\"Intersindical\",\"jornada nacional de lutas\",\"Michel Temer\",\"paralisa\u00e7\u00f5es\",\"PEC 241\",\"reforma previdenci\u00e1ria\",\"reforma trabalhista\"],\"articleSection\":[\"Brasil\",\"Movimento\",\"Not\u00edcias\"],\"inLanguage\":\"pt-BR\",\"potentialAction\":[{\"@type\":\"CommentAction\",\"name\":\"Comment\",\"target\":[\"https:\/\/psol50.org.br\/centrais-sindicais-marcam-jornada-de-lutas-contra-a-pec-241-e-outras-propostas-que-retiram-direitos\/#respond\"]}]},{\"@type\":\"WebPage\",\"@id\":\"https:\/\/psol50.org.br\/centrais-sindicais-marcam-jornada-de-lutas-contra-a-pec-241-e-outras-propostas-que-retiram-direitos\/\",\"url\":\"https:\/\/psol50.org.br\/centrais-sindicais-marcam-jornada-de-lutas-contra-a-pec-241-e-outras-propostas-que-retiram-direitos\/\",\"name\":\"Centrais sindicais marcam jornada de lutas contra a PEC 241 e outras propostas que retiram direitos - PSOL 50\",\"isPartOf\":{\"@id\":\"https:\/\/psol50.org.br\/#website\"},\"primaryImageOfPage\":{\"@id\":\"https:\/\/psol50.org.br\/centrais-sindicais-marcam-jornada-de-lutas-contra-a-pec-241-e-outras-propostas-que-retiram-direitos\/#primaryimage\"},\"image\":{\"@id\":\"https:\/\/psol50.org.br\/centrais-sindicais-marcam-jornada-de-lutas-contra-a-pec-241-e-outras-propostas-que-retiram-direitos\/#primaryimage\"},\"thumbnailUrl\":\"\",\"datePublished\":\"2016-10-21T13:15:59+00:00\",\"breadcrumb\":{\"@id\":\"https:\/\/psol50.org.br\/centrais-sindicais-marcam-jornada-de-lutas-contra-a-pec-241-e-outras-propostas-que-retiram-direitos\/#breadcrumb\"},\"inLanguage\":\"pt-BR\",\"potentialAction\":[{\"@type\":\"ReadAction\",\"target\":[\"https:\/\/psol50.org.br\/centrais-sindicais-marcam-jornada-de-lutas-contra-a-pec-241-e-outras-propostas-que-retiram-direitos\/\"]}]},{\"@type\":\"ImageObject\",\"inLanguage\":\"pt-BR\",\"@id\":\"https:\/\/psol50.org.br\/centrais-sindicais-marcam-jornada-de-lutas-contra-a-pec-241-e-outras-propostas-que-retiram-direitos\/#primaryimage\",\"url\":\"\",\"contentUrl\":\"\"},{\"@type\":\"BreadcrumbList\",\"@id\":\"https:\/\/psol50.org.br\/centrais-sindicais-marcam-jornada-de-lutas-contra-a-pec-241-e-outras-propostas-que-retiram-direitos\/#breadcrumb\",\"itemListElement\":[{\"@type\":\"ListItem\",\"position\":1,\"name\":\"In\u00edcio\",\"item\":\"https:\/\/psol50.org.br\/\"},{\"@type\":\"ListItem\",\"position\":2,\"name\":\"Centrais sindicais marcam jornada de lutas contra a PEC 241 e outras propostas que retiram direitos\"}]},{\"@type\":\"WebSite\",\"@id\":\"https:\/\/psol50.org.br\/#website\",\"url\":\"https:\/\/psol50.org.br\/\",\"name\":\"PSOL 50\",\"description\":\"Site oficial do Partido Socialismo e Liberdade\",\"publisher\":{\"@id\":\"https:\/\/psol50.org.br\/#organization\"},\"alternateName\":\"PSOL50\",\"potentialAction\":[{\"@type\":\"SearchAction\",\"target\":{\"@type\":\"EntryPoint\",\"urlTemplate\":\"https:\/\/psol50.org.br\/?s={search_term_string}\"},\"query-input\":{\"@type\":\"PropertyValueSpecification\",\"valueRequired\":true,\"valueName\":\"search_term_string\"}}],\"inLanguage\":\"pt-BR\"},{\"@type\":\"Organization\",\"@id\":\"https:\/\/psol50.org.br\/#organization\",\"name\":\"PSOL 50\",\"alternateName\":\"PSOL 50\",\"url\":\"https:\/\/psol50.org.br\/\",\"logo\":{\"@type\":\"ImageObject\",\"inLanguage\":\"pt-BR\",\"@id\":\"https:\/\/psol50.org.br\/#\/schema\/logo\/image\/\",\"url\":\"https:\/\/psol50.org.br\/inc\/uploads\/2018\/07\/capa.png\",\"contentUrl\":\"https:\/\/psol50.org.br\/inc\/uploads\/2018\/07\/capa.png\",\"width\":1350,\"height\":900,\"caption\":\"PSOL 50\"},\"image\":{\"@id\":\"https:\/\/psol50.org.br\/#\/schema\/logo\/image\/\"},\"sameAs\":[\"https:\/\/www.facebook.com\/psol50\",\"https:\/\/x.com\/psol50\",\"https:\/\/www.instagram.com\/psol50\/\",\"https:\/\/www.youtube.com\/channel\/UC7SnJS5o1os7a6CaiNabzcg\"]},{\"@type\":\"Person\",\"@id\":\"https:\/\/psol50.org.br\/#\/schema\/person\/475dfa57d0b815993c714c2e96491fcd\",\"name\":\"Comunica\u00e7\u00e3o PSOL\",\"image\":{\"@type\":\"ImageObject\",\"inLanguage\":\"pt-BR\",\"@id\":\"https:\/\/psol50.org.br\/#\/schema\/person\/image\/\",\"url\":\"https:\/\/secure.gravatar.com\/avatar\/b34fc4f4e468a4e51785917065a3db57b841f5c95dba6ad8c73aaf8f66f8f9bf?s=96&d=mm&r=g\",\"contentUrl\":\"https:\/\/secure.gravatar.com\/avatar\/b34fc4f4e468a4e51785917065a3db57b841f5c95dba6ad8c73aaf8f66f8f9bf?s=96&d=mm&r=g\",\"caption\":\"Comunica\u00e7\u00e3o PSOL\"}}]}<\/script>\n<!-- \/ Yoast SEO plugin. -->","yoast_head_json":{"title":"Centrais sindicais marcam jornada de lutas contra a PEC 241 e outras propostas que retiram direitos - PSOL 50","robots":{"index":"index","follow":"follow","max-snippet":"max-snippet:-1","max-image-preview":"max-image-preview:large","max-video-preview":"max-video-preview:-1"},"canonical":"https:\/\/psol50.org.br\/centrais-sindicais-marcam-jornada-de-lutas-contra-a-pec-241-e-outras-propostas-que-retiram-direitos\/","og_locale":"pt_BR","og_type":"article","og_title":"Centrais sindicais marcam jornada de lutas contra a PEC 241 e outras propostas que retiram direitos - PSOL 50","og_description":"Barrar a aprova\u00e7\u00e3o da PEC 241\/2016 e outras propostas que amea\u00e7am direitos, como as reformas previdenci\u00e1ria e trabalhista, \u00e9 o objetivo das centrais sindicais ao definirem um calend\u00e1rio unificado para os meses de outubro e novembro. As entidades, entre as quais a Intersindical \u2013 Central da Classe Trabalhadora, a CSP-Conlutas e a CUT, ap\u00f3s amplo [&hellip;]","og_url":"https:\/\/psol50.org.br\/centrais-sindicais-marcam-jornada-de-lutas-contra-a-pec-241-e-outras-propostas-que-retiram-direitos\/","og_site_name":"PSOL 50","article_publisher":"https:\/\/www.facebook.com\/psol50","article_published_time":"2016-10-21T13:15:59+00:00","og_image":[{"width":1350,"height":900,"url":"https:\/\/psol50.org.br\/inc\/uploads\/2018\/07\/capa.png","type":"image\/png"}],"author":"Comunica\u00e7\u00e3o PSOL","twitter_card":"summary_large_image","twitter_creator":"@psol50","twitter_site":"@psol50","twitter_misc":{"Escrito por":"Comunica\u00e7\u00e3o PSOL","Est. tempo de leitura":"2 minutos"},"schema":{"@context":"https:\/\/schema.org","@graph":[{"@type":"Article","@id":"https:\/\/psol50.org.br\/centrais-sindicais-marcam-jornada-de-lutas-contra-a-pec-241-e-outras-propostas-que-retiram-direitos\/#article","isPartOf":{"@id":"https:\/\/psol50.org.br\/centrais-sindicais-marcam-jornada-de-lutas-contra-a-pec-241-e-outras-propostas-que-retiram-direitos\/"},"author":{"name":"Comunica\u00e7\u00e3o PSOL","@id":"https:\/\/psol50.org.br\/#\/schema\/person\/475dfa57d0b815993c714c2e96491fcd"},"headline":"Centrais sindicais marcam jornada de lutas contra a PEC 241 e outras propostas que retiram direitos","datePublished":"2016-10-21T13:15:59+00:00","mainEntityOfPage":{"@id":"https:\/\/psol50.org.br\/centrais-sindicais-marcam-jornada-de-lutas-contra-a-pec-241-e-outras-propostas-que-retiram-direitos\/"},"wordCount":425,"commentCount":0,"publisher":{"@id":"https:\/\/psol50.org.br\/#organization"},"image":{"@id":"https:\/\/psol50.org.br\/centrais-sindicais-marcam-jornada-de-lutas-contra-a-pec-241-e-outras-propostas-que-retiram-direitos\/#primaryimage"},"thumbnailUrl":"","keywords":["centrais sindicais","classe trabalhadora","CSP-Conlutas","CUT","direitos","greve geral","Intersindical","jornada nacional de lutas","Michel Temer","paralisa\u00e7\u00f5es","PEC 241","reforma previdenci\u00e1ria","reforma trabalhista"],"articleSection":["Brasil","Movimento","Not\u00edcias"],"inLanguage":"pt-BR","potentialAction":[{"@type":"CommentAction","name":"Comment","target":["https:\/\/psol50.org.br\/centrais-sindicais-marcam-jornada-de-lutas-contra-a-pec-241-e-outras-propostas-que-retiram-direitos\/#respond"]}]},{"@type":"WebPage","@id":"https:\/\/psol50.org.br\/centrais-sindicais-marcam-jornada-de-lutas-contra-a-pec-241-e-outras-propostas-que-retiram-direitos\/","url":"https:\/\/psol50.org.br\/centrais-sindicais-marcam-jornada-de-lutas-contra-a-pec-241-e-outras-propostas-que-retiram-direitos\/","name":"Centrais sindicais marcam jornada de lutas contra a PEC 241 e outras propostas que retiram direitos - PSOL 50","isPartOf":{"@id":"https:\/\/psol50.org.br\/#website"},"primaryImageOfPage":{"@id":"https:\/\/psol50.org.br\/centrais-sindicais-marcam-jornada-de-lutas-contra-a-pec-241-e-outras-propostas-que-retiram-direitos\/#primaryimage"},"image":{"@id":"https:\/\/psol50.org.br\/centrais-sindicais-marcam-jornada-de-lutas-contra-a-pec-241-e-outras-propostas-que-retiram-direitos\/#primaryimage"},"thumbnailUrl":"","datePublished":"2016-10-21T13:15:59+00:00","breadcrumb":{"@id":"https:\/\/psol50.org.br\/centrais-sindicais-marcam-jornada-de-lutas-contra-a-pec-241-e-outras-propostas-que-retiram-direitos\/#breadcrumb"},"inLanguage":"pt-BR","potentialAction":[{"@type":"ReadAction","target":["https:\/\/psol50.org.br\/centrais-sindicais-marcam-jornada-de-lutas-contra-a-pec-241-e-outras-propostas-que-retiram-direitos\/"]}]},{"@type":"ImageObject","inLanguage":"pt-BR","@id":"https:\/\/psol50.org.br\/centrais-sindicais-marcam-jornada-de-lutas-contra-a-pec-241-e-outras-propostas-que-retiram-direitos\/#primaryimage","url":"","contentUrl":""},{"@type":"BreadcrumbList","@id":"https:\/\/psol50.org.br\/centrais-sindicais-marcam-jornada-de-lutas-contra-a-pec-241-e-outras-propostas-que-retiram-direitos\/#breadcrumb","itemListElement":[{"@type":"ListItem","position":1,"name":"In\u00edcio","item":"https:\/\/psol50.org.br\/"},{"@type":"ListItem","position":2,"name":"Centrais sindicais marcam jornada de lutas contra a PEC 241 e outras propostas que retiram direitos"}]},{"@type":"WebSite","@id":"https:\/\/psol50.org.br\/#website","url":"https:\/\/psol50.org.br\/","name":"PSOL 50","description":"Site oficial do Partido Socialismo e Liberdade","publisher":{"@id":"https:\/\/psol50.org.br\/#organization"},"alternateName":"PSOL50","potentialAction":[{"@type":"SearchAction","target":{"@type":"EntryPoint","urlTemplate":"https:\/\/psol50.org.br\/?s={search_term_string}"},"query-input":{"@type":"PropertyValueSpecification","valueRequired":true,"valueName":"search_term_string"}}],"inLanguage":"pt-BR"},{"@type":"Organization","@id":"https:\/\/psol50.org.br\/#organization","name":"PSOL 50","alternateName":"PSOL 50","url":"https:\/\/psol50.org.br\/","logo":{"@type":"ImageObject","inLanguage":"pt-BR","@id":"https:\/\/psol50.org.br\/#\/schema\/logo\/image\/","url":"https:\/\/psol50.org.br\/inc\/uploads\/2018\/07\/capa.png","contentUrl":"https:\/\/psol50.org.br\/inc\/uploads\/2018\/07\/capa.png","width":1350,"height":900,"caption":"PSOL 50"},"image":{"@id":"https:\/\/psol50.org.br\/#\/schema\/logo\/image\/"},"sameAs":["https:\/\/www.facebook.com\/psol50","https:\/\/x.com\/psol50","https:\/\/www.instagram.com\/psol50\/","https:\/\/www.youtube.com\/channel\/UC7SnJS5o1os7a6CaiNabzcg"]},{"@type":"Person","@id":"https:\/\/psol50.org.br\/#\/schema\/person\/475dfa57d0b815993c714c2e96491fcd","name":"Comunica\u00e7\u00e3o PSOL","image":{"@type":"ImageObject","inLanguage":"pt-BR","@id":"https:\/\/psol50.org.br\/#\/schema\/person\/image\/","url":"https:\/\/secure.gravatar.com\/avatar\/b34fc4f4e468a4e51785917065a3db57b841f5c95dba6ad8c73aaf8f66f8f9bf?s=96&d=mm&r=g","contentUrl":"https:\/\/secure.gravatar.com\/avatar\/b34fc4f4e468a4e51785917065a3db57b841f5c95dba6ad8c73aaf8f66f8f9bf?s=96&d=mm&r=g","caption":"Comunica\u00e7\u00e3o PSOL"}}]}},"_links":{"self":[{"href":"https:\/\/psol50.org.br\/rest\/wp\/v2\/posts\/14313","targetHints":{"allow":["GET"]}}],"collection":[{"href":"https:\/\/psol50.org.br\/rest\/wp\/v2\/posts"}],"about":[{"href":"https:\/\/psol50.org.br\/rest\/wp\/v2\/types\/post"}],"author":[{"embeddable":true,"href":"https:\/\/psol50.org.br\/rest\/wp\/v2\/users\/2"}],"replies":[{"embeddable":true,"href":"https:\/\/psol50.org.br\/rest\/wp\/v2\/comments?post=14313"}],"version-history":[{"count":0,"href":"https:\/\/psol50.org.br\/rest\/wp\/v2\/posts\/14313\/revisions"}],"wp:featuredmedia":[{"embeddable":true,"href":"https:\/\/psol50.org.br\/rest\/"}],"wp:attachment":[{"href":"https:\/\/psol50.org.br\/rest\/wp\/v2\/media?parent=14313"}],"wp:term":[{"taxonomy":"category","embeddable":true,"href":"https:\/\/psol50.org.br\/rest\/wp\/v2\/categories?post=14313"},{"taxonomy":"post_tag","embeddable":true,"href":"https:\/\/psol50.org.br\/rest\/wp\/v2\/tags?post=14313"}],"curies":[{"name":"wp","href":"https:\/\/api.w.org\/{rel}","templated":true}]}}