{"id":14316,"date":"2016-10-23T18:09:06","date_gmt":"2016-10-23T18:09:06","guid":{"rendered":"http:\/\/www.psol50.org.br\/?p=14316"},"modified":"2016-10-23T18:09:06","modified_gmt":"2016-10-23T18:09:06","slug":"850-escolas-ocupadas-no-parana-contra-richa-e-temer","status":"publish","type":"post","link":"https:\/\/psol50.org.br\/850-escolas-ocupadas-no-parana-contra-richa-e-temer\/","title":{"rendered":"850 escolas ocupadas no Paran\u00e1 contra Richa e Temer"},"content":{"rendered":"<p><em>Por Clarissa Viana, Larissa Rahmeier e Luiza Beghetto*<\/em><\/p>\n<p>J\u00e1 s\u00e3o mais de 850 escolas e 14 Universidades ocupadas no estado do Paran\u00e1, que recentemente foi palco de um dos maiores enfrentamentos j\u00e1 feitos contra um governador no campo da educa\u00e7\u00e3o. O dia 29 de abril de 2015, data na qual ocorreu o enfrentamento da Pol\u00edcia Militar contra os mais de 20 mil manifestantes em frente \u00e0 ALEP, virou s\u00edmbolo da luta dos educadores, estudantes e funcion\u00e1rios contra o chamado Pacota\u00e7o, proposta do governador Beto Richa de ajuste fiscal que trazia impacto direto nas previd\u00eancia e remunera\u00e7\u00e3o dos servidores estaduais.<\/p>\n<p>Agora, os estudantes secundaristas mostram que tamb\u00e9m n\u00e3o se calar\u00e3o diante da precariza\u00e7\u00e3o do ensino. Desde o dia 3 de outubro, quando a Escola Estadual Pe. Arnaldo Jansen, localizada na regi\u00e3o metropolitana de Curitiba, foi a primeira a ser ocupada, o movimento de ocupa\u00e7\u00e3o de escolas n\u00e3o para de crescer. Contando com grande protagonismo das mulheres, LGBTs, negrxs e estudantes da periferia, os secundaristas prezam pela horizontalidade e democracia dentro de seus espa\u00e7os, inclusive no que diz respeito \u00e0 divis\u00e3o de tarefas. Meninos e meninas cuidam da limpeza dos banheiros, cozinha e seguran\u00e7a a partir de uma divis\u00e3o parit\u00e1ria, e casos de machismo e viol\u00eancia nas ocupa\u00e7\u00f5es s\u00e3o repudiados e tratados coletivamente. Em todas as escolas s\u00e3o realizados aul\u00f5es sobre as mat\u00e9rias tratadas em sala e oficinas sobre os mais diversos temas: feminismo, pol\u00edtica, seguran\u00e7a p\u00fablica, reformas no ensino, mundo do trabalho.<\/p>\n<p>O movimento traz como pautas o recha\u00e7o \u00e0 PEC 241, que visa congelar os gastos p\u00fablicos em sa\u00fade e educa\u00e7\u00e3o para os pr\u00f3ximos 20 anos e barrar o aumento real do sal\u00e1rio m\u00ednimo, bem como a rejei\u00e7\u00e3o \u00e0 MP 746 no estado, a qual traz uma s\u00e9rie de mudan\u00e7as na grade disciplinar do ensino m\u00e9dio. O movimento estudantil universit\u00e1rio, aliados \u00e0s demais categorias, tamb\u00e9m ocupa as Universidades contra o corte de verbas e a PEC 241. Os desafios agora perpassam pela nacionaliza\u00e7\u00e3o do movimento e conquista de vit\u00f3rias concretas.<\/p>\n<p>O PSOL nessas elei\u00e7\u00f5es municipais elegeu in\u00fameras vereadores feministas e jovens, mostrando que a pol\u00edtica deve ser ocupada por setores sociais distintos dos que historicamente ocupam os espa\u00e7os institucionais do Estado. Nas ruas n\u00e3o \u00e9 diferente. Os movimentos de juventude, que desde 2013 t\u00eam tido significativo crescimento e import\u00e2ncia na conjuntura, junto da primavera feminista de 2015 e dos atos pelo Fora Cunha, refletiram no perfil dos lutadores e lutadoras que agora colocam o estado do Paran\u00e1 como ponta de lan\u00e7a das mobiliza\u00e7\u00f5es secundaristas no cen\u00e1rio nacional.<\/p>\n<p>O PSOL se solidariza com o movimento de escolas ocupadas, rejeitando qualquer corte de verbas e precariza\u00e7\u00e3o do ensino. Pol\u00edticas de austeridade n\u00e3o resolveram as crises econ\u00f4micas em nenhum pa\u00eds em que foram aplicadas e oneram aqueles que mais sofrem com seus efeitos. Cortes n\u00e3o s\u00e3o a solu\u00e7\u00e3o, os trabalhadores e estudantes n\u00e3o devem pagar a conta da crise: \u00e9 imprescind\u00edvel que seja feita uma auditoria da d\u00edvida p\u00fablica, tributa\u00e7\u00e3o progressiva para os mais ricos e taxa\u00e7\u00e3o das grandes fortunas. Todo apoio ao levante secundarista, fora a MP 746 e a PEC 241!<\/p>\n<p>*Clarissa Ma\u00e7aneiro Viana \u00e9 secret\u00e1ria geral do PSOL Paran\u00e1.<br \/>\nLarissa Rahmeier \u00e9 secretaria de juventude do PSOL Paran\u00e1.<br \/>\nLuiza Beghetto \u00e9 presidenta municipal do PSOL Curitiba.<\/p>\n","protected":false},"excerpt":{"rendered":"<p>Por Clarissa Viana, Larissa Rahmeier e Luiza Beghetto* J\u00e1 s\u00e3o mais de 850 escolas e 14 Universidades ocupadas no estado do Paran\u00e1, que recentemente foi palco de um dos maiores enfrentamentos j\u00e1 feitos contra um governador no campo da educa\u00e7\u00e3o. O dia 29 de abril de 2015, data na qual ocorreu o enfrentamento da Pol\u00edcia [&hellip;]<\/p>\n","protected":false},"author":2,"featured_media":14317,"comment_status":"open","ping_status":"open","sticky":false,"template":"","format":"standard","meta":{"_acf_changed":false,"footnotes":""},"categories":[1882,654,1104,6],"tags":[4196,4480,3962,2169,1748,4627,4560,22,4613],"class_list":{"0":"post-14316","1":"post","2":"type-post","3":"status-publish","4":"format-standard","5":"has-post-thumbnail","7":"category-brasil","8":"category-estados","9":"category-movimento","10":"category-noticias","11":"tag-beto-richa","12":"tag-ensino-medio","13":"tag-fora-cunha","14":"tag-fora-temer","15":"tag-michel-temer","16":"tag-ocupacoes","17":"tag-pec-241","18":"tag-psol","19":"tag-secundaristas"},"acf":[],"yoast_head":"<!-- This site is optimized with the Yoast SEO plugin v26.5 - https:\/\/yoast.com\/wordpress\/plugins\/seo\/ -->\n<title>850 escolas ocupadas no Paran\u00e1 contra Richa e Temer - PSOL 50<\/title>\n<meta name=\"robots\" content=\"index, follow, max-snippet:-1, max-image-preview:large, max-video-preview:-1\" \/>\n<link rel=\"canonical\" href=\"https:\/\/psol50.org.br\/850-escolas-ocupadas-no-parana-contra-richa-e-temer\/\" \/>\n<meta property=\"og:locale\" content=\"pt_BR\" \/>\n<meta property=\"og:type\" content=\"article\" \/>\n<meta property=\"og:title\" content=\"850 escolas ocupadas no Paran\u00e1 contra Richa e Temer - PSOL 50\" \/>\n<meta property=\"og:description\" content=\"Por Clarissa Viana, Larissa Rahmeier e Luiza Beghetto* J\u00e1 s\u00e3o mais de 850 escolas e 14 Universidades ocupadas no estado do Paran\u00e1, que recentemente foi palco de um dos maiores enfrentamentos j\u00e1 feitos contra um governador no campo da educa\u00e7\u00e3o. O dia 29 de abril de 2015, data na qual ocorreu o enfrentamento da Pol\u00edcia [&hellip;]\" \/>\n<meta property=\"og:url\" content=\"https:\/\/psol50.org.br\/850-escolas-ocupadas-no-parana-contra-richa-e-temer\/\" \/>\n<meta property=\"og:site_name\" content=\"PSOL 50\" \/>\n<meta property=\"article:publisher\" content=\"https:\/\/www.facebook.com\/psol50\" \/>\n<meta property=\"article:published_time\" content=\"2016-10-23T18:09:06+00:00\" \/>\n<meta property=\"og:image\" content=\"https:\/\/psol50.org.br\/inc\/uploads\/2018\/07\/capa.png\" \/>\n\t<meta property=\"og:image:width\" content=\"1350\" \/>\n\t<meta property=\"og:image:height\" content=\"900\" \/>\n\t<meta property=\"og:image:type\" content=\"image\/png\" \/>\n<meta name=\"author\" content=\"Comunica\u00e7\u00e3o PSOL\" \/>\n<meta name=\"twitter:card\" content=\"summary_large_image\" \/>\n<meta name=\"twitter:creator\" content=\"@psol50\" \/>\n<meta name=\"twitter:site\" content=\"@psol50\" \/>\n<meta name=\"twitter:label1\" content=\"Escrito por\" \/>\n\t<meta name=\"twitter:data1\" content=\"Comunica\u00e7\u00e3o PSOL\" \/>\n\t<meta name=\"twitter:label2\" content=\"Est. tempo de leitura\" \/>\n\t<meta name=\"twitter:data2\" content=\"3 minutos\" \/>\n<script type=\"application\/ld+json\" class=\"yoast-schema-graph\">{\"@context\":\"https:\/\/schema.org\",\"@graph\":[{\"@type\":\"Article\",\"@id\":\"https:\/\/psol50.org.br\/850-escolas-ocupadas-no-parana-contra-richa-e-temer\/#article\",\"isPartOf\":{\"@id\":\"https:\/\/psol50.org.br\/850-escolas-ocupadas-no-parana-contra-richa-e-temer\/\"},\"author\":{\"name\":\"Comunica\u00e7\u00e3o PSOL\",\"@id\":\"https:\/\/psol50.org.br\/#\/schema\/person\/475dfa57d0b815993c714c2e96491fcd\"},\"headline\":\"850 escolas ocupadas no Paran\u00e1 contra Richa e Temer\",\"datePublished\":\"2016-10-23T18:09:06+00:00\",\"mainEntityOfPage\":{\"@id\":\"https:\/\/psol50.org.br\/850-escolas-ocupadas-no-parana-contra-richa-e-temer\/\"},\"wordCount\":591,\"commentCount\":0,\"publisher\":{\"@id\":\"https:\/\/psol50.org.br\/#organization\"},\"image\":{\"@id\":\"https:\/\/psol50.org.br\/850-escolas-ocupadas-no-parana-contra-richa-e-temer\/#primaryimage\"},\"thumbnailUrl\":\"\",\"keywords\":[\"Beto Richa\",\"ensino m\u00e9dio\",\"Fora Cunha\",\"Fora Temer\",\"Michel Temer\",\"ocupa\u00e7\u00f5es\",\"PEC 241\",\"PSOL\",\"secundaristas\"],\"articleSection\":[\"Brasil\",\"Estados\",\"Movimento\",\"Not\u00edcias\"],\"inLanguage\":\"pt-BR\",\"potentialAction\":[{\"@type\":\"CommentAction\",\"name\":\"Comment\",\"target\":[\"https:\/\/psol50.org.br\/850-escolas-ocupadas-no-parana-contra-richa-e-temer\/#respond\"]}]},{\"@type\":\"WebPage\",\"@id\":\"https:\/\/psol50.org.br\/850-escolas-ocupadas-no-parana-contra-richa-e-temer\/\",\"url\":\"https:\/\/psol50.org.br\/850-escolas-ocupadas-no-parana-contra-richa-e-temer\/\",\"name\":\"850 escolas ocupadas no Paran\u00e1 contra Richa e Temer - PSOL 50\",\"isPartOf\":{\"@id\":\"https:\/\/psol50.org.br\/#website\"},\"primaryImageOfPage\":{\"@id\":\"https:\/\/psol50.org.br\/850-escolas-ocupadas-no-parana-contra-richa-e-temer\/#primaryimage\"},\"image\":{\"@id\":\"https:\/\/psol50.org.br\/850-escolas-ocupadas-no-parana-contra-richa-e-temer\/#primaryimage\"},\"thumbnailUrl\":\"\",\"datePublished\":\"2016-10-23T18:09:06+00:00\",\"breadcrumb\":{\"@id\":\"https:\/\/psol50.org.br\/850-escolas-ocupadas-no-parana-contra-richa-e-temer\/#breadcrumb\"},\"inLanguage\":\"pt-BR\",\"potentialAction\":[{\"@type\":\"ReadAction\",\"target\":[\"https:\/\/psol50.org.br\/850-escolas-ocupadas-no-parana-contra-richa-e-temer\/\"]}]},{\"@type\":\"ImageObject\",\"inLanguage\":\"pt-BR\",\"@id\":\"https:\/\/psol50.org.br\/850-escolas-ocupadas-no-parana-contra-richa-e-temer\/#primaryimage\",\"url\":\"\",\"contentUrl\":\"\"},{\"@type\":\"BreadcrumbList\",\"@id\":\"https:\/\/psol50.org.br\/850-escolas-ocupadas-no-parana-contra-richa-e-temer\/#breadcrumb\",\"itemListElement\":[{\"@type\":\"ListItem\",\"position\":1,\"name\":\"In\u00edcio\",\"item\":\"https:\/\/psol50.org.br\/\"},{\"@type\":\"ListItem\",\"position\":2,\"name\":\"850 escolas ocupadas no Paran\u00e1 contra Richa e Temer\"}]},{\"@type\":\"WebSite\",\"@id\":\"https:\/\/psol50.org.br\/#website\",\"url\":\"https:\/\/psol50.org.br\/\",\"name\":\"PSOL 50\",\"description\":\"Site oficial do Partido Socialismo e Liberdade\",\"publisher\":{\"@id\":\"https:\/\/psol50.org.br\/#organization\"},\"alternateName\":\"PSOL50\",\"potentialAction\":[{\"@type\":\"SearchAction\",\"target\":{\"@type\":\"EntryPoint\",\"urlTemplate\":\"https:\/\/psol50.org.br\/?s={search_term_string}\"},\"query-input\":{\"@type\":\"PropertyValueSpecification\",\"valueRequired\":true,\"valueName\":\"search_term_string\"}}],\"inLanguage\":\"pt-BR\"},{\"@type\":\"Organization\",\"@id\":\"https:\/\/psol50.org.br\/#organization\",\"name\":\"PSOL 50\",\"alternateName\":\"PSOL 50\",\"url\":\"https:\/\/psol50.org.br\/\",\"logo\":{\"@type\":\"ImageObject\",\"inLanguage\":\"pt-BR\",\"@id\":\"https:\/\/psol50.org.br\/#\/schema\/logo\/image\/\",\"url\":\"https:\/\/psol50.org.br\/inc\/uploads\/2018\/07\/capa.png\",\"contentUrl\":\"https:\/\/psol50.org.br\/inc\/uploads\/2018\/07\/capa.png\",\"width\":1350,\"height\":900,\"caption\":\"PSOL 50\"},\"image\":{\"@id\":\"https:\/\/psol50.org.br\/#\/schema\/logo\/image\/\"},\"sameAs\":[\"https:\/\/www.facebook.com\/psol50\",\"https:\/\/x.com\/psol50\",\"https:\/\/www.instagram.com\/psol50\/\",\"https:\/\/www.youtube.com\/channel\/UC7SnJS5o1os7a6CaiNabzcg\"]},{\"@type\":\"Person\",\"@id\":\"https:\/\/psol50.org.br\/#\/schema\/person\/475dfa57d0b815993c714c2e96491fcd\",\"name\":\"Comunica\u00e7\u00e3o PSOL\",\"image\":{\"@type\":\"ImageObject\",\"inLanguage\":\"pt-BR\",\"@id\":\"https:\/\/psol50.org.br\/#\/schema\/person\/image\/\",\"url\":\"https:\/\/secure.gravatar.com\/avatar\/b34fc4f4e468a4e51785917065a3db57b841f5c95dba6ad8c73aaf8f66f8f9bf?s=96&d=mm&r=g\",\"contentUrl\":\"https:\/\/secure.gravatar.com\/avatar\/b34fc4f4e468a4e51785917065a3db57b841f5c95dba6ad8c73aaf8f66f8f9bf?s=96&d=mm&r=g\",\"caption\":\"Comunica\u00e7\u00e3o PSOL\"}}]}<\/script>\n<!-- \/ Yoast SEO plugin. -->","yoast_head_json":{"title":"850 escolas ocupadas no Paran\u00e1 contra Richa e Temer - PSOL 50","robots":{"index":"index","follow":"follow","max-snippet":"max-snippet:-1","max-image-preview":"max-image-preview:large","max-video-preview":"max-video-preview:-1"},"canonical":"https:\/\/psol50.org.br\/850-escolas-ocupadas-no-parana-contra-richa-e-temer\/","og_locale":"pt_BR","og_type":"article","og_title":"850 escolas ocupadas no Paran\u00e1 contra Richa e Temer - PSOL 50","og_description":"Por Clarissa Viana, Larissa Rahmeier e Luiza Beghetto* J\u00e1 s\u00e3o mais de 850 escolas e 14 Universidades ocupadas no estado do Paran\u00e1, que recentemente foi palco de um dos maiores enfrentamentos j\u00e1 feitos contra um governador no campo da educa\u00e7\u00e3o. O dia 29 de abril de 2015, data na qual ocorreu o enfrentamento da Pol\u00edcia [&hellip;]","og_url":"https:\/\/psol50.org.br\/850-escolas-ocupadas-no-parana-contra-richa-e-temer\/","og_site_name":"PSOL 50","article_publisher":"https:\/\/www.facebook.com\/psol50","article_published_time":"2016-10-23T18:09:06+00:00","og_image":[{"width":1350,"height":900,"url":"https:\/\/psol50.org.br\/inc\/uploads\/2018\/07\/capa.png","type":"image\/png"}],"author":"Comunica\u00e7\u00e3o PSOL","twitter_card":"summary_large_image","twitter_creator":"@psol50","twitter_site":"@psol50","twitter_misc":{"Escrito por":"Comunica\u00e7\u00e3o PSOL","Est. tempo de leitura":"3 minutos"},"schema":{"@context":"https:\/\/schema.org","@graph":[{"@type":"Article","@id":"https:\/\/psol50.org.br\/850-escolas-ocupadas-no-parana-contra-richa-e-temer\/#article","isPartOf":{"@id":"https:\/\/psol50.org.br\/850-escolas-ocupadas-no-parana-contra-richa-e-temer\/"},"author":{"name":"Comunica\u00e7\u00e3o PSOL","@id":"https:\/\/psol50.org.br\/#\/schema\/person\/475dfa57d0b815993c714c2e96491fcd"},"headline":"850 escolas ocupadas no Paran\u00e1 contra Richa e Temer","datePublished":"2016-10-23T18:09:06+00:00","mainEntityOfPage":{"@id":"https:\/\/psol50.org.br\/850-escolas-ocupadas-no-parana-contra-richa-e-temer\/"},"wordCount":591,"commentCount":0,"publisher":{"@id":"https:\/\/psol50.org.br\/#organization"},"image":{"@id":"https:\/\/psol50.org.br\/850-escolas-ocupadas-no-parana-contra-richa-e-temer\/#primaryimage"},"thumbnailUrl":"","keywords":["Beto Richa","ensino m\u00e9dio","Fora Cunha","Fora Temer","Michel Temer","ocupa\u00e7\u00f5es","PEC 241","PSOL","secundaristas"],"articleSection":["Brasil","Estados","Movimento","Not\u00edcias"],"inLanguage":"pt-BR","potentialAction":[{"@type":"CommentAction","name":"Comment","target":["https:\/\/psol50.org.br\/850-escolas-ocupadas-no-parana-contra-richa-e-temer\/#respond"]}]},{"@type":"WebPage","@id":"https:\/\/psol50.org.br\/850-escolas-ocupadas-no-parana-contra-richa-e-temer\/","url":"https:\/\/psol50.org.br\/850-escolas-ocupadas-no-parana-contra-richa-e-temer\/","name":"850 escolas ocupadas no Paran\u00e1 contra Richa e Temer - PSOL 50","isPartOf":{"@id":"https:\/\/psol50.org.br\/#website"},"primaryImageOfPage":{"@id":"https:\/\/psol50.org.br\/850-escolas-ocupadas-no-parana-contra-richa-e-temer\/#primaryimage"},"image":{"@id":"https:\/\/psol50.org.br\/850-escolas-ocupadas-no-parana-contra-richa-e-temer\/#primaryimage"},"thumbnailUrl":"","datePublished":"2016-10-23T18:09:06+00:00","breadcrumb":{"@id":"https:\/\/psol50.org.br\/850-escolas-ocupadas-no-parana-contra-richa-e-temer\/#breadcrumb"},"inLanguage":"pt-BR","potentialAction":[{"@type":"ReadAction","target":["https:\/\/psol50.org.br\/850-escolas-ocupadas-no-parana-contra-richa-e-temer\/"]}]},{"@type":"ImageObject","inLanguage":"pt-BR","@id":"https:\/\/psol50.org.br\/850-escolas-ocupadas-no-parana-contra-richa-e-temer\/#primaryimage","url":"","contentUrl":""},{"@type":"BreadcrumbList","@id":"https:\/\/psol50.org.br\/850-escolas-ocupadas-no-parana-contra-richa-e-temer\/#breadcrumb","itemListElement":[{"@type":"ListItem","position":1,"name":"In\u00edcio","item":"https:\/\/psol50.org.br\/"},{"@type":"ListItem","position":2,"name":"850 escolas ocupadas no Paran\u00e1 contra Richa e Temer"}]},{"@type":"WebSite","@id":"https:\/\/psol50.org.br\/#website","url":"https:\/\/psol50.org.br\/","name":"PSOL 50","description":"Site oficial do Partido Socialismo e Liberdade","publisher":{"@id":"https:\/\/psol50.org.br\/#organization"},"alternateName":"PSOL50","potentialAction":[{"@type":"SearchAction","target":{"@type":"EntryPoint","urlTemplate":"https:\/\/psol50.org.br\/?s={search_term_string}"},"query-input":{"@type":"PropertyValueSpecification","valueRequired":true,"valueName":"search_term_string"}}],"inLanguage":"pt-BR"},{"@type":"Organization","@id":"https:\/\/psol50.org.br\/#organization","name":"PSOL 50","alternateName":"PSOL 50","url":"https:\/\/psol50.org.br\/","logo":{"@type":"ImageObject","inLanguage":"pt-BR","@id":"https:\/\/psol50.org.br\/#\/schema\/logo\/image\/","url":"https:\/\/psol50.org.br\/inc\/uploads\/2018\/07\/capa.png","contentUrl":"https:\/\/psol50.org.br\/inc\/uploads\/2018\/07\/capa.png","width":1350,"height":900,"caption":"PSOL 50"},"image":{"@id":"https:\/\/psol50.org.br\/#\/schema\/logo\/image\/"},"sameAs":["https:\/\/www.facebook.com\/psol50","https:\/\/x.com\/psol50","https:\/\/www.instagram.com\/psol50\/","https:\/\/www.youtube.com\/channel\/UC7SnJS5o1os7a6CaiNabzcg"]},{"@type":"Person","@id":"https:\/\/psol50.org.br\/#\/schema\/person\/475dfa57d0b815993c714c2e96491fcd","name":"Comunica\u00e7\u00e3o PSOL","image":{"@type":"ImageObject","inLanguage":"pt-BR","@id":"https:\/\/psol50.org.br\/#\/schema\/person\/image\/","url":"https:\/\/secure.gravatar.com\/avatar\/b34fc4f4e468a4e51785917065a3db57b841f5c95dba6ad8c73aaf8f66f8f9bf?s=96&d=mm&r=g","contentUrl":"https:\/\/secure.gravatar.com\/avatar\/b34fc4f4e468a4e51785917065a3db57b841f5c95dba6ad8c73aaf8f66f8f9bf?s=96&d=mm&r=g","caption":"Comunica\u00e7\u00e3o PSOL"}}]}},"_links":{"self":[{"href":"https:\/\/psol50.org.br\/rest\/wp\/v2\/posts\/14316","targetHints":{"allow":["GET"]}}],"collection":[{"href":"https:\/\/psol50.org.br\/rest\/wp\/v2\/posts"}],"about":[{"href":"https:\/\/psol50.org.br\/rest\/wp\/v2\/types\/post"}],"author":[{"embeddable":true,"href":"https:\/\/psol50.org.br\/rest\/wp\/v2\/users\/2"}],"replies":[{"embeddable":true,"href":"https:\/\/psol50.org.br\/rest\/wp\/v2\/comments?post=14316"}],"version-history":[{"count":0,"href":"https:\/\/psol50.org.br\/rest\/wp\/v2\/posts\/14316\/revisions"}],"wp:featuredmedia":[{"embeddable":true,"href":"https:\/\/psol50.org.br\/rest\/"}],"wp:attachment":[{"href":"https:\/\/psol50.org.br\/rest\/wp\/v2\/media?parent=14316"}],"wp:term":[{"taxonomy":"category","embeddable":true,"href":"https:\/\/psol50.org.br\/rest\/wp\/v2\/categories?post=14316"},{"taxonomy":"post_tag","embeddable":true,"href":"https:\/\/psol50.org.br\/rest\/wp\/v2\/tags?post=14316"}],"curies":[{"name":"wp","href":"https:\/\/api.w.org\/{rel}","templated":true}]}}