{"id":14323,"date":"2016-10-24T13:09:36","date_gmt":"2016-10-24T13:09:36","guid":{"rendered":"http:\/\/www.psol50.org.br\/?p=14323"},"modified":"2016-10-24T13:09:36","modified_gmt":"2016-10-24T13:09:36","slug":"frentes-de-movimentos-realizam-manifestacoes-contra-a-pec-241-em-varias-cidades","status":"publish","type":"post","link":"https:\/\/psol50.org.br\/frentes-de-movimentos-realizam-manifestacoes-contra-a-pec-241-em-varias-cidades\/","title":{"rendered":"Frentes de movimentos realizam manifesta\u00e7\u00f5es contra a PEC 241 em v\u00e1rias cidades"},"content":{"rendered":"<p>As frentes de movimentos sociais\u00a0Povo Sem Medo e Brasil Popular realizam nesta segunda e ter\u00e7a-feira (24 e 25) em v\u00e1rias capitais atos contra a Proposta de Emenda Constitucional 241, a chamada PEC do Fim do Mundo, que congela gastos sociais por duas d\u00e9cadas do pa\u00eds.<\/p>\n<p>Os movimentos acompanham uma crescente onda de manifesta\u00e7\u00f5es que ocorre em todo o pa\u00eds, seja nas centenas de ocupa\u00e7\u00f5es de institui\u00e7\u00f5es de ensino ou em grandes atos de rua. Desde a semana passada as manifesta\u00e7\u00f5es reuniram milhares nas ruas de v\u00e1rias capitais, como S\u00e3o Paulo, Rio de Janeiro e Belo Horizonte. E promete seguir hoje e amanh\u00e3, quando a PEC ser\u00e1 votada em segundo turno no plen\u00e1rio da C\u00e2mara.<\/p>\n<p>A PEC, de autoria do governo de Michel Temer,\u00a0<span style=\"color: #0000ff\"><strong><a style=\"color: #0000ff\" href=\"http:\/\/www.psol50.org.br\/blog\/2016\/10\/11\/pec-241-e-aprovada-em-primeiro-turno-na-camara-dos-deputados\/\">foi aprovada em primeiro turno<\/a><\/strong><\/span>\u00a0pela C\u00e2mara dos Deputados no \u00faltimo dia\u00a010, por 366 votos favor\u00e1veis, 111 contr\u00e1rios e 2 absten\u00e7\u00f5es.<\/p>\n<p>Para essa semana, a expectativa da coordena\u00e7\u00e3o da Povo Sem Medo \u00e9 que ocorram atos em pelo menos dez capitais do pa\u00eds, al\u00e9m de cidades menores. No Rio de Janeiro e em Bras\u00edlia a manifesta\u00e7\u00e3o ser\u00e1 nesta segunda-feira, com concentra\u00e7\u00e3o <strong><a href=\"https:\/\/www.facebook.com\/events\/920846154727056\/\" target=\"_blank\" rel=\"noopener\"><span style=\"color: #0000ff\">\u00e0s 17h, na Candel\u00e1ri<\/span><\/a><span style=\"color: #0000ff\">a<\/span><\/strong>, e<a href=\"https:\/\/www.facebook.com\/events\/1795977763982501\/\" target=\"_blank\" rel=\"noopener\"><strong><span style=\"color: #0000ff\"> \u00e0s 18h, no Museu Nacional<\/span><\/strong><\/a>. \u00a0J\u00e1 em S\u00e3o Paulo o ato foi transferido para esta ter\u00e7a-feira (25), <strong><span style=\"color: #0000ff\">\u00e0<\/span><\/strong><a href=\"https:\/\/www.facebook.com\/events\/532213383655950\/\" target=\"_blank\" rel=\"noopener\"><strong><span style=\"color: #0000ff\">s 17h, no MASP<\/span><\/strong><\/a>.<\/p>\n<p>Voc\u00ea pode acompanhar a agenda na\u00a0<span style=\"color: #0000ff\"><strong><a style=\"color: #0000ff\" href=\"https:\/\/www.facebook.com\/povosemmedonacional\/\">p\u00e1gina da Povo Sem Medo<\/a><\/strong><\/span>\u00a0no Facebook.<\/p>\n<p>&nbsp;<\/p>\n<p>&nbsp;<\/p>\n","protected":false},"excerpt":{"rendered":"<p>As frentes de movimentos sociais\u00a0Povo Sem Medo e Brasil Popular realizam nesta segunda e ter\u00e7a-feira (24 e 25) em v\u00e1rias capitais atos contra a Proposta de Emenda Constitucional 241, a chamada PEC do Fim do Mundo, que congela gastos sociais por duas d\u00e9cadas do pa\u00eds. Os movimentos acompanham uma crescente onda de manifesta\u00e7\u00f5es que ocorre [&hellip;]<\/p>\n","protected":false},"author":2,"featured_media":14325,"comment_status":"open","ping_status":"open","sticky":false,"template":"","format":"standard","meta":{"_acf_changed":false,"footnotes":""},"categories":[1882,1104],"tags":[313,616,314,1748,4560,1945,162,117,4624],"class_list":{"0":"post-14323","1":"post","2":"type-post","3":"status-publish","4":"format-standard","5":"has-post-thumbnail","7":"category-brasil","8":"category-movimento","9":"tag-atos","10":"tag-brasilia","11":"tag-manifestacoes","12":"tag-michel-temer","13":"tag-pec-241","14":"tag-povo-sem-medo","15":"tag-rio-de-janeiro","16":"tag-sao-paulo","17":"tag-teto-dos-gastos-publicos"},"acf":[],"yoast_head":"<!-- This site is optimized with the Yoast SEO plugin v26.5 - https:\/\/yoast.com\/wordpress\/plugins\/seo\/ -->\n<title>Frentes de movimentos realizam manifesta\u00e7\u00f5es contra a PEC 241 em v\u00e1rias cidades - PSOL 50<\/title>\n<meta name=\"robots\" content=\"index, follow, max-snippet:-1, max-image-preview:large, max-video-preview:-1\" \/>\n<link rel=\"canonical\" href=\"https:\/\/psol50.org.br\/frentes-de-movimentos-realizam-manifestacoes-contra-a-pec-241-em-varias-cidades\/\" \/>\n<meta property=\"og:locale\" content=\"pt_BR\" \/>\n<meta property=\"og:type\" content=\"article\" \/>\n<meta property=\"og:title\" content=\"Frentes de movimentos realizam manifesta\u00e7\u00f5es contra a PEC 241 em v\u00e1rias cidades - PSOL 50\" \/>\n<meta property=\"og:description\" content=\"As frentes de movimentos sociais\u00a0Povo Sem Medo e Brasil Popular realizam nesta segunda e ter\u00e7a-feira (24 e 25) em v\u00e1rias capitais atos contra a Proposta de Emenda Constitucional 241, a chamada PEC do Fim do Mundo, que congela gastos sociais por duas d\u00e9cadas do pa\u00eds. Os movimentos acompanham uma crescente onda de manifesta\u00e7\u00f5es que ocorre [&hellip;]\" \/>\n<meta property=\"og:url\" content=\"https:\/\/psol50.org.br\/frentes-de-movimentos-realizam-manifestacoes-contra-a-pec-241-em-varias-cidades\/\" \/>\n<meta property=\"og:site_name\" content=\"PSOL 50\" \/>\n<meta property=\"article:publisher\" content=\"https:\/\/www.facebook.com\/psol50\" \/>\n<meta property=\"article:published_time\" content=\"2016-10-24T13:09:36+00:00\" \/>\n<meta property=\"og:image\" content=\"https:\/\/psol50.org.br\/inc\/uploads\/2016\/10\/contraPEC241-NINJA-1.jpg\" \/>\n\t<meta property=\"og:image:width\" content=\"1350\" \/>\n\t<meta property=\"og:image:height\" content=\"900\" \/>\n\t<meta property=\"og:image:type\" content=\"image\/jpeg\" \/>\n<meta name=\"author\" content=\"Comunica\u00e7\u00e3o PSOL\" \/>\n<meta name=\"twitter:card\" content=\"summary_large_image\" \/>\n<meta name=\"twitter:creator\" content=\"@psol50\" \/>\n<meta name=\"twitter:site\" content=\"@psol50\" \/>\n<meta name=\"twitter:label1\" content=\"Escrito por\" \/>\n\t<meta name=\"twitter:data1\" content=\"Comunica\u00e7\u00e3o PSOL\" \/>\n\t<meta name=\"twitter:label2\" content=\"Est. tempo de leitura\" \/>\n\t<meta name=\"twitter:data2\" content=\"1 minuto\" \/>\n<script type=\"application\/ld+json\" class=\"yoast-schema-graph\">{\"@context\":\"https:\/\/schema.org\",\"@graph\":[{\"@type\":\"Article\",\"@id\":\"https:\/\/psol50.org.br\/frentes-de-movimentos-realizam-manifestacoes-contra-a-pec-241-em-varias-cidades\/#article\",\"isPartOf\":{\"@id\":\"https:\/\/psol50.org.br\/frentes-de-movimentos-realizam-manifestacoes-contra-a-pec-241-em-varias-cidades\/\"},\"author\":{\"name\":\"Comunica\u00e7\u00e3o PSOL\",\"@id\":\"https:\/\/psol50.org.br\/#\/schema\/person\/475dfa57d0b815993c714c2e96491fcd\"},\"headline\":\"Frentes de movimentos realizam manifesta\u00e7\u00f5es contra a PEC 241 em v\u00e1rias cidades\",\"datePublished\":\"2016-10-24T13:09:36+00:00\",\"mainEntityOfPage\":{\"@id\":\"https:\/\/psol50.org.br\/frentes-de-movimentos-realizam-manifestacoes-contra-a-pec-241-em-varias-cidades\/\"},\"wordCount\":259,\"commentCount\":0,\"publisher\":{\"@id\":\"https:\/\/psol50.org.br\/#organization\"},\"image\":{\"@id\":\"https:\/\/psol50.org.br\/frentes-de-movimentos-realizam-manifestacoes-contra-a-pec-241-em-varias-cidades\/#primaryimage\"},\"thumbnailUrl\":\"https:\/\/psol50.org.br\/inc\/uploads\/2016\/10\/contraPEC241-NINJA-1.jpg\",\"keywords\":[\"atos\",\"Bras\u00edlia\",\"manifesta\u00e7\u00f5es\",\"Michel Temer\",\"PEC 241\",\"Povo Sem medo\",\"Rio de Janeiro\",\"S\u00e3o Paulo\",\"teto dos gastos p\u00fablicos\"],\"articleSection\":[\"Brasil\",\"Movimento\"],\"inLanguage\":\"pt-BR\",\"potentialAction\":[{\"@type\":\"CommentAction\",\"name\":\"Comment\",\"target\":[\"https:\/\/psol50.org.br\/frentes-de-movimentos-realizam-manifestacoes-contra-a-pec-241-em-varias-cidades\/#respond\"]}]},{\"@type\":\"WebPage\",\"@id\":\"https:\/\/psol50.org.br\/frentes-de-movimentos-realizam-manifestacoes-contra-a-pec-241-em-varias-cidades\/\",\"url\":\"https:\/\/psol50.org.br\/frentes-de-movimentos-realizam-manifestacoes-contra-a-pec-241-em-varias-cidades\/\",\"name\":\"Frentes de movimentos realizam manifesta\u00e7\u00f5es contra a PEC 241 em v\u00e1rias cidades - PSOL 50\",\"isPartOf\":{\"@id\":\"https:\/\/psol50.org.br\/#website\"},\"primaryImageOfPage\":{\"@id\":\"https:\/\/psol50.org.br\/frentes-de-movimentos-realizam-manifestacoes-contra-a-pec-241-em-varias-cidades\/#primaryimage\"},\"image\":{\"@id\":\"https:\/\/psol50.org.br\/frentes-de-movimentos-realizam-manifestacoes-contra-a-pec-241-em-varias-cidades\/#primaryimage\"},\"thumbnailUrl\":\"https:\/\/psol50.org.br\/inc\/uploads\/2016\/10\/contraPEC241-NINJA-1.jpg\",\"datePublished\":\"2016-10-24T13:09:36+00:00\",\"breadcrumb\":{\"@id\":\"https:\/\/psol50.org.br\/frentes-de-movimentos-realizam-manifestacoes-contra-a-pec-241-em-varias-cidades\/#breadcrumb\"},\"inLanguage\":\"pt-BR\",\"potentialAction\":[{\"@type\":\"ReadAction\",\"target\":[\"https:\/\/psol50.org.br\/frentes-de-movimentos-realizam-manifestacoes-contra-a-pec-241-em-varias-cidades\/\"]}]},{\"@type\":\"ImageObject\",\"inLanguage\":\"pt-BR\",\"@id\":\"https:\/\/psol50.org.br\/frentes-de-movimentos-realizam-manifestacoes-contra-a-pec-241-em-varias-cidades\/#primaryimage\",\"url\":\"https:\/\/psol50.org.br\/inc\/uploads\/2016\/10\/contraPEC241-NINJA-1.jpg\",\"contentUrl\":\"https:\/\/psol50.org.br\/inc\/uploads\/2016\/10\/contraPEC241-NINJA-1.jpg\",\"width\":1350,\"height\":900},{\"@type\":\"BreadcrumbList\",\"@id\":\"https:\/\/psol50.org.br\/frentes-de-movimentos-realizam-manifestacoes-contra-a-pec-241-em-varias-cidades\/#breadcrumb\",\"itemListElement\":[{\"@type\":\"ListItem\",\"position\":1,\"name\":\"In\u00edcio\",\"item\":\"https:\/\/psol50.org.br\/\"},{\"@type\":\"ListItem\",\"position\":2,\"name\":\"Frentes de movimentos realizam manifesta\u00e7\u00f5es contra a PEC 241 em v\u00e1rias cidades\"}]},{\"@type\":\"WebSite\",\"@id\":\"https:\/\/psol50.org.br\/#website\",\"url\":\"https:\/\/psol50.org.br\/\",\"name\":\"PSOL 50\",\"description\":\"Site oficial do Partido Socialismo e Liberdade\",\"publisher\":{\"@id\":\"https:\/\/psol50.org.br\/#organization\"},\"alternateName\":\"PSOL50\",\"potentialAction\":[{\"@type\":\"SearchAction\",\"target\":{\"@type\":\"EntryPoint\",\"urlTemplate\":\"https:\/\/psol50.org.br\/?s={search_term_string}\"},\"query-input\":{\"@type\":\"PropertyValueSpecification\",\"valueRequired\":true,\"valueName\":\"search_term_string\"}}],\"inLanguage\":\"pt-BR\"},{\"@type\":\"Organization\",\"@id\":\"https:\/\/psol50.org.br\/#organization\",\"name\":\"PSOL 50\",\"alternateName\":\"PSOL 50\",\"url\":\"https:\/\/psol50.org.br\/\",\"logo\":{\"@type\":\"ImageObject\",\"inLanguage\":\"pt-BR\",\"@id\":\"https:\/\/psol50.org.br\/#\/schema\/logo\/image\/\",\"url\":\"https:\/\/psol50.org.br\/inc\/uploads\/2018\/07\/capa.png\",\"contentUrl\":\"https:\/\/psol50.org.br\/inc\/uploads\/2018\/07\/capa.png\",\"width\":1350,\"height\":900,\"caption\":\"PSOL 50\"},\"image\":{\"@id\":\"https:\/\/psol50.org.br\/#\/schema\/logo\/image\/\"},\"sameAs\":[\"https:\/\/www.facebook.com\/psol50\",\"https:\/\/x.com\/psol50\",\"https:\/\/www.instagram.com\/psol50\/\",\"https:\/\/www.youtube.com\/channel\/UC7SnJS5o1os7a6CaiNabzcg\"]},{\"@type\":\"Person\",\"@id\":\"https:\/\/psol50.org.br\/#\/schema\/person\/475dfa57d0b815993c714c2e96491fcd\",\"name\":\"Comunica\u00e7\u00e3o PSOL\",\"image\":{\"@type\":\"ImageObject\",\"inLanguage\":\"pt-BR\",\"@id\":\"https:\/\/psol50.org.br\/#\/schema\/person\/image\/\",\"url\":\"https:\/\/secure.gravatar.com\/avatar\/b34fc4f4e468a4e51785917065a3db57b841f5c95dba6ad8c73aaf8f66f8f9bf?s=96&d=mm&r=g\",\"contentUrl\":\"https:\/\/secure.gravatar.com\/avatar\/b34fc4f4e468a4e51785917065a3db57b841f5c95dba6ad8c73aaf8f66f8f9bf?s=96&d=mm&r=g\",\"caption\":\"Comunica\u00e7\u00e3o PSOL\"}}]}<\/script>\n<!-- \/ Yoast SEO plugin. -->","yoast_head_json":{"title":"Frentes de movimentos realizam manifesta\u00e7\u00f5es contra a PEC 241 em v\u00e1rias cidades - PSOL 50","robots":{"index":"index","follow":"follow","max-snippet":"max-snippet:-1","max-image-preview":"max-image-preview:large","max-video-preview":"max-video-preview:-1"},"canonical":"https:\/\/psol50.org.br\/frentes-de-movimentos-realizam-manifestacoes-contra-a-pec-241-em-varias-cidades\/","og_locale":"pt_BR","og_type":"article","og_title":"Frentes de movimentos realizam manifesta\u00e7\u00f5es contra a PEC 241 em v\u00e1rias cidades - PSOL 50","og_description":"As frentes de movimentos sociais\u00a0Povo Sem Medo e Brasil Popular realizam nesta segunda e ter\u00e7a-feira (24 e 25) em v\u00e1rias capitais atos contra a Proposta de Emenda Constitucional 241, a chamada PEC do Fim do Mundo, que congela gastos sociais por duas d\u00e9cadas do pa\u00eds. Os movimentos acompanham uma crescente onda de manifesta\u00e7\u00f5es que ocorre [&hellip;]","og_url":"https:\/\/psol50.org.br\/frentes-de-movimentos-realizam-manifestacoes-contra-a-pec-241-em-varias-cidades\/","og_site_name":"PSOL 50","article_publisher":"https:\/\/www.facebook.com\/psol50","article_published_time":"2016-10-24T13:09:36+00:00","og_image":[{"width":1350,"height":900,"url":"https:\/\/psol50.org.br\/inc\/uploads\/2016\/10\/contraPEC241-NINJA-1.jpg","type":"image\/jpeg"}],"author":"Comunica\u00e7\u00e3o PSOL","twitter_card":"summary_large_image","twitter_creator":"@psol50","twitter_site":"@psol50","twitter_misc":{"Escrito por":"Comunica\u00e7\u00e3o PSOL","Est. tempo de leitura":"1 minuto"},"schema":{"@context":"https:\/\/schema.org","@graph":[{"@type":"Article","@id":"https:\/\/psol50.org.br\/frentes-de-movimentos-realizam-manifestacoes-contra-a-pec-241-em-varias-cidades\/#article","isPartOf":{"@id":"https:\/\/psol50.org.br\/frentes-de-movimentos-realizam-manifestacoes-contra-a-pec-241-em-varias-cidades\/"},"author":{"name":"Comunica\u00e7\u00e3o PSOL","@id":"https:\/\/psol50.org.br\/#\/schema\/person\/475dfa57d0b815993c714c2e96491fcd"},"headline":"Frentes de movimentos realizam manifesta\u00e7\u00f5es contra a PEC 241 em v\u00e1rias cidades","datePublished":"2016-10-24T13:09:36+00:00","mainEntityOfPage":{"@id":"https:\/\/psol50.org.br\/frentes-de-movimentos-realizam-manifestacoes-contra-a-pec-241-em-varias-cidades\/"},"wordCount":259,"commentCount":0,"publisher":{"@id":"https:\/\/psol50.org.br\/#organization"},"image":{"@id":"https:\/\/psol50.org.br\/frentes-de-movimentos-realizam-manifestacoes-contra-a-pec-241-em-varias-cidades\/#primaryimage"},"thumbnailUrl":"https:\/\/psol50.org.br\/inc\/uploads\/2016\/10\/contraPEC241-NINJA-1.jpg","keywords":["atos","Bras\u00edlia","manifesta\u00e7\u00f5es","Michel Temer","PEC 241","Povo Sem medo","Rio de Janeiro","S\u00e3o Paulo","teto dos gastos p\u00fablicos"],"articleSection":["Brasil","Movimento"],"inLanguage":"pt-BR","potentialAction":[{"@type":"CommentAction","name":"Comment","target":["https:\/\/psol50.org.br\/frentes-de-movimentos-realizam-manifestacoes-contra-a-pec-241-em-varias-cidades\/#respond"]}]},{"@type":"WebPage","@id":"https:\/\/psol50.org.br\/frentes-de-movimentos-realizam-manifestacoes-contra-a-pec-241-em-varias-cidades\/","url":"https:\/\/psol50.org.br\/frentes-de-movimentos-realizam-manifestacoes-contra-a-pec-241-em-varias-cidades\/","name":"Frentes de movimentos realizam manifesta\u00e7\u00f5es contra a PEC 241 em v\u00e1rias cidades - PSOL 50","isPartOf":{"@id":"https:\/\/psol50.org.br\/#website"},"primaryImageOfPage":{"@id":"https:\/\/psol50.org.br\/frentes-de-movimentos-realizam-manifestacoes-contra-a-pec-241-em-varias-cidades\/#primaryimage"},"image":{"@id":"https:\/\/psol50.org.br\/frentes-de-movimentos-realizam-manifestacoes-contra-a-pec-241-em-varias-cidades\/#primaryimage"},"thumbnailUrl":"https:\/\/psol50.org.br\/inc\/uploads\/2016\/10\/contraPEC241-NINJA-1.jpg","datePublished":"2016-10-24T13:09:36+00:00","breadcrumb":{"@id":"https:\/\/psol50.org.br\/frentes-de-movimentos-realizam-manifestacoes-contra-a-pec-241-em-varias-cidades\/#breadcrumb"},"inLanguage":"pt-BR","potentialAction":[{"@type":"ReadAction","target":["https:\/\/psol50.org.br\/frentes-de-movimentos-realizam-manifestacoes-contra-a-pec-241-em-varias-cidades\/"]}]},{"@type":"ImageObject","inLanguage":"pt-BR","@id":"https:\/\/psol50.org.br\/frentes-de-movimentos-realizam-manifestacoes-contra-a-pec-241-em-varias-cidades\/#primaryimage","url":"https:\/\/psol50.org.br\/inc\/uploads\/2016\/10\/contraPEC241-NINJA-1.jpg","contentUrl":"https:\/\/psol50.org.br\/inc\/uploads\/2016\/10\/contraPEC241-NINJA-1.jpg","width":1350,"height":900},{"@type":"BreadcrumbList","@id":"https:\/\/psol50.org.br\/frentes-de-movimentos-realizam-manifestacoes-contra-a-pec-241-em-varias-cidades\/#breadcrumb","itemListElement":[{"@type":"ListItem","position":1,"name":"In\u00edcio","item":"https:\/\/psol50.org.br\/"},{"@type":"ListItem","position":2,"name":"Frentes de movimentos realizam manifesta\u00e7\u00f5es contra a PEC 241 em v\u00e1rias cidades"}]},{"@type":"WebSite","@id":"https:\/\/psol50.org.br\/#website","url":"https:\/\/psol50.org.br\/","name":"PSOL 50","description":"Site oficial do Partido Socialismo e Liberdade","publisher":{"@id":"https:\/\/psol50.org.br\/#organization"},"alternateName":"PSOL50","potentialAction":[{"@type":"SearchAction","target":{"@type":"EntryPoint","urlTemplate":"https:\/\/psol50.org.br\/?s={search_term_string}"},"query-input":{"@type":"PropertyValueSpecification","valueRequired":true,"valueName":"search_term_string"}}],"inLanguage":"pt-BR"},{"@type":"Organization","@id":"https:\/\/psol50.org.br\/#organization","name":"PSOL 50","alternateName":"PSOL 50","url":"https:\/\/psol50.org.br\/","logo":{"@type":"ImageObject","inLanguage":"pt-BR","@id":"https:\/\/psol50.org.br\/#\/schema\/logo\/image\/","url":"https:\/\/psol50.org.br\/inc\/uploads\/2018\/07\/capa.png","contentUrl":"https:\/\/psol50.org.br\/inc\/uploads\/2018\/07\/capa.png","width":1350,"height":900,"caption":"PSOL 50"},"image":{"@id":"https:\/\/psol50.org.br\/#\/schema\/logo\/image\/"},"sameAs":["https:\/\/www.facebook.com\/psol50","https:\/\/x.com\/psol50","https:\/\/www.instagram.com\/psol50\/","https:\/\/www.youtube.com\/channel\/UC7SnJS5o1os7a6CaiNabzcg"]},{"@type":"Person","@id":"https:\/\/psol50.org.br\/#\/schema\/person\/475dfa57d0b815993c714c2e96491fcd","name":"Comunica\u00e7\u00e3o PSOL","image":{"@type":"ImageObject","inLanguage":"pt-BR","@id":"https:\/\/psol50.org.br\/#\/schema\/person\/image\/","url":"https:\/\/secure.gravatar.com\/avatar\/b34fc4f4e468a4e51785917065a3db57b841f5c95dba6ad8c73aaf8f66f8f9bf?s=96&d=mm&r=g","contentUrl":"https:\/\/secure.gravatar.com\/avatar\/b34fc4f4e468a4e51785917065a3db57b841f5c95dba6ad8c73aaf8f66f8f9bf?s=96&d=mm&r=g","caption":"Comunica\u00e7\u00e3o PSOL"}}]}},"_links":{"self":[{"href":"https:\/\/psol50.org.br\/rest\/wp\/v2\/posts\/14323","targetHints":{"allow":["GET"]}}],"collection":[{"href":"https:\/\/psol50.org.br\/rest\/wp\/v2\/posts"}],"about":[{"href":"https:\/\/psol50.org.br\/rest\/wp\/v2\/types\/post"}],"author":[{"embeddable":true,"href":"https:\/\/psol50.org.br\/rest\/wp\/v2\/users\/2"}],"replies":[{"embeddable":true,"href":"https:\/\/psol50.org.br\/rest\/wp\/v2\/comments?post=14323"}],"version-history":[{"count":0,"href":"https:\/\/psol50.org.br\/rest\/wp\/v2\/posts\/14323\/revisions"}],"wp:featuredmedia":[{"embeddable":true,"href":"https:\/\/psol50.org.br\/rest\/wp\/v2\/media\/14325"}],"wp:attachment":[{"href":"https:\/\/psol50.org.br\/rest\/wp\/v2\/media?parent=14323"}],"wp:term":[{"taxonomy":"category","embeddable":true,"href":"https:\/\/psol50.org.br\/rest\/wp\/v2\/categories?post=14323"},{"taxonomy":"post_tag","embeddable":true,"href":"https:\/\/psol50.org.br\/rest\/wp\/v2\/tags?post=14323"}],"curies":[{"name":"wp","href":"https:\/\/api.w.org\/{rel}","templated":true}]}}