{"id":14328,"date":"2016-10-24T19:13:03","date_gmt":"2016-10-24T19:13:03","guid":{"rendered":"http:\/\/www.psol50.org.br\/?p=14328"},"modified":"2016-10-24T19:13:03","modified_gmt":"2016-10-24T19:13:03","slug":"pec-241-sera-votada-nesta-terca-feira-25-em-segundo-turno-na-camara","status":"publish","type":"post","link":"https:\/\/psol50.org.br\/pec-241-sera-votada-nesta-terca-feira-25-em-segundo-turno-na-camara\/","title":{"rendered":"PEC 241 ser\u00e1 votada nesta ter\u00e7a-feira (25) em segundo turno na C\u00e2mara"},"content":{"rendered":"<p style=\"text-align: justify\"><span style=\"font-weight: 400\">A Proposta de Emenda \u00e0 Constitui\u00e7\u00e3o 241, que limita\u00a0os investimentos p\u00fablicos\u00a0por 20 anos, enviada\u00a0por Michel Temer ao Congresso Nacional, continua rumo \u00e0 aprova\u00e7\u00e3o. Nesta\u00a0ter\u00e7a-feira (25) a PEC ser\u00e1 votada em\u00a0segundo turno no plen\u00e1rio da C\u00e2mara dos Deputados. Caso ela seja aprovada, ser\u00e1 enviada para o Senado, onde tramitar\u00e1 na Comiss\u00e3o de Constitui\u00e7\u00e3o e Justi\u00e7a e em seguida enviada para a aprecia\u00e7\u00e3o do plen\u00e1rio da Casa.<\/span><\/p>\n<p>O presidente da C\u00e2mara, Rodrigo Maia (DEM-RJ),\u00a0realizar\u00e1 um jantar para 400 parlamentares\u00a0na noite de hoje (24) para &#8216;garantir a presen\u00e7a da base aliada&#8217;. A estrat\u00e9gia \u00e9 semelhante a de Michel Temer, que <a href=\"http:\/\/www.psol50.org.br\/blog\/2016\/10\/10\/no-vale-tudo-para-aprovar-a-pec-241-temer-oferece-jantar-e-exonera-ministros-para-poderem-votar\/\" target=\"_blank\" rel=\"noopener\"><span style=\"color: #3366ff\">tamb\u00e9m ofereceu um jantar<\/span> <\/a>\u00e0s v\u00e9speras da vota\u00e7\u00e3o da PEC em primeiro turno.<\/p>\n<p>A alega\u00e7\u00e3o do governo para a proposta \u00e9, como sempre, a crise econ\u00f4mica que o pa\u00eds enfrenta. Os <span style=\"color: #3366ff\"><a style=\"color: #3366ff\" href=\"http:\/\/www.diariodocentrodomundo.com.br\/essencial\/governo-temer-aumenta-em-78-publicidade-na-folhauol\/\" target=\"_blank\" rel=\"noopener\">gastos com publicidade<\/a><\/span> do governo ileg\u00edtimo com ve\u00edculos que apoiam suas medidas, por\u00e9m, n\u00e3o param de crescer. Em alguns ve\u00edculos o aumento foi de dez\u00a0vezes em rela\u00e7\u00e3o ao \u00faltimo ano<span style=\"font-weight: 400\">.<\/span><\/p>\n<p>O PSOL sempre se op\u00f4s \u00e0 &#8220;PEC do Fim do Mundo&#8221;, que n\u00e3o resolve a crise econ\u00f4mica e transfere a responsabilidade para a classe\u00a0trabalhadora. Confira, abaixo, a fala do deputado Chico Alencar (RJ).<\/p>\n<p>&nbsp;<\/p>\n<p><iframe loading=\"lazy\" title=\"&quot;Esta PEC agrava a nossa crise&quot;\" width=\"696\" height=\"392\" src=\"https:\/\/www.youtube.com\/embed\/2pmOm-82k48?feature=oembed\" frameborder=\"0\" allow=\"accelerometer; autoplay; clipboard-write; encrypted-media; gyroscope; picture-in-picture\" allowfullscreen><\/iframe><\/p>\n<p style=\"text-align: justify\"><span style=\"font-weight: 400\"><br \/>\n<\/span><span style=\"font-weight: 400\"><strong>Rea\u00e7\u00e3o aos ataques<\/strong><br \/>\n<\/span><span style=\"font-weight: 400\">Embora o governo conte com ampla maioria no Congresso Nacional, <span style=\"color: #3366ff\"><a style=\"color: #3366ff\" href=\"http:\/\/www.psol50.org.br\/blog\/2016\/10\/17\/em-varias-cidades-movimentos-protestam-contra-pec-241-e-a-politica-de-michel-temer\/\" target=\"_blank\" rel=\"noopener\">a popula\u00e7\u00e3o reage ao golpe<\/a><\/span> e as manifesta\u00e7\u00f5es contra o retrocesso come\u00e7am a tomar forma<\/span><span style=\"font-weight: 400\">. Desde que a PEC 241 foi anunciada, a constru\u00e7\u00e3o de uma\u00a0greve geral tem ganhado for\u00e7a em todo o pa\u00eds. A Fasubra (entidade que representa os servidores t\u00e9cnicos administrativos das universidades brasileiras) havia divulgado um calend\u00e1rio de lutas para outubro e, nesta segunda-feira, os servidores p\u00fablicos de institui\u00e7\u00f5es de ensino federais deram in\u00edcio \u00e0 paralisa\u00e7\u00e3o. J\u00e1 est\u00e3o de greve os servidores da Universidade de Bras\u00edlia (UnB), da Universidade Federal do Mato Grosso (UFMT), da Universidade Federal de Santa Catarina (UFSC), da Universidade Federal do Piau\u00ed (UFPI), dentre outras.<\/span><span style=\"font-weight: 400\"><br \/>\n<\/span><span style=\"font-weight: 400\"><br \/>\n<\/span><span style=\"font-weight: 400\">Al\u00e9m disso, alunos de universidades p\u00fablicas fortaleceram o<span style=\"color: #3366ff\"> <a style=\"color: #3366ff\" href=\"http:\/\/www.psol50.org.br\/blog\/2016\/10\/19\/estudantes-ocupam-mais-de-800-instituicoes-de-ensino-em-todo-o-pais\" target=\"_blank\" rel=\"noopener\">movimento de ocupa\u00e7\u00e3o das institui\u00e7\u00f5es de ensino<\/a><\/span>, iniciado por estudantes secundaristas<\/span><span style=\"font-weight: 400\">. Segundo dados informados pela Uni\u00e3o Brasileira dos Estudantes Secundaristas (Ubes), j\u00e1 s\u00e3o mais de mil escolas e universidades ocupadas. Na manh\u00e3 desta segunda-feira (24), A Universidade Federal de S\u00e3o Jo\u00e3o Del Rei entrou para a lista, que conta tamb\u00e9m com a Universidade Federal do Vale do S\u00e3o Francisco, a Universidade Estadual do Oeste do Paran\u00e1 e outras v\u00e1rias. Manifesta\u00e7\u00f5es foram registradas tamb\u00e9m na Universidade Federal de Pernambuco (UFPE), que teve sua entrada bloqueada por pneus, e em uma rodovia pr\u00f3xima a um dos campi da Universidade Federal da Bahia (UFBA).<\/span><span style=\"font-weight: 400\"><br \/>\n<\/span><span style=\"font-weight: 400\"><br \/>\n<\/span><span style=\"font-weight: 400\">O n\u00famero de ocupa\u00e7\u00f5es aumenta a cada dia, embora o Minist\u00e9rio da Educa\u00e7\u00e3o ameace cancelar a prova do Exame Nacional do Ensino M\u00e9dio (Enem) e tenha enviado um documento solicitando a <span style=\"color: #3366ff\"><a style=\"color: #3366ff\" href=\"http:\/\/www.psol50.org.br\/blog\/2016\/10\/20\/documento-do-mec-pede-que-diretores-delatem-estudantes-que-ocupam-contra-pec-241\/\" target=\"_blank\" rel=\"noopener\">dela\u00e7\u00e3o dos estudantes que participam do movimento<\/a><\/span><\/span><span style=\"font-weight: 400\">. \u00a0<\/span><span style=\"font-weight: 400\"><br \/>\n<\/span><span style=\"font-weight: 400\"><br \/>\n<\/span><\/p>\n","protected":false},"excerpt":{"rendered":"<p>A Proposta de Emenda \u00e0 Constitui\u00e7\u00e3o 241, que limita\u00a0os investimentos p\u00fablicos\u00a0por 20 anos, enviada\u00a0por Michel Temer ao Congresso Nacional, continua rumo \u00e0 aprova\u00e7\u00e3o. Nesta\u00a0ter\u00e7a-feira (25) a PEC ser\u00e1 votada em\u00a0segundo turno no plen\u00e1rio da C\u00e2mara dos Deputados. Caso ela seja aprovada, ser\u00e1 enviada para o Senado, onde tramitar\u00e1 na Comiss\u00e3o de Constitui\u00e7\u00e3o e Justi\u00e7a e [&hellip;]<\/p>\n","protected":false},"author":2,"featured_media":14337,"comment_status":"open","ping_status":"open","sticky":false,"template":"","format":"standard","meta":{"_acf_changed":false,"footnotes":""},"categories":[10,1882,654],"tags":[1680,4617,1793,1748,4560,350],"class_list":{"0":"post-14328","1":"post","2":"type-post","3":"status-publish","4":"format-standard","5":"has-post-thumbnail","7":"category-acao-parlamentares","8":"category-brasil","9":"category-estados","10":"tag-chico-alencar","11":"tag-escolas-ocupadas","12":"tag-greve-geral","13":"tag-michel-temer","14":"tag-pec-241","15":"tag-teto-de-gastos"},"acf":[],"yoast_head":"<!-- This site is optimized with the Yoast SEO plugin v26.5 - https:\/\/yoast.com\/wordpress\/plugins\/seo\/ -->\n<title>PEC 241 ser\u00e1 votada nesta ter\u00e7a-feira (25) em segundo turno na C\u00e2mara - PSOL 50<\/title>\n<meta name=\"robots\" content=\"index, follow, max-snippet:-1, max-image-preview:large, max-video-preview:-1\" \/>\n<link rel=\"canonical\" href=\"https:\/\/psol50.org.br\/pec-241-sera-votada-nesta-terca-feira-25-em-segundo-turno-na-camara\/\" \/>\n<meta property=\"og:locale\" content=\"pt_BR\" \/>\n<meta property=\"og:type\" content=\"article\" \/>\n<meta property=\"og:title\" content=\"PEC 241 ser\u00e1 votada nesta ter\u00e7a-feira (25) em segundo turno na C\u00e2mara - PSOL 50\" \/>\n<meta property=\"og:description\" content=\"A Proposta de Emenda \u00e0 Constitui\u00e7\u00e3o 241, que limita\u00a0os investimentos p\u00fablicos\u00a0por 20 anos, enviada\u00a0por Michel Temer ao Congresso Nacional, continua rumo \u00e0 aprova\u00e7\u00e3o. Nesta\u00a0ter\u00e7a-feira (25) a PEC ser\u00e1 votada em\u00a0segundo turno no plen\u00e1rio da C\u00e2mara dos Deputados. Caso ela seja aprovada, ser\u00e1 enviada para o Senado, onde tramitar\u00e1 na Comiss\u00e3o de Constitui\u00e7\u00e3o e Justi\u00e7a e [&hellip;]\" \/>\n<meta property=\"og:url\" content=\"https:\/\/psol50.org.br\/pec-241-sera-votada-nesta-terca-feira-25-em-segundo-turno-na-camara\/\" \/>\n<meta property=\"og:site_name\" content=\"PSOL 50\" \/>\n<meta property=\"article:publisher\" content=\"https:\/\/www.facebook.com\/psol50\" \/>\n<meta property=\"article:published_time\" content=\"2016-10-24T19:13:03+00:00\" \/>\n<meta property=\"og:image\" content=\"https:\/\/psol50.org.br\/inc\/uploads\/2018\/07\/capa.png\" \/>\n\t<meta property=\"og:image:width\" content=\"1350\" \/>\n\t<meta property=\"og:image:height\" content=\"900\" \/>\n\t<meta property=\"og:image:type\" content=\"image\/png\" \/>\n<meta name=\"author\" content=\"Comunica\u00e7\u00e3o PSOL\" \/>\n<meta name=\"twitter:card\" content=\"summary_large_image\" \/>\n<meta name=\"twitter:creator\" content=\"@psol50\" \/>\n<meta name=\"twitter:site\" content=\"@psol50\" \/>\n<meta name=\"twitter:label1\" content=\"Escrito por\" \/>\n\t<meta name=\"twitter:data1\" content=\"Comunica\u00e7\u00e3o PSOL\" \/>\n\t<meta name=\"twitter:label2\" content=\"Est. tempo de leitura\" \/>\n\t<meta name=\"twitter:data2\" content=\"3 minutos\" \/>\n<script type=\"application\/ld+json\" class=\"yoast-schema-graph\">{\"@context\":\"https:\/\/schema.org\",\"@graph\":[{\"@type\":\"Article\",\"@id\":\"https:\/\/psol50.org.br\/pec-241-sera-votada-nesta-terca-feira-25-em-segundo-turno-na-camara\/#article\",\"isPartOf\":{\"@id\":\"https:\/\/psol50.org.br\/pec-241-sera-votada-nesta-terca-feira-25-em-segundo-turno-na-camara\/\"},\"author\":{\"name\":\"Comunica\u00e7\u00e3o PSOL\",\"@id\":\"https:\/\/psol50.org.br\/#\/schema\/person\/475dfa57d0b815993c714c2e96491fcd\"},\"headline\":\"PEC 241 ser\u00e1 votada nesta ter\u00e7a-feira (25) em segundo turno na C\u00e2mara\",\"datePublished\":\"2016-10-24T19:13:03+00:00\",\"mainEntityOfPage\":{\"@id\":\"https:\/\/psol50.org.br\/pec-241-sera-votada-nesta-terca-feira-25-em-segundo-turno-na-camara\/\"},\"wordCount\":534,\"commentCount\":0,\"publisher\":{\"@id\":\"https:\/\/psol50.org.br\/#organization\"},\"image\":{\"@id\":\"https:\/\/psol50.org.br\/pec-241-sera-votada-nesta-terca-feira-25-em-segundo-turno-na-camara\/#primaryimage\"},\"thumbnailUrl\":\"\",\"keywords\":[\"Chico Alencar\",\"Escolas ocupadas\",\"greve geral\",\"Michel Temer\",\"PEC 241\",\"Teto de gastos\"],\"articleSection\":[\"A\u00e7\u00e3o Parlamentar\",\"Brasil\",\"Estados\"],\"inLanguage\":\"pt-BR\",\"potentialAction\":[{\"@type\":\"CommentAction\",\"name\":\"Comment\",\"target\":[\"https:\/\/psol50.org.br\/pec-241-sera-votada-nesta-terca-feira-25-em-segundo-turno-na-camara\/#respond\"]}]},{\"@type\":\"WebPage\",\"@id\":\"https:\/\/psol50.org.br\/pec-241-sera-votada-nesta-terca-feira-25-em-segundo-turno-na-camara\/\",\"url\":\"https:\/\/psol50.org.br\/pec-241-sera-votada-nesta-terca-feira-25-em-segundo-turno-na-camara\/\",\"name\":\"PEC 241 ser\u00e1 votada nesta ter\u00e7a-feira (25) em segundo turno na C\u00e2mara - PSOL 50\",\"isPartOf\":{\"@id\":\"https:\/\/psol50.org.br\/#website\"},\"primaryImageOfPage\":{\"@id\":\"https:\/\/psol50.org.br\/pec-241-sera-votada-nesta-terca-feira-25-em-segundo-turno-na-camara\/#primaryimage\"},\"image\":{\"@id\":\"https:\/\/psol50.org.br\/pec-241-sera-votada-nesta-terca-feira-25-em-segundo-turno-na-camara\/#primaryimage\"},\"thumbnailUrl\":\"\",\"datePublished\":\"2016-10-24T19:13:03+00:00\",\"breadcrumb\":{\"@id\":\"https:\/\/psol50.org.br\/pec-241-sera-votada-nesta-terca-feira-25-em-segundo-turno-na-camara\/#breadcrumb\"},\"inLanguage\":\"pt-BR\",\"potentialAction\":[{\"@type\":\"ReadAction\",\"target\":[\"https:\/\/psol50.org.br\/pec-241-sera-votada-nesta-terca-feira-25-em-segundo-turno-na-camara\/\"]}]},{\"@type\":\"ImageObject\",\"inLanguage\":\"pt-BR\",\"@id\":\"https:\/\/psol50.org.br\/pec-241-sera-votada-nesta-terca-feira-25-em-segundo-turno-na-camara\/#primaryimage\",\"url\":\"\",\"contentUrl\":\"\"},{\"@type\":\"BreadcrumbList\",\"@id\":\"https:\/\/psol50.org.br\/pec-241-sera-votada-nesta-terca-feira-25-em-segundo-turno-na-camara\/#breadcrumb\",\"itemListElement\":[{\"@type\":\"ListItem\",\"position\":1,\"name\":\"In\u00edcio\",\"item\":\"https:\/\/psol50.org.br\/\"},{\"@type\":\"ListItem\",\"position\":2,\"name\":\"PEC 241 ser\u00e1 votada nesta ter\u00e7a-feira (25) em segundo turno na C\u00e2mara\"}]},{\"@type\":\"WebSite\",\"@id\":\"https:\/\/psol50.org.br\/#website\",\"url\":\"https:\/\/psol50.org.br\/\",\"name\":\"PSOL 50\",\"description\":\"Site oficial do Partido Socialismo e Liberdade\",\"publisher\":{\"@id\":\"https:\/\/psol50.org.br\/#organization\"},\"alternateName\":\"PSOL50\",\"potentialAction\":[{\"@type\":\"SearchAction\",\"target\":{\"@type\":\"EntryPoint\",\"urlTemplate\":\"https:\/\/psol50.org.br\/?s={search_term_string}\"},\"query-input\":{\"@type\":\"PropertyValueSpecification\",\"valueRequired\":true,\"valueName\":\"search_term_string\"}}],\"inLanguage\":\"pt-BR\"},{\"@type\":\"Organization\",\"@id\":\"https:\/\/psol50.org.br\/#organization\",\"name\":\"PSOL 50\",\"alternateName\":\"PSOL 50\",\"url\":\"https:\/\/psol50.org.br\/\",\"logo\":{\"@type\":\"ImageObject\",\"inLanguage\":\"pt-BR\",\"@id\":\"https:\/\/psol50.org.br\/#\/schema\/logo\/image\/\",\"url\":\"https:\/\/psol50.org.br\/inc\/uploads\/2018\/07\/capa.png\",\"contentUrl\":\"https:\/\/psol50.org.br\/inc\/uploads\/2018\/07\/capa.png\",\"width\":1350,\"height\":900,\"caption\":\"PSOL 50\"},\"image\":{\"@id\":\"https:\/\/psol50.org.br\/#\/schema\/logo\/image\/\"},\"sameAs\":[\"https:\/\/www.facebook.com\/psol50\",\"https:\/\/x.com\/psol50\",\"https:\/\/www.instagram.com\/psol50\/\",\"https:\/\/www.youtube.com\/channel\/UC7SnJS5o1os7a6CaiNabzcg\"]},{\"@type\":\"Person\",\"@id\":\"https:\/\/psol50.org.br\/#\/schema\/person\/475dfa57d0b815993c714c2e96491fcd\",\"name\":\"Comunica\u00e7\u00e3o PSOL\",\"image\":{\"@type\":\"ImageObject\",\"inLanguage\":\"pt-BR\",\"@id\":\"https:\/\/psol50.org.br\/#\/schema\/person\/image\/\",\"url\":\"https:\/\/secure.gravatar.com\/avatar\/b34fc4f4e468a4e51785917065a3db57b841f5c95dba6ad8c73aaf8f66f8f9bf?s=96&d=mm&r=g\",\"contentUrl\":\"https:\/\/secure.gravatar.com\/avatar\/b34fc4f4e468a4e51785917065a3db57b841f5c95dba6ad8c73aaf8f66f8f9bf?s=96&d=mm&r=g\",\"caption\":\"Comunica\u00e7\u00e3o PSOL\"}}]}<\/script>\n<!-- \/ Yoast SEO plugin. -->","yoast_head_json":{"title":"PEC 241 ser\u00e1 votada nesta ter\u00e7a-feira (25) em segundo turno na C\u00e2mara - PSOL 50","robots":{"index":"index","follow":"follow","max-snippet":"max-snippet:-1","max-image-preview":"max-image-preview:large","max-video-preview":"max-video-preview:-1"},"canonical":"https:\/\/psol50.org.br\/pec-241-sera-votada-nesta-terca-feira-25-em-segundo-turno-na-camara\/","og_locale":"pt_BR","og_type":"article","og_title":"PEC 241 ser\u00e1 votada nesta ter\u00e7a-feira (25) em segundo turno na C\u00e2mara - PSOL 50","og_description":"A Proposta de Emenda \u00e0 Constitui\u00e7\u00e3o 241, que limita\u00a0os investimentos p\u00fablicos\u00a0por 20 anos, enviada\u00a0por Michel Temer ao Congresso Nacional, continua rumo \u00e0 aprova\u00e7\u00e3o. Nesta\u00a0ter\u00e7a-feira (25) a PEC ser\u00e1 votada em\u00a0segundo turno no plen\u00e1rio da C\u00e2mara dos Deputados. Caso ela seja aprovada, ser\u00e1 enviada para o Senado, onde tramitar\u00e1 na Comiss\u00e3o de Constitui\u00e7\u00e3o e Justi\u00e7a e [&hellip;]","og_url":"https:\/\/psol50.org.br\/pec-241-sera-votada-nesta-terca-feira-25-em-segundo-turno-na-camara\/","og_site_name":"PSOL 50","article_publisher":"https:\/\/www.facebook.com\/psol50","article_published_time":"2016-10-24T19:13:03+00:00","og_image":[{"width":1350,"height":900,"url":"https:\/\/psol50.org.br\/inc\/uploads\/2018\/07\/capa.png","type":"image\/png"}],"author":"Comunica\u00e7\u00e3o PSOL","twitter_card":"summary_large_image","twitter_creator":"@psol50","twitter_site":"@psol50","twitter_misc":{"Escrito por":"Comunica\u00e7\u00e3o PSOL","Est. tempo de leitura":"3 minutos"},"schema":{"@context":"https:\/\/schema.org","@graph":[{"@type":"Article","@id":"https:\/\/psol50.org.br\/pec-241-sera-votada-nesta-terca-feira-25-em-segundo-turno-na-camara\/#article","isPartOf":{"@id":"https:\/\/psol50.org.br\/pec-241-sera-votada-nesta-terca-feira-25-em-segundo-turno-na-camara\/"},"author":{"name":"Comunica\u00e7\u00e3o PSOL","@id":"https:\/\/psol50.org.br\/#\/schema\/person\/475dfa57d0b815993c714c2e96491fcd"},"headline":"PEC 241 ser\u00e1 votada nesta ter\u00e7a-feira (25) em segundo turno na C\u00e2mara","datePublished":"2016-10-24T19:13:03+00:00","mainEntityOfPage":{"@id":"https:\/\/psol50.org.br\/pec-241-sera-votada-nesta-terca-feira-25-em-segundo-turno-na-camara\/"},"wordCount":534,"commentCount":0,"publisher":{"@id":"https:\/\/psol50.org.br\/#organization"},"image":{"@id":"https:\/\/psol50.org.br\/pec-241-sera-votada-nesta-terca-feira-25-em-segundo-turno-na-camara\/#primaryimage"},"thumbnailUrl":"","keywords":["Chico Alencar","Escolas ocupadas","greve geral","Michel Temer","PEC 241","Teto de gastos"],"articleSection":["A\u00e7\u00e3o Parlamentar","Brasil","Estados"],"inLanguage":"pt-BR","potentialAction":[{"@type":"CommentAction","name":"Comment","target":["https:\/\/psol50.org.br\/pec-241-sera-votada-nesta-terca-feira-25-em-segundo-turno-na-camara\/#respond"]}]},{"@type":"WebPage","@id":"https:\/\/psol50.org.br\/pec-241-sera-votada-nesta-terca-feira-25-em-segundo-turno-na-camara\/","url":"https:\/\/psol50.org.br\/pec-241-sera-votada-nesta-terca-feira-25-em-segundo-turno-na-camara\/","name":"PEC 241 ser\u00e1 votada nesta ter\u00e7a-feira (25) em segundo turno na C\u00e2mara - PSOL 50","isPartOf":{"@id":"https:\/\/psol50.org.br\/#website"},"primaryImageOfPage":{"@id":"https:\/\/psol50.org.br\/pec-241-sera-votada-nesta-terca-feira-25-em-segundo-turno-na-camara\/#primaryimage"},"image":{"@id":"https:\/\/psol50.org.br\/pec-241-sera-votada-nesta-terca-feira-25-em-segundo-turno-na-camara\/#primaryimage"},"thumbnailUrl":"","datePublished":"2016-10-24T19:13:03+00:00","breadcrumb":{"@id":"https:\/\/psol50.org.br\/pec-241-sera-votada-nesta-terca-feira-25-em-segundo-turno-na-camara\/#breadcrumb"},"inLanguage":"pt-BR","potentialAction":[{"@type":"ReadAction","target":["https:\/\/psol50.org.br\/pec-241-sera-votada-nesta-terca-feira-25-em-segundo-turno-na-camara\/"]}]},{"@type":"ImageObject","inLanguage":"pt-BR","@id":"https:\/\/psol50.org.br\/pec-241-sera-votada-nesta-terca-feira-25-em-segundo-turno-na-camara\/#primaryimage","url":"","contentUrl":""},{"@type":"BreadcrumbList","@id":"https:\/\/psol50.org.br\/pec-241-sera-votada-nesta-terca-feira-25-em-segundo-turno-na-camara\/#breadcrumb","itemListElement":[{"@type":"ListItem","position":1,"name":"In\u00edcio","item":"https:\/\/psol50.org.br\/"},{"@type":"ListItem","position":2,"name":"PEC 241 ser\u00e1 votada nesta ter\u00e7a-feira (25) em segundo turno na C\u00e2mara"}]},{"@type":"WebSite","@id":"https:\/\/psol50.org.br\/#website","url":"https:\/\/psol50.org.br\/","name":"PSOL 50","description":"Site oficial do Partido Socialismo e Liberdade","publisher":{"@id":"https:\/\/psol50.org.br\/#organization"},"alternateName":"PSOL50","potentialAction":[{"@type":"SearchAction","target":{"@type":"EntryPoint","urlTemplate":"https:\/\/psol50.org.br\/?s={search_term_string}"},"query-input":{"@type":"PropertyValueSpecification","valueRequired":true,"valueName":"search_term_string"}}],"inLanguage":"pt-BR"},{"@type":"Organization","@id":"https:\/\/psol50.org.br\/#organization","name":"PSOL 50","alternateName":"PSOL 50","url":"https:\/\/psol50.org.br\/","logo":{"@type":"ImageObject","inLanguage":"pt-BR","@id":"https:\/\/psol50.org.br\/#\/schema\/logo\/image\/","url":"https:\/\/psol50.org.br\/inc\/uploads\/2018\/07\/capa.png","contentUrl":"https:\/\/psol50.org.br\/inc\/uploads\/2018\/07\/capa.png","width":1350,"height":900,"caption":"PSOL 50"},"image":{"@id":"https:\/\/psol50.org.br\/#\/schema\/logo\/image\/"},"sameAs":["https:\/\/www.facebook.com\/psol50","https:\/\/x.com\/psol50","https:\/\/www.instagram.com\/psol50\/","https:\/\/www.youtube.com\/channel\/UC7SnJS5o1os7a6CaiNabzcg"]},{"@type":"Person","@id":"https:\/\/psol50.org.br\/#\/schema\/person\/475dfa57d0b815993c714c2e96491fcd","name":"Comunica\u00e7\u00e3o PSOL","image":{"@type":"ImageObject","inLanguage":"pt-BR","@id":"https:\/\/psol50.org.br\/#\/schema\/person\/image\/","url":"https:\/\/secure.gravatar.com\/avatar\/b34fc4f4e468a4e51785917065a3db57b841f5c95dba6ad8c73aaf8f66f8f9bf?s=96&d=mm&r=g","contentUrl":"https:\/\/secure.gravatar.com\/avatar\/b34fc4f4e468a4e51785917065a3db57b841f5c95dba6ad8c73aaf8f66f8f9bf?s=96&d=mm&r=g","caption":"Comunica\u00e7\u00e3o PSOL"}}]}},"_links":{"self":[{"href":"https:\/\/psol50.org.br\/rest\/wp\/v2\/posts\/14328","targetHints":{"allow":["GET"]}}],"collection":[{"href":"https:\/\/psol50.org.br\/rest\/wp\/v2\/posts"}],"about":[{"href":"https:\/\/psol50.org.br\/rest\/wp\/v2\/types\/post"}],"author":[{"embeddable":true,"href":"https:\/\/psol50.org.br\/rest\/wp\/v2\/users\/2"}],"replies":[{"embeddable":true,"href":"https:\/\/psol50.org.br\/rest\/wp\/v2\/comments?post=14328"}],"version-history":[{"count":0,"href":"https:\/\/psol50.org.br\/rest\/wp\/v2\/posts\/14328\/revisions"}],"wp:featuredmedia":[{"embeddable":true,"href":"https:\/\/psol50.org.br\/rest\/"}],"wp:attachment":[{"href":"https:\/\/psol50.org.br\/rest\/wp\/v2\/media?parent=14328"}],"wp:term":[{"taxonomy":"category","embeddable":true,"href":"https:\/\/psol50.org.br\/rest\/wp\/v2\/categories?post=14328"},{"taxonomy":"post_tag","embeddable":true,"href":"https:\/\/psol50.org.br\/rest\/wp\/v2\/tags?post=14328"}],"curies":[{"name":"wp","href":"https:\/\/api.w.org\/{rel}","templated":true}]}}