{"id":1434,"date":"2008-03-25T00:00:00","date_gmt":"2008-03-25T00:00:00","guid":{"rendered":"http:\/\/psol50.org.br\/arquivo\/2008\/03\/25\/ma-psol-de-sao-luis-definira-pre-candidato-a-prefeito-e-nova-executiva-municipal\/"},"modified":"2008-03-25T00:00:00","modified_gmt":"2008-03-25T00:00:00","slug":"ma-psol-de-sao-luis-definira-pre-candidato-a-prefeito-e-nova-executiva-municipal","status":"publish","type":"post","link":"https:\/\/psol50.org.br\/ma-psol-de-sao-luis-definira-pre-candidato-a-prefeito-e-nova-executiva-municipal\/","title":{"rendered":"(MA) PSOL de S\u00e3o Lu\u00eds definir\u00e1 pr\u00e9-candidato a prefeito e nova Executiva Municipal"},"content":{"rendered":"<p>A Executiva Municipal de S\u00e3o Lu\u00eds realiza no pr\u00f3ximo dia 13 de abril, o I Congresso Municipal do PSOL na capital. O evento \u00e9 parte das resolu\u00e7\u00f5es do \u00faltimo Congresso nacional do partido, realizado em junho do ano passado no Rio de Janeiro. Durante o Congresso ser\u00e3o debatidos temas sobre a conjuntura municipal, tendo como centro dos debates o cen\u00e1rio eleitoral deste ano. Al\u00e9m de discutir as elei\u00e7\u00f5es, a milit\u00e2ncia ludovicense vai eleger o novo diret\u00f3rio e, respectivamente, a nova executiva municipal.<\/p>\n<p><!--more--><\/p>\n<p>Durante o congresso a milit\u00e2ncia partid\u00e1ria vai poder debater temas em ep\u00edgrafe na conjuntura pol\u00edtica no \u00e2mbito local, nacional e internacional, com \u00eanfase aos conflitos na Am\u00e9rica Latina, Oriente M\u00e9dio, assim como os focos de resist\u00eancia no territ\u00f3rio nacional, como na Campesina, na Regi\u00e3o Tocantina e tantos outros pontos do pa\u00eds, em que as quest\u00f5es ambiental e trabalhista est\u00e3o cada vez mais acirradas.<\/p>\n<p>Na programa\u00e7\u00e3o do congresso tamb\u00e9m o coletivo partid\u00e1rio discute as etapas program\u00e1ticas da constru\u00e7\u00e3o partid\u00e1ria, culminando com o apoio \u00e0s lutas populares diante de v\u00e1rias quest\u00f5es como o passe livre para estudantes e a constitui\u00e7\u00e3o de n\u00facleos engajados nos movimentos sociais. Atualmente, S\u00e3o Luis tem cinco n\u00facleos de base: &#8220;Palmares&#8221; e &#8220;A Luta \u00e9 que nos Une&#8221; (juventude), &#8220;Balaiada&#8221; (Direitos Humanos). &#8220;M\u00e1rio Alves&#8221; (Previdenci\u00e1rios) e os n\u00facleos comunit\u00e1rios &#8220;Socialismo e Liberdade&#8221; (Vila Nova) e &#8220;Cidade Oper\u00e1ria e adjac\u00eancias&#8221;, na regi\u00e3o do bairro com mesmo nome. Os n\u00facleos s\u00e3o formas descentralizadas de enraizamento e fortalecimento das a\u00e7\u00f5es sociais de esquerda em S\u00e3o Lu\u00eds.<\/p>\n<p>O ponto que mais deve ser debatido e concorrido \u00e9 sobre as elei\u00e7\u00f5es municipais. Desde o in\u00edcio do ano, lideran\u00e7as do PSOL e PSTU t\u00eam realizado encontros de articula\u00e7\u00e3o, a fim de firmar uma alian\u00e7a para a disputa da Prefeitura de S\u00e3o Lu\u00eds. Os dois partidos j\u00e1 realizaram a troca de programas pol\u00edtico-eleitorais, de forma que as arestas devem ser aparadas nos encontros bi-partid\u00e1rios das agremia\u00e7\u00f5es, a serem realizados dias 03 e 06 de abril. Para esta pauta, o nome do pr\u00e9-candidato do partido ser\u00e1 indicado de maneira oficial, sendo que at\u00e9 o momento, o Presidente do Diret\u00f3rio Estadual, Paulo Rios, disponibiliza seu nome para o pleito. Por sua vez, o PSTU apresenta o nome de Welbson Madeira para encabe\u00e7ar a chapa.<\/p>\n<p>De maneira geral, h\u00e1 uma expectativa muito grande de que finalmente a Frente de Esquerda seja reeditada em n\u00edvel municipal, ap\u00f3s sua concretiza\u00e7\u00e3o nas elei\u00e7\u00f5es de 2006, na qual Heloisa Helena saiu candidata a presidente. No I Congresso Estadual, realizado em agosto de 2007, foi definida a articula\u00e7\u00e3o de alian\u00e7as municipais com o PSTU e em alguns casos, com o PCB, o que n\u00e3o deve acontecer na capital maranhense.<\/p>\n<p>Num \u00faltimo momento, os filiados do PSOL municipal proceder\u00e3o \u00e0 escolha dos novos membros do Diret\u00f3rio e respectivamente, da Executiva Municipal. At\u00e9 o momento o ex-presidente do Diret\u00f3rio Estadual, Saulo Arcangeli, disponibiliza seu nome para o cargo, substituindo o atual presidente, o Prof. Ribamar J\u00fanior. <\/p>\n<p>Mais informa\u00e7\u00f5es:<\/p>\n<p>Rog\u00e9rio Costa<br \/>Secret\u00e1rio de Comunica\u00e7\u00e3o do PSOL\/MA<br \/>(98) 8163 1985\/3276 5276<\/p>\n","protected":false},"excerpt":{"rendered":"<p>A Executiva Municipal de S\u00e3o Lu\u00eds realiza no pr\u00f3ximo dia 13 de abril, o I Congresso Municipal do PSOL na capital. O evento \u00e9 parte das resolu\u00e7\u00f5es do \u00faltimo Congresso nacional do partido, realizado em junho do ano passado no Rio de Janeiro. Durante o Congresso ser\u00e3o debatidos temas sobre a conjuntura municipal, tendo como [&hellip;]<\/p>\n","protected":false},"author":2,"featured_media":0,"comment_status":"open","ping_status":"open","sticky":false,"template":"","format":"standard","meta":{"_acf_changed":false,"footnotes":""},"categories":[4766,654],"tags":[22],"class_list":{"0":"post-1434","1":"post","2":"type-post","3":"status-publish","4":"format-standard","6":"category-arquivo","7":"category-estados","8":"tag-psol"},"acf":[],"yoast_head":"<!-- This site is optimized with the Yoast SEO plugin v26.5 - https:\/\/yoast.com\/wordpress\/plugins\/seo\/ -->\n<title>(MA) PSOL de S\u00e3o Lu\u00eds definir\u00e1 pr\u00e9-candidato a prefeito e nova Executiva Municipal - PSOL 50<\/title>\n<meta name=\"robots\" content=\"index, follow, max-snippet:-1, max-image-preview:large, max-video-preview:-1\" \/>\n<link rel=\"canonical\" href=\"https:\/\/psol50.org.br\/ma-psol-de-sao-luis-definira-pre-candidato-a-prefeito-e-nova-executiva-municipal\/\" \/>\n<meta property=\"og:locale\" content=\"pt_BR\" \/>\n<meta property=\"og:type\" content=\"article\" \/>\n<meta property=\"og:title\" content=\"(MA) PSOL de S\u00e3o Lu\u00eds definir\u00e1 pr\u00e9-candidato a prefeito e nova Executiva Municipal - PSOL 50\" \/>\n<meta property=\"og:description\" content=\"A Executiva Municipal de S\u00e3o Lu\u00eds realiza no pr\u00f3ximo dia 13 de abril, o I Congresso Municipal do PSOL na capital. O evento \u00e9 parte das resolu\u00e7\u00f5es do \u00faltimo Congresso nacional do partido, realizado em junho do ano passado no Rio de Janeiro. Durante o Congresso ser\u00e3o debatidos temas sobre a conjuntura municipal, tendo como [&hellip;]\" \/>\n<meta property=\"og:url\" content=\"https:\/\/psol50.org.br\/ma-psol-de-sao-luis-definira-pre-candidato-a-prefeito-e-nova-executiva-municipal\/\" \/>\n<meta property=\"og:site_name\" content=\"PSOL 50\" \/>\n<meta property=\"article:publisher\" content=\"https:\/\/www.facebook.com\/psol50\" \/>\n<meta property=\"article:published_time\" content=\"2008-03-25T00:00:00+00:00\" \/>\n<meta property=\"og:image\" content=\"https:\/\/psol50.org.br\/inc\/uploads\/2018\/07\/capa.png\" \/>\n\t<meta property=\"og:image:width\" content=\"1350\" \/>\n\t<meta property=\"og:image:height\" content=\"900\" \/>\n\t<meta property=\"og:image:type\" content=\"image\/png\" \/>\n<meta name=\"author\" content=\"Comunica\u00e7\u00e3o PSOL\" \/>\n<meta name=\"twitter:card\" content=\"summary_large_image\" \/>\n<meta name=\"twitter:creator\" content=\"@psol50\" \/>\n<meta name=\"twitter:site\" content=\"@psol50\" \/>\n<meta name=\"twitter:label1\" content=\"Escrito por\" \/>\n\t<meta name=\"twitter:data1\" content=\"Comunica\u00e7\u00e3o PSOL\" \/>\n\t<meta name=\"twitter:label2\" content=\"Est. tempo de leitura\" \/>\n\t<meta name=\"twitter:data2\" content=\"3 minutos\" \/>\n<script type=\"application\/ld+json\" class=\"yoast-schema-graph\">{\"@context\":\"https:\/\/schema.org\",\"@graph\":[{\"@type\":\"Article\",\"@id\":\"https:\/\/psol50.org.br\/ma-psol-de-sao-luis-definira-pre-candidato-a-prefeito-e-nova-executiva-municipal\/#article\",\"isPartOf\":{\"@id\":\"https:\/\/psol50.org.br\/ma-psol-de-sao-luis-definira-pre-candidato-a-prefeito-e-nova-executiva-municipal\/\"},\"author\":{\"name\":\"Comunica\u00e7\u00e3o PSOL\",\"@id\":\"https:\/\/psol50.org.br\/#\/schema\/person\/475dfa57d0b815993c714c2e96491fcd\"},\"headline\":\"(MA) PSOL de S\u00e3o Lu\u00eds definir\u00e1 pr\u00e9-candidato a prefeito e nova Executiva Municipal\",\"datePublished\":\"2008-03-25T00:00:00+00:00\",\"mainEntityOfPage\":{\"@id\":\"https:\/\/psol50.org.br\/ma-psol-de-sao-luis-definira-pre-candidato-a-prefeito-e-nova-executiva-municipal\/\"},\"wordCount\":574,\"commentCount\":0,\"publisher\":{\"@id\":\"https:\/\/psol50.org.br\/#organization\"},\"keywords\":[\"PSOL\"],\"articleSection\":[\"Arquivo\",\"Estados\"],\"inLanguage\":\"pt-BR\",\"potentialAction\":[{\"@type\":\"CommentAction\",\"name\":\"Comment\",\"target\":[\"https:\/\/psol50.org.br\/ma-psol-de-sao-luis-definira-pre-candidato-a-prefeito-e-nova-executiva-municipal\/#respond\"]}]},{\"@type\":\"WebPage\",\"@id\":\"https:\/\/psol50.org.br\/ma-psol-de-sao-luis-definira-pre-candidato-a-prefeito-e-nova-executiva-municipal\/\",\"url\":\"https:\/\/psol50.org.br\/ma-psol-de-sao-luis-definira-pre-candidato-a-prefeito-e-nova-executiva-municipal\/\",\"name\":\"(MA) PSOL de S\u00e3o Lu\u00eds definir\u00e1 pr\u00e9-candidato a prefeito e nova Executiva Municipal - PSOL 50\",\"isPartOf\":{\"@id\":\"https:\/\/psol50.org.br\/#website\"},\"datePublished\":\"2008-03-25T00:00:00+00:00\",\"breadcrumb\":{\"@id\":\"https:\/\/psol50.org.br\/ma-psol-de-sao-luis-definira-pre-candidato-a-prefeito-e-nova-executiva-municipal\/#breadcrumb\"},\"inLanguage\":\"pt-BR\",\"potentialAction\":[{\"@type\":\"ReadAction\",\"target\":[\"https:\/\/psol50.org.br\/ma-psol-de-sao-luis-definira-pre-candidato-a-prefeito-e-nova-executiva-municipal\/\"]}]},{\"@type\":\"BreadcrumbList\",\"@id\":\"https:\/\/psol50.org.br\/ma-psol-de-sao-luis-definira-pre-candidato-a-prefeito-e-nova-executiva-municipal\/#breadcrumb\",\"itemListElement\":[{\"@type\":\"ListItem\",\"position\":1,\"name\":\"In\u00edcio\",\"item\":\"https:\/\/psol50.org.br\/\"},{\"@type\":\"ListItem\",\"position\":2,\"name\":\"(MA) PSOL de S\u00e3o Lu\u00eds definir\u00e1 pr\u00e9-candidato a prefeito e nova Executiva Municipal\"}]},{\"@type\":\"WebSite\",\"@id\":\"https:\/\/psol50.org.br\/#website\",\"url\":\"https:\/\/psol50.org.br\/\",\"name\":\"PSOL 50\",\"description\":\"Site oficial do Partido Socialismo e Liberdade\",\"publisher\":{\"@id\":\"https:\/\/psol50.org.br\/#organization\"},\"alternateName\":\"PSOL50\",\"potentialAction\":[{\"@type\":\"SearchAction\",\"target\":{\"@type\":\"EntryPoint\",\"urlTemplate\":\"https:\/\/psol50.org.br\/?s={search_term_string}\"},\"query-input\":{\"@type\":\"PropertyValueSpecification\",\"valueRequired\":true,\"valueName\":\"search_term_string\"}}],\"inLanguage\":\"pt-BR\"},{\"@type\":\"Organization\",\"@id\":\"https:\/\/psol50.org.br\/#organization\",\"name\":\"PSOL 50\",\"alternateName\":\"PSOL 50\",\"url\":\"https:\/\/psol50.org.br\/\",\"logo\":{\"@type\":\"ImageObject\",\"inLanguage\":\"pt-BR\",\"@id\":\"https:\/\/psol50.org.br\/#\/schema\/logo\/image\/\",\"url\":\"https:\/\/psol50.org.br\/inc\/uploads\/2018\/07\/capa.png\",\"contentUrl\":\"https:\/\/psol50.org.br\/inc\/uploads\/2018\/07\/capa.png\",\"width\":1350,\"height\":900,\"caption\":\"PSOL 50\"},\"image\":{\"@id\":\"https:\/\/psol50.org.br\/#\/schema\/logo\/image\/\"},\"sameAs\":[\"https:\/\/www.facebook.com\/psol50\",\"https:\/\/x.com\/psol50\",\"https:\/\/www.instagram.com\/psol50\/\",\"https:\/\/www.youtube.com\/channel\/UC7SnJS5o1os7a6CaiNabzcg\"]},{\"@type\":\"Person\",\"@id\":\"https:\/\/psol50.org.br\/#\/schema\/person\/475dfa57d0b815993c714c2e96491fcd\",\"name\":\"Comunica\u00e7\u00e3o PSOL\",\"image\":{\"@type\":\"ImageObject\",\"inLanguage\":\"pt-BR\",\"@id\":\"https:\/\/psol50.org.br\/#\/schema\/person\/image\/\",\"url\":\"https:\/\/secure.gravatar.com\/avatar\/b34fc4f4e468a4e51785917065a3db57b841f5c95dba6ad8c73aaf8f66f8f9bf?s=96&d=mm&r=g\",\"contentUrl\":\"https:\/\/secure.gravatar.com\/avatar\/b34fc4f4e468a4e51785917065a3db57b841f5c95dba6ad8c73aaf8f66f8f9bf?s=96&d=mm&r=g\",\"caption\":\"Comunica\u00e7\u00e3o PSOL\"}}]}<\/script>\n<!-- \/ Yoast SEO plugin. -->","yoast_head_json":{"title":"(MA) PSOL de S\u00e3o Lu\u00eds definir\u00e1 pr\u00e9-candidato a prefeito e nova Executiva Municipal - PSOL 50","robots":{"index":"index","follow":"follow","max-snippet":"max-snippet:-1","max-image-preview":"max-image-preview:large","max-video-preview":"max-video-preview:-1"},"canonical":"https:\/\/psol50.org.br\/ma-psol-de-sao-luis-definira-pre-candidato-a-prefeito-e-nova-executiva-municipal\/","og_locale":"pt_BR","og_type":"article","og_title":"(MA) PSOL de S\u00e3o Lu\u00eds definir\u00e1 pr\u00e9-candidato a prefeito e nova Executiva Municipal - PSOL 50","og_description":"A Executiva Municipal de S\u00e3o Lu\u00eds realiza no pr\u00f3ximo dia 13 de abril, o I Congresso Municipal do PSOL na capital. O evento \u00e9 parte das resolu\u00e7\u00f5es do \u00faltimo Congresso nacional do partido, realizado em junho do ano passado no Rio de Janeiro. Durante o Congresso ser\u00e3o debatidos temas sobre a conjuntura municipal, tendo como [&hellip;]","og_url":"https:\/\/psol50.org.br\/ma-psol-de-sao-luis-definira-pre-candidato-a-prefeito-e-nova-executiva-municipal\/","og_site_name":"PSOL 50","article_publisher":"https:\/\/www.facebook.com\/psol50","article_published_time":"2008-03-25T00:00:00+00:00","og_image":[{"width":1350,"height":900,"url":"https:\/\/psol50.org.br\/inc\/uploads\/2018\/07\/capa.png","type":"image\/png"}],"author":"Comunica\u00e7\u00e3o PSOL","twitter_card":"summary_large_image","twitter_creator":"@psol50","twitter_site":"@psol50","twitter_misc":{"Escrito por":"Comunica\u00e7\u00e3o PSOL","Est. tempo de leitura":"3 minutos"},"schema":{"@context":"https:\/\/schema.org","@graph":[{"@type":"Article","@id":"https:\/\/psol50.org.br\/ma-psol-de-sao-luis-definira-pre-candidato-a-prefeito-e-nova-executiva-municipal\/#article","isPartOf":{"@id":"https:\/\/psol50.org.br\/ma-psol-de-sao-luis-definira-pre-candidato-a-prefeito-e-nova-executiva-municipal\/"},"author":{"name":"Comunica\u00e7\u00e3o PSOL","@id":"https:\/\/psol50.org.br\/#\/schema\/person\/475dfa57d0b815993c714c2e96491fcd"},"headline":"(MA) PSOL de S\u00e3o Lu\u00eds definir\u00e1 pr\u00e9-candidato a prefeito e nova Executiva Municipal","datePublished":"2008-03-25T00:00:00+00:00","mainEntityOfPage":{"@id":"https:\/\/psol50.org.br\/ma-psol-de-sao-luis-definira-pre-candidato-a-prefeito-e-nova-executiva-municipal\/"},"wordCount":574,"commentCount":0,"publisher":{"@id":"https:\/\/psol50.org.br\/#organization"},"keywords":["PSOL"],"articleSection":["Arquivo","Estados"],"inLanguage":"pt-BR","potentialAction":[{"@type":"CommentAction","name":"Comment","target":["https:\/\/psol50.org.br\/ma-psol-de-sao-luis-definira-pre-candidato-a-prefeito-e-nova-executiva-municipal\/#respond"]}]},{"@type":"WebPage","@id":"https:\/\/psol50.org.br\/ma-psol-de-sao-luis-definira-pre-candidato-a-prefeito-e-nova-executiva-municipal\/","url":"https:\/\/psol50.org.br\/ma-psol-de-sao-luis-definira-pre-candidato-a-prefeito-e-nova-executiva-municipal\/","name":"(MA) PSOL de S\u00e3o Lu\u00eds definir\u00e1 pr\u00e9-candidato a prefeito e nova Executiva Municipal - PSOL 50","isPartOf":{"@id":"https:\/\/psol50.org.br\/#website"},"datePublished":"2008-03-25T00:00:00+00:00","breadcrumb":{"@id":"https:\/\/psol50.org.br\/ma-psol-de-sao-luis-definira-pre-candidato-a-prefeito-e-nova-executiva-municipal\/#breadcrumb"},"inLanguage":"pt-BR","potentialAction":[{"@type":"ReadAction","target":["https:\/\/psol50.org.br\/ma-psol-de-sao-luis-definira-pre-candidato-a-prefeito-e-nova-executiva-municipal\/"]}]},{"@type":"BreadcrumbList","@id":"https:\/\/psol50.org.br\/ma-psol-de-sao-luis-definira-pre-candidato-a-prefeito-e-nova-executiva-municipal\/#breadcrumb","itemListElement":[{"@type":"ListItem","position":1,"name":"In\u00edcio","item":"https:\/\/psol50.org.br\/"},{"@type":"ListItem","position":2,"name":"(MA) PSOL de S\u00e3o Lu\u00eds definir\u00e1 pr\u00e9-candidato a prefeito e nova Executiva Municipal"}]},{"@type":"WebSite","@id":"https:\/\/psol50.org.br\/#website","url":"https:\/\/psol50.org.br\/","name":"PSOL 50","description":"Site oficial do Partido Socialismo e Liberdade","publisher":{"@id":"https:\/\/psol50.org.br\/#organization"},"alternateName":"PSOL50","potentialAction":[{"@type":"SearchAction","target":{"@type":"EntryPoint","urlTemplate":"https:\/\/psol50.org.br\/?s={search_term_string}"},"query-input":{"@type":"PropertyValueSpecification","valueRequired":true,"valueName":"search_term_string"}}],"inLanguage":"pt-BR"},{"@type":"Organization","@id":"https:\/\/psol50.org.br\/#organization","name":"PSOL 50","alternateName":"PSOL 50","url":"https:\/\/psol50.org.br\/","logo":{"@type":"ImageObject","inLanguage":"pt-BR","@id":"https:\/\/psol50.org.br\/#\/schema\/logo\/image\/","url":"https:\/\/psol50.org.br\/inc\/uploads\/2018\/07\/capa.png","contentUrl":"https:\/\/psol50.org.br\/inc\/uploads\/2018\/07\/capa.png","width":1350,"height":900,"caption":"PSOL 50"},"image":{"@id":"https:\/\/psol50.org.br\/#\/schema\/logo\/image\/"},"sameAs":["https:\/\/www.facebook.com\/psol50","https:\/\/x.com\/psol50","https:\/\/www.instagram.com\/psol50\/","https:\/\/www.youtube.com\/channel\/UC7SnJS5o1os7a6CaiNabzcg"]},{"@type":"Person","@id":"https:\/\/psol50.org.br\/#\/schema\/person\/475dfa57d0b815993c714c2e96491fcd","name":"Comunica\u00e7\u00e3o PSOL","image":{"@type":"ImageObject","inLanguage":"pt-BR","@id":"https:\/\/psol50.org.br\/#\/schema\/person\/image\/","url":"https:\/\/secure.gravatar.com\/avatar\/b34fc4f4e468a4e51785917065a3db57b841f5c95dba6ad8c73aaf8f66f8f9bf?s=96&d=mm&r=g","contentUrl":"https:\/\/secure.gravatar.com\/avatar\/b34fc4f4e468a4e51785917065a3db57b841f5c95dba6ad8c73aaf8f66f8f9bf?s=96&d=mm&r=g","caption":"Comunica\u00e7\u00e3o PSOL"}}]}},"_links":{"self":[{"href":"https:\/\/psol50.org.br\/rest\/wp\/v2\/posts\/1434","targetHints":{"allow":["GET"]}}],"collection":[{"href":"https:\/\/psol50.org.br\/rest\/wp\/v2\/posts"}],"about":[{"href":"https:\/\/psol50.org.br\/rest\/wp\/v2\/types\/post"}],"author":[{"embeddable":true,"href":"https:\/\/psol50.org.br\/rest\/wp\/v2\/users\/2"}],"replies":[{"embeddable":true,"href":"https:\/\/psol50.org.br\/rest\/wp\/v2\/comments?post=1434"}],"version-history":[{"count":0,"href":"https:\/\/psol50.org.br\/rest\/wp\/v2\/posts\/1434\/revisions"}],"wp:attachment":[{"href":"https:\/\/psol50.org.br\/rest\/wp\/v2\/media?parent=1434"}],"wp:term":[{"taxonomy":"category","embeddable":true,"href":"https:\/\/psol50.org.br\/rest\/wp\/v2\/categories?post=1434"},{"taxonomy":"post_tag","embeddable":true,"href":"https:\/\/psol50.org.br\/rest\/wp\/v2\/tags?post=1434"}],"curies":[{"name":"wp","href":"https:\/\/api.w.org\/{rel}","templated":true}]}}