{"id":14368,"date":"2016-10-27T14:43:59","date_gmt":"2016-10-27T14:43:59","guid":{"rendered":"http:\/\/www.psol50.org.br\/?p=14368"},"modified":"2016-10-27T14:43:59","modified_gmt":"2016-10-27T14:43:59","slug":"pec-dos-gastos-publicos-ja-esta-senado-e-dever-ser-votada-ate-13-de-dezembro","status":"publish","type":"post","link":"https:\/\/psol50.org.br\/pec-dos-gastos-publicos-ja-esta-senado-e-dever-ser-votada-ate-13-de-dezembro\/","title":{"rendered":"PEC dos gastos p\u00fablicos j\u00e1 est\u00e1 no Senado e dever ser votada at\u00e9 13 de dezembro"},"content":{"rendered":"<p>A <a href=\"http:\/\/www.psol50.org.br\/blog\/2016\/10\/25\/sob-protesto-pec-241-e-aprovada-em-segundo-turno\/\" target=\"_blank\" rel=\"noopener\"><span style=\"color: #0000ff\">Proposta de Emenda \u00e0 Constitui\u00e7\u00e3o que limita os investimentos em servi\u00e7os p\u00fablicos no per\u00edodo de 20 anos, aprovada na \u00faltima ter\u00e7a-feira (25) na C\u00e2mara dos Deputados<\/span><\/a>, j\u00e1 est\u00e1 no Senado Federal e agora tramitar\u00e1 como PEC 55\/2016. Com o voto contr\u00e1rio de toda a bancada do PSOL na C\u00e2mara, a proposta \u00e9 a principal medida do ajuste fiscal imposto por Michel Temer desde que assumiu definitivamente a Presid\u00eancia da Rep\u00fablica. A aprova\u00e7\u00e3o da mat\u00e9ria contou com o seu forte empenho e o apoio de seus aliados no Congresso Nacional, numa t\u00e1tica de vale-tudo para conseguir implementar a proposta que, em detrimento dos interesses da popula\u00e7\u00e3o, atende ao mercado e ao setor empresarial.<\/p>\n<p>A PEC est\u00e1 agora na Comiss\u00e3o de Constitui\u00e7\u00e3o, Justi\u00e7a e Cidadania da Casa, e o presidente do colegiado, senador Jos\u00e9 Maranh\u00e3o (PMDB-PB) indicou o senador Eun\u00edcio Oliveira (PMDB-CE) para ser o relator da proposta. Do mesmo partido de Temer, Oliveira deve acelerar a tramita\u00e7\u00e3o da mat\u00e9ria na CCJ, j\u00e1 que a inten\u00e7\u00e3o do Pal\u00e1cio do Planalto \u00e9 encerrar a vota\u00e7\u00e3o ainda neste ano.<\/p>\n<p>O presidente do Senado, Renan Calheiros (PMDB-AL) anunciou nesta quarta-feira (26), ap\u00f3s receber a proposta das m\u00e3os do presidente da C\u00e2mara, Rodrigo Maia, que a vota\u00e7\u00e3o da PEC em dois turnos ocorrer\u00e1 at\u00e9 o dia 13 de dezembro. <a href=\"http:\/\/www12.senado.leg.br\/noticias\/audios\/2016\/10\/renan-anuncia-votacao-da-pec-do-teto-dos-gastos-ate-13-de-dezembro\" target=\"_blank\" rel=\"noopener\"><span style=\"color: #0000ff\">Confira na reportagem na Ag\u00eancia Senado<\/span><\/a>.<\/p>\n<p>A previs\u00e3o \u00e9 que a leitura do parecer na CCJ seja feita no dia 1\u00ba de novembro, com concess\u00e3o de vistas coletivas. Tamb\u00e9m est\u00e1 prevista uma audi\u00eancia p\u00fablica no dia 8 de novembro.<\/p>\n<p>A vota\u00e7\u00e3o do relat\u00f3rio na CCJ est\u00e1 prevista para 9 de novembro, quando come\u00e7ar\u00e1 a contar os prazos de interst\u00edcios necess\u00e1rios para que a mat\u00e9ria possa ser analisada em plen\u00e1rio. A primeira das cinco sess\u00f5es de discuss\u00e3o necess\u00e1rias para a vota\u00e7\u00e3o em primeiro turno est\u00e1 marcada para o dia 17 de novembro e elas seguir\u00e3o at\u00e9 o dia 23 do mesmo m\u00eas. Antes da vota\u00e7\u00e3o em primeiro turno, se forem apresentadas emendas, elas precisar\u00e3o passar por parecer da CCJ novamente, mas isso n\u00e3o dever\u00e1 alterar a previs\u00e3o da primeira vota\u00e7\u00e3o no dia 29.<\/p>\n<p>Caso a mat\u00e9ria seja aprovada, ser\u00e3o necess\u00e1rias mais tr\u00eas sess\u00f5es de discuss\u00e3o, que ocorrer\u00e3o entre os dias 6 e 8 de dezembro, para a vota\u00e7\u00e3o em segundo turno. A PEC ter\u00e1 a aprecia\u00e7\u00e3o conclu\u00edda no dia 13, segundo o calend\u00e1rio anunciado por Calheiros, e, se for aprovada sem altera\u00e7\u00f5es, seguir\u00e1 para promulga\u00e7\u00e3o. Se a mat\u00e9ria for modificada pelos senadores, ela retornar\u00e1 para \u00faltima an\u00e1lise dos deputados.<\/p>\n<p><strong>A luta continua!<br \/>\n<\/strong>O PSOL desde o in\u00edcio da tramita\u00e7\u00e3o da PEC 241 atuou contrariamente \u00e0 proposta. E defende que a popula\u00e7\u00e3o se manifeste, v\u00e1 para as ruas e pressione o Senado a rejeitar a proposta. O partido seguir\u00e1 lutando para tentar barrar a aprova\u00e7\u00e3o final dessa e de outras propostas que amea\u00e7am direitos sociais e trabalhistas.<\/p>\n<p><a href=\"http:\/\/www.psolnacamara.org.br\/index.php?option=com_content&amp;view=article&amp;id=3441%3Agoverno-ilegitimo-consegue-aprovacao-da-pec-do-teto-de-gastos&amp;catid=17&amp;Itemid=71\" target=\"_blank\" rel=\"noopener\"><span style=\"color: #0000ff\">Confira a opini\u00e3o de toda a bancada do PSOL na C\u00e2mara\u00a0sobre a proposta<\/span><\/a>.<\/p>\n<p>&nbsp;<\/p>\n","protected":false},"excerpt":{"rendered":"<p>A Proposta de Emenda \u00e0 Constitui\u00e7\u00e3o que limita os investimentos em servi\u00e7os p\u00fablicos no per\u00edodo de 20 anos, aprovada na \u00faltima ter\u00e7a-feira (25) na C\u00e2mara dos Deputados, j\u00e1 est\u00e1 no Senado Federal e agora tramitar\u00e1 como PEC 55\/2016. Com o voto contr\u00e1rio de toda a bancada do PSOL na C\u00e2mara, a proposta \u00e9 a principal [&hellip;]<\/p>\n","protected":false},"author":2,"featured_media":14369,"comment_status":"open","ping_status":"open","sticky":false,"template":"","format":"standard","meta":{"_acf_changed":false,"footnotes":""},"categories":[10,1882,6],"tags":[1375,3452,1748,4560,4634,4635,2152,22,4076,2431],"class_list":{"0":"post-14368","1":"post","2":"type-post","3":"status-publish","4":"format-standard","5":"has-post-thumbnail","7":"category-acao-parlamentares","8":"category-brasil","9":"category-noticias","10":"tag-ccj","11":"tag-eunicio-oliveira","12":"tag-michel-temer","13":"tag-pec-241","14":"tag-pec-552016","15":"tag-pec-dos-gastos-publicos","16":"tag-pmdb","17":"tag-psol","18":"tag-renan-calheiros","19":"tag-senado-federal"},"acf":[],"yoast_head":"<!-- This site is optimized with the Yoast SEO plugin v26.5 - https:\/\/yoast.com\/wordpress\/plugins\/seo\/ -->\n<title>PEC dos gastos p\u00fablicos j\u00e1 est\u00e1 no Senado e dever ser votada at\u00e9 13 de dezembro - PSOL 50<\/title>\n<meta name=\"robots\" content=\"index, follow, max-snippet:-1, max-image-preview:large, max-video-preview:-1\" \/>\n<link rel=\"canonical\" href=\"https:\/\/psol50.org.br\/pec-dos-gastos-publicos-ja-esta-senado-e-dever-ser-votada-ate-13-de-dezembro\/\" \/>\n<meta property=\"og:locale\" content=\"pt_BR\" \/>\n<meta property=\"og:type\" content=\"article\" \/>\n<meta property=\"og:title\" content=\"PEC dos gastos p\u00fablicos j\u00e1 est\u00e1 no Senado e dever ser votada at\u00e9 13 de dezembro - PSOL 50\" \/>\n<meta property=\"og:description\" content=\"A Proposta de Emenda \u00e0 Constitui\u00e7\u00e3o que limita os investimentos em servi\u00e7os p\u00fablicos no per\u00edodo de 20 anos, aprovada na \u00faltima ter\u00e7a-feira (25) na C\u00e2mara dos Deputados, j\u00e1 est\u00e1 no Senado Federal e agora tramitar\u00e1 como PEC 55\/2016. Com o voto contr\u00e1rio de toda a bancada do PSOL na C\u00e2mara, a proposta \u00e9 a principal [&hellip;]\" \/>\n<meta property=\"og:url\" content=\"https:\/\/psol50.org.br\/pec-dos-gastos-publicos-ja-esta-senado-e-dever-ser-votada-ate-13-de-dezembro\/\" \/>\n<meta property=\"og:site_name\" content=\"PSOL 50\" \/>\n<meta property=\"article:publisher\" content=\"https:\/\/www.facebook.com\/psol50\" \/>\n<meta property=\"article:published_time\" content=\"2016-10-27T14:43:59+00:00\" \/>\n<meta property=\"og:image\" content=\"https:\/\/psol50.org.br\/inc\/uploads\/2018\/07\/capa.png\" \/>\n\t<meta property=\"og:image:width\" content=\"1350\" \/>\n\t<meta property=\"og:image:height\" content=\"900\" \/>\n\t<meta property=\"og:image:type\" content=\"image\/png\" \/>\n<meta name=\"author\" content=\"Comunica\u00e7\u00e3o PSOL\" \/>\n<meta name=\"twitter:card\" content=\"summary_large_image\" \/>\n<meta name=\"twitter:creator\" content=\"@psol50\" \/>\n<meta name=\"twitter:site\" content=\"@psol50\" \/>\n<meta name=\"twitter:label1\" content=\"Escrito por\" \/>\n\t<meta name=\"twitter:data1\" content=\"Comunica\u00e7\u00e3o PSOL\" \/>\n\t<meta name=\"twitter:label2\" content=\"Est. tempo de leitura\" \/>\n\t<meta name=\"twitter:data2\" content=\"3 minutos\" \/>\n<script type=\"application\/ld+json\" class=\"yoast-schema-graph\">{\"@context\":\"https:\/\/schema.org\",\"@graph\":[{\"@type\":\"Article\",\"@id\":\"https:\/\/psol50.org.br\/pec-dos-gastos-publicos-ja-esta-senado-e-dever-ser-votada-ate-13-de-dezembro\/#article\",\"isPartOf\":{\"@id\":\"https:\/\/psol50.org.br\/pec-dos-gastos-publicos-ja-esta-senado-e-dever-ser-votada-ate-13-de-dezembro\/\"},\"author\":{\"name\":\"Comunica\u00e7\u00e3o PSOL\",\"@id\":\"https:\/\/psol50.org.br\/#\/schema\/person\/475dfa57d0b815993c714c2e96491fcd\"},\"headline\":\"PEC dos gastos p\u00fablicos j\u00e1 est\u00e1 no Senado e dever ser votada at\u00e9 13 de dezembro\",\"datePublished\":\"2016-10-27T14:43:59+00:00\",\"mainEntityOfPage\":{\"@id\":\"https:\/\/psol50.org.br\/pec-dos-gastos-publicos-ja-esta-senado-e-dever-ser-votada-ate-13-de-dezembro\/\"},\"wordCount\":554,\"commentCount\":0,\"publisher\":{\"@id\":\"https:\/\/psol50.org.br\/#organization\"},\"image\":{\"@id\":\"https:\/\/psol50.org.br\/pec-dos-gastos-publicos-ja-esta-senado-e-dever-ser-votada-ate-13-de-dezembro\/#primaryimage\"},\"thumbnailUrl\":\"\",\"keywords\":[\"CCJ\",\"Eun\u00edcio Oliveira\",\"Michel Temer\",\"PEC 241\",\"PEC 55\/2016\",\"PEC dos gastos p\u00fablicos\",\"PMDB\",\"PSOL\",\"Renan Calheiros\",\"Senado Federal\"],\"articleSection\":[\"A\u00e7\u00e3o Parlamentar\",\"Brasil\",\"Not\u00edcias\"],\"inLanguage\":\"pt-BR\",\"potentialAction\":[{\"@type\":\"CommentAction\",\"name\":\"Comment\",\"target\":[\"https:\/\/psol50.org.br\/pec-dos-gastos-publicos-ja-esta-senado-e-dever-ser-votada-ate-13-de-dezembro\/#respond\"]}]},{\"@type\":\"WebPage\",\"@id\":\"https:\/\/psol50.org.br\/pec-dos-gastos-publicos-ja-esta-senado-e-dever-ser-votada-ate-13-de-dezembro\/\",\"url\":\"https:\/\/psol50.org.br\/pec-dos-gastos-publicos-ja-esta-senado-e-dever-ser-votada-ate-13-de-dezembro\/\",\"name\":\"PEC dos gastos p\u00fablicos j\u00e1 est\u00e1 no Senado e dever ser votada at\u00e9 13 de dezembro - PSOL 50\",\"isPartOf\":{\"@id\":\"https:\/\/psol50.org.br\/#website\"},\"primaryImageOfPage\":{\"@id\":\"https:\/\/psol50.org.br\/pec-dos-gastos-publicos-ja-esta-senado-e-dever-ser-votada-ate-13-de-dezembro\/#primaryimage\"},\"image\":{\"@id\":\"https:\/\/psol50.org.br\/pec-dos-gastos-publicos-ja-esta-senado-e-dever-ser-votada-ate-13-de-dezembro\/#primaryimage\"},\"thumbnailUrl\":\"\",\"datePublished\":\"2016-10-27T14:43:59+00:00\",\"breadcrumb\":{\"@id\":\"https:\/\/psol50.org.br\/pec-dos-gastos-publicos-ja-esta-senado-e-dever-ser-votada-ate-13-de-dezembro\/#breadcrumb\"},\"inLanguage\":\"pt-BR\",\"potentialAction\":[{\"@type\":\"ReadAction\",\"target\":[\"https:\/\/psol50.org.br\/pec-dos-gastos-publicos-ja-esta-senado-e-dever-ser-votada-ate-13-de-dezembro\/\"]}]},{\"@type\":\"ImageObject\",\"inLanguage\":\"pt-BR\",\"@id\":\"https:\/\/psol50.org.br\/pec-dos-gastos-publicos-ja-esta-senado-e-dever-ser-votada-ate-13-de-dezembro\/#primaryimage\",\"url\":\"\",\"contentUrl\":\"\"},{\"@type\":\"BreadcrumbList\",\"@id\":\"https:\/\/psol50.org.br\/pec-dos-gastos-publicos-ja-esta-senado-e-dever-ser-votada-ate-13-de-dezembro\/#breadcrumb\",\"itemListElement\":[{\"@type\":\"ListItem\",\"position\":1,\"name\":\"In\u00edcio\",\"item\":\"https:\/\/psol50.org.br\/\"},{\"@type\":\"ListItem\",\"position\":2,\"name\":\"PEC dos gastos p\u00fablicos j\u00e1 est\u00e1 no Senado e dever ser votada at\u00e9 13 de dezembro\"}]},{\"@type\":\"WebSite\",\"@id\":\"https:\/\/psol50.org.br\/#website\",\"url\":\"https:\/\/psol50.org.br\/\",\"name\":\"PSOL 50\",\"description\":\"Site oficial do Partido Socialismo e Liberdade\",\"publisher\":{\"@id\":\"https:\/\/psol50.org.br\/#organization\"},\"alternateName\":\"PSOL50\",\"potentialAction\":[{\"@type\":\"SearchAction\",\"target\":{\"@type\":\"EntryPoint\",\"urlTemplate\":\"https:\/\/psol50.org.br\/?s={search_term_string}\"},\"query-input\":{\"@type\":\"PropertyValueSpecification\",\"valueRequired\":true,\"valueName\":\"search_term_string\"}}],\"inLanguage\":\"pt-BR\"},{\"@type\":\"Organization\",\"@id\":\"https:\/\/psol50.org.br\/#organization\",\"name\":\"PSOL 50\",\"alternateName\":\"PSOL 50\",\"url\":\"https:\/\/psol50.org.br\/\",\"logo\":{\"@type\":\"ImageObject\",\"inLanguage\":\"pt-BR\",\"@id\":\"https:\/\/psol50.org.br\/#\/schema\/logo\/image\/\",\"url\":\"https:\/\/psol50.org.br\/inc\/uploads\/2018\/07\/capa.png\",\"contentUrl\":\"https:\/\/psol50.org.br\/inc\/uploads\/2018\/07\/capa.png\",\"width\":1350,\"height\":900,\"caption\":\"PSOL 50\"},\"image\":{\"@id\":\"https:\/\/psol50.org.br\/#\/schema\/logo\/image\/\"},\"sameAs\":[\"https:\/\/www.facebook.com\/psol50\",\"https:\/\/x.com\/psol50\",\"https:\/\/www.instagram.com\/psol50\/\",\"https:\/\/www.youtube.com\/channel\/UC7SnJS5o1os7a6CaiNabzcg\"]},{\"@type\":\"Person\",\"@id\":\"https:\/\/psol50.org.br\/#\/schema\/person\/475dfa57d0b815993c714c2e96491fcd\",\"name\":\"Comunica\u00e7\u00e3o PSOL\",\"image\":{\"@type\":\"ImageObject\",\"inLanguage\":\"pt-BR\",\"@id\":\"https:\/\/psol50.org.br\/#\/schema\/person\/image\/\",\"url\":\"https:\/\/secure.gravatar.com\/avatar\/b34fc4f4e468a4e51785917065a3db57b841f5c95dba6ad8c73aaf8f66f8f9bf?s=96&d=mm&r=g\",\"contentUrl\":\"https:\/\/secure.gravatar.com\/avatar\/b34fc4f4e468a4e51785917065a3db57b841f5c95dba6ad8c73aaf8f66f8f9bf?s=96&d=mm&r=g\",\"caption\":\"Comunica\u00e7\u00e3o PSOL\"}}]}<\/script>\n<!-- \/ Yoast SEO plugin. -->","yoast_head_json":{"title":"PEC dos gastos p\u00fablicos j\u00e1 est\u00e1 no Senado e dever ser votada at\u00e9 13 de dezembro - PSOL 50","robots":{"index":"index","follow":"follow","max-snippet":"max-snippet:-1","max-image-preview":"max-image-preview:large","max-video-preview":"max-video-preview:-1"},"canonical":"https:\/\/psol50.org.br\/pec-dos-gastos-publicos-ja-esta-senado-e-dever-ser-votada-ate-13-de-dezembro\/","og_locale":"pt_BR","og_type":"article","og_title":"PEC dos gastos p\u00fablicos j\u00e1 est\u00e1 no Senado e dever ser votada at\u00e9 13 de dezembro - PSOL 50","og_description":"A Proposta de Emenda \u00e0 Constitui\u00e7\u00e3o que limita os investimentos em servi\u00e7os p\u00fablicos no per\u00edodo de 20 anos, aprovada na \u00faltima ter\u00e7a-feira (25) na C\u00e2mara dos Deputados, j\u00e1 est\u00e1 no Senado Federal e agora tramitar\u00e1 como PEC 55\/2016. Com o voto contr\u00e1rio de toda a bancada do PSOL na C\u00e2mara, a proposta \u00e9 a principal [&hellip;]","og_url":"https:\/\/psol50.org.br\/pec-dos-gastos-publicos-ja-esta-senado-e-dever-ser-votada-ate-13-de-dezembro\/","og_site_name":"PSOL 50","article_publisher":"https:\/\/www.facebook.com\/psol50","article_published_time":"2016-10-27T14:43:59+00:00","og_image":[{"width":1350,"height":900,"url":"https:\/\/psol50.org.br\/inc\/uploads\/2018\/07\/capa.png","type":"image\/png"}],"author":"Comunica\u00e7\u00e3o PSOL","twitter_card":"summary_large_image","twitter_creator":"@psol50","twitter_site":"@psol50","twitter_misc":{"Escrito por":"Comunica\u00e7\u00e3o PSOL","Est. tempo de leitura":"3 minutos"},"schema":{"@context":"https:\/\/schema.org","@graph":[{"@type":"Article","@id":"https:\/\/psol50.org.br\/pec-dos-gastos-publicos-ja-esta-senado-e-dever-ser-votada-ate-13-de-dezembro\/#article","isPartOf":{"@id":"https:\/\/psol50.org.br\/pec-dos-gastos-publicos-ja-esta-senado-e-dever-ser-votada-ate-13-de-dezembro\/"},"author":{"name":"Comunica\u00e7\u00e3o PSOL","@id":"https:\/\/psol50.org.br\/#\/schema\/person\/475dfa57d0b815993c714c2e96491fcd"},"headline":"PEC dos gastos p\u00fablicos j\u00e1 est\u00e1 no Senado e dever ser votada at\u00e9 13 de dezembro","datePublished":"2016-10-27T14:43:59+00:00","mainEntityOfPage":{"@id":"https:\/\/psol50.org.br\/pec-dos-gastos-publicos-ja-esta-senado-e-dever-ser-votada-ate-13-de-dezembro\/"},"wordCount":554,"commentCount":0,"publisher":{"@id":"https:\/\/psol50.org.br\/#organization"},"image":{"@id":"https:\/\/psol50.org.br\/pec-dos-gastos-publicos-ja-esta-senado-e-dever-ser-votada-ate-13-de-dezembro\/#primaryimage"},"thumbnailUrl":"","keywords":["CCJ","Eun\u00edcio Oliveira","Michel Temer","PEC 241","PEC 55\/2016","PEC dos gastos p\u00fablicos","PMDB","PSOL","Renan Calheiros","Senado Federal"],"articleSection":["A\u00e7\u00e3o Parlamentar","Brasil","Not\u00edcias"],"inLanguage":"pt-BR","potentialAction":[{"@type":"CommentAction","name":"Comment","target":["https:\/\/psol50.org.br\/pec-dos-gastos-publicos-ja-esta-senado-e-dever-ser-votada-ate-13-de-dezembro\/#respond"]}]},{"@type":"WebPage","@id":"https:\/\/psol50.org.br\/pec-dos-gastos-publicos-ja-esta-senado-e-dever-ser-votada-ate-13-de-dezembro\/","url":"https:\/\/psol50.org.br\/pec-dos-gastos-publicos-ja-esta-senado-e-dever-ser-votada-ate-13-de-dezembro\/","name":"PEC dos gastos p\u00fablicos j\u00e1 est\u00e1 no Senado e dever ser votada at\u00e9 13 de dezembro - PSOL 50","isPartOf":{"@id":"https:\/\/psol50.org.br\/#website"},"primaryImageOfPage":{"@id":"https:\/\/psol50.org.br\/pec-dos-gastos-publicos-ja-esta-senado-e-dever-ser-votada-ate-13-de-dezembro\/#primaryimage"},"image":{"@id":"https:\/\/psol50.org.br\/pec-dos-gastos-publicos-ja-esta-senado-e-dever-ser-votada-ate-13-de-dezembro\/#primaryimage"},"thumbnailUrl":"","datePublished":"2016-10-27T14:43:59+00:00","breadcrumb":{"@id":"https:\/\/psol50.org.br\/pec-dos-gastos-publicos-ja-esta-senado-e-dever-ser-votada-ate-13-de-dezembro\/#breadcrumb"},"inLanguage":"pt-BR","potentialAction":[{"@type":"ReadAction","target":["https:\/\/psol50.org.br\/pec-dos-gastos-publicos-ja-esta-senado-e-dever-ser-votada-ate-13-de-dezembro\/"]}]},{"@type":"ImageObject","inLanguage":"pt-BR","@id":"https:\/\/psol50.org.br\/pec-dos-gastos-publicos-ja-esta-senado-e-dever-ser-votada-ate-13-de-dezembro\/#primaryimage","url":"","contentUrl":""},{"@type":"BreadcrumbList","@id":"https:\/\/psol50.org.br\/pec-dos-gastos-publicos-ja-esta-senado-e-dever-ser-votada-ate-13-de-dezembro\/#breadcrumb","itemListElement":[{"@type":"ListItem","position":1,"name":"In\u00edcio","item":"https:\/\/psol50.org.br\/"},{"@type":"ListItem","position":2,"name":"PEC dos gastos p\u00fablicos j\u00e1 est\u00e1 no Senado e dever ser votada at\u00e9 13 de dezembro"}]},{"@type":"WebSite","@id":"https:\/\/psol50.org.br\/#website","url":"https:\/\/psol50.org.br\/","name":"PSOL 50","description":"Site oficial do Partido Socialismo e Liberdade","publisher":{"@id":"https:\/\/psol50.org.br\/#organization"},"alternateName":"PSOL50","potentialAction":[{"@type":"SearchAction","target":{"@type":"EntryPoint","urlTemplate":"https:\/\/psol50.org.br\/?s={search_term_string}"},"query-input":{"@type":"PropertyValueSpecification","valueRequired":true,"valueName":"search_term_string"}}],"inLanguage":"pt-BR"},{"@type":"Organization","@id":"https:\/\/psol50.org.br\/#organization","name":"PSOL 50","alternateName":"PSOL 50","url":"https:\/\/psol50.org.br\/","logo":{"@type":"ImageObject","inLanguage":"pt-BR","@id":"https:\/\/psol50.org.br\/#\/schema\/logo\/image\/","url":"https:\/\/psol50.org.br\/inc\/uploads\/2018\/07\/capa.png","contentUrl":"https:\/\/psol50.org.br\/inc\/uploads\/2018\/07\/capa.png","width":1350,"height":900,"caption":"PSOL 50"},"image":{"@id":"https:\/\/psol50.org.br\/#\/schema\/logo\/image\/"},"sameAs":["https:\/\/www.facebook.com\/psol50","https:\/\/x.com\/psol50","https:\/\/www.instagram.com\/psol50\/","https:\/\/www.youtube.com\/channel\/UC7SnJS5o1os7a6CaiNabzcg"]},{"@type":"Person","@id":"https:\/\/psol50.org.br\/#\/schema\/person\/475dfa57d0b815993c714c2e96491fcd","name":"Comunica\u00e7\u00e3o PSOL","image":{"@type":"ImageObject","inLanguage":"pt-BR","@id":"https:\/\/psol50.org.br\/#\/schema\/person\/image\/","url":"https:\/\/secure.gravatar.com\/avatar\/b34fc4f4e468a4e51785917065a3db57b841f5c95dba6ad8c73aaf8f66f8f9bf?s=96&d=mm&r=g","contentUrl":"https:\/\/secure.gravatar.com\/avatar\/b34fc4f4e468a4e51785917065a3db57b841f5c95dba6ad8c73aaf8f66f8f9bf?s=96&d=mm&r=g","caption":"Comunica\u00e7\u00e3o PSOL"}}]}},"_links":{"self":[{"href":"https:\/\/psol50.org.br\/rest\/wp\/v2\/posts\/14368","targetHints":{"allow":["GET"]}}],"collection":[{"href":"https:\/\/psol50.org.br\/rest\/wp\/v2\/posts"}],"about":[{"href":"https:\/\/psol50.org.br\/rest\/wp\/v2\/types\/post"}],"author":[{"embeddable":true,"href":"https:\/\/psol50.org.br\/rest\/wp\/v2\/users\/2"}],"replies":[{"embeddable":true,"href":"https:\/\/psol50.org.br\/rest\/wp\/v2\/comments?post=14368"}],"version-history":[{"count":0,"href":"https:\/\/psol50.org.br\/rest\/wp\/v2\/posts\/14368\/revisions"}],"wp:featuredmedia":[{"embeddable":true,"href":"https:\/\/psol50.org.br\/rest\/"}],"wp:attachment":[{"href":"https:\/\/psol50.org.br\/rest\/wp\/v2\/media?parent=14368"}],"wp:term":[{"taxonomy":"category","embeddable":true,"href":"https:\/\/psol50.org.br\/rest\/wp\/v2\/categories?post=14368"},{"taxonomy":"post_tag","embeddable":true,"href":"https:\/\/psol50.org.br\/rest\/wp\/v2\/tags?post=14368"}],"curies":[{"name":"wp","href":"https:\/\/api.w.org\/{rel}","templated":true}]}}