{"id":1438,"date":"2007-11-30T00:00:00","date_gmt":"2007-11-30T00:00:00","guid":{"rendered":"http:\/\/psol50.org.br\/arquivo\/2007\/11\/30\/pa-violacao-dos-direitos-humanos-no-para-revela-guerra-contra-os-pobres\/"},"modified":"2007-11-30T00:00:00","modified_gmt":"2007-11-30T00:00:00","slug":"pa-violacao-dos-direitos-humanos-no-para-revela-guerra-contra-os-pobres","status":"publish","type":"post","link":"https:\/\/psol50.org.br\/pa-violacao-dos-direitos-humanos-no-para-revela-guerra-contra-os-pobres\/","title":{"rendered":"(PA) Viola\u00e7\u00e3o dos direitos humanos no Par\u00e1 revela guerra contra os pobres"},"content":{"rendered":"<p>Mais uma vez o Par\u00e1 freq\u00fcenta as manchetes e mat\u00e9rias da grande imprensa em n\u00edvel nacional e internacional por conta das sistem\u00e1ticas viola\u00e7\u00f5es dos mais elementares direitos humanos. Desta feita, o inomin\u00e1vel esc\u00e2ndalo representado pela deten\u00e7\u00e3o da adolescente L., por quase um m\u00eas, em uma cela com mais de 20 detentos, na Delegacia de Abaetetuba, nordeste paraense, lan\u00e7ou luz sobre a dram\u00e1tica situa\u00e7\u00e3o da popula\u00e7\u00e3o recolhida no sistema prisional no Estado, palco cotidiano de incont\u00e1veis outros epis\u00f3dios de tortura, viol\u00eancia sexual, degrada\u00e7\u00e3o e maus-tratos de todos os tipos, na capital e no interior.<\/p>\n<p><!--more--><\/p>\n<p>No epis\u00f3dio em quest\u00e3o, conforme atesta a vasta cobertura da imprensa, a cadeia de responsabilidades atinge em cheio o Governo do Estado, respons\u00e1vel pela pol\u00edtica de seguran\u00e7a p\u00fablica, mas compromete tamb\u00e9m outras institui\u00e7\u00f5es, notadamente o Judici\u00e1rio e o Minist\u00e9rio P\u00fablico, que por a\u00e7\u00e3o ou omiss\u00e3o tamb\u00e9m contribu\u00edram para que fosse cometida uma sucess\u00e3o de crimes hediondos, nivelando as pris\u00f5es no Par\u00e1 \u00e0s masmorras medievais ou aos calabou\u00e7os do nazi-fascismo.<\/p>\n<p>N\u00e3o foi, portanto, sem motivo que uma verdadeira onda de indigna\u00e7\u00e3o tomou conta da sociedade brasileira, mobilizando amplamente as entidades defensoras dos direitos humanos e, inclusive, organismos internacionais voltados \u00e0 mat\u00e9ria. Ocorre que o fato est\u00e1 longe de ser isolado. Em verdade corresponde a um determinado padr\u00e3o de tratamento que o Estado brasileiro confere aos segmentos mais pobres da popula\u00e7\u00e3o que, ref\u00e9ns da mis\u00e9ria social, da viol\u00eancia cotidiana e de uma exist\u00eancia sem quaisquer horizontes, acabam se transformando em presas f\u00e1ceis de um aparato policial brutalizado e desumano.<\/p>\n<p>Situar o contexto mais geral em que esses fatos se localizam n\u00e3o deve estar a servi\u00e7o da dilui\u00e7\u00e3o de responsabilidades. A governadora Ana Julia (PT), eleita sob a promessa de promover mudan\u00e7as na pol\u00edtica paraense, \u00e9 a principal respons\u00e1vel por essa situa\u00e7\u00e3o, seja porque s\u00e3o funcion\u00e1rios de seu governo os agentes das barbaridades praticadas, seja, ao mesmo tempo, pela inequ\u00edvoca sinaliza\u00e7\u00e3o de continuidade das pr\u00e1ticas criminosas dos governos que a precederam. Da mesma maneira, todos os agentes p\u00fablicos envolvidos neste cruel epis\u00f3dio, de todos os poderes e institui\u00e7\u00f5es, devem ser investigados e, comprovada sua culpabilidade, punidos exemplarmente. Tudo isso como medida essencial e indispens\u00e1vel ao rompimento da l\u00f3gica da impunidade que tem imperado quando se trata de crimes cujas v\u00edtimas sejam pobres.<\/p>\n<p>No Par\u00e1, a viola\u00e7\u00e3o sistem\u00e1tica dos direitos humanos &#8211; uma verdadeira guerra contra os pobres da cidade e do campo &#8211; est\u00e1 firmemente relacionada \u00e0 manuten\u00e7\u00e3o e reprodu\u00e7\u00e3o de um modelo de desenvolvimento, imposto de cima para baixo e de fora para dentro, que ao longo de d\u00e9cadas tem transformado o territ\u00f3rio paraense em fronteira da degrada\u00e7\u00e3o s\u00f3cio-ambiental, do saque indiscriminado de nossas riquezas minerais e de ataque permanente aos povos da Amaz\u00f4nia &#8211; na\u00e7\u00f5es ind\u00edgenas, remanescentes de quilombos, comunidades ribeirinhas, popula\u00e7\u00f5es pobres da periferia das cidades &#8211; muitas vezes amea\u00e7ados em sua pr\u00f3pria exist\u00eancia.<\/p>\n<p>N\u00e3o \u00e9 por acaso que o Par\u00e1 ostenta o vergonhoso t\u00edtulo de campe\u00e3o nacional de assassinatos de trabalhadores rurais e da ocorr\u00eancia do trabalho escravo. Nem \u00e9 mera coincid\u00eancia que o governo do PT tenha, nesta mesma semana, deflagrado uma gigantesca opera\u00e7\u00e3o militar no sul do Estado para expulsar centenas de fam\u00edlias que ocupavam latif\u00fandios em Santa Maria das Barreiras, no contexto da ironicamente intitulada Opera\u00e7\u00e3o &#8220;Paz no Campo&#8221;. Resultado: dezenas de lavradores presos ilegalmente e muitos dos quais submetidos a torturas e maus-tratos, conforme foi denunciado pela Comiss\u00e3o Pastoral da Terra (CPT), Diocese de Concei\u00e7\u00e3o do Araguaia e outras entidades e movimentos sociais.<\/p>\n<p>Mas, \u00e9 justamente por isso, que a luta pelos direitos humanos assume aqui uma vig\u00eancia absolutamente estrat\u00e9gica e fundamental.<\/p>\n<p>Por tudo isso, ao bradar com enorme indigna\u00e7\u00e3o diante dos terr\u00edveis fatos que escandalizaram a popula\u00e7\u00e3o brasileira, n\u00f3s do PSOL, precisamos dar um passo adiante e propor um projeto alternativo ao pa\u00eds, de oposi\u00e7\u00e3o program\u00e1tica e de esquerda ao governo de Lula, Ana Julia e de seus aliados, que resgate os compromissos de transforma\u00e7\u00e3o social abandonados pelo PT, na perspectiva de inserir o Brasil no processo de mudan\u00e7as sociais e de afirma\u00e7\u00e3o da soberania inspirado nas grandes lutas travadas, neste exato momento, por nossos irm\u00e3os da Venezuela, Bol\u00edvia e Equador.<\/p>\n<p>Araceli Lemos &#8211; Presidente do PSOL\/PA<br \/>Pedro Maia, Walmir Freire, Fernando Carneiro e Aldenor Junior &#8211; membros da Executiva Estadual do PSOL\/PA<\/p>\n","protected":false},"excerpt":{"rendered":"<p>Mais uma vez o Par\u00e1 freq\u00fcenta as manchetes e mat\u00e9rias da grande imprensa em n\u00edvel nacional e internacional por conta das sistem\u00e1ticas viola\u00e7\u00f5es dos mais elementares direitos humanos. Desta feita, o inomin\u00e1vel esc\u00e2ndalo representado pela deten\u00e7\u00e3o da adolescente L., por quase um m\u00eas, em uma cela com mais de 20 detentos, na Delegacia de Abaetetuba, [&hellip;]<\/p>\n","protected":false},"author":2,"featured_media":0,"comment_status":"open","ping_status":"open","sticky":false,"template":"","format":"standard","meta":{"_acf_changed":false,"footnotes":""},"categories":[4766],"tags":[],"class_list":{"0":"post-1438","1":"post","2":"type-post","3":"status-publish","4":"format-standard","6":"category-arquivo"},"acf":[],"yoast_head":"<!-- This site is optimized with the Yoast SEO plugin v26.5 - https:\/\/yoast.com\/wordpress\/plugins\/seo\/ -->\n<title>(PA) Viola\u00e7\u00e3o dos direitos humanos no Par\u00e1 revela guerra contra os pobres - PSOL 50<\/title>\n<meta name=\"robots\" content=\"index, follow, max-snippet:-1, max-image-preview:large, max-video-preview:-1\" \/>\n<link rel=\"canonical\" href=\"https:\/\/psol50.org.br\/pa-violacao-dos-direitos-humanos-no-para-revela-guerra-contra-os-pobres\/\" \/>\n<meta property=\"og:locale\" content=\"pt_BR\" \/>\n<meta property=\"og:type\" content=\"article\" \/>\n<meta property=\"og:title\" content=\"(PA) Viola\u00e7\u00e3o dos direitos humanos no Par\u00e1 revela guerra contra os pobres - PSOL 50\" \/>\n<meta property=\"og:description\" content=\"Mais uma vez o Par\u00e1 freq\u00fcenta as manchetes e mat\u00e9rias da grande imprensa em n\u00edvel nacional e internacional por conta das sistem\u00e1ticas viola\u00e7\u00f5es dos mais elementares direitos humanos. Desta feita, o inomin\u00e1vel esc\u00e2ndalo representado pela deten\u00e7\u00e3o da adolescente L., por quase um m\u00eas, em uma cela com mais de 20 detentos, na Delegacia de Abaetetuba, [&hellip;]\" \/>\n<meta property=\"og:url\" content=\"https:\/\/psol50.org.br\/pa-violacao-dos-direitos-humanos-no-para-revela-guerra-contra-os-pobres\/\" \/>\n<meta property=\"og:site_name\" content=\"PSOL 50\" \/>\n<meta property=\"article:publisher\" content=\"https:\/\/www.facebook.com\/psol50\" \/>\n<meta property=\"article:published_time\" content=\"2007-11-30T00:00:00+00:00\" \/>\n<meta property=\"og:image\" content=\"https:\/\/psol50.org.br\/inc\/uploads\/2018\/07\/capa.png\" \/>\n\t<meta property=\"og:image:width\" content=\"1350\" \/>\n\t<meta property=\"og:image:height\" content=\"900\" \/>\n\t<meta property=\"og:image:type\" content=\"image\/png\" \/>\n<meta name=\"author\" content=\"Comunica\u00e7\u00e3o PSOL\" \/>\n<meta name=\"twitter:card\" content=\"summary_large_image\" \/>\n<meta name=\"twitter:creator\" content=\"@psol50\" \/>\n<meta name=\"twitter:site\" content=\"@psol50\" \/>\n<meta name=\"twitter:label1\" content=\"Escrito por\" \/>\n\t<meta name=\"twitter:data1\" content=\"Comunica\u00e7\u00e3o PSOL\" \/>\n\t<meta name=\"twitter:label2\" content=\"Est. tempo de leitura\" \/>\n\t<meta name=\"twitter:data2\" content=\"4 minutos\" \/>\n<script type=\"application\/ld+json\" class=\"yoast-schema-graph\">{\"@context\":\"https:\/\/schema.org\",\"@graph\":[{\"@type\":\"Article\",\"@id\":\"https:\/\/psol50.org.br\/pa-violacao-dos-direitos-humanos-no-para-revela-guerra-contra-os-pobres\/#article\",\"isPartOf\":{\"@id\":\"https:\/\/psol50.org.br\/pa-violacao-dos-direitos-humanos-no-para-revela-guerra-contra-os-pobres\/\"},\"author\":{\"name\":\"Comunica\u00e7\u00e3o PSOL\",\"@id\":\"https:\/\/psol50.org.br\/#\/schema\/person\/475dfa57d0b815993c714c2e96491fcd\"},\"headline\":\"(PA) Viola\u00e7\u00e3o dos direitos humanos no Par\u00e1 revela guerra contra os pobres\",\"datePublished\":\"2007-11-30T00:00:00+00:00\",\"mainEntityOfPage\":{\"@id\":\"https:\/\/psol50.org.br\/pa-violacao-dos-direitos-humanos-no-para-revela-guerra-contra-os-pobres\/\"},\"wordCount\":812,\"commentCount\":0,\"publisher\":{\"@id\":\"https:\/\/psol50.org.br\/#organization\"},\"articleSection\":[\"Arquivo\"],\"inLanguage\":\"pt-BR\",\"potentialAction\":[{\"@type\":\"CommentAction\",\"name\":\"Comment\",\"target\":[\"https:\/\/psol50.org.br\/pa-violacao-dos-direitos-humanos-no-para-revela-guerra-contra-os-pobres\/#respond\"]}]},{\"@type\":\"WebPage\",\"@id\":\"https:\/\/psol50.org.br\/pa-violacao-dos-direitos-humanos-no-para-revela-guerra-contra-os-pobres\/\",\"url\":\"https:\/\/psol50.org.br\/pa-violacao-dos-direitos-humanos-no-para-revela-guerra-contra-os-pobres\/\",\"name\":\"(PA) Viola\u00e7\u00e3o dos direitos humanos no Par\u00e1 revela guerra contra os pobres - PSOL 50\",\"isPartOf\":{\"@id\":\"https:\/\/psol50.org.br\/#website\"},\"datePublished\":\"2007-11-30T00:00:00+00:00\",\"breadcrumb\":{\"@id\":\"https:\/\/psol50.org.br\/pa-violacao-dos-direitos-humanos-no-para-revela-guerra-contra-os-pobres\/#breadcrumb\"},\"inLanguage\":\"pt-BR\",\"potentialAction\":[{\"@type\":\"ReadAction\",\"target\":[\"https:\/\/psol50.org.br\/pa-violacao-dos-direitos-humanos-no-para-revela-guerra-contra-os-pobres\/\"]}]},{\"@type\":\"BreadcrumbList\",\"@id\":\"https:\/\/psol50.org.br\/pa-violacao-dos-direitos-humanos-no-para-revela-guerra-contra-os-pobres\/#breadcrumb\",\"itemListElement\":[{\"@type\":\"ListItem\",\"position\":1,\"name\":\"In\u00edcio\",\"item\":\"https:\/\/psol50.org.br\/\"},{\"@type\":\"ListItem\",\"position\":2,\"name\":\"(PA) Viola\u00e7\u00e3o dos direitos humanos no Par\u00e1 revela guerra contra os pobres\"}]},{\"@type\":\"WebSite\",\"@id\":\"https:\/\/psol50.org.br\/#website\",\"url\":\"https:\/\/psol50.org.br\/\",\"name\":\"PSOL 50\",\"description\":\"Site oficial do Partido Socialismo e Liberdade\",\"publisher\":{\"@id\":\"https:\/\/psol50.org.br\/#organization\"},\"alternateName\":\"PSOL50\",\"potentialAction\":[{\"@type\":\"SearchAction\",\"target\":{\"@type\":\"EntryPoint\",\"urlTemplate\":\"https:\/\/psol50.org.br\/?s={search_term_string}\"},\"query-input\":{\"@type\":\"PropertyValueSpecification\",\"valueRequired\":true,\"valueName\":\"search_term_string\"}}],\"inLanguage\":\"pt-BR\"},{\"@type\":\"Organization\",\"@id\":\"https:\/\/psol50.org.br\/#organization\",\"name\":\"PSOL 50\",\"alternateName\":\"PSOL 50\",\"url\":\"https:\/\/psol50.org.br\/\",\"logo\":{\"@type\":\"ImageObject\",\"inLanguage\":\"pt-BR\",\"@id\":\"https:\/\/psol50.org.br\/#\/schema\/logo\/image\/\",\"url\":\"https:\/\/psol50.org.br\/inc\/uploads\/2018\/07\/capa.png\",\"contentUrl\":\"https:\/\/psol50.org.br\/inc\/uploads\/2018\/07\/capa.png\",\"width\":1350,\"height\":900,\"caption\":\"PSOL 50\"},\"image\":{\"@id\":\"https:\/\/psol50.org.br\/#\/schema\/logo\/image\/\"},\"sameAs\":[\"https:\/\/www.facebook.com\/psol50\",\"https:\/\/x.com\/psol50\",\"https:\/\/www.instagram.com\/psol50\/\",\"https:\/\/www.youtube.com\/channel\/UC7SnJS5o1os7a6CaiNabzcg\"]},{\"@type\":\"Person\",\"@id\":\"https:\/\/psol50.org.br\/#\/schema\/person\/475dfa57d0b815993c714c2e96491fcd\",\"name\":\"Comunica\u00e7\u00e3o PSOL\",\"image\":{\"@type\":\"ImageObject\",\"inLanguage\":\"pt-BR\",\"@id\":\"https:\/\/psol50.org.br\/#\/schema\/person\/image\/\",\"url\":\"https:\/\/secure.gravatar.com\/avatar\/b34fc4f4e468a4e51785917065a3db57b841f5c95dba6ad8c73aaf8f66f8f9bf?s=96&d=mm&r=g\",\"contentUrl\":\"https:\/\/secure.gravatar.com\/avatar\/b34fc4f4e468a4e51785917065a3db57b841f5c95dba6ad8c73aaf8f66f8f9bf?s=96&d=mm&r=g\",\"caption\":\"Comunica\u00e7\u00e3o PSOL\"}}]}<\/script>\n<!-- \/ Yoast SEO plugin. -->","yoast_head_json":{"title":"(PA) Viola\u00e7\u00e3o dos direitos humanos no Par\u00e1 revela guerra contra os pobres - PSOL 50","robots":{"index":"index","follow":"follow","max-snippet":"max-snippet:-1","max-image-preview":"max-image-preview:large","max-video-preview":"max-video-preview:-1"},"canonical":"https:\/\/psol50.org.br\/pa-violacao-dos-direitos-humanos-no-para-revela-guerra-contra-os-pobres\/","og_locale":"pt_BR","og_type":"article","og_title":"(PA) Viola\u00e7\u00e3o dos direitos humanos no Par\u00e1 revela guerra contra os pobres - PSOL 50","og_description":"Mais uma vez o Par\u00e1 freq\u00fcenta as manchetes e mat\u00e9rias da grande imprensa em n\u00edvel nacional e internacional por conta das sistem\u00e1ticas viola\u00e7\u00f5es dos mais elementares direitos humanos. Desta feita, o inomin\u00e1vel esc\u00e2ndalo representado pela deten\u00e7\u00e3o da adolescente L., por quase um m\u00eas, em uma cela com mais de 20 detentos, na Delegacia de Abaetetuba, [&hellip;]","og_url":"https:\/\/psol50.org.br\/pa-violacao-dos-direitos-humanos-no-para-revela-guerra-contra-os-pobres\/","og_site_name":"PSOL 50","article_publisher":"https:\/\/www.facebook.com\/psol50","article_published_time":"2007-11-30T00:00:00+00:00","og_image":[{"width":1350,"height":900,"url":"https:\/\/psol50.org.br\/inc\/uploads\/2018\/07\/capa.png","type":"image\/png"}],"author":"Comunica\u00e7\u00e3o PSOL","twitter_card":"summary_large_image","twitter_creator":"@psol50","twitter_site":"@psol50","twitter_misc":{"Escrito por":"Comunica\u00e7\u00e3o PSOL","Est. tempo de leitura":"4 minutos"},"schema":{"@context":"https:\/\/schema.org","@graph":[{"@type":"Article","@id":"https:\/\/psol50.org.br\/pa-violacao-dos-direitos-humanos-no-para-revela-guerra-contra-os-pobres\/#article","isPartOf":{"@id":"https:\/\/psol50.org.br\/pa-violacao-dos-direitos-humanos-no-para-revela-guerra-contra-os-pobres\/"},"author":{"name":"Comunica\u00e7\u00e3o PSOL","@id":"https:\/\/psol50.org.br\/#\/schema\/person\/475dfa57d0b815993c714c2e96491fcd"},"headline":"(PA) Viola\u00e7\u00e3o dos direitos humanos no Par\u00e1 revela guerra contra os pobres","datePublished":"2007-11-30T00:00:00+00:00","mainEntityOfPage":{"@id":"https:\/\/psol50.org.br\/pa-violacao-dos-direitos-humanos-no-para-revela-guerra-contra-os-pobres\/"},"wordCount":812,"commentCount":0,"publisher":{"@id":"https:\/\/psol50.org.br\/#organization"},"articleSection":["Arquivo"],"inLanguage":"pt-BR","potentialAction":[{"@type":"CommentAction","name":"Comment","target":["https:\/\/psol50.org.br\/pa-violacao-dos-direitos-humanos-no-para-revela-guerra-contra-os-pobres\/#respond"]}]},{"@type":"WebPage","@id":"https:\/\/psol50.org.br\/pa-violacao-dos-direitos-humanos-no-para-revela-guerra-contra-os-pobres\/","url":"https:\/\/psol50.org.br\/pa-violacao-dos-direitos-humanos-no-para-revela-guerra-contra-os-pobres\/","name":"(PA) Viola\u00e7\u00e3o dos direitos humanos no Par\u00e1 revela guerra contra os pobres - PSOL 50","isPartOf":{"@id":"https:\/\/psol50.org.br\/#website"},"datePublished":"2007-11-30T00:00:00+00:00","breadcrumb":{"@id":"https:\/\/psol50.org.br\/pa-violacao-dos-direitos-humanos-no-para-revela-guerra-contra-os-pobres\/#breadcrumb"},"inLanguage":"pt-BR","potentialAction":[{"@type":"ReadAction","target":["https:\/\/psol50.org.br\/pa-violacao-dos-direitos-humanos-no-para-revela-guerra-contra-os-pobres\/"]}]},{"@type":"BreadcrumbList","@id":"https:\/\/psol50.org.br\/pa-violacao-dos-direitos-humanos-no-para-revela-guerra-contra-os-pobres\/#breadcrumb","itemListElement":[{"@type":"ListItem","position":1,"name":"In\u00edcio","item":"https:\/\/psol50.org.br\/"},{"@type":"ListItem","position":2,"name":"(PA) Viola\u00e7\u00e3o dos direitos humanos no Par\u00e1 revela guerra contra os pobres"}]},{"@type":"WebSite","@id":"https:\/\/psol50.org.br\/#website","url":"https:\/\/psol50.org.br\/","name":"PSOL 50","description":"Site oficial do Partido Socialismo e Liberdade","publisher":{"@id":"https:\/\/psol50.org.br\/#organization"},"alternateName":"PSOL50","potentialAction":[{"@type":"SearchAction","target":{"@type":"EntryPoint","urlTemplate":"https:\/\/psol50.org.br\/?s={search_term_string}"},"query-input":{"@type":"PropertyValueSpecification","valueRequired":true,"valueName":"search_term_string"}}],"inLanguage":"pt-BR"},{"@type":"Organization","@id":"https:\/\/psol50.org.br\/#organization","name":"PSOL 50","alternateName":"PSOL 50","url":"https:\/\/psol50.org.br\/","logo":{"@type":"ImageObject","inLanguage":"pt-BR","@id":"https:\/\/psol50.org.br\/#\/schema\/logo\/image\/","url":"https:\/\/psol50.org.br\/inc\/uploads\/2018\/07\/capa.png","contentUrl":"https:\/\/psol50.org.br\/inc\/uploads\/2018\/07\/capa.png","width":1350,"height":900,"caption":"PSOL 50"},"image":{"@id":"https:\/\/psol50.org.br\/#\/schema\/logo\/image\/"},"sameAs":["https:\/\/www.facebook.com\/psol50","https:\/\/x.com\/psol50","https:\/\/www.instagram.com\/psol50\/","https:\/\/www.youtube.com\/channel\/UC7SnJS5o1os7a6CaiNabzcg"]},{"@type":"Person","@id":"https:\/\/psol50.org.br\/#\/schema\/person\/475dfa57d0b815993c714c2e96491fcd","name":"Comunica\u00e7\u00e3o PSOL","image":{"@type":"ImageObject","inLanguage":"pt-BR","@id":"https:\/\/psol50.org.br\/#\/schema\/person\/image\/","url":"https:\/\/secure.gravatar.com\/avatar\/b34fc4f4e468a4e51785917065a3db57b841f5c95dba6ad8c73aaf8f66f8f9bf?s=96&d=mm&r=g","contentUrl":"https:\/\/secure.gravatar.com\/avatar\/b34fc4f4e468a4e51785917065a3db57b841f5c95dba6ad8c73aaf8f66f8f9bf?s=96&d=mm&r=g","caption":"Comunica\u00e7\u00e3o PSOL"}}]}},"_links":{"self":[{"href":"https:\/\/psol50.org.br\/rest\/wp\/v2\/posts\/1438","targetHints":{"allow":["GET"]}}],"collection":[{"href":"https:\/\/psol50.org.br\/rest\/wp\/v2\/posts"}],"about":[{"href":"https:\/\/psol50.org.br\/rest\/wp\/v2\/types\/post"}],"author":[{"embeddable":true,"href":"https:\/\/psol50.org.br\/rest\/wp\/v2\/users\/2"}],"replies":[{"embeddable":true,"href":"https:\/\/psol50.org.br\/rest\/wp\/v2\/comments?post=1438"}],"version-history":[{"count":0,"href":"https:\/\/psol50.org.br\/rest\/wp\/v2\/posts\/1438\/revisions"}],"wp:attachment":[{"href":"https:\/\/psol50.org.br\/rest\/wp\/v2\/media?parent=1438"}],"wp:term":[{"taxonomy":"category","embeddable":true,"href":"https:\/\/psol50.org.br\/rest\/wp\/v2\/categories?post=1438"},{"taxonomy":"post_tag","embeddable":true,"href":"https:\/\/psol50.org.br\/rest\/wp\/v2\/tags?post=1438"}],"curies":[{"name":"wp","href":"https:\/\/api.w.org\/{rel}","templated":true}]}}