{"id":14382,"date":"2016-10-28T15:04:36","date_gmt":"2016-10-28T15:04:36","guid":{"rendered":"http:\/\/www.psol50.org.br\/?p=14382"},"modified":"2016-10-28T15:04:36","modified_gmt":"2016-10-28T15:04:36","slug":"dia-do-servidor-publico-enfrentar-as-ameacas-e-a-retirada-de-direitos","status":"publish","type":"post","link":"https:\/\/psol50.org.br\/dia-do-servidor-publico-enfrentar-as-ameacas-e-a-retirada-de-direitos\/","title":{"rendered":"Dia do Servidor P\u00fablico: Enfrentar as amea\u00e7as e a retirada de direitos"},"content":{"rendered":"<p>Nesta sexta-feira (28\/10) \u00e9 celebrado, em todo o pa\u00eds, o Dia do Servidor P\u00fablico. Uma data que poderia ser para comemorar, no momento \u00e9 para refletir sobre os desafios impostos a esse importante setor da classe trabalhadora, que garante o funcionamento dos servi\u00e7os prestados \u00e0 popula\u00e7\u00e3o. S\u00e3o diversas categorias, como sa\u00fade, educa\u00e7\u00e3o, previd\u00eancia, justi\u00e7a, ci\u00eancia e tecnologia, limpeza, seguran\u00e7a, fiscaliza\u00e7\u00e3o, saneamento e tantas outras \u00e1reas, se dedicando ao funcionamento do poder p\u00fablico.<\/p>\n<p>Como o restante do conjunto da classe trabalhadora, o funcionalismo p\u00fablico vem enfrentando toda sorte de amea\u00e7as e ataques aos seus direitos. Uma s\u00e9rie de propostas que tramita no Congresso Nacional tem como alvo, direta ou indiretamente, os servidores p\u00fablicos. Aliado a isso, h\u00e1 tamb\u00e9m iniciativas do Executivo e do Judici\u00e1rio que colocam em risco conquistas hist\u00f3ricas desses trabalhadores.<\/p>\n<p>O dia do servidor este ano acontece tr\u00eas dias ap\u00f3s a aprova\u00e7\u00e3o, na C\u00e2mara, da principal proposta do ajuste fiscal do governo de Michel Temer. A <span style=\"color: #0000ff\"><a style=\"color: #0000ff\" href=\"http:\/\/www.psol50.org.br\/blog\/2016\/10\/27\/pec-dos-gastos-publicos-ja-esta-senado-e-dever-ser-votada-ate-13-de-dezembro\/\" target=\"_blank\" rel=\"noopener\">PEC 241\/2016 &#8211; agora no Senado como PEC 55<\/a><\/span> &#8211; imp\u00f5em severos limites \u00e0s \u00e1reas p\u00fablicas. Al\u00e9m da limita\u00e7\u00e3o dos investimentos nas pol\u00edticas desenvolvidas pelo poder p\u00fablico, tamb\u00e9m poder\u00e1 haver, nos pr\u00f3ximos 20 anos, congelamento de sal\u00e1rios dos servidores e o sucateamento das diversas \u00e1reas, que sofrer\u00e3o drasticamente com a falta de concursos p\u00fablicos. \u00c9 a medida mais cruel contra esse setor que o governo tem se empenhado em aprovar.<\/p>\n<p>Al\u00e9m disso, este dia do servidor acontece um dia depois de o <a href=\"http:\/\/www.psol50.org.br\/blog\/2016\/10\/28\/stf-decide-que-servidor-publico-em-greve-deve-ter-ponto-cortado\/\" target=\"_blank\" rel=\"noopener\"><span style=\"color: #0000ff\">Supremo Tribunal Federal (STF) decidir, por maioria, que o servidor p\u00fablico em greve pode ter seu sal\u00e1rio cortado<\/span><\/a>, numa clara amea\u00e7a ao direito de greve desse setor da classe trabalhador, garantido na Constitui\u00e7\u00e3o Federal. Pelo entendimento dos ministros, o \u00f3rg\u00e3o p\u00fablico do servidor em greve deve aplicar o corte de ponto a partir da deflagra\u00e7\u00e3o do movimento grevista.<\/p>\n<p>Outras tantas propostas, como PLC 50\/2016 (antigo PLP 257, sobre a renegocia\u00e7\u00e3o da d\u00edvida dos estados com a Uni\u00e3o); PLP 248\/1998 (que trata da dispensa do servidor p\u00fablico por insufici\u00eancia de desempenho); PLS 710\/2011, no Senado, e PL 4497\/2001 (regulamenta e retira o direito de greve dos servidores); e PEC 139\/2015 (extin\u00e7\u00e3o do abono de perman\u00eancia para o servidor p\u00fablico); colocam um desafio central para os servidores no enfrentamento dessas amea\u00e7as.<\/p>\n<p>O PSOL, ao mesmo tempo em que se solidariza com os servidores p\u00fablicos neste dia, se coloca parceiro em suas lutas por mais direitos e contra os retrocessos. Nas greves, marchas, ocupa\u00e7\u00f5es e no Parlamento segue lado a lado para barrar o desmonte e o sucateamento dos trabalhadores que garantem o servi\u00e7o p\u00fablico prestado \u00e0 popula\u00e7\u00e3o.<\/p>\n<p>&nbsp;<\/p>\n<p>&nbsp;<\/p>\n","protected":false},"excerpt":{"rendered":"<p>Nesta sexta-feira (28\/10) \u00e9 celebrado, em todo o pa\u00eds, o Dia do Servidor P\u00fablico. Uma data que poderia ser para comemorar, no momento \u00e9 para refletir sobre os desafios impostos a esse importante setor da classe trabalhadora, que garante o funcionamento dos servi\u00e7os prestados \u00e0 popula\u00e7\u00e3o. S\u00e3o diversas categorias, como sa\u00fade, educa\u00e7\u00e3o, previd\u00eancia, justi\u00e7a, ci\u00eancia [&hellip;]<\/p>\n","protected":false},"author":2,"featured_media":14383,"comment_status":"open","ping_status":"open","sticky":false,"template":"","format":"standard","meta":{"_acf_changed":false,"footnotes":""},"categories":[1882,1104,6],"tags":[2075,2772,2203,4639,3058,406,4640,2976,4634,22],"class_list":{"0":"post-14382","1":"post","2":"type-post","3":"status-publish","4":"format-standard","5":"has-post-thumbnail","7":"category-brasil","8":"category-movimento","9":"category-noticias","10":"tag-ataques","11":"tag-classe-trabalhadora","12":"tag-desmonte","13":"tag-dia-do-servidor-publico","14":"tag-direito-de-greve","15":"tag-direitos","16":"tag-funcionalismo-publico","17":"tag-pec-2412016","18":"tag-pec-552016","19":"tag-psol"},"acf":[],"yoast_head":"<!-- This site is optimized with the Yoast SEO plugin v26.5 - https:\/\/yoast.com\/wordpress\/plugins\/seo\/ -->\n<title>Dia do Servidor P\u00fablico: Enfrentar as amea\u00e7as e a retirada de direitos - PSOL 50<\/title>\n<meta name=\"robots\" content=\"index, follow, max-snippet:-1, max-image-preview:large, max-video-preview:-1\" \/>\n<link rel=\"canonical\" href=\"https:\/\/psol50.org.br\/dia-do-servidor-publico-enfrentar-as-ameacas-e-a-retirada-de-direitos\/\" \/>\n<meta property=\"og:locale\" content=\"pt_BR\" \/>\n<meta property=\"og:type\" content=\"article\" \/>\n<meta property=\"og:title\" content=\"Dia do Servidor P\u00fablico: Enfrentar as amea\u00e7as e a retirada de direitos - PSOL 50\" \/>\n<meta property=\"og:description\" content=\"Nesta sexta-feira (28\/10) \u00e9 celebrado, em todo o pa\u00eds, o Dia do Servidor P\u00fablico. Uma data que poderia ser para comemorar, no momento \u00e9 para refletir sobre os desafios impostos a esse importante setor da classe trabalhadora, que garante o funcionamento dos servi\u00e7os prestados \u00e0 popula\u00e7\u00e3o. S\u00e3o diversas categorias, como sa\u00fade, educa\u00e7\u00e3o, previd\u00eancia, justi\u00e7a, ci\u00eancia [&hellip;]\" \/>\n<meta property=\"og:url\" content=\"https:\/\/psol50.org.br\/dia-do-servidor-publico-enfrentar-as-ameacas-e-a-retirada-de-direitos\/\" \/>\n<meta property=\"og:site_name\" content=\"PSOL 50\" \/>\n<meta property=\"article:publisher\" content=\"https:\/\/www.facebook.com\/psol50\" \/>\n<meta property=\"article:published_time\" content=\"2016-10-28T15:04:36+00:00\" \/>\n<meta property=\"og:image\" content=\"https:\/\/psol50.org.br\/inc\/uploads\/2016\/10\/Servidores-nao-vao-pagar-a-crise-Andes.jpg\" \/>\n\t<meta property=\"og:image:width\" content=\"1061\" \/>\n\t<meta property=\"og:image:height\" content=\"536\" \/>\n\t<meta property=\"og:image:type\" content=\"image\/jpeg\" \/>\n<meta name=\"author\" content=\"Comunica\u00e7\u00e3o PSOL\" \/>\n<meta name=\"twitter:card\" content=\"summary_large_image\" \/>\n<meta name=\"twitter:creator\" content=\"@psol50\" \/>\n<meta name=\"twitter:site\" content=\"@psol50\" \/>\n<meta name=\"twitter:label1\" content=\"Escrito por\" \/>\n\t<meta name=\"twitter:data1\" content=\"Comunica\u00e7\u00e3o PSOL\" \/>\n\t<meta name=\"twitter:label2\" content=\"Est. tempo de leitura\" \/>\n\t<meta name=\"twitter:data2\" content=\"2 minutos\" \/>\n<script type=\"application\/ld+json\" class=\"yoast-schema-graph\">{\"@context\":\"https:\/\/schema.org\",\"@graph\":[{\"@type\":\"Article\",\"@id\":\"https:\/\/psol50.org.br\/dia-do-servidor-publico-enfrentar-as-ameacas-e-a-retirada-de-direitos\/#article\",\"isPartOf\":{\"@id\":\"https:\/\/psol50.org.br\/dia-do-servidor-publico-enfrentar-as-ameacas-e-a-retirada-de-direitos\/\"},\"author\":{\"name\":\"Comunica\u00e7\u00e3o PSOL\",\"@id\":\"https:\/\/psol50.org.br\/#\/schema\/person\/475dfa57d0b815993c714c2e96491fcd\"},\"headline\":\"Dia do Servidor P\u00fablico: Enfrentar as amea\u00e7as e a retirada de direitos\",\"datePublished\":\"2016-10-28T15:04:36+00:00\",\"mainEntityOfPage\":{\"@id\":\"https:\/\/psol50.org.br\/dia-do-servidor-publico-enfrentar-as-ameacas-e-a-retirada-de-direitos\/\"},\"wordCount\":482,\"commentCount\":0,\"publisher\":{\"@id\":\"https:\/\/psol50.org.br\/#organization\"},\"image\":{\"@id\":\"https:\/\/psol50.org.br\/dia-do-servidor-publico-enfrentar-as-ameacas-e-a-retirada-de-direitos\/#primaryimage\"},\"thumbnailUrl\":\"https:\/\/psol50.org.br\/inc\/uploads\/2016\/10\/Servidores-nao-vao-pagar-a-crise-Andes.jpg\",\"keywords\":[\"ataques\",\"classe trabalhadora\",\"desmonte\",\"Dia do Servidor P\u00fablico\",\"direito de greve\",\"direitos\",\"funcionalismo p\u00fablico\",\"PEC 241\/2016\",\"PEC 55\/2016\",\"PSOL\"],\"articleSection\":[\"Brasil\",\"Movimento\",\"Not\u00edcias\"],\"inLanguage\":\"pt-BR\",\"potentialAction\":[{\"@type\":\"CommentAction\",\"name\":\"Comment\",\"target\":[\"https:\/\/psol50.org.br\/dia-do-servidor-publico-enfrentar-as-ameacas-e-a-retirada-de-direitos\/#respond\"]}]},{\"@type\":\"WebPage\",\"@id\":\"https:\/\/psol50.org.br\/dia-do-servidor-publico-enfrentar-as-ameacas-e-a-retirada-de-direitos\/\",\"url\":\"https:\/\/psol50.org.br\/dia-do-servidor-publico-enfrentar-as-ameacas-e-a-retirada-de-direitos\/\",\"name\":\"Dia do Servidor P\u00fablico: Enfrentar as amea\u00e7as e a retirada de direitos - PSOL 50\",\"isPartOf\":{\"@id\":\"https:\/\/psol50.org.br\/#website\"},\"primaryImageOfPage\":{\"@id\":\"https:\/\/psol50.org.br\/dia-do-servidor-publico-enfrentar-as-ameacas-e-a-retirada-de-direitos\/#primaryimage\"},\"image\":{\"@id\":\"https:\/\/psol50.org.br\/dia-do-servidor-publico-enfrentar-as-ameacas-e-a-retirada-de-direitos\/#primaryimage\"},\"thumbnailUrl\":\"https:\/\/psol50.org.br\/inc\/uploads\/2016\/10\/Servidores-nao-vao-pagar-a-crise-Andes.jpg\",\"datePublished\":\"2016-10-28T15:04:36+00:00\",\"breadcrumb\":{\"@id\":\"https:\/\/psol50.org.br\/dia-do-servidor-publico-enfrentar-as-ameacas-e-a-retirada-de-direitos\/#breadcrumb\"},\"inLanguage\":\"pt-BR\",\"potentialAction\":[{\"@type\":\"ReadAction\",\"target\":[\"https:\/\/psol50.org.br\/dia-do-servidor-publico-enfrentar-as-ameacas-e-a-retirada-de-direitos\/\"]}]},{\"@type\":\"ImageObject\",\"inLanguage\":\"pt-BR\",\"@id\":\"https:\/\/psol50.org.br\/dia-do-servidor-publico-enfrentar-as-ameacas-e-a-retirada-de-direitos\/#primaryimage\",\"url\":\"https:\/\/psol50.org.br\/inc\/uploads\/2016\/10\/Servidores-nao-vao-pagar-a-crise-Andes.jpg\",\"contentUrl\":\"https:\/\/psol50.org.br\/inc\/uploads\/2016\/10\/Servidores-nao-vao-pagar-a-crise-Andes.jpg\",\"width\":1061,\"height\":536},{\"@type\":\"BreadcrumbList\",\"@id\":\"https:\/\/psol50.org.br\/dia-do-servidor-publico-enfrentar-as-ameacas-e-a-retirada-de-direitos\/#breadcrumb\",\"itemListElement\":[{\"@type\":\"ListItem\",\"position\":1,\"name\":\"In\u00edcio\",\"item\":\"https:\/\/psol50.org.br\/\"},{\"@type\":\"ListItem\",\"position\":2,\"name\":\"Dia do Servidor P\u00fablico: Enfrentar as amea\u00e7as e a retirada de direitos\"}]},{\"@type\":\"WebSite\",\"@id\":\"https:\/\/psol50.org.br\/#website\",\"url\":\"https:\/\/psol50.org.br\/\",\"name\":\"PSOL 50\",\"description\":\"Site oficial do Partido Socialismo e Liberdade\",\"publisher\":{\"@id\":\"https:\/\/psol50.org.br\/#organization\"},\"alternateName\":\"PSOL50\",\"potentialAction\":[{\"@type\":\"SearchAction\",\"target\":{\"@type\":\"EntryPoint\",\"urlTemplate\":\"https:\/\/psol50.org.br\/?s={search_term_string}\"},\"query-input\":{\"@type\":\"PropertyValueSpecification\",\"valueRequired\":true,\"valueName\":\"search_term_string\"}}],\"inLanguage\":\"pt-BR\"},{\"@type\":\"Organization\",\"@id\":\"https:\/\/psol50.org.br\/#organization\",\"name\":\"PSOL 50\",\"alternateName\":\"PSOL 50\",\"url\":\"https:\/\/psol50.org.br\/\",\"logo\":{\"@type\":\"ImageObject\",\"inLanguage\":\"pt-BR\",\"@id\":\"https:\/\/psol50.org.br\/#\/schema\/logo\/image\/\",\"url\":\"https:\/\/psol50.org.br\/inc\/uploads\/2018\/07\/capa.png\",\"contentUrl\":\"https:\/\/psol50.org.br\/inc\/uploads\/2018\/07\/capa.png\",\"width\":1350,\"height\":900,\"caption\":\"PSOL 50\"},\"image\":{\"@id\":\"https:\/\/psol50.org.br\/#\/schema\/logo\/image\/\"},\"sameAs\":[\"https:\/\/www.facebook.com\/psol50\",\"https:\/\/x.com\/psol50\",\"https:\/\/www.instagram.com\/psol50\/\",\"https:\/\/www.youtube.com\/channel\/UC7SnJS5o1os7a6CaiNabzcg\"]},{\"@type\":\"Person\",\"@id\":\"https:\/\/psol50.org.br\/#\/schema\/person\/475dfa57d0b815993c714c2e96491fcd\",\"name\":\"Comunica\u00e7\u00e3o PSOL\",\"image\":{\"@type\":\"ImageObject\",\"inLanguage\":\"pt-BR\",\"@id\":\"https:\/\/psol50.org.br\/#\/schema\/person\/image\/\",\"url\":\"https:\/\/secure.gravatar.com\/avatar\/b34fc4f4e468a4e51785917065a3db57b841f5c95dba6ad8c73aaf8f66f8f9bf?s=96&d=mm&r=g\",\"contentUrl\":\"https:\/\/secure.gravatar.com\/avatar\/b34fc4f4e468a4e51785917065a3db57b841f5c95dba6ad8c73aaf8f66f8f9bf?s=96&d=mm&r=g\",\"caption\":\"Comunica\u00e7\u00e3o PSOL\"}}]}<\/script>\n<!-- \/ Yoast SEO plugin. -->","yoast_head_json":{"title":"Dia do Servidor P\u00fablico: Enfrentar as amea\u00e7as e a retirada de direitos - PSOL 50","robots":{"index":"index","follow":"follow","max-snippet":"max-snippet:-1","max-image-preview":"max-image-preview:large","max-video-preview":"max-video-preview:-1"},"canonical":"https:\/\/psol50.org.br\/dia-do-servidor-publico-enfrentar-as-ameacas-e-a-retirada-de-direitos\/","og_locale":"pt_BR","og_type":"article","og_title":"Dia do Servidor P\u00fablico: Enfrentar as amea\u00e7as e a retirada de direitos - PSOL 50","og_description":"Nesta sexta-feira (28\/10) \u00e9 celebrado, em todo o pa\u00eds, o Dia do Servidor P\u00fablico. Uma data que poderia ser para comemorar, no momento \u00e9 para refletir sobre os desafios impostos a esse importante setor da classe trabalhadora, que garante o funcionamento dos servi\u00e7os prestados \u00e0 popula\u00e7\u00e3o. S\u00e3o diversas categorias, como sa\u00fade, educa\u00e7\u00e3o, previd\u00eancia, justi\u00e7a, ci\u00eancia [&hellip;]","og_url":"https:\/\/psol50.org.br\/dia-do-servidor-publico-enfrentar-as-ameacas-e-a-retirada-de-direitos\/","og_site_name":"PSOL 50","article_publisher":"https:\/\/www.facebook.com\/psol50","article_published_time":"2016-10-28T15:04:36+00:00","og_image":[{"width":1061,"height":536,"url":"https:\/\/psol50.org.br\/inc\/uploads\/2016\/10\/Servidores-nao-vao-pagar-a-crise-Andes.jpg","type":"image\/jpeg"}],"author":"Comunica\u00e7\u00e3o PSOL","twitter_card":"summary_large_image","twitter_creator":"@psol50","twitter_site":"@psol50","twitter_misc":{"Escrito por":"Comunica\u00e7\u00e3o PSOL","Est. tempo de leitura":"2 minutos"},"schema":{"@context":"https:\/\/schema.org","@graph":[{"@type":"Article","@id":"https:\/\/psol50.org.br\/dia-do-servidor-publico-enfrentar-as-ameacas-e-a-retirada-de-direitos\/#article","isPartOf":{"@id":"https:\/\/psol50.org.br\/dia-do-servidor-publico-enfrentar-as-ameacas-e-a-retirada-de-direitos\/"},"author":{"name":"Comunica\u00e7\u00e3o PSOL","@id":"https:\/\/psol50.org.br\/#\/schema\/person\/475dfa57d0b815993c714c2e96491fcd"},"headline":"Dia do Servidor P\u00fablico: Enfrentar as amea\u00e7as e a retirada de direitos","datePublished":"2016-10-28T15:04:36+00:00","mainEntityOfPage":{"@id":"https:\/\/psol50.org.br\/dia-do-servidor-publico-enfrentar-as-ameacas-e-a-retirada-de-direitos\/"},"wordCount":482,"commentCount":0,"publisher":{"@id":"https:\/\/psol50.org.br\/#organization"},"image":{"@id":"https:\/\/psol50.org.br\/dia-do-servidor-publico-enfrentar-as-ameacas-e-a-retirada-de-direitos\/#primaryimage"},"thumbnailUrl":"https:\/\/psol50.org.br\/inc\/uploads\/2016\/10\/Servidores-nao-vao-pagar-a-crise-Andes.jpg","keywords":["ataques","classe trabalhadora","desmonte","Dia do Servidor P\u00fablico","direito de greve","direitos","funcionalismo p\u00fablico","PEC 241\/2016","PEC 55\/2016","PSOL"],"articleSection":["Brasil","Movimento","Not\u00edcias"],"inLanguage":"pt-BR","potentialAction":[{"@type":"CommentAction","name":"Comment","target":["https:\/\/psol50.org.br\/dia-do-servidor-publico-enfrentar-as-ameacas-e-a-retirada-de-direitos\/#respond"]}]},{"@type":"WebPage","@id":"https:\/\/psol50.org.br\/dia-do-servidor-publico-enfrentar-as-ameacas-e-a-retirada-de-direitos\/","url":"https:\/\/psol50.org.br\/dia-do-servidor-publico-enfrentar-as-ameacas-e-a-retirada-de-direitos\/","name":"Dia do Servidor P\u00fablico: Enfrentar as amea\u00e7as e a retirada de direitos - PSOL 50","isPartOf":{"@id":"https:\/\/psol50.org.br\/#website"},"primaryImageOfPage":{"@id":"https:\/\/psol50.org.br\/dia-do-servidor-publico-enfrentar-as-ameacas-e-a-retirada-de-direitos\/#primaryimage"},"image":{"@id":"https:\/\/psol50.org.br\/dia-do-servidor-publico-enfrentar-as-ameacas-e-a-retirada-de-direitos\/#primaryimage"},"thumbnailUrl":"https:\/\/psol50.org.br\/inc\/uploads\/2016\/10\/Servidores-nao-vao-pagar-a-crise-Andes.jpg","datePublished":"2016-10-28T15:04:36+00:00","breadcrumb":{"@id":"https:\/\/psol50.org.br\/dia-do-servidor-publico-enfrentar-as-ameacas-e-a-retirada-de-direitos\/#breadcrumb"},"inLanguage":"pt-BR","potentialAction":[{"@type":"ReadAction","target":["https:\/\/psol50.org.br\/dia-do-servidor-publico-enfrentar-as-ameacas-e-a-retirada-de-direitos\/"]}]},{"@type":"ImageObject","inLanguage":"pt-BR","@id":"https:\/\/psol50.org.br\/dia-do-servidor-publico-enfrentar-as-ameacas-e-a-retirada-de-direitos\/#primaryimage","url":"https:\/\/psol50.org.br\/inc\/uploads\/2016\/10\/Servidores-nao-vao-pagar-a-crise-Andes.jpg","contentUrl":"https:\/\/psol50.org.br\/inc\/uploads\/2016\/10\/Servidores-nao-vao-pagar-a-crise-Andes.jpg","width":1061,"height":536},{"@type":"BreadcrumbList","@id":"https:\/\/psol50.org.br\/dia-do-servidor-publico-enfrentar-as-ameacas-e-a-retirada-de-direitos\/#breadcrumb","itemListElement":[{"@type":"ListItem","position":1,"name":"In\u00edcio","item":"https:\/\/psol50.org.br\/"},{"@type":"ListItem","position":2,"name":"Dia do Servidor P\u00fablico: Enfrentar as amea\u00e7as e a retirada de direitos"}]},{"@type":"WebSite","@id":"https:\/\/psol50.org.br\/#website","url":"https:\/\/psol50.org.br\/","name":"PSOL 50","description":"Site oficial do Partido Socialismo e Liberdade","publisher":{"@id":"https:\/\/psol50.org.br\/#organization"},"alternateName":"PSOL50","potentialAction":[{"@type":"SearchAction","target":{"@type":"EntryPoint","urlTemplate":"https:\/\/psol50.org.br\/?s={search_term_string}"},"query-input":{"@type":"PropertyValueSpecification","valueRequired":true,"valueName":"search_term_string"}}],"inLanguage":"pt-BR"},{"@type":"Organization","@id":"https:\/\/psol50.org.br\/#organization","name":"PSOL 50","alternateName":"PSOL 50","url":"https:\/\/psol50.org.br\/","logo":{"@type":"ImageObject","inLanguage":"pt-BR","@id":"https:\/\/psol50.org.br\/#\/schema\/logo\/image\/","url":"https:\/\/psol50.org.br\/inc\/uploads\/2018\/07\/capa.png","contentUrl":"https:\/\/psol50.org.br\/inc\/uploads\/2018\/07\/capa.png","width":1350,"height":900,"caption":"PSOL 50"},"image":{"@id":"https:\/\/psol50.org.br\/#\/schema\/logo\/image\/"},"sameAs":["https:\/\/www.facebook.com\/psol50","https:\/\/x.com\/psol50","https:\/\/www.instagram.com\/psol50\/","https:\/\/www.youtube.com\/channel\/UC7SnJS5o1os7a6CaiNabzcg"]},{"@type":"Person","@id":"https:\/\/psol50.org.br\/#\/schema\/person\/475dfa57d0b815993c714c2e96491fcd","name":"Comunica\u00e7\u00e3o PSOL","image":{"@type":"ImageObject","inLanguage":"pt-BR","@id":"https:\/\/psol50.org.br\/#\/schema\/person\/image\/","url":"https:\/\/secure.gravatar.com\/avatar\/b34fc4f4e468a4e51785917065a3db57b841f5c95dba6ad8c73aaf8f66f8f9bf?s=96&d=mm&r=g","contentUrl":"https:\/\/secure.gravatar.com\/avatar\/b34fc4f4e468a4e51785917065a3db57b841f5c95dba6ad8c73aaf8f66f8f9bf?s=96&d=mm&r=g","caption":"Comunica\u00e7\u00e3o PSOL"}}]}},"_links":{"self":[{"href":"https:\/\/psol50.org.br\/rest\/wp\/v2\/posts\/14382","targetHints":{"allow":["GET"]}}],"collection":[{"href":"https:\/\/psol50.org.br\/rest\/wp\/v2\/posts"}],"about":[{"href":"https:\/\/psol50.org.br\/rest\/wp\/v2\/types\/post"}],"author":[{"embeddable":true,"href":"https:\/\/psol50.org.br\/rest\/wp\/v2\/users\/2"}],"replies":[{"embeddable":true,"href":"https:\/\/psol50.org.br\/rest\/wp\/v2\/comments?post=14382"}],"version-history":[{"count":0,"href":"https:\/\/psol50.org.br\/rest\/wp\/v2\/posts\/14382\/revisions"}],"wp:featuredmedia":[{"embeddable":true,"href":"https:\/\/psol50.org.br\/rest\/wp\/v2\/media\/14383"}],"wp:attachment":[{"href":"https:\/\/psol50.org.br\/rest\/wp\/v2\/media?parent=14382"}],"wp:term":[{"taxonomy":"category","embeddable":true,"href":"https:\/\/psol50.org.br\/rest\/wp\/v2\/categories?post=14382"},{"taxonomy":"post_tag","embeddable":true,"href":"https:\/\/psol50.org.br\/rest\/wp\/v2\/tags?post=14382"}],"curies":[{"name":"wp","href":"https:\/\/api.w.org\/{rel}","templated":true}]}}