{"id":14405,"date":"2016-11-03T17:38:12","date_gmt":"2016-11-03T17:38:12","guid":{"rendered":"http:\/\/www.psol50.org.br\/?p=14405"},"modified":"2016-11-03T17:38:12","modified_gmt":"2016-11-03T17:38:12","slug":"fundacao-lauro-campos-promove-seminario-com-vereadores-do-psol","status":"publish","type":"post","link":"https:\/\/psol50.org.br\/fundacao-lauro-campos-promove-seminario-com-vereadores-do-psol\/","title":{"rendered":"Funda\u00e7\u00e3o Lauro Campos promove semin\u00e1rio com vereadores do PSOL"},"content":{"rendered":"<p>No pr\u00f3ximo final de semana, 5 e 6 de novembro, a sede da Funda\u00e7\u00e3o Lauro Campos, em S\u00e3o Paulo, receber\u00e1 as vereadoras e vereadores eleitos em todo o pa\u00eds para o semin\u00e1rio \u201cA cidade que queremos: os desafios dos mandatos do PSOL\u201d.<\/p>\n<p>Juliano Medeiros, presidente da Funda\u00e7\u00e3o Lauro Campos, explica que o objetivo \u00e9 proporcionar um local para troca de experi\u00eancias. \u201cO semin\u00e1rio ser\u00e1 um importante momento para discutir os desafios dos mandatos do PSOL diante do processo de reorganiza\u00e7\u00e3o da esquerda brasileira\u2019\u2019, afirma. Mais de 40 vereadores j\u00e1 confirmaram presen\u00e7a no evento.<\/p>\n<p>A abertura, \u00e0s 9h, ser\u00e1 com Juliano Medeiros e Luiz Ara\u00fajo, presidente nacional do PSOL. Al\u00e9m da presen\u00e7a de lideran\u00e7as do PSOL, como Chico Alencar e Luiza Erundina, o evento contar\u00e1 tamb\u00e9m com a presen\u00e7a de Laura Carvalho, economista pela FEA-USP. Confira a programa\u00e7\u00e3o completa:<\/p>\n<p>S\u00e1bado (05\/11)<\/p>\n<p>9h00<\/p>\n<p>Abertura: Luiz Ara\u00fajo, presidente nacional do PSOL, e Juliano Medeiros, presidente da Funda\u00e7\u00e3o Lauro Campos<\/p>\n<p>10h00<br \/>\nMesa sobre conjuntura<\/p>\n<p>. Edilson Silva, deputado estadual-PE e candidato \u00e0 prefeitura de Recife<\/p>\n<p>. Guilherme Boulos, coordenador nacional do MTST<\/p>\n<p>. Ivan Valente, deputado federal-SP<\/p>\n<p>. Laura Carvalho, economista e professora da FEA-USP<\/p>\n<p>Media\u00e7\u00e3o: Juliano Medeiros, presidente da Funda\u00e7\u00e3o Lauro Campos<\/p>\n<p>14h-16h00<\/p>\n<p>Mesa: PSOL e a luta por uma cidade das pessoas<\/p>\n<p>. Edmilson Rodrigues, deputado federal-PA e candidato \u00e0 prefeitura de Bel\u00e9m<\/p>\n<p>. Luciana Genro, candidata \u00e0 prefeitura de Porto Alegre<\/p>\n<p>. Marcelo Freixo, deputado estadual-RJ e candidato \u00e0 prefeitura do Rio de Janeiro (a confirmar)<\/p>\n<p>. Raul Marcelo, deputado estadual-SP e candidato \u00e0 prefeitura de Sorocaba<\/p>\n<p>. Juninho Silva, presidente estadual do PSOL-SP e candidato \u00e0 prefeitura de Embu das Artes<\/p>\n<p>Media\u00e7\u00e3o: M\u00e1rcio Rosa, diretor da Funda\u00e7\u00e3o Lauro Campos<\/p>\n<p>17h00-19h00<\/p>\n<p>Divis\u00e3o em 5 grupos de discuss\u00e3o, sob o tema \u201cdesafios do parlamentar do PSOL\u201d<\/p>\n<p>19h00-20h00<\/p>\n<p>Espa\u00e7o livre de discuss\u00e3o<\/p>\n<p>20h00-22h00<br \/>\nConfraterniza\u00e7\u00e3o<\/p>\n<p>Domingo (06\/11)<\/p>\n<p>9h00-12h00<\/p>\n<p>Apresenta\u00e7\u00e3o das discuss\u00f5es dos grupos e debate com os parlamentares do PSOL<\/p>\n<p>. Chico Alencar, deputado federal-RJ<\/p>\n<p>. Glauber Braga, deputado federal-RJ<\/p>\n<p>. Luiza Erundina, deputada federal-SP e candidata \u00e0 prefeitura de S\u00e3o Paulo<\/p>\n<p>Media\u00e7\u00e3o: Gilberto Maringoni, diretor da Funda\u00e7\u00e3o Lauro Campos<\/p>\n<p>12h30 \u2013 Encerramento<\/p>\n","protected":false},"excerpt":{"rendered":"<p>No pr\u00f3ximo final de semana, 5 e 6 de novembro, a sede da Funda\u00e7\u00e3o Lauro Campos, em S\u00e3o Paulo, receber\u00e1 as vereadoras e vereadores eleitos em todo o pa\u00eds para o semin\u00e1rio \u201cA cidade que queremos: os desafios dos mandatos do PSOL\u201d. Juliano Medeiros, presidente da Funda\u00e7\u00e3o Lauro Campos, explica que o objetivo \u00e9 proporcionar [&hellip;]<\/p>\n","protected":false},"author":2,"featured_media":14406,"comment_status":"open","ping_status":"open","sticky":false,"template":"","format":"standard","meta":{"_acf_changed":false,"footnotes":""},"categories":[1882,2833,6],"tags":[3851,2244,698],"class_list":{"0":"post-14405","1":"post","2":"type-post","3":"status-publish","4":"format-standard","5":"has-post-thumbnail","7":"category-brasil","8":"category-eleicoes-2016","9":"category-noticias","10":"tag-eleicoes-2016","11":"tag-fundacao-lauro-campos","12":"tag-seminario"},"acf":[],"yoast_head":"<!-- This site is optimized with the Yoast SEO plugin v26.5 - https:\/\/yoast.com\/wordpress\/plugins\/seo\/ -->\n<title>Funda\u00e7\u00e3o Lauro Campos promove semin\u00e1rio com vereadores do PSOL - PSOL 50<\/title>\n<meta name=\"robots\" content=\"index, follow, max-snippet:-1, max-image-preview:large, max-video-preview:-1\" \/>\n<link rel=\"canonical\" href=\"https:\/\/psol50.org.br\/fundacao-lauro-campos-promove-seminario-com-vereadores-do-psol\/\" \/>\n<meta property=\"og:locale\" content=\"pt_BR\" \/>\n<meta property=\"og:type\" content=\"article\" \/>\n<meta property=\"og:title\" content=\"Funda\u00e7\u00e3o Lauro Campos promove semin\u00e1rio com vereadores do PSOL - PSOL 50\" \/>\n<meta property=\"og:description\" content=\"No pr\u00f3ximo final de semana, 5 e 6 de novembro, a sede da Funda\u00e7\u00e3o Lauro Campos, em S\u00e3o Paulo, receber\u00e1 as vereadoras e vereadores eleitos em todo o pa\u00eds para o semin\u00e1rio \u201cA cidade que queremos: os desafios dos mandatos do PSOL\u201d. Juliano Medeiros, presidente da Funda\u00e7\u00e3o Lauro Campos, explica que o objetivo \u00e9 proporcionar [&hellip;]\" \/>\n<meta property=\"og:url\" content=\"https:\/\/psol50.org.br\/fundacao-lauro-campos-promove-seminario-com-vereadores-do-psol\/\" \/>\n<meta property=\"og:site_name\" content=\"PSOL 50\" \/>\n<meta property=\"article:publisher\" content=\"https:\/\/www.facebook.com\/psol50\" \/>\n<meta property=\"article:published_time\" content=\"2016-11-03T17:38:12+00:00\" \/>\n<meta property=\"og:image\" content=\"https:\/\/psol50.org.br\/inc\/uploads\/2018\/07\/capa.png\" \/>\n\t<meta property=\"og:image:width\" content=\"1350\" \/>\n\t<meta property=\"og:image:height\" content=\"900\" \/>\n\t<meta property=\"og:image:type\" content=\"image\/png\" \/>\n<meta name=\"author\" content=\"Comunica\u00e7\u00e3o PSOL\" \/>\n<meta name=\"twitter:card\" content=\"summary_large_image\" \/>\n<meta name=\"twitter:creator\" content=\"@psol50\" \/>\n<meta name=\"twitter:site\" content=\"@psol50\" \/>\n<meta name=\"twitter:label1\" content=\"Escrito por\" \/>\n\t<meta name=\"twitter:data1\" content=\"Comunica\u00e7\u00e3o PSOL\" \/>\n\t<meta name=\"twitter:label2\" content=\"Est. tempo de leitura\" \/>\n\t<meta name=\"twitter:data2\" content=\"2 minutos\" \/>\n<script type=\"application\/ld+json\" class=\"yoast-schema-graph\">{\"@context\":\"https:\/\/schema.org\",\"@graph\":[{\"@type\":\"Article\",\"@id\":\"https:\/\/psol50.org.br\/fundacao-lauro-campos-promove-seminario-com-vereadores-do-psol\/#article\",\"isPartOf\":{\"@id\":\"https:\/\/psol50.org.br\/fundacao-lauro-campos-promove-seminario-com-vereadores-do-psol\/\"},\"author\":{\"name\":\"Comunica\u00e7\u00e3o PSOL\",\"@id\":\"https:\/\/psol50.org.br\/#\/schema\/person\/475dfa57d0b815993c714c2e96491fcd\"},\"headline\":\"Funda\u00e7\u00e3o Lauro Campos promove semin\u00e1rio com vereadores do PSOL\",\"datePublished\":\"2016-11-03T17:38:12+00:00\",\"mainEntityOfPage\":{\"@id\":\"https:\/\/psol50.org.br\/fundacao-lauro-campos-promove-seminario-com-vereadores-do-psol\/\"},\"wordCount\":378,\"commentCount\":0,\"publisher\":{\"@id\":\"https:\/\/psol50.org.br\/#organization\"},\"image\":{\"@id\":\"https:\/\/psol50.org.br\/fundacao-lauro-campos-promove-seminario-com-vereadores-do-psol\/#primaryimage\"},\"thumbnailUrl\":\"\",\"keywords\":[\"elei\u00e7\u00f5es 2016\",\"Funda\u00e7\u00e3o Lauro Campos\",\"Semin\u00e1rio\"],\"articleSection\":[\"Brasil\",\"ELEI\u00c7\u00d5ES 2016\",\"Not\u00edcias\"],\"inLanguage\":\"pt-BR\",\"potentialAction\":[{\"@type\":\"CommentAction\",\"name\":\"Comment\",\"target\":[\"https:\/\/psol50.org.br\/fundacao-lauro-campos-promove-seminario-com-vereadores-do-psol\/#respond\"]}]},{\"@type\":\"WebPage\",\"@id\":\"https:\/\/psol50.org.br\/fundacao-lauro-campos-promove-seminario-com-vereadores-do-psol\/\",\"url\":\"https:\/\/psol50.org.br\/fundacao-lauro-campos-promove-seminario-com-vereadores-do-psol\/\",\"name\":\"Funda\u00e7\u00e3o Lauro Campos promove semin\u00e1rio com vereadores do PSOL - PSOL 50\",\"isPartOf\":{\"@id\":\"https:\/\/psol50.org.br\/#website\"},\"primaryImageOfPage\":{\"@id\":\"https:\/\/psol50.org.br\/fundacao-lauro-campos-promove-seminario-com-vereadores-do-psol\/#primaryimage\"},\"image\":{\"@id\":\"https:\/\/psol50.org.br\/fundacao-lauro-campos-promove-seminario-com-vereadores-do-psol\/#primaryimage\"},\"thumbnailUrl\":\"\",\"datePublished\":\"2016-11-03T17:38:12+00:00\",\"breadcrumb\":{\"@id\":\"https:\/\/psol50.org.br\/fundacao-lauro-campos-promove-seminario-com-vereadores-do-psol\/#breadcrumb\"},\"inLanguage\":\"pt-BR\",\"potentialAction\":[{\"@type\":\"ReadAction\",\"target\":[\"https:\/\/psol50.org.br\/fundacao-lauro-campos-promove-seminario-com-vereadores-do-psol\/\"]}]},{\"@type\":\"ImageObject\",\"inLanguage\":\"pt-BR\",\"@id\":\"https:\/\/psol50.org.br\/fundacao-lauro-campos-promove-seminario-com-vereadores-do-psol\/#primaryimage\",\"url\":\"\",\"contentUrl\":\"\"},{\"@type\":\"BreadcrumbList\",\"@id\":\"https:\/\/psol50.org.br\/fundacao-lauro-campos-promove-seminario-com-vereadores-do-psol\/#breadcrumb\",\"itemListElement\":[{\"@type\":\"ListItem\",\"position\":1,\"name\":\"In\u00edcio\",\"item\":\"https:\/\/psol50.org.br\/\"},{\"@type\":\"ListItem\",\"position\":2,\"name\":\"Funda\u00e7\u00e3o Lauro Campos promove semin\u00e1rio com vereadores do PSOL\"}]},{\"@type\":\"WebSite\",\"@id\":\"https:\/\/psol50.org.br\/#website\",\"url\":\"https:\/\/psol50.org.br\/\",\"name\":\"PSOL 50\",\"description\":\"Site oficial do Partido Socialismo e Liberdade\",\"publisher\":{\"@id\":\"https:\/\/psol50.org.br\/#organization\"},\"alternateName\":\"PSOL50\",\"potentialAction\":[{\"@type\":\"SearchAction\",\"target\":{\"@type\":\"EntryPoint\",\"urlTemplate\":\"https:\/\/psol50.org.br\/?s={search_term_string}\"},\"query-input\":{\"@type\":\"PropertyValueSpecification\",\"valueRequired\":true,\"valueName\":\"search_term_string\"}}],\"inLanguage\":\"pt-BR\"},{\"@type\":\"Organization\",\"@id\":\"https:\/\/psol50.org.br\/#organization\",\"name\":\"PSOL 50\",\"alternateName\":\"PSOL 50\",\"url\":\"https:\/\/psol50.org.br\/\",\"logo\":{\"@type\":\"ImageObject\",\"inLanguage\":\"pt-BR\",\"@id\":\"https:\/\/psol50.org.br\/#\/schema\/logo\/image\/\",\"url\":\"https:\/\/psol50.org.br\/inc\/uploads\/2018\/07\/capa.png\",\"contentUrl\":\"https:\/\/psol50.org.br\/inc\/uploads\/2018\/07\/capa.png\",\"width\":1350,\"height\":900,\"caption\":\"PSOL 50\"},\"image\":{\"@id\":\"https:\/\/psol50.org.br\/#\/schema\/logo\/image\/\"},\"sameAs\":[\"https:\/\/www.facebook.com\/psol50\",\"https:\/\/x.com\/psol50\",\"https:\/\/www.instagram.com\/psol50\/\",\"https:\/\/www.youtube.com\/channel\/UC7SnJS5o1os7a6CaiNabzcg\"]},{\"@type\":\"Person\",\"@id\":\"https:\/\/psol50.org.br\/#\/schema\/person\/475dfa57d0b815993c714c2e96491fcd\",\"name\":\"Comunica\u00e7\u00e3o PSOL\",\"image\":{\"@type\":\"ImageObject\",\"inLanguage\":\"pt-BR\",\"@id\":\"https:\/\/psol50.org.br\/#\/schema\/person\/image\/\",\"url\":\"https:\/\/secure.gravatar.com\/avatar\/b34fc4f4e468a4e51785917065a3db57b841f5c95dba6ad8c73aaf8f66f8f9bf?s=96&d=mm&r=g\",\"contentUrl\":\"https:\/\/secure.gravatar.com\/avatar\/b34fc4f4e468a4e51785917065a3db57b841f5c95dba6ad8c73aaf8f66f8f9bf?s=96&d=mm&r=g\",\"caption\":\"Comunica\u00e7\u00e3o PSOL\"}}]}<\/script>\n<!-- \/ Yoast SEO plugin. -->","yoast_head_json":{"title":"Funda\u00e7\u00e3o Lauro Campos promove semin\u00e1rio com vereadores do PSOL - PSOL 50","robots":{"index":"index","follow":"follow","max-snippet":"max-snippet:-1","max-image-preview":"max-image-preview:large","max-video-preview":"max-video-preview:-1"},"canonical":"https:\/\/psol50.org.br\/fundacao-lauro-campos-promove-seminario-com-vereadores-do-psol\/","og_locale":"pt_BR","og_type":"article","og_title":"Funda\u00e7\u00e3o Lauro Campos promove semin\u00e1rio com vereadores do PSOL - PSOL 50","og_description":"No pr\u00f3ximo final de semana, 5 e 6 de novembro, a sede da Funda\u00e7\u00e3o Lauro Campos, em S\u00e3o Paulo, receber\u00e1 as vereadoras e vereadores eleitos em todo o pa\u00eds para o semin\u00e1rio \u201cA cidade que queremos: os desafios dos mandatos do PSOL\u201d. Juliano Medeiros, presidente da Funda\u00e7\u00e3o Lauro Campos, explica que o objetivo \u00e9 proporcionar [&hellip;]","og_url":"https:\/\/psol50.org.br\/fundacao-lauro-campos-promove-seminario-com-vereadores-do-psol\/","og_site_name":"PSOL 50","article_publisher":"https:\/\/www.facebook.com\/psol50","article_published_time":"2016-11-03T17:38:12+00:00","og_image":[{"width":1350,"height":900,"url":"https:\/\/psol50.org.br\/inc\/uploads\/2018\/07\/capa.png","type":"image\/png"}],"author":"Comunica\u00e7\u00e3o PSOL","twitter_card":"summary_large_image","twitter_creator":"@psol50","twitter_site":"@psol50","twitter_misc":{"Escrito por":"Comunica\u00e7\u00e3o PSOL","Est. tempo de leitura":"2 minutos"},"schema":{"@context":"https:\/\/schema.org","@graph":[{"@type":"Article","@id":"https:\/\/psol50.org.br\/fundacao-lauro-campos-promove-seminario-com-vereadores-do-psol\/#article","isPartOf":{"@id":"https:\/\/psol50.org.br\/fundacao-lauro-campos-promove-seminario-com-vereadores-do-psol\/"},"author":{"name":"Comunica\u00e7\u00e3o PSOL","@id":"https:\/\/psol50.org.br\/#\/schema\/person\/475dfa57d0b815993c714c2e96491fcd"},"headline":"Funda\u00e7\u00e3o Lauro Campos promove semin\u00e1rio com vereadores do PSOL","datePublished":"2016-11-03T17:38:12+00:00","mainEntityOfPage":{"@id":"https:\/\/psol50.org.br\/fundacao-lauro-campos-promove-seminario-com-vereadores-do-psol\/"},"wordCount":378,"commentCount":0,"publisher":{"@id":"https:\/\/psol50.org.br\/#organization"},"image":{"@id":"https:\/\/psol50.org.br\/fundacao-lauro-campos-promove-seminario-com-vereadores-do-psol\/#primaryimage"},"thumbnailUrl":"","keywords":["elei\u00e7\u00f5es 2016","Funda\u00e7\u00e3o Lauro Campos","Semin\u00e1rio"],"articleSection":["Brasil","ELEI\u00c7\u00d5ES 2016","Not\u00edcias"],"inLanguage":"pt-BR","potentialAction":[{"@type":"CommentAction","name":"Comment","target":["https:\/\/psol50.org.br\/fundacao-lauro-campos-promove-seminario-com-vereadores-do-psol\/#respond"]}]},{"@type":"WebPage","@id":"https:\/\/psol50.org.br\/fundacao-lauro-campos-promove-seminario-com-vereadores-do-psol\/","url":"https:\/\/psol50.org.br\/fundacao-lauro-campos-promove-seminario-com-vereadores-do-psol\/","name":"Funda\u00e7\u00e3o Lauro Campos promove semin\u00e1rio com vereadores do PSOL - PSOL 50","isPartOf":{"@id":"https:\/\/psol50.org.br\/#website"},"primaryImageOfPage":{"@id":"https:\/\/psol50.org.br\/fundacao-lauro-campos-promove-seminario-com-vereadores-do-psol\/#primaryimage"},"image":{"@id":"https:\/\/psol50.org.br\/fundacao-lauro-campos-promove-seminario-com-vereadores-do-psol\/#primaryimage"},"thumbnailUrl":"","datePublished":"2016-11-03T17:38:12+00:00","breadcrumb":{"@id":"https:\/\/psol50.org.br\/fundacao-lauro-campos-promove-seminario-com-vereadores-do-psol\/#breadcrumb"},"inLanguage":"pt-BR","potentialAction":[{"@type":"ReadAction","target":["https:\/\/psol50.org.br\/fundacao-lauro-campos-promove-seminario-com-vereadores-do-psol\/"]}]},{"@type":"ImageObject","inLanguage":"pt-BR","@id":"https:\/\/psol50.org.br\/fundacao-lauro-campos-promove-seminario-com-vereadores-do-psol\/#primaryimage","url":"","contentUrl":""},{"@type":"BreadcrumbList","@id":"https:\/\/psol50.org.br\/fundacao-lauro-campos-promove-seminario-com-vereadores-do-psol\/#breadcrumb","itemListElement":[{"@type":"ListItem","position":1,"name":"In\u00edcio","item":"https:\/\/psol50.org.br\/"},{"@type":"ListItem","position":2,"name":"Funda\u00e7\u00e3o Lauro Campos promove semin\u00e1rio com vereadores do PSOL"}]},{"@type":"WebSite","@id":"https:\/\/psol50.org.br\/#website","url":"https:\/\/psol50.org.br\/","name":"PSOL 50","description":"Site oficial do Partido Socialismo e Liberdade","publisher":{"@id":"https:\/\/psol50.org.br\/#organization"},"alternateName":"PSOL50","potentialAction":[{"@type":"SearchAction","target":{"@type":"EntryPoint","urlTemplate":"https:\/\/psol50.org.br\/?s={search_term_string}"},"query-input":{"@type":"PropertyValueSpecification","valueRequired":true,"valueName":"search_term_string"}}],"inLanguage":"pt-BR"},{"@type":"Organization","@id":"https:\/\/psol50.org.br\/#organization","name":"PSOL 50","alternateName":"PSOL 50","url":"https:\/\/psol50.org.br\/","logo":{"@type":"ImageObject","inLanguage":"pt-BR","@id":"https:\/\/psol50.org.br\/#\/schema\/logo\/image\/","url":"https:\/\/psol50.org.br\/inc\/uploads\/2018\/07\/capa.png","contentUrl":"https:\/\/psol50.org.br\/inc\/uploads\/2018\/07\/capa.png","width":1350,"height":900,"caption":"PSOL 50"},"image":{"@id":"https:\/\/psol50.org.br\/#\/schema\/logo\/image\/"},"sameAs":["https:\/\/www.facebook.com\/psol50","https:\/\/x.com\/psol50","https:\/\/www.instagram.com\/psol50\/","https:\/\/www.youtube.com\/channel\/UC7SnJS5o1os7a6CaiNabzcg"]},{"@type":"Person","@id":"https:\/\/psol50.org.br\/#\/schema\/person\/475dfa57d0b815993c714c2e96491fcd","name":"Comunica\u00e7\u00e3o PSOL","image":{"@type":"ImageObject","inLanguage":"pt-BR","@id":"https:\/\/psol50.org.br\/#\/schema\/person\/image\/","url":"https:\/\/secure.gravatar.com\/avatar\/b34fc4f4e468a4e51785917065a3db57b841f5c95dba6ad8c73aaf8f66f8f9bf?s=96&d=mm&r=g","contentUrl":"https:\/\/secure.gravatar.com\/avatar\/b34fc4f4e468a4e51785917065a3db57b841f5c95dba6ad8c73aaf8f66f8f9bf?s=96&d=mm&r=g","caption":"Comunica\u00e7\u00e3o PSOL"}}]}},"_links":{"self":[{"href":"https:\/\/psol50.org.br\/rest\/wp\/v2\/posts\/14405","targetHints":{"allow":["GET"]}}],"collection":[{"href":"https:\/\/psol50.org.br\/rest\/wp\/v2\/posts"}],"about":[{"href":"https:\/\/psol50.org.br\/rest\/wp\/v2\/types\/post"}],"author":[{"embeddable":true,"href":"https:\/\/psol50.org.br\/rest\/wp\/v2\/users\/2"}],"replies":[{"embeddable":true,"href":"https:\/\/psol50.org.br\/rest\/wp\/v2\/comments?post=14405"}],"version-history":[{"count":0,"href":"https:\/\/psol50.org.br\/rest\/wp\/v2\/posts\/14405\/revisions"}],"wp:featuredmedia":[{"embeddable":true,"href":"https:\/\/psol50.org.br\/rest\/"}],"wp:attachment":[{"href":"https:\/\/psol50.org.br\/rest\/wp\/v2\/media?parent=14405"}],"wp:term":[{"taxonomy":"category","embeddable":true,"href":"https:\/\/psol50.org.br\/rest\/wp\/v2\/categories?post=14405"},{"taxonomy":"post_tag","embeddable":true,"href":"https:\/\/psol50.org.br\/rest\/wp\/v2\/tags?post=14405"}],"curies":[{"name":"wp","href":"https:\/\/api.w.org\/{rel}","templated":true}]}}