{"id":14413,"date":"2016-11-09T14:36:58","date_gmt":"2016-11-09T14:36:58","guid":{"rendered":"http:\/\/www.psol50.org.br\/?p=14413"},"modified":"2016-11-09T14:36:58","modified_gmt":"2016-11-09T14:36:58","slug":"senado-pode-votar-nesta-quarta-reforma-politica-antidemocratica-de-aecio-neves","status":"publish","type":"post","link":"https:\/\/psol50.org.br\/senado-pode-votar-nesta-quarta-reforma-politica-antidemocratica-de-aecio-neves\/","title":{"rendered":"Senado pode votar, nesta quarta, reforma pol\u00edtica antidemocr\u00e1tica de A\u00e9cio Neves"},"content":{"rendered":"<p>O Senado come\u00e7a a votar nesta quarta-feira (9) propostas de Reforma Pol\u00edtica em tramita\u00e7\u00e3o no Congresso. S\u00e3o dois projetos, ambos emendas constitucionais (PECs), que miram principalmente os partidos menores, impondo cl\u00e1usulas de barreira para acesso \u00e0 propaganda em r\u00e1dio e TV e ao fundo partid\u00e1rio.<\/p>\n<p>A PEC mais restritiva \u00e9 de autoria dos senadores do PSDB\u00a0A\u00e9cio Neves (MG) e Ricardo Ferra\u00e7o (ES). Ela exige que os partidos\u00a0tenham um m\u00ednimo de 3% dos votos para deputado federal em todo o pa\u00eds e ao menos 2% dos votos para deputado federal em 14 das 27 unidades da federa\u00e7\u00e3o (os 26 Estados e o Distrito Federal).<\/p>\n<p>Caso a proposta estivesse em vigor hoje, atingiriam a cl\u00e1usula de barreira apenas PMDB, PSDB, PT, DEM, PDT, PP, PR, PSD, PSB, PRB e PTB. A regra valeria a partir de 2022.<\/p>\n<p>O texto da proposta prev\u00ea, ainda, um &#8220;per\u00edodo de transi\u00e7\u00e3o&#8221; a partir de 2018, sendo exigidos 2%\u00a0dos votos v\u00e1lidos para a C\u00e2mara dos Deputados em todo o pa\u00eds e a mesma vota\u00e7\u00e3o em 14 unidades da federa\u00e7\u00e3o.<\/p>\n<p>O PSOL \u00e9 contra a proposta e tem trabalhado, no Senado, para ter\u00a0o apoio de senadores comprometidos com a democracia para impedir a aprova\u00e7\u00e3o da cl\u00e1usula de barreira e garantir mais isonomia no processo eleitoral brasileiro. Para Juliano Medeiros, da Executiva Nacional do partido, a PEC dos senadores tucanos\u00a0representa mais um de tantos outros retrocessos que t\u00eam sido \u00a0implementados pelas for\u00e7as conservadoras do Brasil.<\/p>\n<p>&#8220;Na verdade ela visa tirar do jogo pol\u00edtico novos atores como o PSOL, que tem ganhado protagonismo nos \u00faltimos anos e concentrar a decis\u00e3o do poder do pa\u00eds na m\u00e3o dos velhos grandes partidos que controlam a cena pol\u00edtica nacional e que t\u00eam levado o pa\u00eds ao caos em que se encontra&#8221;, afirma.<\/p>\n<p>Em entrevista ao <em>Portal UOL<\/em>, o\u00a0l\u00edder do PSOL na C\u00e2mara, Ivan Valente (SP), disse que o partido \u00e9 contr\u00e1rio \u00e0 clausula de barreira e que, diferentemente do que dizem os defensores da medida, ela n\u00e3o acaba com as pr\u00e1ticas das chamadas &#8220;legendas de aluguel&#8221;, que trocam apoio pol\u00edtico por cargos e verbas.<\/p>\n<p>&#8220;A cl\u00e1usula de barreira serve s\u00f3, na pr\u00e1tica, para tentar eliminar os partidos program\u00e1ticos e ideol\u00f3gicos, o partido que tem voto de opini\u00e3o. Porque quando voc\u00ea estabelece a cl\u00e1usula, os partidos de aluguel ou se fundem ou entram nos grandes partidos de aluguel&#8221;, afirma Valente. &#8220;O que n\u00f3s precisamos de uma reforma pol\u00edtica \u00e9 criar partidos program\u00e1ticos, e isso n\u00e3o se resolve com cl\u00e1usula de barreira&#8221;, diz o l\u00edder do PSOL.<\/p>\n<p>Leia mais sobre as propostas na\u00a0<strong>Ag\u00eancia Senado<\/strong> <a href=\"http:\/\/www12.senado.leg.br\/noticias\/videos\/2016\/11\/plenario-deve-votar-proposta-de-reforma-politica-nesta-quarta\" target=\"_blank\" rel=\"noopener\"><span style=\"color: #3366ff\"><strong>clicando aqui.<\/strong><\/span><\/a><\/p>\n","protected":false},"excerpt":{"rendered":"<p>O Senado come\u00e7a a votar nesta quarta-feira (9) propostas de Reforma Pol\u00edtica em tramita\u00e7\u00e3o no Congresso. S\u00e3o dois projetos, ambos emendas constitucionais (PECs), que miram principalmente os partidos menores, impondo cl\u00e1usulas de barreira para acesso \u00e0 propaganda em r\u00e1dio e TV e ao fundo partid\u00e1rio. A PEC mais restritiva \u00e9 de autoria dos senadores do [&hellip;]<\/p>\n","protected":false},"author":2,"featured_media":14414,"comment_status":"open","ping_status":"open","sticky":false,"template":"","format":"standard","meta":{"_acf_changed":false,"footnotes":""},"categories":[10,1882],"tags":[3063,3064,552,259,1590,22,3046,3166],"class_list":{"0":"post-14413","1":"post","2":"type-post","3":"status-publish","4":"format-standard","5":"has-post-thumbnail","7":"category-acao-parlamentares","8":"category-brasil","9":"tag-aecio-neves","10":"tag-clausula-de-barreira","11":"tag-ivan-valente","12":"tag-juliano-medeiros","13":"tag-psdb","14":"tag-psol","15":"tag-reforma-politica","16":"tag-ricardo-ferraco"},"acf":[],"yoast_head":"<!-- This site is optimized with the Yoast SEO plugin v26.5 - https:\/\/yoast.com\/wordpress\/plugins\/seo\/ -->\n<title>Senado pode votar, nesta quarta, reforma pol\u00edtica antidemocr\u00e1tica de A\u00e9cio Neves - PSOL 50<\/title>\n<meta name=\"robots\" content=\"index, follow, max-snippet:-1, max-image-preview:large, max-video-preview:-1\" \/>\n<link rel=\"canonical\" href=\"https:\/\/psol50.org.br\/senado-pode-votar-nesta-quarta-reforma-politica-antidemocratica-de-aecio-neves\/\" \/>\n<meta property=\"og:locale\" content=\"pt_BR\" \/>\n<meta property=\"og:type\" content=\"article\" \/>\n<meta property=\"og:title\" content=\"Senado pode votar, nesta quarta, reforma pol\u00edtica antidemocr\u00e1tica de A\u00e9cio Neves - PSOL 50\" \/>\n<meta property=\"og:description\" content=\"O Senado come\u00e7a a votar nesta quarta-feira (9) propostas de Reforma Pol\u00edtica em tramita\u00e7\u00e3o no Congresso. S\u00e3o dois projetos, ambos emendas constitucionais (PECs), que miram principalmente os partidos menores, impondo cl\u00e1usulas de barreira para acesso \u00e0 propaganda em r\u00e1dio e TV e ao fundo partid\u00e1rio. A PEC mais restritiva \u00e9 de autoria dos senadores do [&hellip;]\" \/>\n<meta property=\"og:url\" content=\"https:\/\/psol50.org.br\/senado-pode-votar-nesta-quarta-reforma-politica-antidemocratica-de-aecio-neves\/\" \/>\n<meta property=\"og:site_name\" content=\"PSOL 50\" \/>\n<meta property=\"article:publisher\" content=\"https:\/\/www.facebook.com\/psol50\" \/>\n<meta property=\"article:published_time\" content=\"2016-11-09T14:36:58+00:00\" \/>\n<meta property=\"og:image\" content=\"https:\/\/psol50.org.br\/inc\/uploads\/2016\/11\/aecio-ferraco-Marcos-Oliveira-Agencia-Senado.jpg\" \/>\n\t<meta property=\"og:image:width\" content=\"860\" \/>\n\t<meta property=\"og:image:height\" content=\"570\" \/>\n\t<meta property=\"og:image:type\" content=\"image\/jpeg\" \/>\n<meta name=\"author\" content=\"Comunica\u00e7\u00e3o PSOL\" \/>\n<meta name=\"twitter:card\" content=\"summary_large_image\" \/>\n<meta name=\"twitter:creator\" content=\"@psol50\" \/>\n<meta name=\"twitter:site\" content=\"@psol50\" \/>\n<meta name=\"twitter:label1\" content=\"Escrito por\" \/>\n\t<meta name=\"twitter:data1\" content=\"Comunica\u00e7\u00e3o PSOL\" \/>\n\t<meta name=\"twitter:label2\" content=\"Est. tempo de leitura\" \/>\n\t<meta name=\"twitter:data2\" content=\"2 minutos\" \/>\n<script type=\"application\/ld+json\" class=\"yoast-schema-graph\">{\"@context\":\"https:\/\/schema.org\",\"@graph\":[{\"@type\":\"Article\",\"@id\":\"https:\/\/psol50.org.br\/senado-pode-votar-nesta-quarta-reforma-politica-antidemocratica-de-aecio-neves\/#article\",\"isPartOf\":{\"@id\":\"https:\/\/psol50.org.br\/senado-pode-votar-nesta-quarta-reforma-politica-antidemocratica-de-aecio-neves\/\"},\"author\":{\"name\":\"Comunica\u00e7\u00e3o PSOL\",\"@id\":\"https:\/\/psol50.org.br\/#\/schema\/person\/475dfa57d0b815993c714c2e96491fcd\"},\"headline\":\"Senado pode votar, nesta quarta, reforma pol\u00edtica antidemocr\u00e1tica de A\u00e9cio Neves\",\"datePublished\":\"2016-11-09T14:36:58+00:00\",\"mainEntityOfPage\":{\"@id\":\"https:\/\/psol50.org.br\/senado-pode-votar-nesta-quarta-reforma-politica-antidemocratica-de-aecio-neves\/\"},\"wordCount\":476,\"commentCount\":0,\"publisher\":{\"@id\":\"https:\/\/psol50.org.br\/#organization\"},\"image\":{\"@id\":\"https:\/\/psol50.org.br\/senado-pode-votar-nesta-quarta-reforma-politica-antidemocratica-de-aecio-neves\/#primaryimage\"},\"thumbnailUrl\":\"https:\/\/psol50.org.br\/inc\/uploads\/2016\/11\/aecio-ferraco-Marcos-Oliveira-Agencia-Senado.jpg\",\"keywords\":[\"A\u00e9cio Neves\",\"cl\u00e1usula de barreira\",\"Ivan Valente\",\"Juliano Medeiros\",\"PSDB\",\"PSOL\",\"Reforma Pol\u00edtica\",\"Ricardo Ferra\u00e7o\"],\"articleSection\":[\"A\u00e7\u00e3o Parlamentar\",\"Brasil\"],\"inLanguage\":\"pt-BR\",\"potentialAction\":[{\"@type\":\"CommentAction\",\"name\":\"Comment\",\"target\":[\"https:\/\/psol50.org.br\/senado-pode-votar-nesta-quarta-reforma-politica-antidemocratica-de-aecio-neves\/#respond\"]}]},{\"@type\":\"WebPage\",\"@id\":\"https:\/\/psol50.org.br\/senado-pode-votar-nesta-quarta-reforma-politica-antidemocratica-de-aecio-neves\/\",\"url\":\"https:\/\/psol50.org.br\/senado-pode-votar-nesta-quarta-reforma-politica-antidemocratica-de-aecio-neves\/\",\"name\":\"Senado pode votar, nesta quarta, reforma pol\u00edtica antidemocr\u00e1tica de A\u00e9cio Neves - PSOL 50\",\"isPartOf\":{\"@id\":\"https:\/\/psol50.org.br\/#website\"},\"primaryImageOfPage\":{\"@id\":\"https:\/\/psol50.org.br\/senado-pode-votar-nesta-quarta-reforma-politica-antidemocratica-de-aecio-neves\/#primaryimage\"},\"image\":{\"@id\":\"https:\/\/psol50.org.br\/senado-pode-votar-nesta-quarta-reforma-politica-antidemocratica-de-aecio-neves\/#primaryimage\"},\"thumbnailUrl\":\"https:\/\/psol50.org.br\/inc\/uploads\/2016\/11\/aecio-ferraco-Marcos-Oliveira-Agencia-Senado.jpg\",\"datePublished\":\"2016-11-09T14:36:58+00:00\",\"breadcrumb\":{\"@id\":\"https:\/\/psol50.org.br\/senado-pode-votar-nesta-quarta-reforma-politica-antidemocratica-de-aecio-neves\/#breadcrumb\"},\"inLanguage\":\"pt-BR\",\"potentialAction\":[{\"@type\":\"ReadAction\",\"target\":[\"https:\/\/psol50.org.br\/senado-pode-votar-nesta-quarta-reforma-politica-antidemocratica-de-aecio-neves\/\"]}]},{\"@type\":\"ImageObject\",\"inLanguage\":\"pt-BR\",\"@id\":\"https:\/\/psol50.org.br\/senado-pode-votar-nesta-quarta-reforma-politica-antidemocratica-de-aecio-neves\/#primaryimage\",\"url\":\"https:\/\/psol50.org.br\/inc\/uploads\/2016\/11\/aecio-ferraco-Marcos-Oliveira-Agencia-Senado.jpg\",\"contentUrl\":\"https:\/\/psol50.org.br\/inc\/uploads\/2016\/11\/aecio-ferraco-Marcos-Oliveira-Agencia-Senado.jpg\",\"width\":860,\"height\":570},{\"@type\":\"BreadcrumbList\",\"@id\":\"https:\/\/psol50.org.br\/senado-pode-votar-nesta-quarta-reforma-politica-antidemocratica-de-aecio-neves\/#breadcrumb\",\"itemListElement\":[{\"@type\":\"ListItem\",\"position\":1,\"name\":\"In\u00edcio\",\"item\":\"https:\/\/psol50.org.br\/\"},{\"@type\":\"ListItem\",\"position\":2,\"name\":\"Senado pode votar, nesta quarta, reforma pol\u00edtica antidemocr\u00e1tica de A\u00e9cio Neves\"}]},{\"@type\":\"WebSite\",\"@id\":\"https:\/\/psol50.org.br\/#website\",\"url\":\"https:\/\/psol50.org.br\/\",\"name\":\"PSOL 50\",\"description\":\"Site oficial do Partido Socialismo e Liberdade\",\"publisher\":{\"@id\":\"https:\/\/psol50.org.br\/#organization\"},\"alternateName\":\"PSOL50\",\"potentialAction\":[{\"@type\":\"SearchAction\",\"target\":{\"@type\":\"EntryPoint\",\"urlTemplate\":\"https:\/\/psol50.org.br\/?s={search_term_string}\"},\"query-input\":{\"@type\":\"PropertyValueSpecification\",\"valueRequired\":true,\"valueName\":\"search_term_string\"}}],\"inLanguage\":\"pt-BR\"},{\"@type\":\"Organization\",\"@id\":\"https:\/\/psol50.org.br\/#organization\",\"name\":\"PSOL 50\",\"alternateName\":\"PSOL 50\",\"url\":\"https:\/\/psol50.org.br\/\",\"logo\":{\"@type\":\"ImageObject\",\"inLanguage\":\"pt-BR\",\"@id\":\"https:\/\/psol50.org.br\/#\/schema\/logo\/image\/\",\"url\":\"https:\/\/psol50.org.br\/inc\/uploads\/2018\/07\/capa.png\",\"contentUrl\":\"https:\/\/psol50.org.br\/inc\/uploads\/2018\/07\/capa.png\",\"width\":1350,\"height\":900,\"caption\":\"PSOL 50\"},\"image\":{\"@id\":\"https:\/\/psol50.org.br\/#\/schema\/logo\/image\/\"},\"sameAs\":[\"https:\/\/www.facebook.com\/psol50\",\"https:\/\/x.com\/psol50\",\"https:\/\/www.instagram.com\/psol50\/\",\"https:\/\/www.youtube.com\/channel\/UC7SnJS5o1os7a6CaiNabzcg\"]},{\"@type\":\"Person\",\"@id\":\"https:\/\/psol50.org.br\/#\/schema\/person\/475dfa57d0b815993c714c2e96491fcd\",\"name\":\"Comunica\u00e7\u00e3o PSOL\",\"image\":{\"@type\":\"ImageObject\",\"inLanguage\":\"pt-BR\",\"@id\":\"https:\/\/psol50.org.br\/#\/schema\/person\/image\/\",\"url\":\"https:\/\/secure.gravatar.com\/avatar\/b34fc4f4e468a4e51785917065a3db57b841f5c95dba6ad8c73aaf8f66f8f9bf?s=96&d=mm&r=g\",\"contentUrl\":\"https:\/\/secure.gravatar.com\/avatar\/b34fc4f4e468a4e51785917065a3db57b841f5c95dba6ad8c73aaf8f66f8f9bf?s=96&d=mm&r=g\",\"caption\":\"Comunica\u00e7\u00e3o PSOL\"}}]}<\/script>\n<!-- \/ Yoast SEO plugin. -->","yoast_head_json":{"title":"Senado pode votar, nesta quarta, reforma pol\u00edtica antidemocr\u00e1tica de A\u00e9cio Neves - PSOL 50","robots":{"index":"index","follow":"follow","max-snippet":"max-snippet:-1","max-image-preview":"max-image-preview:large","max-video-preview":"max-video-preview:-1"},"canonical":"https:\/\/psol50.org.br\/senado-pode-votar-nesta-quarta-reforma-politica-antidemocratica-de-aecio-neves\/","og_locale":"pt_BR","og_type":"article","og_title":"Senado pode votar, nesta quarta, reforma pol\u00edtica antidemocr\u00e1tica de A\u00e9cio Neves - PSOL 50","og_description":"O Senado come\u00e7a a votar nesta quarta-feira (9) propostas de Reforma Pol\u00edtica em tramita\u00e7\u00e3o no Congresso. S\u00e3o dois projetos, ambos emendas constitucionais (PECs), que miram principalmente os partidos menores, impondo cl\u00e1usulas de barreira para acesso \u00e0 propaganda em r\u00e1dio e TV e ao fundo partid\u00e1rio. A PEC mais restritiva \u00e9 de autoria dos senadores do [&hellip;]","og_url":"https:\/\/psol50.org.br\/senado-pode-votar-nesta-quarta-reforma-politica-antidemocratica-de-aecio-neves\/","og_site_name":"PSOL 50","article_publisher":"https:\/\/www.facebook.com\/psol50","article_published_time":"2016-11-09T14:36:58+00:00","og_image":[{"width":860,"height":570,"url":"https:\/\/psol50.org.br\/inc\/uploads\/2016\/11\/aecio-ferraco-Marcos-Oliveira-Agencia-Senado.jpg","type":"image\/jpeg"}],"author":"Comunica\u00e7\u00e3o PSOL","twitter_card":"summary_large_image","twitter_creator":"@psol50","twitter_site":"@psol50","twitter_misc":{"Escrito por":"Comunica\u00e7\u00e3o PSOL","Est. tempo de leitura":"2 minutos"},"schema":{"@context":"https:\/\/schema.org","@graph":[{"@type":"Article","@id":"https:\/\/psol50.org.br\/senado-pode-votar-nesta-quarta-reforma-politica-antidemocratica-de-aecio-neves\/#article","isPartOf":{"@id":"https:\/\/psol50.org.br\/senado-pode-votar-nesta-quarta-reforma-politica-antidemocratica-de-aecio-neves\/"},"author":{"name":"Comunica\u00e7\u00e3o PSOL","@id":"https:\/\/psol50.org.br\/#\/schema\/person\/475dfa57d0b815993c714c2e96491fcd"},"headline":"Senado pode votar, nesta quarta, reforma pol\u00edtica antidemocr\u00e1tica de A\u00e9cio Neves","datePublished":"2016-11-09T14:36:58+00:00","mainEntityOfPage":{"@id":"https:\/\/psol50.org.br\/senado-pode-votar-nesta-quarta-reforma-politica-antidemocratica-de-aecio-neves\/"},"wordCount":476,"commentCount":0,"publisher":{"@id":"https:\/\/psol50.org.br\/#organization"},"image":{"@id":"https:\/\/psol50.org.br\/senado-pode-votar-nesta-quarta-reforma-politica-antidemocratica-de-aecio-neves\/#primaryimage"},"thumbnailUrl":"https:\/\/psol50.org.br\/inc\/uploads\/2016\/11\/aecio-ferraco-Marcos-Oliveira-Agencia-Senado.jpg","keywords":["A\u00e9cio Neves","cl\u00e1usula de barreira","Ivan Valente","Juliano Medeiros","PSDB","PSOL","Reforma Pol\u00edtica","Ricardo Ferra\u00e7o"],"articleSection":["A\u00e7\u00e3o Parlamentar","Brasil"],"inLanguage":"pt-BR","potentialAction":[{"@type":"CommentAction","name":"Comment","target":["https:\/\/psol50.org.br\/senado-pode-votar-nesta-quarta-reforma-politica-antidemocratica-de-aecio-neves\/#respond"]}]},{"@type":"WebPage","@id":"https:\/\/psol50.org.br\/senado-pode-votar-nesta-quarta-reforma-politica-antidemocratica-de-aecio-neves\/","url":"https:\/\/psol50.org.br\/senado-pode-votar-nesta-quarta-reforma-politica-antidemocratica-de-aecio-neves\/","name":"Senado pode votar, nesta quarta, reforma pol\u00edtica antidemocr\u00e1tica de A\u00e9cio Neves - PSOL 50","isPartOf":{"@id":"https:\/\/psol50.org.br\/#website"},"primaryImageOfPage":{"@id":"https:\/\/psol50.org.br\/senado-pode-votar-nesta-quarta-reforma-politica-antidemocratica-de-aecio-neves\/#primaryimage"},"image":{"@id":"https:\/\/psol50.org.br\/senado-pode-votar-nesta-quarta-reforma-politica-antidemocratica-de-aecio-neves\/#primaryimage"},"thumbnailUrl":"https:\/\/psol50.org.br\/inc\/uploads\/2016\/11\/aecio-ferraco-Marcos-Oliveira-Agencia-Senado.jpg","datePublished":"2016-11-09T14:36:58+00:00","breadcrumb":{"@id":"https:\/\/psol50.org.br\/senado-pode-votar-nesta-quarta-reforma-politica-antidemocratica-de-aecio-neves\/#breadcrumb"},"inLanguage":"pt-BR","potentialAction":[{"@type":"ReadAction","target":["https:\/\/psol50.org.br\/senado-pode-votar-nesta-quarta-reforma-politica-antidemocratica-de-aecio-neves\/"]}]},{"@type":"ImageObject","inLanguage":"pt-BR","@id":"https:\/\/psol50.org.br\/senado-pode-votar-nesta-quarta-reforma-politica-antidemocratica-de-aecio-neves\/#primaryimage","url":"https:\/\/psol50.org.br\/inc\/uploads\/2016\/11\/aecio-ferraco-Marcos-Oliveira-Agencia-Senado.jpg","contentUrl":"https:\/\/psol50.org.br\/inc\/uploads\/2016\/11\/aecio-ferraco-Marcos-Oliveira-Agencia-Senado.jpg","width":860,"height":570},{"@type":"BreadcrumbList","@id":"https:\/\/psol50.org.br\/senado-pode-votar-nesta-quarta-reforma-politica-antidemocratica-de-aecio-neves\/#breadcrumb","itemListElement":[{"@type":"ListItem","position":1,"name":"In\u00edcio","item":"https:\/\/psol50.org.br\/"},{"@type":"ListItem","position":2,"name":"Senado pode votar, nesta quarta, reforma pol\u00edtica antidemocr\u00e1tica de A\u00e9cio Neves"}]},{"@type":"WebSite","@id":"https:\/\/psol50.org.br\/#website","url":"https:\/\/psol50.org.br\/","name":"PSOL 50","description":"Site oficial do Partido Socialismo e Liberdade","publisher":{"@id":"https:\/\/psol50.org.br\/#organization"},"alternateName":"PSOL50","potentialAction":[{"@type":"SearchAction","target":{"@type":"EntryPoint","urlTemplate":"https:\/\/psol50.org.br\/?s={search_term_string}"},"query-input":{"@type":"PropertyValueSpecification","valueRequired":true,"valueName":"search_term_string"}}],"inLanguage":"pt-BR"},{"@type":"Organization","@id":"https:\/\/psol50.org.br\/#organization","name":"PSOL 50","alternateName":"PSOL 50","url":"https:\/\/psol50.org.br\/","logo":{"@type":"ImageObject","inLanguage":"pt-BR","@id":"https:\/\/psol50.org.br\/#\/schema\/logo\/image\/","url":"https:\/\/psol50.org.br\/inc\/uploads\/2018\/07\/capa.png","contentUrl":"https:\/\/psol50.org.br\/inc\/uploads\/2018\/07\/capa.png","width":1350,"height":900,"caption":"PSOL 50"},"image":{"@id":"https:\/\/psol50.org.br\/#\/schema\/logo\/image\/"},"sameAs":["https:\/\/www.facebook.com\/psol50","https:\/\/x.com\/psol50","https:\/\/www.instagram.com\/psol50\/","https:\/\/www.youtube.com\/channel\/UC7SnJS5o1os7a6CaiNabzcg"]},{"@type":"Person","@id":"https:\/\/psol50.org.br\/#\/schema\/person\/475dfa57d0b815993c714c2e96491fcd","name":"Comunica\u00e7\u00e3o PSOL","image":{"@type":"ImageObject","inLanguage":"pt-BR","@id":"https:\/\/psol50.org.br\/#\/schema\/person\/image\/","url":"https:\/\/secure.gravatar.com\/avatar\/b34fc4f4e468a4e51785917065a3db57b841f5c95dba6ad8c73aaf8f66f8f9bf?s=96&d=mm&r=g","contentUrl":"https:\/\/secure.gravatar.com\/avatar\/b34fc4f4e468a4e51785917065a3db57b841f5c95dba6ad8c73aaf8f66f8f9bf?s=96&d=mm&r=g","caption":"Comunica\u00e7\u00e3o PSOL"}}]}},"_links":{"self":[{"href":"https:\/\/psol50.org.br\/rest\/wp\/v2\/posts\/14413","targetHints":{"allow":["GET"]}}],"collection":[{"href":"https:\/\/psol50.org.br\/rest\/wp\/v2\/posts"}],"about":[{"href":"https:\/\/psol50.org.br\/rest\/wp\/v2\/types\/post"}],"author":[{"embeddable":true,"href":"https:\/\/psol50.org.br\/rest\/wp\/v2\/users\/2"}],"replies":[{"embeddable":true,"href":"https:\/\/psol50.org.br\/rest\/wp\/v2\/comments?post=14413"}],"version-history":[{"count":0,"href":"https:\/\/psol50.org.br\/rest\/wp\/v2\/posts\/14413\/revisions"}],"wp:featuredmedia":[{"embeddable":true,"href":"https:\/\/psol50.org.br\/rest\/wp\/v2\/media\/14414"}],"wp:attachment":[{"href":"https:\/\/psol50.org.br\/rest\/wp\/v2\/media?parent=14413"}],"wp:term":[{"taxonomy":"category","embeddable":true,"href":"https:\/\/psol50.org.br\/rest\/wp\/v2\/categories?post=14413"},{"taxonomy":"post_tag","embeddable":true,"href":"https:\/\/psol50.org.br\/rest\/wp\/v2\/tags?post=14413"}],"curies":[{"name":"wp","href":"https:\/\/api.w.org\/{rel}","templated":true}]}}