{"id":14416,"date":"2016-11-09T17:32:39","date_gmt":"2016-11-09T17:32:39","guid":{"rendered":"http:\/\/www.psol50.org.br\/?p=14416"},"modified":"2016-11-09T17:32:39","modified_gmt":"2016-11-09T17:32:39","slug":"maringoni-trump-os-eua-contra-o-neoliberalismo","status":"publish","type":"post","link":"https:\/\/psol50.org.br\/maringoni-trump-os-eua-contra-o-neoliberalismo\/","title":{"rendered":"MARINGONI &#8211; Trump: os EUA contra o neoliberalismo?"},"content":{"rendered":"<p><em>A extrema direita consegue captar e transformar em votos s ressentimentos de uma classe oper\u00e1ria em descenso social e ressentida com alguns dos efeitos da globaliza\u00e7\u00e3o<\/em><\/p>\n<p>H\u00e1 cerca de vinte anos, muitos pensavam que a rea\u00e7\u00e3o \u00e0 globaliza\u00e7\u00e3o neoliberal viria especialmente da esquerda e das for\u00e7as progressistas. O esfor\u00e7o foi grande nessa dire\u00e7\u00e3o, em incont\u00e1veis mobiliza\u00e7\u00f5es mundo afora. A emerg\u00eancia dos F\u00f3runs Sociais Mundiais foi express\u00e3o forte dessa disputa.<\/p>\n<p>A ideia era a de que a perda do emprego, o v\u00ednculo prec\u00e1rio, a concentra\u00e7\u00e3o de renda e a marginaliza\u00e7\u00e3o social fatalmente empurrariam milh\u00f5es de trabalhadores para a perspectiva da transforma\u00e7\u00e3o social.<\/p>\n<p>Agora, quando entramos em uma segunda onda neoliberal, a an\u00e1lise tem de ser mais filtrada. Houve uma disputa e a direita extrema tamb\u00e9m est\u00e1 nela. A vit\u00f3ria de Donald Trump \u00e9 sua maior concretiza\u00e7\u00e3o.<\/p>\n<p><strong>Quem cresce na crise<\/strong><\/p>\n<p>A esquerda em geral n\u00e3o cresce nas crises. Nos anos 1930, na esteira da grande depress\u00e3o, consolidaram-se o fascismo e o nazismo na Europa e regimes autorit\u00e1rios na periferia.<\/p>\n<p>A esquerda s\u00f3 foi avan\u00e7ar de fato no p\u00f3s-guerra, no per\u00edodo dos &#8220;trinta anos gloriosos&#8221; no centro. As revolu\u00e7\u00f5es e guerras de liberta\u00e7\u00e3o nacional aconteceram na \u00c1frica, \u00c1sia e Am\u00e9rica Latina (Cuba). Foi o per\u00edodo em que o leste europeu &#8211; com todas as cr\u00edticas que se possa fazer &#8211; pendeu para o socialismo. Foram os anos da afirma\u00e7\u00e3o da socialdemocracia e do Estado do bem-estar social, na Europa.<\/p>\n<p>O racioc\u00ednio pode continuar com a perda de f\u00f4lego at\u00e9 o colapso do socialismo real, no v\u00e1cuo da contra\u00e7\u00e3o mundial dos anos 1970 e da crise da d\u00edvida, na d\u00e9cada seguinte.<\/p>\n<p>A agudiza\u00e7\u00e3o da recess\u00e3o global, a partir de 2008, n\u00e3o mereceu resposta a altura dos alinhados \u00e0 democracia e \u00e0 esquerda.<\/p>\n<p>Foi nesse per\u00edodo que o ciclo reformista latinoamericano entrou em descenso e &#8211; mais recentemente &#8211; que fen\u00f4menos eleitorais do crescimento da ultradireita europeia se tornaram potentes, com destaque para o brexit.<\/p>\n<p>N\u00e3o conseguimos retomar o debate do papel do Estado, como indutor do desenvolvimento. A direita \u00e9 quem usou e abusou das engrenagens do poder p\u00fablico para salvar o sistema financeiro e corpora\u00e7\u00f5es \u00e0 beira da quebra. Isso se deu na Europa e nos EUA. Tivemos um keynesianismo pelo topo e pol\u00edticas antic\u00edclicas pela metade, sem distribui\u00e7\u00e3o de renda.<\/p>\n<p>A elei\u00e7\u00e3o de Donald Trump \u00e9 a resposta impactante dessa ultradireita de novo figurino. O discurso antiliberal e anti livre-com\u00e9rcio mesclou-se com formula\u00e7\u00f5es antioutro.<\/p>\n<p><strong>Quem capitaliza<\/strong><\/p>\n<p>Se \u00e9 verdade que a globaliza\u00e7\u00e3o e a exporta\u00e7\u00e3o de capitais reduz o n\u00edvel de emprego nos pa\u00edses centrais \u00e9 tamb\u00e9m verdade que milh\u00f5es de trabalhadores ficam sensibilizados com o discurso conservador pr\u00f3-exclus\u00e3o. A prega\u00e7\u00e3o de que as vagas escasseiam pela crescente presen\u00e7a de imigrantes no mundo rico, por latinos emporcalham suas cidades e por seus valores serem em tese aviltados por gente de pele escura dissemina-se de forma r\u00e1pida e f\u00e1cil em sociedades outrora tidas como abastadas.<\/p>\n<p>O discurso antiglobal incorporou o reacionarismo WASP (white, anglo-saxon and protestant).<\/p>\n<p>Ao que parece, os Estados Unidos representam a nova fronteira do discurso antineoliberal.<\/p>\n<p>Pela direita e pelo verbo, bem entendido.<\/p>\n<p>Porque em pouco tempo, Trump se articular\u00e1 com Wall Street e com o complexo industrial militar, se quiser governar. E a l\u00f3gica do mundo se reestabelecer\u00e1.<\/p>\n","protected":false},"excerpt":{"rendered":"<p>A extrema direita consegue captar e transformar em votos s ressentimentos de uma classe oper\u00e1ria em descenso social e ressentida com alguns dos efeitos da globaliza\u00e7\u00e3o H\u00e1 cerca de vinte anos, muitos pensavam que a rea\u00e7\u00e3o \u00e0 globaliza\u00e7\u00e3o neoliberal viria especialmente da esquerda e das for\u00e7as progressistas. O esfor\u00e7o foi grande nessa dire\u00e7\u00e3o, em incont\u00e1veis [&hellip;]<\/p>\n","protected":false},"author":2,"featured_media":14417,"comment_status":"open","ping_status":"open","sticky":false,"template":"","format":"standard","meta":{"_acf_changed":false,"footnotes":""},"categories":[3,836],"tags":[1244,343,187,16,2970],"class_list":{"0":"post-14416","1":"post","2":"type-post","3":"status-publish","4":"format-standard","5":"has-post-thumbnail","7":"category-artigos-e-entrevistas","8":"category-internacional","9":"tag-donald-trump","10":"tag-eleicoes","11":"tag-estados-unidos","12":"tag-eua","13":"tag-gilberto-maringoni"},"acf":[],"yoast_head":"<!-- This site is optimized with the Yoast SEO plugin v26.5 - https:\/\/yoast.com\/wordpress\/plugins\/seo\/ -->\n<title>MARINGONI - Trump: os EUA contra o neoliberalismo? - PSOL 50<\/title>\n<meta name=\"robots\" content=\"index, follow, max-snippet:-1, max-image-preview:large, max-video-preview:-1\" \/>\n<link rel=\"canonical\" href=\"https:\/\/psol50.org.br\/maringoni-trump-os-eua-contra-o-neoliberalismo\/\" \/>\n<meta property=\"og:locale\" content=\"pt_BR\" \/>\n<meta property=\"og:type\" content=\"article\" \/>\n<meta property=\"og:title\" content=\"MARINGONI - Trump: os EUA contra o neoliberalismo? - PSOL 50\" \/>\n<meta property=\"og:description\" content=\"A extrema direita consegue captar e transformar em votos s ressentimentos de uma classe oper\u00e1ria em descenso social e ressentida com alguns dos efeitos da globaliza\u00e7\u00e3o H\u00e1 cerca de vinte anos, muitos pensavam que a rea\u00e7\u00e3o \u00e0 globaliza\u00e7\u00e3o neoliberal viria especialmente da esquerda e das for\u00e7as progressistas. O esfor\u00e7o foi grande nessa dire\u00e7\u00e3o, em incont\u00e1veis [&hellip;]\" \/>\n<meta property=\"og:url\" content=\"https:\/\/psol50.org.br\/maringoni-trump-os-eua-contra-o-neoliberalismo\/\" \/>\n<meta property=\"og:site_name\" content=\"PSOL 50\" \/>\n<meta property=\"article:publisher\" content=\"https:\/\/www.facebook.com\/psol50\" \/>\n<meta property=\"article:published_time\" content=\"2016-11-09T17:32:39+00:00\" \/>\n<meta property=\"og:image\" content=\"https:\/\/psol50.org.br\/inc\/uploads\/2018\/07\/capa.png\" \/>\n\t<meta property=\"og:image:width\" content=\"1350\" \/>\n\t<meta property=\"og:image:height\" content=\"900\" \/>\n\t<meta property=\"og:image:type\" content=\"image\/png\" \/>\n<meta name=\"author\" content=\"Comunica\u00e7\u00e3o PSOL\" \/>\n<meta name=\"twitter:card\" content=\"summary_large_image\" \/>\n<meta name=\"twitter:creator\" content=\"@psol50\" \/>\n<meta name=\"twitter:site\" content=\"@psol50\" \/>\n<meta name=\"twitter:label1\" content=\"Escrito por\" \/>\n\t<meta name=\"twitter:data1\" content=\"Comunica\u00e7\u00e3o PSOL\" \/>\n\t<meta name=\"twitter:label2\" content=\"Est. tempo de leitura\" \/>\n\t<meta name=\"twitter:data2\" content=\"3 minutos\" \/>\n<script type=\"application\/ld+json\" class=\"yoast-schema-graph\">{\"@context\":\"https:\/\/schema.org\",\"@graph\":[{\"@type\":\"Article\",\"@id\":\"https:\/\/psol50.org.br\/maringoni-trump-os-eua-contra-o-neoliberalismo\/#article\",\"isPartOf\":{\"@id\":\"https:\/\/psol50.org.br\/maringoni-trump-os-eua-contra-o-neoliberalismo\/\"},\"author\":{\"name\":\"Comunica\u00e7\u00e3o PSOL\",\"@id\":\"https:\/\/psol50.org.br\/#\/schema\/person\/475dfa57d0b815993c714c2e96491fcd\"},\"headline\":\"MARINGONI &#8211; Trump: os EUA contra o neoliberalismo?\",\"datePublished\":\"2016-11-09T17:32:39+00:00\",\"mainEntityOfPage\":{\"@id\":\"https:\/\/psol50.org.br\/maringoni-trump-os-eua-contra-o-neoliberalismo\/\"},\"wordCount\":603,\"commentCount\":0,\"publisher\":{\"@id\":\"https:\/\/psol50.org.br\/#organization\"},\"image\":{\"@id\":\"https:\/\/psol50.org.br\/maringoni-trump-os-eua-contra-o-neoliberalismo\/#primaryimage\"},\"thumbnailUrl\":\"\",\"keywords\":[\"Donald Trump\",\"elei\u00e7\u00f5es\",\"Estados Unidos\",\"EUA\",\"Gilberto Maringoni\"],\"articleSection\":[\"Artigos\",\"Internacional\"],\"inLanguage\":\"pt-BR\",\"potentialAction\":[{\"@type\":\"CommentAction\",\"name\":\"Comment\",\"target\":[\"https:\/\/psol50.org.br\/maringoni-trump-os-eua-contra-o-neoliberalismo\/#respond\"]}]},{\"@type\":\"WebPage\",\"@id\":\"https:\/\/psol50.org.br\/maringoni-trump-os-eua-contra-o-neoliberalismo\/\",\"url\":\"https:\/\/psol50.org.br\/maringoni-trump-os-eua-contra-o-neoliberalismo\/\",\"name\":\"MARINGONI - Trump: os EUA contra o neoliberalismo? - PSOL 50\",\"isPartOf\":{\"@id\":\"https:\/\/psol50.org.br\/#website\"},\"primaryImageOfPage\":{\"@id\":\"https:\/\/psol50.org.br\/maringoni-trump-os-eua-contra-o-neoliberalismo\/#primaryimage\"},\"image\":{\"@id\":\"https:\/\/psol50.org.br\/maringoni-trump-os-eua-contra-o-neoliberalismo\/#primaryimage\"},\"thumbnailUrl\":\"\",\"datePublished\":\"2016-11-09T17:32:39+00:00\",\"breadcrumb\":{\"@id\":\"https:\/\/psol50.org.br\/maringoni-trump-os-eua-contra-o-neoliberalismo\/#breadcrumb\"},\"inLanguage\":\"pt-BR\",\"potentialAction\":[{\"@type\":\"ReadAction\",\"target\":[\"https:\/\/psol50.org.br\/maringoni-trump-os-eua-contra-o-neoliberalismo\/\"]}]},{\"@type\":\"ImageObject\",\"inLanguage\":\"pt-BR\",\"@id\":\"https:\/\/psol50.org.br\/maringoni-trump-os-eua-contra-o-neoliberalismo\/#primaryimage\",\"url\":\"\",\"contentUrl\":\"\"},{\"@type\":\"BreadcrumbList\",\"@id\":\"https:\/\/psol50.org.br\/maringoni-trump-os-eua-contra-o-neoliberalismo\/#breadcrumb\",\"itemListElement\":[{\"@type\":\"ListItem\",\"position\":1,\"name\":\"In\u00edcio\",\"item\":\"https:\/\/psol50.org.br\/\"},{\"@type\":\"ListItem\",\"position\":2,\"name\":\"MARINGONI &#8211; Trump: os EUA contra o neoliberalismo?\"}]},{\"@type\":\"WebSite\",\"@id\":\"https:\/\/psol50.org.br\/#website\",\"url\":\"https:\/\/psol50.org.br\/\",\"name\":\"PSOL 50\",\"description\":\"Site oficial do Partido Socialismo e Liberdade\",\"publisher\":{\"@id\":\"https:\/\/psol50.org.br\/#organization\"},\"alternateName\":\"PSOL50\",\"potentialAction\":[{\"@type\":\"SearchAction\",\"target\":{\"@type\":\"EntryPoint\",\"urlTemplate\":\"https:\/\/psol50.org.br\/?s={search_term_string}\"},\"query-input\":{\"@type\":\"PropertyValueSpecification\",\"valueRequired\":true,\"valueName\":\"search_term_string\"}}],\"inLanguage\":\"pt-BR\"},{\"@type\":\"Organization\",\"@id\":\"https:\/\/psol50.org.br\/#organization\",\"name\":\"PSOL 50\",\"alternateName\":\"PSOL 50\",\"url\":\"https:\/\/psol50.org.br\/\",\"logo\":{\"@type\":\"ImageObject\",\"inLanguage\":\"pt-BR\",\"@id\":\"https:\/\/psol50.org.br\/#\/schema\/logo\/image\/\",\"url\":\"https:\/\/psol50.org.br\/inc\/uploads\/2018\/07\/capa.png\",\"contentUrl\":\"https:\/\/psol50.org.br\/inc\/uploads\/2018\/07\/capa.png\",\"width\":1350,\"height\":900,\"caption\":\"PSOL 50\"},\"image\":{\"@id\":\"https:\/\/psol50.org.br\/#\/schema\/logo\/image\/\"},\"sameAs\":[\"https:\/\/www.facebook.com\/psol50\",\"https:\/\/x.com\/psol50\",\"https:\/\/www.instagram.com\/psol50\/\",\"https:\/\/www.youtube.com\/channel\/UC7SnJS5o1os7a6CaiNabzcg\"]},{\"@type\":\"Person\",\"@id\":\"https:\/\/psol50.org.br\/#\/schema\/person\/475dfa57d0b815993c714c2e96491fcd\",\"name\":\"Comunica\u00e7\u00e3o PSOL\",\"image\":{\"@type\":\"ImageObject\",\"inLanguage\":\"pt-BR\",\"@id\":\"https:\/\/psol50.org.br\/#\/schema\/person\/image\/\",\"url\":\"https:\/\/secure.gravatar.com\/avatar\/b34fc4f4e468a4e51785917065a3db57b841f5c95dba6ad8c73aaf8f66f8f9bf?s=96&d=mm&r=g\",\"contentUrl\":\"https:\/\/secure.gravatar.com\/avatar\/b34fc4f4e468a4e51785917065a3db57b841f5c95dba6ad8c73aaf8f66f8f9bf?s=96&d=mm&r=g\",\"caption\":\"Comunica\u00e7\u00e3o PSOL\"}}]}<\/script>\n<!-- \/ Yoast SEO plugin. -->","yoast_head_json":{"title":"MARINGONI - Trump: os EUA contra o neoliberalismo? - PSOL 50","robots":{"index":"index","follow":"follow","max-snippet":"max-snippet:-1","max-image-preview":"max-image-preview:large","max-video-preview":"max-video-preview:-1"},"canonical":"https:\/\/psol50.org.br\/maringoni-trump-os-eua-contra-o-neoliberalismo\/","og_locale":"pt_BR","og_type":"article","og_title":"MARINGONI - Trump: os EUA contra o neoliberalismo? - PSOL 50","og_description":"A extrema direita consegue captar e transformar em votos s ressentimentos de uma classe oper\u00e1ria em descenso social e ressentida com alguns dos efeitos da globaliza\u00e7\u00e3o H\u00e1 cerca de vinte anos, muitos pensavam que a rea\u00e7\u00e3o \u00e0 globaliza\u00e7\u00e3o neoliberal viria especialmente da esquerda e das for\u00e7as progressistas. O esfor\u00e7o foi grande nessa dire\u00e7\u00e3o, em incont\u00e1veis [&hellip;]","og_url":"https:\/\/psol50.org.br\/maringoni-trump-os-eua-contra-o-neoliberalismo\/","og_site_name":"PSOL 50","article_publisher":"https:\/\/www.facebook.com\/psol50","article_published_time":"2016-11-09T17:32:39+00:00","og_image":[{"width":1350,"height":900,"url":"https:\/\/psol50.org.br\/inc\/uploads\/2018\/07\/capa.png","type":"image\/png"}],"author":"Comunica\u00e7\u00e3o PSOL","twitter_card":"summary_large_image","twitter_creator":"@psol50","twitter_site":"@psol50","twitter_misc":{"Escrito por":"Comunica\u00e7\u00e3o PSOL","Est. tempo de leitura":"3 minutos"},"schema":{"@context":"https:\/\/schema.org","@graph":[{"@type":"Article","@id":"https:\/\/psol50.org.br\/maringoni-trump-os-eua-contra-o-neoliberalismo\/#article","isPartOf":{"@id":"https:\/\/psol50.org.br\/maringoni-trump-os-eua-contra-o-neoliberalismo\/"},"author":{"name":"Comunica\u00e7\u00e3o PSOL","@id":"https:\/\/psol50.org.br\/#\/schema\/person\/475dfa57d0b815993c714c2e96491fcd"},"headline":"MARINGONI &#8211; Trump: os EUA contra o neoliberalismo?","datePublished":"2016-11-09T17:32:39+00:00","mainEntityOfPage":{"@id":"https:\/\/psol50.org.br\/maringoni-trump-os-eua-contra-o-neoliberalismo\/"},"wordCount":603,"commentCount":0,"publisher":{"@id":"https:\/\/psol50.org.br\/#organization"},"image":{"@id":"https:\/\/psol50.org.br\/maringoni-trump-os-eua-contra-o-neoliberalismo\/#primaryimage"},"thumbnailUrl":"","keywords":["Donald Trump","elei\u00e7\u00f5es","Estados Unidos","EUA","Gilberto Maringoni"],"articleSection":["Artigos","Internacional"],"inLanguage":"pt-BR","potentialAction":[{"@type":"CommentAction","name":"Comment","target":["https:\/\/psol50.org.br\/maringoni-trump-os-eua-contra-o-neoliberalismo\/#respond"]}]},{"@type":"WebPage","@id":"https:\/\/psol50.org.br\/maringoni-trump-os-eua-contra-o-neoliberalismo\/","url":"https:\/\/psol50.org.br\/maringoni-trump-os-eua-contra-o-neoliberalismo\/","name":"MARINGONI - Trump: os EUA contra o neoliberalismo? - PSOL 50","isPartOf":{"@id":"https:\/\/psol50.org.br\/#website"},"primaryImageOfPage":{"@id":"https:\/\/psol50.org.br\/maringoni-trump-os-eua-contra-o-neoliberalismo\/#primaryimage"},"image":{"@id":"https:\/\/psol50.org.br\/maringoni-trump-os-eua-contra-o-neoliberalismo\/#primaryimage"},"thumbnailUrl":"","datePublished":"2016-11-09T17:32:39+00:00","breadcrumb":{"@id":"https:\/\/psol50.org.br\/maringoni-trump-os-eua-contra-o-neoliberalismo\/#breadcrumb"},"inLanguage":"pt-BR","potentialAction":[{"@type":"ReadAction","target":["https:\/\/psol50.org.br\/maringoni-trump-os-eua-contra-o-neoliberalismo\/"]}]},{"@type":"ImageObject","inLanguage":"pt-BR","@id":"https:\/\/psol50.org.br\/maringoni-trump-os-eua-contra-o-neoliberalismo\/#primaryimage","url":"","contentUrl":""},{"@type":"BreadcrumbList","@id":"https:\/\/psol50.org.br\/maringoni-trump-os-eua-contra-o-neoliberalismo\/#breadcrumb","itemListElement":[{"@type":"ListItem","position":1,"name":"In\u00edcio","item":"https:\/\/psol50.org.br\/"},{"@type":"ListItem","position":2,"name":"MARINGONI &#8211; Trump: os EUA contra o neoliberalismo?"}]},{"@type":"WebSite","@id":"https:\/\/psol50.org.br\/#website","url":"https:\/\/psol50.org.br\/","name":"PSOL 50","description":"Site oficial do Partido Socialismo e Liberdade","publisher":{"@id":"https:\/\/psol50.org.br\/#organization"},"alternateName":"PSOL50","potentialAction":[{"@type":"SearchAction","target":{"@type":"EntryPoint","urlTemplate":"https:\/\/psol50.org.br\/?s={search_term_string}"},"query-input":{"@type":"PropertyValueSpecification","valueRequired":true,"valueName":"search_term_string"}}],"inLanguage":"pt-BR"},{"@type":"Organization","@id":"https:\/\/psol50.org.br\/#organization","name":"PSOL 50","alternateName":"PSOL 50","url":"https:\/\/psol50.org.br\/","logo":{"@type":"ImageObject","inLanguage":"pt-BR","@id":"https:\/\/psol50.org.br\/#\/schema\/logo\/image\/","url":"https:\/\/psol50.org.br\/inc\/uploads\/2018\/07\/capa.png","contentUrl":"https:\/\/psol50.org.br\/inc\/uploads\/2018\/07\/capa.png","width":1350,"height":900,"caption":"PSOL 50"},"image":{"@id":"https:\/\/psol50.org.br\/#\/schema\/logo\/image\/"},"sameAs":["https:\/\/www.facebook.com\/psol50","https:\/\/x.com\/psol50","https:\/\/www.instagram.com\/psol50\/","https:\/\/www.youtube.com\/channel\/UC7SnJS5o1os7a6CaiNabzcg"]},{"@type":"Person","@id":"https:\/\/psol50.org.br\/#\/schema\/person\/475dfa57d0b815993c714c2e96491fcd","name":"Comunica\u00e7\u00e3o PSOL","image":{"@type":"ImageObject","inLanguage":"pt-BR","@id":"https:\/\/psol50.org.br\/#\/schema\/person\/image\/","url":"https:\/\/secure.gravatar.com\/avatar\/b34fc4f4e468a4e51785917065a3db57b841f5c95dba6ad8c73aaf8f66f8f9bf?s=96&d=mm&r=g","contentUrl":"https:\/\/secure.gravatar.com\/avatar\/b34fc4f4e468a4e51785917065a3db57b841f5c95dba6ad8c73aaf8f66f8f9bf?s=96&d=mm&r=g","caption":"Comunica\u00e7\u00e3o PSOL"}}]}},"_links":{"self":[{"href":"https:\/\/psol50.org.br\/rest\/wp\/v2\/posts\/14416","targetHints":{"allow":["GET"]}}],"collection":[{"href":"https:\/\/psol50.org.br\/rest\/wp\/v2\/posts"}],"about":[{"href":"https:\/\/psol50.org.br\/rest\/wp\/v2\/types\/post"}],"author":[{"embeddable":true,"href":"https:\/\/psol50.org.br\/rest\/wp\/v2\/users\/2"}],"replies":[{"embeddable":true,"href":"https:\/\/psol50.org.br\/rest\/wp\/v2\/comments?post=14416"}],"version-history":[{"count":0,"href":"https:\/\/psol50.org.br\/rest\/wp\/v2\/posts\/14416\/revisions"}],"wp:featuredmedia":[{"embeddable":true,"href":"https:\/\/psol50.org.br\/rest\/"}],"wp:attachment":[{"href":"https:\/\/psol50.org.br\/rest\/wp\/v2\/media?parent=14416"}],"wp:term":[{"taxonomy":"category","embeddable":true,"href":"https:\/\/psol50.org.br\/rest\/wp\/v2\/categories?post=14416"},{"taxonomy":"post_tag","embeddable":true,"href":"https:\/\/psol50.org.br\/rest\/wp\/v2\/tags?post=14416"}],"curies":[{"name":"wp","href":"https:\/\/api.w.org\/{rel}","templated":true}]}}