{"id":14421,"date":"2016-11-09T20:14:32","date_gmt":"2016-11-09T20:14:32","guid":{"rendered":"http:\/\/www.psol50.org.br\/?p=14421"},"modified":"2016-11-09T20:14:32","modified_gmt":"2016-11-09T20:14:32","slug":"pec-do-fim-do-mundo-e-aprovada-na-ccjc-do-senado","status":"publish","type":"post","link":"https:\/\/psol50.org.br\/pec-do-fim-do-mundo-e-aprovada-na-ccjc-do-senado\/","title":{"rendered":"PEC do Fim do Mundo \u00e9 aprovada na CCJC do Senado"},"content":{"rendered":"<p style=\"text-align: justify\"><span style=\"font-weight: 400\">Embora a Proposta de Emenda \u00e0 Constitui\u00e7\u00e3o 55 \u00a0tenha sido considerada inconstitucional pelo <\/span><span style=\"color: #3366ff\"><a style=\"color: #3366ff\" href=\"http:\/\/www12.senado.leg.br\/publicacoes\/estudos-legislativos\/tipos-de-estudos\/boletins-legislativos\/bol53\" target=\"_blank\" rel=\"noopener\"><span style=\"font-weight: 400\">N\u00facleo de Estudos e Pesquisas da Consultoria Legislativa do Senado<\/span><\/a><\/span><span style=\"font-weight: 400\">\u00a0e tamb\u00e9m pela <\/span><span style=\"font-weight: 400\"><span style=\"color: #3366ff\"><a style=\"color: #3366ff\" href=\"http:\/\/www.mpf.mp.br\/pgr\/noticias-pgr\/pec-241-pfdc-assina-nota-publica-pela-inconstitucionalidade-do-congelamento-dos-pisos-da-saude-e-da-educacao\" target=\"_blank\" rel=\"noopener\">Procuradoria Federal dos Direitos do Cidad\u00e3o (PFDC) <\/a><\/span>do Minist\u00e9rio P\u00fablico Federal<\/span><span style=\"font-weight: 400\">, quando ainda tramitava como PEC 241 na C\u00e2mara dos Deputados, o projeto segue avan\u00e7ando. A PEC foi aprovada na tarde desta quarta-feira (09) na Comiss\u00e3o de Constitui\u00e7\u00e3o e Justi\u00e7a e Cidadania no Senado Federal, com 19 votos favor\u00e1veis e 5 votos contr\u00e1rios. <\/span><span style=\"font-weight: 400\"><br \/>\n<\/span><span style=\"font-weight: 400\"><br \/>\n<\/span><span style=\"font-weight: 400\">A PEC\u00a0cria um teto para o or\u00e7amento p\u00fablico pelos pr\u00f3ximos 20 anos, incluindo investimentos em sa\u00fade e educa\u00e7\u00e3o. Os gastos p\u00fablicos ser\u00e3o limitados pela infla\u00e7\u00e3o do ano anterior, medida pelo IPCA, acabando com o ganho real nos investimentos das \u00e1reas.\u00a0<\/span><span style=\"font-weight: 400\">O motivo alegado para o projeto \u00e9 a crise econ\u00f4mica e o desequil\u00edbrio fiscal do pa\u00eds. O projeto, contudo, n\u00e3o prev\u00ea limites para todas as \u00e1reas, como gastos com elei\u00e7\u00f5es ou pagamento de juros da d\u00edvida p\u00fablica.<\/span><\/p>\n<p style=\"text-align: justify\"><span style=\"font-weight: 400\">Al\u00e9m disso, o governo Temer vem demonstrando neglig\u00eancia no uso do dinheiro, como a<span style=\"color: #3366ff\"><a style=\"color: #3366ff\" href=\"https:\/\/www.nexojornal.com.br\/expresso\/2016\/11\/03\/Por-que-o-software-livre-vai-perder-espa%C3%A7o-no-governo-federal?utm_campaign=selecao_da_semana_-_04112016&amp;utm_medium=email&amp;utm_source=RD+Station\" target=\"_blank\" rel=\"noopener\"> troca de softwares livres por programas da Microsoft<\/a><\/span> e o <span style=\"color: #3366ff\"><a style=\"color: #3366ff\" href=\"https:\/\/www.google.com.br\/url?sa=t&amp;rct=j&amp;q=&amp;esrc=s&amp;source=newssearch&amp;cd=1&amp;cad=rja&amp;uact=8&amp;ved=0ahUKEwiewLK0vJzQAhVICpAKHW5YATgQu4gBCB4oAzAA&amp;url=http%3A%2F%2Fwww.brasilpost.com.br%2F2016%2F11%2F07%2Fministros-farra-avioes_n_12840134.html&amp;usg=AFQjCNH1uqPolc2cd99AK5TE5r5eq16-4Q&amp;sig2=lPizKr0E4n2ZYS7vt3zhNA&amp;bvm=bv.138169073,d.Y2I\" target=\"_blank\" rel=\"noopener\">uso impr\u00f3prio de avi\u00f5es da For\u00e7a A\u00e9rea Brasileira por ministros<\/a><\/span>. Os <span style=\"color: #3366ff\"><a style=\"color: #3366ff\" href=\"https:\/\/www.google.com.br\/url?sa=t&amp;rct=j&amp;q=&amp;esrc=s&amp;source=web&amp;cd=1&amp;cad=rja&amp;uact=8&amp;ved=0ahUKEwi8_LXXu5zQAhXFIJAKHQ27AwQQqQIIHjAA&amp;url=http%3A%2F%2Fcbn.globoradio.globo.com%2Feditorias%2Fpolitica%2F2016%2F11%2F07%2FGASTOS-COM-CARTAO-CORPORATIVO-EM-QUATRO-MESES-SUPERAM-O-1-SEMESTRE.htm&amp;usg=AFQjCNE6SdxhHrmC_-hcsHEjMd4hXNasYw&amp;sig2=pbR2cOQ9MMsXNzRlahq7Kw\" target=\"_blank\" rel=\"noopener\">gastos de cart\u00f5es corporativos nos \u00faltimos quatro meses<\/a><\/span>, por exemplo, superam o de todo o primeiro semestre do ano. O PSOL sempre se posicionou contr\u00e1rio \u00e0 proposta:<\/span><\/p>\n<p>&nbsp;<\/p>\n<div class=\"youtube-embed\" data-video_id=\"MdxGmR9Kd6g\"><iframe loading=\"lazy\" title=\"\u201cAqui est\u00e1 em jogo o futuro da nossa juventude\u201d\" width=\"696\" height=\"392\" src=\"https:\/\/www.youtube.com\/embed\/MdxGmR9Kd6g?feature=oembed&#038;enablejsapi=1\" frameborder=\"0\" allow=\"accelerometer; autoplay; clipboard-write; encrypted-media; gyroscope; picture-in-picture\" allowfullscreen><\/iframe><\/div>\n<p style=\"text-align: justify\"><span style=\"font-weight: 400\"><br \/>\n<\/span><span style=\"font-weight: 400\"><br \/>\n<\/span><span style=\"font-weight: 400\">Uma das emendas propostas pela oposi\u00e7\u00e3o previa a realiza\u00e7\u00e3o de um referendo sobre \u00e0 PEC. Desde o final de outubro o portal E-Cidadania, no site do Senado, realiza uma<span style=\"color: #3366ff\"><a style=\"color: #3366ff\" href=\"https:\/\/www12.senado.leg.br\/ecidadania\/visualizacaomateria?id=127337\" target=\"_blank\" rel=\"noopener\"> consulta p\u00fablica para saber a opini\u00e3o dos brasileiros sobre a PEC<\/a><\/span>, e mais de 90% dos votos s\u00e3o contr\u00e1rios \u00e0 medida. A emenda, por\u00e9m, foi rejeitada. Ao t\u00e9rmino da sess\u00e3o, estudantes se manifestaram e a pol\u00edcia legislativa foi chamada para expuls\u00e1-los. Agora, o projeto segue para aprecia\u00e7\u00e3o no plen\u00e1rio da Casa. Se for aprovado, est\u00e1 institu\u00eddo\u00a0oficialmente o congelamento das contas p\u00fablicas.<\/span><span style=\"font-weight: 400\"><br \/>\n<\/span><\/p>\n","protected":false},"excerpt":{"rendered":"<p>Embora a Proposta de Emenda \u00e0 Constitui\u00e7\u00e3o 55 \u00a0tenha sido considerada inconstitucional pelo N\u00facleo de Estudos e Pesquisas da Consultoria Legislativa do Senado\u00a0e tamb\u00e9m pela Procuradoria Federal dos Direitos do Cidad\u00e3o (PFDC) do Minist\u00e9rio P\u00fablico Federal, quando ainda tramitava como PEC 241 na C\u00e2mara dos Deputados, o projeto segue avan\u00e7ando. A PEC foi aprovada na [&hellip;]<\/p>\n","protected":false},"author":2,"featured_media":14422,"comment_status":"open","ping_status":"open","sticky":false,"template":"","format":"standard","meta":{"_acf_changed":false,"footnotes":""},"categories":[10,1882,2208,6],"tags":[4560,4641,4619,4642],"class_list":{"0":"post-14421","1":"post","2":"type-post","3":"status-publish","4":"format-standard","5":"has-post-thumbnail","7":"category-acao-parlamentares","8":"category-brasil","9":"category-educacao","10":"category-noticias","11":"tag-pec-241","12":"tag-pec-55","13":"tag-pec-do-fim-do-mundo","14":"tag-pec-do-teto-de-gastos"},"acf":[],"yoast_head":"<!-- This site is optimized with the Yoast SEO plugin v26.5 - https:\/\/yoast.com\/wordpress\/plugins\/seo\/ -->\n<title>PEC do Fim do Mundo \u00e9 aprovada na CCJC do Senado - PSOL 50<\/title>\n<meta name=\"robots\" content=\"index, follow, max-snippet:-1, max-image-preview:large, max-video-preview:-1\" \/>\n<link rel=\"canonical\" href=\"https:\/\/psol50.org.br\/pec-do-fim-do-mundo-e-aprovada-na-ccjc-do-senado\/\" \/>\n<meta property=\"og:locale\" content=\"pt_BR\" \/>\n<meta property=\"og:type\" content=\"article\" \/>\n<meta property=\"og:title\" content=\"PEC do Fim do Mundo \u00e9 aprovada na CCJC do Senado - PSOL 50\" \/>\n<meta property=\"og:description\" content=\"Embora a Proposta de Emenda \u00e0 Constitui\u00e7\u00e3o 55 \u00a0tenha sido considerada inconstitucional pelo N\u00facleo de Estudos e Pesquisas da Consultoria Legislativa do Senado\u00a0e tamb\u00e9m pela Procuradoria Federal dos Direitos do Cidad\u00e3o (PFDC) do Minist\u00e9rio P\u00fablico Federal, quando ainda tramitava como PEC 241 na C\u00e2mara dos Deputados, o projeto segue avan\u00e7ando. A PEC foi aprovada na [&hellip;]\" \/>\n<meta property=\"og:url\" content=\"https:\/\/psol50.org.br\/pec-do-fim-do-mundo-e-aprovada-na-ccjc-do-senado\/\" \/>\n<meta property=\"og:site_name\" content=\"PSOL 50\" \/>\n<meta property=\"article:publisher\" content=\"https:\/\/www.facebook.com\/psol50\" \/>\n<meta property=\"article:published_time\" content=\"2016-11-09T20:14:32+00:00\" \/>\n<meta property=\"og:image\" content=\"https:\/\/psol50.org.br\/inc\/uploads\/2018\/07\/capa.png\" \/>\n\t<meta property=\"og:image:width\" content=\"1350\" \/>\n\t<meta property=\"og:image:height\" content=\"900\" \/>\n\t<meta property=\"og:image:type\" content=\"image\/png\" \/>\n<meta name=\"author\" content=\"Comunica\u00e7\u00e3o PSOL\" \/>\n<meta name=\"twitter:card\" content=\"summary_large_image\" \/>\n<meta name=\"twitter:creator\" content=\"@psol50\" \/>\n<meta name=\"twitter:site\" content=\"@psol50\" \/>\n<meta name=\"twitter:label1\" content=\"Escrito por\" \/>\n\t<meta name=\"twitter:data1\" content=\"Comunica\u00e7\u00e3o PSOL\" \/>\n\t<meta name=\"twitter:label2\" content=\"Est. tempo de leitura\" \/>\n\t<meta name=\"twitter:data2\" content=\"2 minutos\" \/>\n<script type=\"application\/ld+json\" class=\"yoast-schema-graph\">{\"@context\":\"https:\/\/schema.org\",\"@graph\":[{\"@type\":\"Article\",\"@id\":\"https:\/\/psol50.org.br\/pec-do-fim-do-mundo-e-aprovada-na-ccjc-do-senado\/#article\",\"isPartOf\":{\"@id\":\"https:\/\/psol50.org.br\/pec-do-fim-do-mundo-e-aprovada-na-ccjc-do-senado\/\"},\"author\":{\"name\":\"Comunica\u00e7\u00e3o PSOL\",\"@id\":\"https:\/\/psol50.org.br\/#\/schema\/person\/475dfa57d0b815993c714c2e96491fcd\"},\"headline\":\"PEC do Fim do Mundo \u00e9 aprovada na CCJC do Senado\",\"datePublished\":\"2016-11-09T20:14:32+00:00\",\"mainEntityOfPage\":{\"@id\":\"https:\/\/psol50.org.br\/pec-do-fim-do-mundo-e-aprovada-na-ccjc-do-senado\/\"},\"wordCount\":371,\"commentCount\":0,\"publisher\":{\"@id\":\"https:\/\/psol50.org.br\/#organization\"},\"image\":{\"@id\":\"https:\/\/psol50.org.br\/pec-do-fim-do-mundo-e-aprovada-na-ccjc-do-senado\/#primaryimage\"},\"thumbnailUrl\":\"\",\"keywords\":[\"PEC 241\",\"PEC 55\",\"PEC do Fim do Mundo\",\"PEC do teto de gastos\"],\"articleSection\":[\"A\u00e7\u00e3o Parlamentar\",\"Brasil\",\"Educa\u00e7\u00e3o\",\"Not\u00edcias\"],\"inLanguage\":\"pt-BR\",\"potentialAction\":[{\"@type\":\"CommentAction\",\"name\":\"Comment\",\"target\":[\"https:\/\/psol50.org.br\/pec-do-fim-do-mundo-e-aprovada-na-ccjc-do-senado\/#respond\"]}]},{\"@type\":\"WebPage\",\"@id\":\"https:\/\/psol50.org.br\/pec-do-fim-do-mundo-e-aprovada-na-ccjc-do-senado\/\",\"url\":\"https:\/\/psol50.org.br\/pec-do-fim-do-mundo-e-aprovada-na-ccjc-do-senado\/\",\"name\":\"PEC do Fim do Mundo \u00e9 aprovada na CCJC do Senado - PSOL 50\",\"isPartOf\":{\"@id\":\"https:\/\/psol50.org.br\/#website\"},\"primaryImageOfPage\":{\"@id\":\"https:\/\/psol50.org.br\/pec-do-fim-do-mundo-e-aprovada-na-ccjc-do-senado\/#primaryimage\"},\"image\":{\"@id\":\"https:\/\/psol50.org.br\/pec-do-fim-do-mundo-e-aprovada-na-ccjc-do-senado\/#primaryimage\"},\"thumbnailUrl\":\"\",\"datePublished\":\"2016-11-09T20:14:32+00:00\",\"breadcrumb\":{\"@id\":\"https:\/\/psol50.org.br\/pec-do-fim-do-mundo-e-aprovada-na-ccjc-do-senado\/#breadcrumb\"},\"inLanguage\":\"pt-BR\",\"potentialAction\":[{\"@type\":\"ReadAction\",\"target\":[\"https:\/\/psol50.org.br\/pec-do-fim-do-mundo-e-aprovada-na-ccjc-do-senado\/\"]}]},{\"@type\":\"ImageObject\",\"inLanguage\":\"pt-BR\",\"@id\":\"https:\/\/psol50.org.br\/pec-do-fim-do-mundo-e-aprovada-na-ccjc-do-senado\/#primaryimage\",\"url\":\"\",\"contentUrl\":\"\"},{\"@type\":\"BreadcrumbList\",\"@id\":\"https:\/\/psol50.org.br\/pec-do-fim-do-mundo-e-aprovada-na-ccjc-do-senado\/#breadcrumb\",\"itemListElement\":[{\"@type\":\"ListItem\",\"position\":1,\"name\":\"In\u00edcio\",\"item\":\"https:\/\/psol50.org.br\/\"},{\"@type\":\"ListItem\",\"position\":2,\"name\":\"PEC do Fim do Mundo \u00e9 aprovada na CCJC do Senado\"}]},{\"@type\":\"WebSite\",\"@id\":\"https:\/\/psol50.org.br\/#website\",\"url\":\"https:\/\/psol50.org.br\/\",\"name\":\"PSOL 50\",\"description\":\"Site oficial do Partido Socialismo e Liberdade\",\"publisher\":{\"@id\":\"https:\/\/psol50.org.br\/#organization\"},\"alternateName\":\"PSOL50\",\"potentialAction\":[{\"@type\":\"SearchAction\",\"target\":{\"@type\":\"EntryPoint\",\"urlTemplate\":\"https:\/\/psol50.org.br\/?s={search_term_string}\"},\"query-input\":{\"@type\":\"PropertyValueSpecification\",\"valueRequired\":true,\"valueName\":\"search_term_string\"}}],\"inLanguage\":\"pt-BR\"},{\"@type\":\"Organization\",\"@id\":\"https:\/\/psol50.org.br\/#organization\",\"name\":\"PSOL 50\",\"alternateName\":\"PSOL 50\",\"url\":\"https:\/\/psol50.org.br\/\",\"logo\":{\"@type\":\"ImageObject\",\"inLanguage\":\"pt-BR\",\"@id\":\"https:\/\/psol50.org.br\/#\/schema\/logo\/image\/\",\"url\":\"https:\/\/psol50.org.br\/inc\/uploads\/2018\/07\/capa.png\",\"contentUrl\":\"https:\/\/psol50.org.br\/inc\/uploads\/2018\/07\/capa.png\",\"width\":1350,\"height\":900,\"caption\":\"PSOL 50\"},\"image\":{\"@id\":\"https:\/\/psol50.org.br\/#\/schema\/logo\/image\/\"},\"sameAs\":[\"https:\/\/www.facebook.com\/psol50\",\"https:\/\/x.com\/psol50\",\"https:\/\/www.instagram.com\/psol50\/\",\"https:\/\/www.youtube.com\/channel\/UC7SnJS5o1os7a6CaiNabzcg\"]},{\"@type\":\"Person\",\"@id\":\"https:\/\/psol50.org.br\/#\/schema\/person\/475dfa57d0b815993c714c2e96491fcd\",\"name\":\"Comunica\u00e7\u00e3o PSOL\",\"image\":{\"@type\":\"ImageObject\",\"inLanguage\":\"pt-BR\",\"@id\":\"https:\/\/psol50.org.br\/#\/schema\/person\/image\/\",\"url\":\"https:\/\/secure.gravatar.com\/avatar\/b34fc4f4e468a4e51785917065a3db57b841f5c95dba6ad8c73aaf8f66f8f9bf?s=96&d=mm&r=g\",\"contentUrl\":\"https:\/\/secure.gravatar.com\/avatar\/b34fc4f4e468a4e51785917065a3db57b841f5c95dba6ad8c73aaf8f66f8f9bf?s=96&d=mm&r=g\",\"caption\":\"Comunica\u00e7\u00e3o PSOL\"}}]}<\/script>\n<!-- \/ Yoast SEO plugin. -->","yoast_head_json":{"title":"PEC do Fim do Mundo \u00e9 aprovada na CCJC do Senado - PSOL 50","robots":{"index":"index","follow":"follow","max-snippet":"max-snippet:-1","max-image-preview":"max-image-preview:large","max-video-preview":"max-video-preview:-1"},"canonical":"https:\/\/psol50.org.br\/pec-do-fim-do-mundo-e-aprovada-na-ccjc-do-senado\/","og_locale":"pt_BR","og_type":"article","og_title":"PEC do Fim do Mundo \u00e9 aprovada na CCJC do Senado - PSOL 50","og_description":"Embora a Proposta de Emenda \u00e0 Constitui\u00e7\u00e3o 55 \u00a0tenha sido considerada inconstitucional pelo N\u00facleo de Estudos e Pesquisas da Consultoria Legislativa do Senado\u00a0e tamb\u00e9m pela Procuradoria Federal dos Direitos do Cidad\u00e3o (PFDC) do Minist\u00e9rio P\u00fablico Federal, quando ainda tramitava como PEC 241 na C\u00e2mara dos Deputados, o projeto segue avan\u00e7ando. A PEC foi aprovada na [&hellip;]","og_url":"https:\/\/psol50.org.br\/pec-do-fim-do-mundo-e-aprovada-na-ccjc-do-senado\/","og_site_name":"PSOL 50","article_publisher":"https:\/\/www.facebook.com\/psol50","article_published_time":"2016-11-09T20:14:32+00:00","og_image":[{"width":1350,"height":900,"url":"https:\/\/psol50.org.br\/inc\/uploads\/2018\/07\/capa.png","type":"image\/png"}],"author":"Comunica\u00e7\u00e3o PSOL","twitter_card":"summary_large_image","twitter_creator":"@psol50","twitter_site":"@psol50","twitter_misc":{"Escrito por":"Comunica\u00e7\u00e3o PSOL","Est. tempo de leitura":"2 minutos"},"schema":{"@context":"https:\/\/schema.org","@graph":[{"@type":"Article","@id":"https:\/\/psol50.org.br\/pec-do-fim-do-mundo-e-aprovada-na-ccjc-do-senado\/#article","isPartOf":{"@id":"https:\/\/psol50.org.br\/pec-do-fim-do-mundo-e-aprovada-na-ccjc-do-senado\/"},"author":{"name":"Comunica\u00e7\u00e3o PSOL","@id":"https:\/\/psol50.org.br\/#\/schema\/person\/475dfa57d0b815993c714c2e96491fcd"},"headline":"PEC do Fim do Mundo \u00e9 aprovada na CCJC do Senado","datePublished":"2016-11-09T20:14:32+00:00","mainEntityOfPage":{"@id":"https:\/\/psol50.org.br\/pec-do-fim-do-mundo-e-aprovada-na-ccjc-do-senado\/"},"wordCount":371,"commentCount":0,"publisher":{"@id":"https:\/\/psol50.org.br\/#organization"},"image":{"@id":"https:\/\/psol50.org.br\/pec-do-fim-do-mundo-e-aprovada-na-ccjc-do-senado\/#primaryimage"},"thumbnailUrl":"","keywords":["PEC 241","PEC 55","PEC do Fim do Mundo","PEC do teto de gastos"],"articleSection":["A\u00e7\u00e3o Parlamentar","Brasil","Educa\u00e7\u00e3o","Not\u00edcias"],"inLanguage":"pt-BR","potentialAction":[{"@type":"CommentAction","name":"Comment","target":["https:\/\/psol50.org.br\/pec-do-fim-do-mundo-e-aprovada-na-ccjc-do-senado\/#respond"]}]},{"@type":"WebPage","@id":"https:\/\/psol50.org.br\/pec-do-fim-do-mundo-e-aprovada-na-ccjc-do-senado\/","url":"https:\/\/psol50.org.br\/pec-do-fim-do-mundo-e-aprovada-na-ccjc-do-senado\/","name":"PEC do Fim do Mundo \u00e9 aprovada na CCJC do Senado - PSOL 50","isPartOf":{"@id":"https:\/\/psol50.org.br\/#website"},"primaryImageOfPage":{"@id":"https:\/\/psol50.org.br\/pec-do-fim-do-mundo-e-aprovada-na-ccjc-do-senado\/#primaryimage"},"image":{"@id":"https:\/\/psol50.org.br\/pec-do-fim-do-mundo-e-aprovada-na-ccjc-do-senado\/#primaryimage"},"thumbnailUrl":"","datePublished":"2016-11-09T20:14:32+00:00","breadcrumb":{"@id":"https:\/\/psol50.org.br\/pec-do-fim-do-mundo-e-aprovada-na-ccjc-do-senado\/#breadcrumb"},"inLanguage":"pt-BR","potentialAction":[{"@type":"ReadAction","target":["https:\/\/psol50.org.br\/pec-do-fim-do-mundo-e-aprovada-na-ccjc-do-senado\/"]}]},{"@type":"ImageObject","inLanguage":"pt-BR","@id":"https:\/\/psol50.org.br\/pec-do-fim-do-mundo-e-aprovada-na-ccjc-do-senado\/#primaryimage","url":"","contentUrl":""},{"@type":"BreadcrumbList","@id":"https:\/\/psol50.org.br\/pec-do-fim-do-mundo-e-aprovada-na-ccjc-do-senado\/#breadcrumb","itemListElement":[{"@type":"ListItem","position":1,"name":"In\u00edcio","item":"https:\/\/psol50.org.br\/"},{"@type":"ListItem","position":2,"name":"PEC do Fim do Mundo \u00e9 aprovada na CCJC do Senado"}]},{"@type":"WebSite","@id":"https:\/\/psol50.org.br\/#website","url":"https:\/\/psol50.org.br\/","name":"PSOL 50","description":"Site oficial do Partido Socialismo e Liberdade","publisher":{"@id":"https:\/\/psol50.org.br\/#organization"},"alternateName":"PSOL50","potentialAction":[{"@type":"SearchAction","target":{"@type":"EntryPoint","urlTemplate":"https:\/\/psol50.org.br\/?s={search_term_string}"},"query-input":{"@type":"PropertyValueSpecification","valueRequired":true,"valueName":"search_term_string"}}],"inLanguage":"pt-BR"},{"@type":"Organization","@id":"https:\/\/psol50.org.br\/#organization","name":"PSOL 50","alternateName":"PSOL 50","url":"https:\/\/psol50.org.br\/","logo":{"@type":"ImageObject","inLanguage":"pt-BR","@id":"https:\/\/psol50.org.br\/#\/schema\/logo\/image\/","url":"https:\/\/psol50.org.br\/inc\/uploads\/2018\/07\/capa.png","contentUrl":"https:\/\/psol50.org.br\/inc\/uploads\/2018\/07\/capa.png","width":1350,"height":900,"caption":"PSOL 50"},"image":{"@id":"https:\/\/psol50.org.br\/#\/schema\/logo\/image\/"},"sameAs":["https:\/\/www.facebook.com\/psol50","https:\/\/x.com\/psol50","https:\/\/www.instagram.com\/psol50\/","https:\/\/www.youtube.com\/channel\/UC7SnJS5o1os7a6CaiNabzcg"]},{"@type":"Person","@id":"https:\/\/psol50.org.br\/#\/schema\/person\/475dfa57d0b815993c714c2e96491fcd","name":"Comunica\u00e7\u00e3o PSOL","image":{"@type":"ImageObject","inLanguage":"pt-BR","@id":"https:\/\/psol50.org.br\/#\/schema\/person\/image\/","url":"https:\/\/secure.gravatar.com\/avatar\/b34fc4f4e468a4e51785917065a3db57b841f5c95dba6ad8c73aaf8f66f8f9bf?s=96&d=mm&r=g","contentUrl":"https:\/\/secure.gravatar.com\/avatar\/b34fc4f4e468a4e51785917065a3db57b841f5c95dba6ad8c73aaf8f66f8f9bf?s=96&d=mm&r=g","caption":"Comunica\u00e7\u00e3o PSOL"}}]}},"_links":{"self":[{"href":"https:\/\/psol50.org.br\/rest\/wp\/v2\/posts\/14421","targetHints":{"allow":["GET"]}}],"collection":[{"href":"https:\/\/psol50.org.br\/rest\/wp\/v2\/posts"}],"about":[{"href":"https:\/\/psol50.org.br\/rest\/wp\/v2\/types\/post"}],"author":[{"embeddable":true,"href":"https:\/\/psol50.org.br\/rest\/wp\/v2\/users\/2"}],"replies":[{"embeddable":true,"href":"https:\/\/psol50.org.br\/rest\/wp\/v2\/comments?post=14421"}],"version-history":[{"count":0,"href":"https:\/\/psol50.org.br\/rest\/wp\/v2\/posts\/14421\/revisions"}],"wp:featuredmedia":[{"embeddable":true,"href":"https:\/\/psol50.org.br\/rest\/"}],"wp:attachment":[{"href":"https:\/\/psol50.org.br\/rest\/wp\/v2\/media?parent=14421"}],"wp:term":[{"taxonomy":"category","embeddable":true,"href":"https:\/\/psol50.org.br\/rest\/wp\/v2\/categories?post=14421"},{"taxonomy":"post_tag","embeddable":true,"href":"https:\/\/psol50.org.br\/rest\/wp\/v2\/tags?post=14421"}],"curies":[{"name":"wp","href":"https:\/\/api.w.org\/{rel}","templated":true}]}}