{"id":14430,"date":"2016-11-10T18:23:56","date_gmt":"2016-11-10T18:23:56","guid":{"rendered":"http:\/\/www.psol50.org.br\/?p=14430"},"modified":"2016-11-10T18:23:56","modified_gmt":"2016-11-10T18:23:56","slug":"movimentos-sociais-e-sindicatos-fazem-paralisacao-nacional-nesta-sexta-11","status":"publish","type":"post","link":"https:\/\/psol50.org.br\/movimentos-sociais-e-sindicatos-fazem-paralisacao-nacional-nesta-sexta-11\/","title":{"rendered":"Movimentos sociais e sindicatos fazem paralisa\u00e7\u00e3o nacional nesta sexta (11)"},"content":{"rendered":"<p style=\"text-align: justify\">Al\u00e9m dos estudantes que seguem com a ocupa\u00e7\u00e3o de escolas, a classe trabalhadora tamb\u00e9m intensifica a luta contra a PEC do Fim do Mundo (55), que congela os investimentos p\u00fablicos por 20 anos. Nesta sexta-feira (11), movimentos sociais e sindicais v\u00e3o promover um dia de greve em todo o pa\u00eds.<\/p>\n<p style=\"text-align: justify\">O ato conta com sindicatos filiados \u00e0 Intersindical &#8211; Central da Classe Trabalhadora, CUT, CSP-Conlutas, Confedera\u00e7\u00e3o Nacional dos Trabalhadores em Educa\u00e7\u00e3o (CNTE), Sindicato Nacional dos Docentes das Institui\u00e7\u00f5es de Ensino Superior (ANDES),\u00a0al\u00e9m das frentes Povo Sem Medo e Brasil Popular.<\/p>\n<p>Os trabalhadores tamb\u00e9m protestam contra a flexibiliza\u00e7\u00e3o das leis trabalhistas, <span style=\"color: #3366ff\"><a style=\"color: #3366ff\" href=\"http:\/\/www.psol50.org.br\/blog\/2016\/09\/23\/reforma-do-ensino-medio-apresentada-por-temer-e-retrocesso-dizem-especialistas\/\" target=\"_blank\" rel=\"noopener\">a reforma do ensino m\u00e9dio<\/a><\/span> e o projeto Escola sem Partido \u2013ou <span style=\"color: #3366ff\"><a style=\"color: #3366ff\" href=\"http:\/\/www.psol50.org.br\/blog\/2016\/06\/28\/jean-wyllys-escola-sem-partido\/\" target=\"_blank\" rel=\"noopener\">Lei da Morda\u00e7a<\/a><\/span>-. Outro ponto de descontentamento \u00e9 a <span style=\"color: #3366ff\"><a style=\"color: #3366ff\" href=\"http:\/\/www.psol50.org.br\/blog\/2016\/09\/06\/reforma-da-previdencia-a-vista\/\" target=\"_blank\" rel=\"noopener\">reforma da previd\u00eancia<\/a><\/span>, que pode estabelecer\u00a0aposentadoria aos 65 anos para homens e mulheres e a obrigatoriedade de fundos de pens\u00e3o privados. O motivo alegado \u00e9 o d\u00e9ficit da previd\u00eancia, que n\u00e3o \u00e9 consenso entre os especialistas.<\/p>\n<p>Saiba mais <span style=\"color: #3366ff\"><strong><a style=\"color: #3366ff\" href=\"http:\/\/www.intersindicalcentral.com.br\/11-11-dia-nacional-de-greves\/\" target=\"_blank\" rel=\"noopener\">clicando aqui<\/a><\/strong><\/span>.<\/p>\n<p>Veja o posicionamento do PSOL sobre a Reforma da Previd\u00eancia:<\/p>\n<div class=\"youtube-embed\" data-video_id=\"HqCgIVMWEX4\"><iframe loading=\"lazy\" title=\"&quot;Resistiremos a qualquer Reforma da Previd\u00eancia nesse pa\u00eds&quot;\" width=\"696\" height=\"522\" src=\"https:\/\/www.youtube.com\/embed\/HqCgIVMWEX4?feature=oembed&#038;enablejsapi=1\" frameborder=\"0\" allow=\"accelerometer; autoplay; clipboard-write; encrypted-media; gyroscope; picture-in-picture\" allowfullscreen><\/iframe><\/div>\n<p style=\"text-align: justify\">\n","protected":false},"excerpt":{"rendered":"<p>Al\u00e9m dos estudantes que seguem com a ocupa\u00e7\u00e3o de escolas, a classe trabalhadora tamb\u00e9m intensifica a luta contra a PEC do Fim do Mundo (55), que congela os investimentos p\u00fablicos por 20 anos. Nesta sexta-feira (11), movimentos sociais e sindicais v\u00e3o promover um dia de greve em todo o pa\u00eds. O ato conta com sindicatos [&hellip;]<\/p>\n","protected":false},"author":2,"featured_media":14248,"comment_status":"open","ping_status":"open","sticky":false,"template":"","format":"standard","meta":{"_acf_changed":false,"footnotes":""},"categories":[1882,2208,1104],"tags":[1793,4091,4619,2195],"class_list":{"0":"post-14430","1":"post","2":"type-post","3":"status-publish","4":"format-standard","5":"has-post-thumbnail","7":"category-brasil","8":"category-educacao","9":"category-movimento","10":"tag-greve-geral","11":"tag-lei-da-mordaca","12":"tag-pec-do-fim-do-mundo","13":"tag-reforma-do-ensino-medio"},"acf":[],"yoast_head":"<!-- This site is optimized with the Yoast SEO plugin v26.5 - https:\/\/yoast.com\/wordpress\/plugins\/seo\/ -->\n<title>Movimentos sociais e sindicatos fazem paralisa\u00e7\u00e3o nacional nesta sexta (11) - PSOL 50<\/title>\n<meta name=\"robots\" content=\"index, follow, max-snippet:-1, max-image-preview:large, max-video-preview:-1\" \/>\n<link rel=\"canonical\" href=\"https:\/\/psol50.org.br\/movimentos-sociais-e-sindicatos-fazem-paralisacao-nacional-nesta-sexta-11\/\" \/>\n<meta property=\"og:locale\" content=\"pt_BR\" \/>\n<meta property=\"og:type\" content=\"article\" \/>\n<meta property=\"og:title\" content=\"Movimentos sociais e sindicatos fazem paralisa\u00e7\u00e3o nacional nesta sexta (11) - PSOL 50\" \/>\n<meta property=\"og:description\" content=\"Al\u00e9m dos estudantes que seguem com a ocupa\u00e7\u00e3o de escolas, a classe trabalhadora tamb\u00e9m intensifica a luta contra a PEC do Fim do Mundo (55), que congela os investimentos p\u00fablicos por 20 anos. Nesta sexta-feira (11), movimentos sociais e sindicais v\u00e3o promover um dia de greve em todo o pa\u00eds. O ato conta com sindicatos [&hellip;]\" \/>\n<meta property=\"og:url\" content=\"https:\/\/psol50.org.br\/movimentos-sociais-e-sindicatos-fazem-paralisacao-nacional-nesta-sexta-11\/\" \/>\n<meta property=\"og:site_name\" content=\"PSOL 50\" \/>\n<meta property=\"article:publisher\" content=\"https:\/\/www.facebook.com\/psol50\" \/>\n<meta property=\"article:published_time\" content=\"2016-11-10T18:23:56+00:00\" \/>\n<meta property=\"og:image\" content=\"https:\/\/psol50.org.br\/inc\/uploads\/2018\/07\/capa.png\" \/>\n\t<meta property=\"og:image:width\" content=\"1350\" \/>\n\t<meta property=\"og:image:height\" content=\"900\" \/>\n\t<meta property=\"og:image:type\" content=\"image\/png\" \/>\n<meta name=\"author\" content=\"Comunica\u00e7\u00e3o PSOL\" \/>\n<meta name=\"twitter:card\" content=\"summary_large_image\" \/>\n<meta name=\"twitter:creator\" content=\"@psol50\" \/>\n<meta name=\"twitter:site\" content=\"@psol50\" \/>\n<meta name=\"twitter:label1\" content=\"Escrito por\" \/>\n\t<meta name=\"twitter:data1\" content=\"Comunica\u00e7\u00e3o PSOL\" \/>\n\t<meta name=\"twitter:label2\" content=\"Est. tempo de leitura\" \/>\n\t<meta name=\"twitter:data2\" content=\"1 minuto\" \/>\n<script type=\"application\/ld+json\" class=\"yoast-schema-graph\">{\"@context\":\"https:\/\/schema.org\",\"@graph\":[{\"@type\":\"Article\",\"@id\":\"https:\/\/psol50.org.br\/movimentos-sociais-e-sindicatos-fazem-paralisacao-nacional-nesta-sexta-11\/#article\",\"isPartOf\":{\"@id\":\"https:\/\/psol50.org.br\/movimentos-sociais-e-sindicatos-fazem-paralisacao-nacional-nesta-sexta-11\/\"},\"author\":{\"name\":\"Comunica\u00e7\u00e3o PSOL\",\"@id\":\"https:\/\/psol50.org.br\/#\/schema\/person\/475dfa57d0b815993c714c2e96491fcd\"},\"headline\":\"Movimentos sociais e sindicatos fazem paralisa\u00e7\u00e3o nacional nesta sexta (11)\",\"datePublished\":\"2016-11-10T18:23:56+00:00\",\"mainEntityOfPage\":{\"@id\":\"https:\/\/psol50.org.br\/movimentos-sociais-e-sindicatos-fazem-paralisacao-nacional-nesta-sexta-11\/\"},\"wordCount\":205,\"commentCount\":0,\"publisher\":{\"@id\":\"https:\/\/psol50.org.br\/#organization\"},\"image\":{\"@id\":\"https:\/\/psol50.org.br\/movimentos-sociais-e-sindicatos-fazem-paralisacao-nacional-nesta-sexta-11\/#primaryimage\"},\"thumbnailUrl\":\"\",\"keywords\":[\"greve geral\",\"Lei da Morda\u00e7a\",\"PEC do Fim do Mundo\",\"reforma do ensino m\u00e9dio\"],\"articleSection\":[\"Brasil\",\"Educa\u00e7\u00e3o\",\"Movimento\"],\"inLanguage\":\"pt-BR\",\"potentialAction\":[{\"@type\":\"CommentAction\",\"name\":\"Comment\",\"target\":[\"https:\/\/psol50.org.br\/movimentos-sociais-e-sindicatos-fazem-paralisacao-nacional-nesta-sexta-11\/#respond\"]}]},{\"@type\":\"WebPage\",\"@id\":\"https:\/\/psol50.org.br\/movimentos-sociais-e-sindicatos-fazem-paralisacao-nacional-nesta-sexta-11\/\",\"url\":\"https:\/\/psol50.org.br\/movimentos-sociais-e-sindicatos-fazem-paralisacao-nacional-nesta-sexta-11\/\",\"name\":\"Movimentos sociais e sindicatos fazem paralisa\u00e7\u00e3o nacional nesta sexta (11) - PSOL 50\",\"isPartOf\":{\"@id\":\"https:\/\/psol50.org.br\/#website\"},\"primaryImageOfPage\":{\"@id\":\"https:\/\/psol50.org.br\/movimentos-sociais-e-sindicatos-fazem-paralisacao-nacional-nesta-sexta-11\/#primaryimage\"},\"image\":{\"@id\":\"https:\/\/psol50.org.br\/movimentos-sociais-e-sindicatos-fazem-paralisacao-nacional-nesta-sexta-11\/#primaryimage\"},\"thumbnailUrl\":\"\",\"datePublished\":\"2016-11-10T18:23:56+00:00\",\"breadcrumb\":{\"@id\":\"https:\/\/psol50.org.br\/movimentos-sociais-e-sindicatos-fazem-paralisacao-nacional-nesta-sexta-11\/#breadcrumb\"},\"inLanguage\":\"pt-BR\",\"potentialAction\":[{\"@type\":\"ReadAction\",\"target\":[\"https:\/\/psol50.org.br\/movimentos-sociais-e-sindicatos-fazem-paralisacao-nacional-nesta-sexta-11\/\"]}]},{\"@type\":\"ImageObject\",\"inLanguage\":\"pt-BR\",\"@id\":\"https:\/\/psol50.org.br\/movimentos-sociais-e-sindicatos-fazem-paralisacao-nacional-nesta-sexta-11\/#primaryimage\",\"url\":\"\",\"contentUrl\":\"\"},{\"@type\":\"BreadcrumbList\",\"@id\":\"https:\/\/psol50.org.br\/movimentos-sociais-e-sindicatos-fazem-paralisacao-nacional-nesta-sexta-11\/#breadcrumb\",\"itemListElement\":[{\"@type\":\"ListItem\",\"position\":1,\"name\":\"In\u00edcio\",\"item\":\"https:\/\/psol50.org.br\/\"},{\"@type\":\"ListItem\",\"position\":2,\"name\":\"Movimentos sociais e sindicatos fazem paralisa\u00e7\u00e3o nacional nesta sexta (11)\"}]},{\"@type\":\"WebSite\",\"@id\":\"https:\/\/psol50.org.br\/#website\",\"url\":\"https:\/\/psol50.org.br\/\",\"name\":\"PSOL 50\",\"description\":\"Site oficial do Partido Socialismo e Liberdade\",\"publisher\":{\"@id\":\"https:\/\/psol50.org.br\/#organization\"},\"alternateName\":\"PSOL50\",\"potentialAction\":[{\"@type\":\"SearchAction\",\"target\":{\"@type\":\"EntryPoint\",\"urlTemplate\":\"https:\/\/psol50.org.br\/?s={search_term_string}\"},\"query-input\":{\"@type\":\"PropertyValueSpecification\",\"valueRequired\":true,\"valueName\":\"search_term_string\"}}],\"inLanguage\":\"pt-BR\"},{\"@type\":\"Organization\",\"@id\":\"https:\/\/psol50.org.br\/#organization\",\"name\":\"PSOL 50\",\"alternateName\":\"PSOL 50\",\"url\":\"https:\/\/psol50.org.br\/\",\"logo\":{\"@type\":\"ImageObject\",\"inLanguage\":\"pt-BR\",\"@id\":\"https:\/\/psol50.org.br\/#\/schema\/logo\/image\/\",\"url\":\"https:\/\/psol50.org.br\/inc\/uploads\/2018\/07\/capa.png\",\"contentUrl\":\"https:\/\/psol50.org.br\/inc\/uploads\/2018\/07\/capa.png\",\"width\":1350,\"height\":900,\"caption\":\"PSOL 50\"},\"image\":{\"@id\":\"https:\/\/psol50.org.br\/#\/schema\/logo\/image\/\"},\"sameAs\":[\"https:\/\/www.facebook.com\/psol50\",\"https:\/\/x.com\/psol50\",\"https:\/\/www.instagram.com\/psol50\/\",\"https:\/\/www.youtube.com\/channel\/UC7SnJS5o1os7a6CaiNabzcg\"]},{\"@type\":\"Person\",\"@id\":\"https:\/\/psol50.org.br\/#\/schema\/person\/475dfa57d0b815993c714c2e96491fcd\",\"name\":\"Comunica\u00e7\u00e3o PSOL\",\"image\":{\"@type\":\"ImageObject\",\"inLanguage\":\"pt-BR\",\"@id\":\"https:\/\/psol50.org.br\/#\/schema\/person\/image\/\",\"url\":\"https:\/\/secure.gravatar.com\/avatar\/b34fc4f4e468a4e51785917065a3db57b841f5c95dba6ad8c73aaf8f66f8f9bf?s=96&d=mm&r=g\",\"contentUrl\":\"https:\/\/secure.gravatar.com\/avatar\/b34fc4f4e468a4e51785917065a3db57b841f5c95dba6ad8c73aaf8f66f8f9bf?s=96&d=mm&r=g\",\"caption\":\"Comunica\u00e7\u00e3o PSOL\"}}]}<\/script>\n<!-- \/ Yoast SEO plugin. -->","yoast_head_json":{"title":"Movimentos sociais e sindicatos fazem paralisa\u00e7\u00e3o nacional nesta sexta (11) - PSOL 50","robots":{"index":"index","follow":"follow","max-snippet":"max-snippet:-1","max-image-preview":"max-image-preview:large","max-video-preview":"max-video-preview:-1"},"canonical":"https:\/\/psol50.org.br\/movimentos-sociais-e-sindicatos-fazem-paralisacao-nacional-nesta-sexta-11\/","og_locale":"pt_BR","og_type":"article","og_title":"Movimentos sociais e sindicatos fazem paralisa\u00e7\u00e3o nacional nesta sexta (11) - PSOL 50","og_description":"Al\u00e9m dos estudantes que seguem com a ocupa\u00e7\u00e3o de escolas, a classe trabalhadora tamb\u00e9m intensifica a luta contra a PEC do Fim do Mundo (55), que congela os investimentos p\u00fablicos por 20 anos. Nesta sexta-feira (11), movimentos sociais e sindicais v\u00e3o promover um dia de greve em todo o pa\u00eds. O ato conta com sindicatos [&hellip;]","og_url":"https:\/\/psol50.org.br\/movimentos-sociais-e-sindicatos-fazem-paralisacao-nacional-nesta-sexta-11\/","og_site_name":"PSOL 50","article_publisher":"https:\/\/www.facebook.com\/psol50","article_published_time":"2016-11-10T18:23:56+00:00","og_image":[{"width":1350,"height":900,"url":"https:\/\/psol50.org.br\/inc\/uploads\/2018\/07\/capa.png","type":"image\/png"}],"author":"Comunica\u00e7\u00e3o PSOL","twitter_card":"summary_large_image","twitter_creator":"@psol50","twitter_site":"@psol50","twitter_misc":{"Escrito por":"Comunica\u00e7\u00e3o PSOL","Est. tempo de leitura":"1 minuto"},"schema":{"@context":"https:\/\/schema.org","@graph":[{"@type":"Article","@id":"https:\/\/psol50.org.br\/movimentos-sociais-e-sindicatos-fazem-paralisacao-nacional-nesta-sexta-11\/#article","isPartOf":{"@id":"https:\/\/psol50.org.br\/movimentos-sociais-e-sindicatos-fazem-paralisacao-nacional-nesta-sexta-11\/"},"author":{"name":"Comunica\u00e7\u00e3o PSOL","@id":"https:\/\/psol50.org.br\/#\/schema\/person\/475dfa57d0b815993c714c2e96491fcd"},"headline":"Movimentos sociais e sindicatos fazem paralisa\u00e7\u00e3o nacional nesta sexta (11)","datePublished":"2016-11-10T18:23:56+00:00","mainEntityOfPage":{"@id":"https:\/\/psol50.org.br\/movimentos-sociais-e-sindicatos-fazem-paralisacao-nacional-nesta-sexta-11\/"},"wordCount":205,"commentCount":0,"publisher":{"@id":"https:\/\/psol50.org.br\/#organization"},"image":{"@id":"https:\/\/psol50.org.br\/movimentos-sociais-e-sindicatos-fazem-paralisacao-nacional-nesta-sexta-11\/#primaryimage"},"thumbnailUrl":"","keywords":["greve geral","Lei da Morda\u00e7a","PEC do Fim do Mundo","reforma do ensino m\u00e9dio"],"articleSection":["Brasil","Educa\u00e7\u00e3o","Movimento"],"inLanguage":"pt-BR","potentialAction":[{"@type":"CommentAction","name":"Comment","target":["https:\/\/psol50.org.br\/movimentos-sociais-e-sindicatos-fazem-paralisacao-nacional-nesta-sexta-11\/#respond"]}]},{"@type":"WebPage","@id":"https:\/\/psol50.org.br\/movimentos-sociais-e-sindicatos-fazem-paralisacao-nacional-nesta-sexta-11\/","url":"https:\/\/psol50.org.br\/movimentos-sociais-e-sindicatos-fazem-paralisacao-nacional-nesta-sexta-11\/","name":"Movimentos sociais e sindicatos fazem paralisa\u00e7\u00e3o nacional nesta sexta (11) - PSOL 50","isPartOf":{"@id":"https:\/\/psol50.org.br\/#website"},"primaryImageOfPage":{"@id":"https:\/\/psol50.org.br\/movimentos-sociais-e-sindicatos-fazem-paralisacao-nacional-nesta-sexta-11\/#primaryimage"},"image":{"@id":"https:\/\/psol50.org.br\/movimentos-sociais-e-sindicatos-fazem-paralisacao-nacional-nesta-sexta-11\/#primaryimage"},"thumbnailUrl":"","datePublished":"2016-11-10T18:23:56+00:00","breadcrumb":{"@id":"https:\/\/psol50.org.br\/movimentos-sociais-e-sindicatos-fazem-paralisacao-nacional-nesta-sexta-11\/#breadcrumb"},"inLanguage":"pt-BR","potentialAction":[{"@type":"ReadAction","target":["https:\/\/psol50.org.br\/movimentos-sociais-e-sindicatos-fazem-paralisacao-nacional-nesta-sexta-11\/"]}]},{"@type":"ImageObject","inLanguage":"pt-BR","@id":"https:\/\/psol50.org.br\/movimentos-sociais-e-sindicatos-fazem-paralisacao-nacional-nesta-sexta-11\/#primaryimage","url":"","contentUrl":""},{"@type":"BreadcrumbList","@id":"https:\/\/psol50.org.br\/movimentos-sociais-e-sindicatos-fazem-paralisacao-nacional-nesta-sexta-11\/#breadcrumb","itemListElement":[{"@type":"ListItem","position":1,"name":"In\u00edcio","item":"https:\/\/psol50.org.br\/"},{"@type":"ListItem","position":2,"name":"Movimentos sociais e sindicatos fazem paralisa\u00e7\u00e3o nacional nesta sexta (11)"}]},{"@type":"WebSite","@id":"https:\/\/psol50.org.br\/#website","url":"https:\/\/psol50.org.br\/","name":"PSOL 50","description":"Site oficial do Partido Socialismo e Liberdade","publisher":{"@id":"https:\/\/psol50.org.br\/#organization"},"alternateName":"PSOL50","potentialAction":[{"@type":"SearchAction","target":{"@type":"EntryPoint","urlTemplate":"https:\/\/psol50.org.br\/?s={search_term_string}"},"query-input":{"@type":"PropertyValueSpecification","valueRequired":true,"valueName":"search_term_string"}}],"inLanguage":"pt-BR"},{"@type":"Organization","@id":"https:\/\/psol50.org.br\/#organization","name":"PSOL 50","alternateName":"PSOL 50","url":"https:\/\/psol50.org.br\/","logo":{"@type":"ImageObject","inLanguage":"pt-BR","@id":"https:\/\/psol50.org.br\/#\/schema\/logo\/image\/","url":"https:\/\/psol50.org.br\/inc\/uploads\/2018\/07\/capa.png","contentUrl":"https:\/\/psol50.org.br\/inc\/uploads\/2018\/07\/capa.png","width":1350,"height":900,"caption":"PSOL 50"},"image":{"@id":"https:\/\/psol50.org.br\/#\/schema\/logo\/image\/"},"sameAs":["https:\/\/www.facebook.com\/psol50","https:\/\/x.com\/psol50","https:\/\/www.instagram.com\/psol50\/","https:\/\/www.youtube.com\/channel\/UC7SnJS5o1os7a6CaiNabzcg"]},{"@type":"Person","@id":"https:\/\/psol50.org.br\/#\/schema\/person\/475dfa57d0b815993c714c2e96491fcd","name":"Comunica\u00e7\u00e3o PSOL","image":{"@type":"ImageObject","inLanguage":"pt-BR","@id":"https:\/\/psol50.org.br\/#\/schema\/person\/image\/","url":"https:\/\/secure.gravatar.com\/avatar\/b34fc4f4e468a4e51785917065a3db57b841f5c95dba6ad8c73aaf8f66f8f9bf?s=96&d=mm&r=g","contentUrl":"https:\/\/secure.gravatar.com\/avatar\/b34fc4f4e468a4e51785917065a3db57b841f5c95dba6ad8c73aaf8f66f8f9bf?s=96&d=mm&r=g","caption":"Comunica\u00e7\u00e3o PSOL"}}]}},"_links":{"self":[{"href":"https:\/\/psol50.org.br\/rest\/wp\/v2\/posts\/14430","targetHints":{"allow":["GET"]}}],"collection":[{"href":"https:\/\/psol50.org.br\/rest\/wp\/v2\/posts"}],"about":[{"href":"https:\/\/psol50.org.br\/rest\/wp\/v2\/types\/post"}],"author":[{"embeddable":true,"href":"https:\/\/psol50.org.br\/rest\/wp\/v2\/users\/2"}],"replies":[{"embeddable":true,"href":"https:\/\/psol50.org.br\/rest\/wp\/v2\/comments?post=14430"}],"version-history":[{"count":0,"href":"https:\/\/psol50.org.br\/rest\/wp\/v2\/posts\/14430\/revisions"}],"wp:featuredmedia":[{"embeddable":true,"href":"https:\/\/psol50.org.br\/rest\/"}],"wp:attachment":[{"href":"https:\/\/psol50.org.br\/rest\/wp\/v2\/media?parent=14430"}],"wp:term":[{"taxonomy":"category","embeddable":true,"href":"https:\/\/psol50.org.br\/rest\/wp\/v2\/categories?post=14430"},{"taxonomy":"post_tag","embeddable":true,"href":"https:\/\/psol50.org.br\/rest\/wp\/v2\/tags?post=14430"}],"curies":[{"name":"wp","href":"https:\/\/api.w.org\/{rel}","templated":true}]}}