{"id":1444,"date":"2010-10-26T00:00:00","date_gmt":"2010-10-26T00:00:00","guid":{"rendered":"http:\/\/psol50.org.br\/arquivo\/2010\/10\/26\/um-deputado-no-olho-do-furacao\/"},"modified":"2010-10-26T00:00:00","modified_gmt":"2010-10-26T00:00:00","slug":"um-deputado-no-olho-do-furacao","status":"publish","type":"post","link":"https:\/\/psol50.org.br\/um-deputado-no-olho-do-furacao\/","title":{"rendered":"Um deputado no olho do furac\u00e3o"},"content":{"rendered":"<figure id=\"attachment_5960\" aria-describedby=\"caption-attachment-5960\" style=\"width: 300px\" class=\"wp-caption alignleft\"><a rel=\"attachment wp-att-5960\" href=\"http:\/\/psol50.org.br\/blog\/2010\/10\/26\/um-deputado-no-olho-do-furacao\/marcelo_freixo-300x211\/\"><img loading=\"lazy\" decoding=\"async\" class=\"size-full wp-image-5960\" style=\"margin-left: 5px;margin-right: 5px\" src=\"http:\/\/psol50.org.br\/files\/2010\/10\/marcelo_freixo-300x211.jpg\" alt=\"\" width=\"300\" height=\"211\" \/><\/a><figcaption id=\"caption-attachment-5960\" class=\"wp-caption-text\">Para o deputado estadual Marcelo Freixo, ser um pol\u00edtico \u00e9tico traz resultado. Em entrevista, discute a seguran\u00e7a p\u00fablica no Rio de Janeiro e fala sobre o filme Tropa de Elite 2<\/figcaption><\/figure>\n<p>Confira entrevista com o deputado estadual PSOL\/RJ publicada no site da Carta Capital em 25 de outubro de 2010.<\/p>\n<p>O sorriso de carioca boa pra\u00e7a engana. N\u00e3o que o deputado estadual pelo PSOL Marcelo Freixo n\u00e3o o seja, mas quem o v\u00ea, a principio, desconfia ser ele o homem que enfrentou a mil\u00edcia no Rio de Janeiro. Quem conhece a sua hist\u00f3ria na milit\u00e2ncia pelos direitos humanos n\u00e3o se surpreende com a atua\u00e7\u00e3o que teve na Assembl\u00e9ia Legislativa. Trabalhou como professor de hist\u00f3ria em pris\u00f5es, negociou rebeli\u00f5es ao lado do Bope e em 2006 candidatou-se ao parlamento fluminense para ampliar seu campo de luta. Foi o respons\u00e1vel pela instaura\u00e7\u00e3o da CPI das Mil\u00edcias, que prendeu 275 milicianos e desmontou sua lideran\u00e7a.<\/p>\n<p>Freixo n\u00e3o p\u00f4de fazer campanha nas \u00e1reas de mil\u00edcia durante a corrida eleitoral deste ano. Seus partid\u00e1rios foram intimidados por milicianos. Por causa do enfrentamento, se viu obrigado a andar em carro blindado e com seguran\u00e7a armado. Mesmo prejudicado, foi o segundo candidato a deputado estadual mais votado no Estado. Conseguiu apoio de artistas e intelectuais. A sua atua\u00e7\u00e3o como pol\u00edtico e ativista inspirou o cineasta Jos\u00e9 Padilha na cria\u00e7\u00e3o do personagem Fraga no filme Tropa de Elite 2.<\/p>\n<p>Na entrevista concedida a CartaCapital, Freixo bateu na gest\u00e3o do governador S\u00e9rgio Cabral e no seu \u201cprojeto de cidade segregadora\u201d com as Unidade de Pol\u00edcia Pacificadoras, muros, remo\u00e7\u00f5es e barreiras ac\u00fasticas. E prop\u00f4s um novo entendimento de seguran\u00e7a p\u00fablica no Rio de Janeiro e no Brasil.<\/p>\n<p><strong>Carta Capital: Por que voc\u00ea disse que teria que sair do pa\u00eds se n\u00e3o fosse eleito?<\/strong><br \/>\nMarcelo Freixo: Porque \u00e9 \u00f3bvio, tenho carro blindado, seguran\u00e7a o dia inteiro, toda uma estrutura policial em cima do mandato. Nunca fui intimidado diretamente, mas houve descoberta de um plano de atentado. A pol\u00edcia civil interceptou alguns planos.<\/p>\n<p><strong>CC: Voc\u00ea anda com medo nas ruas?<\/strong><br \/>\nMF: N\u00e3o \u00e9 medo, \u00e9 apreens\u00e3o. N\u00e3o \u00e9 um cotidiano normal. Tem lugares que n\u00e3o posso ir. N\u00e3o \u00e9 bom, mas o tempo inteiro eu sabia o que podia acontecer. Tamb\u00e9m se perdesse a elei\u00e7\u00e3o seria uma vit\u00f3ria de muitos que enfrentamos. Acho que n\u00e3o haveria condi\u00e7\u00f5es pol\u00edticas para continuar aqui, pela seguran\u00e7a, porque ai sim seria inconsequente continuar no Brasil sem uma fun\u00e7\u00e3o p\u00fablica e ao mesmo tempo seria um recado da mesma maneira que a minha vota\u00e7\u00e3o tamb\u00e9m foi, porque o Rio de Janeiro deu uma resposta, se eu n\u00e3o ganhasse tamb\u00e9m seria uma resposta, inversa.<\/p>\n<p><strong>CC:O que representa para a pol\u00edtica carioca voc\u00ea e o Chico Alencar terem sido eleitos com n\u00fameros expressivos, por\u00e9m os mais votados continuam a ser pol\u00edticos como Wagner Montes e Garotinho?<\/strong><br \/>\nMF: Eles foram eleitos em fun\u00e7\u00e3o do acesso a m\u00eddia e n\u00e3o por feitos parlamentares. A m\u00eddia televisa de um lado e o r\u00e1dio do outro. O crit\u00e9rio de elei\u00e7\u00e3o dessas pessoas n\u00e3o \u00e9 o mesmo do nosso. N\u00e3o s\u00e3o os mesmos par\u00e2metros e instrumentos.<\/p>\n<p><strong>CC: Voc\u00ea enxerga isso como uma evolu\u00e7\u00e3o da pol\u00edtica carioca?<\/strong><br \/>\nMF: Eu acho que a nossa vota\u00e7\u00e3o foi uma resposta muito boa, animadora, tem muita gente vindo falar isso nas ruas. Eu acho o que levou S\u00e3o Paulo a votar no Tiririca de maneira irrespons\u00e1vel e inconsequente, aqui no Rio foi uma pol\u00edtica mais consequente. Foi um \u201ct\u00f4 de saco cheio\u201d e votaram em algu\u00e9m, que mesmo que n\u00e3o tenha uma identidade ideol\u00f3gica, \u00e9 algu\u00e9m que tem uma refer\u00eancia republicana, \u00e9tica. Os quase 178 mil votos que eu recebi n\u00e3o s\u00e3o votos de identidade ideol\u00f3gica com o PSOL, nem os do Chico, mas s\u00e3o v\u00e1rias identidades.<\/p>\n<p><strong>CC: O que \u00e9 de se esperar do pr\u00f3ximo governo S\u00e9rgio Cabral?<\/strong><br \/>\nMF: Eu acho que seja pelo menos razo\u00e1vel, porque foi p\u00e9ssimo o primeiro governo do Cabral. Um governo marcado pela fal\u00eancia da sa\u00fade p\u00fablica, as pessoas morrem nos hospitais. A sa\u00fade p\u00fablica carioca \u00e9 palco de esc\u00e2ndalos. Superfaturamento de medicamentos\u2026 Eu tenho um pedido de CPI apresentado que h\u00e1 quatro meses est\u00e1 dormindo na Casa. \u00c9 uma secretaria que d\u00e1 mais not\u00edcia por causa dos esc\u00e2ndalos do que dos feitos, que chegou no seu pior resultado na hist\u00f3ria do Rio de Janeiro. Nunca antes na hist\u00f3ria do Rio a sa\u00fade p\u00fablica foi t\u00e3o ruim. J\u00e1 que o Cabral gosta tanto do Lula, a gente usa essa express\u00e3o.<\/p>\n<p><strong>CC: Por que o Cabral saiu-se t\u00e3o bem nas urnas?<\/strong><br \/>\nMF: Ele ganhou a elei\u00e7\u00e3o por causa da UPP. Os formadores de opini\u00e3o no Rio resolveram o seu problema de sa\u00fade e educa\u00e7\u00e3o comprando planos de sa\u00fade e colocando seus filhos na escola privada. Essa n\u00e3o \u00e9 uma quest\u00e3o p\u00fablica no Rio de Janeiro. A escola p\u00fablica na situa\u00e7\u00e3o que est\u00e1 no Rio \u00e9 uma quest\u00e3o s\u00f3 dos pobres. Eu acredito que esse problema seja de todas as grandes cidades. O Cabral ganhou a elei\u00e7\u00e3o com a propaganda da pacifica\u00e7\u00e3o, mesmo que isso tenha sido para uma parte muito pequena do Rio de Janeiro. A pol\u00edcia do Rio \u00e9 que mais mata e morre no mundo.<\/p>\n<p><strong>CC: Qual a sua opini\u00e3o sobre as UPPs?<\/strong><br \/>\nMF: \u00c9 um projeto de cidade. A UPP s\u00f3 pode ser pensada com a constru\u00e7\u00e3o dos muros nas favelas, com as barreiras ac\u00fasticas que tenta fazer com quem sai do aeroporto e chega a zona sul n\u00e3o veja as favelas e as remo\u00e7\u00f5es. O mapa das UPPs \u00e9 revelador. \u00c9 o corredor da zona sul hoteleiro, \u00e9 a zona portu\u00e1ria com o projeto \u201cPorto Maravilha\u201d, \u00e9 o entorno do Maracan\u00e3 na avenida Tijuca, a Cidade de Deus e Jacarepagu\u00e1, que \u00e9 a \u00fanica \u00e1rea em toda Jacarepagu\u00e1 que n\u00e3o est\u00e1 na m\u00e3o da mil\u00edcia.<\/p>\n<p><strong>CC: \u00c9 para gringo ver?<\/strong><br \/>\nMF: N\u00e3o \u00e9 s\u00f3 pra gringo ver n\u00e3o, \u00e9 pra gringo praticar esporte. \u00c9 uma sofistica\u00e7\u00e3o da express\u00e3o. \u00c9 um projeto de cidade segregador. N\u00e3o estou dizendo com isso que nos lugares que tenha UPP n\u00e3o existem avan\u00e7os, \u00e9 claro que tem. \u00c9 claro que \u00e9 importante n\u00e3o ter o tr\u00e1fico de armas, o tiro e redu\u00e7\u00e3o de homic\u00eddios. \u00c9 claro que entendo, compreendo e concordo com o morador da UPP que diz que agora est\u00e1 melhor. Se eu morasse l\u00e1 tamb\u00e9m diria isso. Eu entendo o cara dizendo: \u201ceu quero UPP no meu bairro\u201d, \u00e9 compreens\u00edvel. Contudo n\u00f3s temos que ter uma leitura do Rio de Janeiro como um todo. O mapa das UPPs mostra que n\u00e3o \u00e9 um projeto de seguran\u00e7a p\u00fablica, \u00e9 um projeto de cidade. Porque essas \u00e1reas s\u00e3o para 2014 e 2016 e no mesmo Rio de Janeiro, com o mesmo governo, n\u00f3s temos a pol\u00edcia matando tr\u00eas pessoas por dia. A pol\u00edcia do Rio \u00e9 a que mais mata e morre no mundo. O Rio n\u00e3o est\u00e1 pacificado.<\/p>\n<p><strong>CC: Voc\u00ea enxerga alguma solu\u00e7\u00e3o para a seguran\u00e7a p\u00fablica fluminense?<\/strong><br \/>\nMF: Claro que tem sa\u00edda e n\u00e3o \u00e9 o Gale\u00e3o. Primeiro porque a seguran\u00e7a p\u00fablica n\u00e3o \u00e9 um debate de pol\u00edcia, \u00e9 um debate de pol\u00edtica. Voc\u00ea tem que enfrentar as mil\u00edcias, por exemplo. Os l\u00edderes foram presos depois da CPI das Mil\u00edcias, mas elas continuam crescendo territorialmente porque os seus bra\u00e7os econ\u00f4micos n\u00e3o foram cortados por esses mesmos governos. Precisa pagar melhor a pol\u00edcia. A pol\u00edcia do Rio tem um sal\u00e1rio de mis\u00e9ria. O sal\u00e1rio do policial do Rio s\u00f3 \u00e9 maior do que o sal\u00e1rio do policial de Alagoas. N\u00e3o tem corregedorias e ouvidorias funcionando. A ouvidoria do Rio \u00e9 surda. N\u00e3o tem aproxima\u00e7\u00e3o da pol\u00edcia com a comunidade, apenas tem nas zonas de UPP que \u00e9 menos de 1% do territ\u00f3rio do Rio, em todas as outras a pol\u00edcia mant\u00e9m um controle. N\u00f3s vivemos um apartheid sem precisar do muro. Esses elementos centrais o governo Cabral n\u00e3o desenvolveu. N\u00e3o adianta dizer que avan\u00e7ou na seguran\u00e7a p\u00fablica sem ter avan\u00e7ado nesses pontos. Que avan\u00e7o \u00e9 esse? Voc\u00ea escolheu algumas \u00e1reas de obedi\u00eancia e diz que o Rio est\u00e1 pacificado? Apenas as \u00e1reas que interessam ao capital.<\/p>\n<p><strong>CC: Voc\u00ea acha que existe um processo de criminaliza\u00e7\u00e3o da pobreza?<\/strong><br \/>\nMF: \u00c9 hist\u00f3rico, claro que sim. Voc\u00ea criminaliza a pobreza e os movimentos sociais. Para o Estado manter as rela\u00e7\u00f5es autorit\u00e1rias que ele mant\u00e9m, nos setores pobres, s\u00f3 faz isso disputando hegemonia. S\u00f3 faz isso dando um car\u00e1ter de naturalidade a a\u00e7\u00e3o repressora do Estado. Isso s\u00f3 pode ser feita com a produ\u00e7\u00e3o do medo. A produ\u00e7\u00e3o do medo \u00e9 o grande instrumento de criminaliza\u00e7\u00e3o da pobreza.<\/p>\n<p><strong>CC: Existe uma programa do Estado em criminalizar a pobreza?<\/strong><br \/>\nMF: \u00c9 o Estado. A criminaliza\u00e7\u00e3o da pobreza \u00e9 provocada pelo Estado. Isso n\u00e3o \u00e9 provocado pelo Eike Batista, por mais imbecil que ele seja. Isso \u00e9 provocado pelo Estado. \u00c9 a l\u00f3gica da segrega\u00e7\u00e3o provocada pelo Estado, quando pega a escola p\u00fablica e faz ela ser a pen\u00faltima pior escola p\u00fablica do Brasil, s\u00f3 perdendo para o Piau\u00ed. \u00c9 quando faz seu CEP ser determinante na dignidade humana. A dignidade no Rio vem com a maresia. Se voc\u00ea estiver distante da maresia a dignidade vai sumindo.<\/p>\n<p><strong>CC: O que voc\u00ea acha dessa proposta do Serra de criar um Minist\u00e9rio de Seguran\u00e7a Nacional para cuidar da seguran\u00e7a p\u00fablica, por\u00e9m isso seria de responsabilidade dos Estados?<\/strong><br \/>\nMF: Mais ou menos, na verdade o programa original do Lula, de 2002, que eu ajudei a fazer, prev\u00ea a Secretaria Nacional de Seguran\u00e7a P\u00fablica, que j\u00e1 existe, s\u00f3 que o projeto original prev\u00ea que fosse vinculado ao presidente da Rep\u00fablica e n\u00e3o vinculado ao Minist\u00e9rio de Justi\u00e7a como \u00e9 hoje. Isso foi uma mudan\u00e7a, no meu ponto de vista, equivocado. Por que n\u00e3o h\u00e1 debate no Brasil mais importante do que a seguran\u00e7a p\u00fablica, por uma raz\u00e3o: as pessoas precisam ser mantidas vivas. N\u00f3s temos em curso no Brasil hoje um genoc\u00eddio acontecendo sobre a juventude pobre e negra. Isso tem que ser responsabilidade do presidente da Rep\u00fablica, mesmo que a responsabilidade das a\u00e7\u00f5es policiais sejam do governo do Estado. Seguran\u00e7a p\u00fablica n\u00e3o \u00e9 a\u00e7\u00e3o de pol\u00edcia. Precisamos mudar o nosso conceito de seguran\u00e7a, uma sociedade segura n\u00e3o \u00e9 uma que tem muita pol\u00edcia, mas \u00e9 uma que desenvolve uma cultura de direitos, ai a responsabilidade \u00e9 sim do presidente.<\/p>\n<p><strong>CC: O que voc\u00ea achou do Tropa de Elite 2?<\/strong><br \/>\nMF: Eu gostei muito, o filme leva o debate para o andar de cima e mostra que o nosso problema \u00e9 pol\u00edtico e n\u00e3o de pol\u00edcia. \u00c9 um belo instrumento. Mistura bom entretenimento com um debate pol\u00edtico. \u00c9 uma bela obra.<br \/>\nCC: Voc\u00ea acha que o diretor tratou bem o problema das mil\u00edcias?<br \/>\nMF: Eles estudaram muito as mil\u00edcias. Eles acompanharam todo o nosso trabalho no gabinete, acompanharam a CPI. O Braulio Mantovani, que escreveu o roteiro, assistiu a todos os DVDs da CPI, fizemos varias reuni\u00f5es, estudaram e debateram o roteiro com diversos setores. Tiveram muito trabalho antes do filme ser filmado, isso eu posso testemunhar. \u00c9 um belo instrumento para saber o que queremos do Rio de Janeiro. Isso n\u00e3o \u00e9 algo exclusivo nosso, o que leva o Rio a ter as mil\u00edcias existe em qualquer lugar do Brasil.<\/p>\n<p><strong>CC: E do personagem Fraga, interpretado pelo Irandhir Santos, que o Padilha diz ter se inspirado em voc\u00ea?<\/strong><\/p>\n<p>MF: O Irandhir esteve aqui com a gente em v\u00e1rios momentos, discutimos cada cena, o roteiro, conversamos muito. Ele \u00e9 um grande ator, uma das pessoas mais respons\u00e1veis dentro da sua profiss\u00e3o que eu j\u00e1 conheci, um estudioso, al\u00e9m de talentoso.<\/p>\n<p><strong>CC: E como foi viver as situa\u00e7\u00f5es do personagem no filme?<\/strong><br \/>\nMF: Nem todas aquelas cenas correspondem \u00e0 realidade. A come\u00e7ar pela minha mulher, que nunca foi casada, nem com o Capit\u00e3o Nascimento, nem com o Wagner Moura. E a cena do pres\u00eddio, de todas, \u00e9 a mais distante da realidade. A cena do colete aconteceu, quando decidia se entrava com colete ou n\u00e3o. Negociei dezenas de rebeli\u00f5es, n\u00e3o sei a conta. As negocia\u00e7\u00f5es aconteciam com o Bope, boa parte delas, mas com negociadores do Bope que iam me buscar em casa de helic\u00f3ptero. Nunca houve uma tentativa de brecar a minha entrada nas pris\u00f5es, muito pelo contr\u00e1rio, o Bope me chamava para fazer essas negocia\u00e7\u00f5es. Eu trabalho h\u00e1 vinte anos com os presos, chamo eles pelo nome, sei quem s\u00e3o, tem um respeito muito grande. Trabalhei como professor de hist\u00f3ria na cadeia durante muitos anos. Para negocia\u00e7\u00e3o isso \u00e9 muito importante e para todas as negocia\u00e7\u00f5es que n\u00f3s fizemos nunca houve um preso ferido, nenhum problema.<br \/>\n<em><strong><br \/>\nFonte: site da Carta Capital. <\/strong><\/em><\/p>\n<p><em><strong>Bruno Huberman<\/strong><\/em><\/p>\n","protected":false},"excerpt":{"rendered":"<p>Confira entrevista com o deputado estadual PSOL\/RJ publicada no site da Carta Capital em 25 de outubro de 2010. O sorriso de carioca boa pra\u00e7a engana. N\u00e3o que o deputado estadual pelo PSOL Marcelo Freixo n\u00e3o o seja, mas quem o v\u00ea, a principio, desconfia ser ele o homem que enfrentou a mil\u00edcia no Rio [&hellip;]<\/p>\n","protected":false},"author":2,"featured_media":0,"comment_status":"open","ping_status":"open","sticky":false,"template":"","format":"standard","meta":{"_acf_changed":false,"footnotes":""},"categories":[4766],"tags":[],"class_list":{"0":"post-1444","1":"post","2":"type-post","3":"status-publish","4":"format-standard","6":"category-arquivo"},"acf":[],"yoast_head":"<!-- This site is optimized with the Yoast SEO plugin v26.5 - https:\/\/yoast.com\/wordpress\/plugins\/seo\/ -->\n<title>Um deputado no olho do furac\u00e3o - PSOL 50<\/title>\n<meta name=\"robots\" content=\"index, follow, max-snippet:-1, max-image-preview:large, max-video-preview:-1\" \/>\n<link rel=\"canonical\" href=\"https:\/\/psol50.org.br\/um-deputado-no-olho-do-furacao\/\" \/>\n<meta property=\"og:locale\" content=\"pt_BR\" \/>\n<meta property=\"og:type\" content=\"article\" \/>\n<meta property=\"og:title\" content=\"Um deputado no olho do furac\u00e3o - PSOL 50\" \/>\n<meta property=\"og:description\" content=\"Confira entrevista com o deputado estadual PSOL\/RJ publicada no site da Carta Capital em 25 de outubro de 2010. O sorriso de carioca boa pra\u00e7a engana. N\u00e3o que o deputado estadual pelo PSOL Marcelo Freixo n\u00e3o o seja, mas quem o v\u00ea, a principio, desconfia ser ele o homem que enfrentou a mil\u00edcia no Rio [&hellip;]\" \/>\n<meta property=\"og:url\" content=\"https:\/\/psol50.org.br\/um-deputado-no-olho-do-furacao\/\" \/>\n<meta property=\"og:site_name\" content=\"PSOL 50\" \/>\n<meta property=\"article:publisher\" content=\"https:\/\/www.facebook.com\/psol50\" \/>\n<meta property=\"article:published_time\" content=\"2010-10-26T00:00:00+00:00\" \/>\n<meta property=\"og:image\" content=\"http:\/\/psol50.org.br\/files\/2010\/10\/marcelo_freixo-300x211.jpg\" \/>\n<meta name=\"author\" content=\"Comunica\u00e7\u00e3o PSOL\" \/>\n<meta name=\"twitter:card\" content=\"summary_large_image\" \/>\n<meta name=\"twitter:creator\" content=\"@psol50\" \/>\n<meta name=\"twitter:site\" content=\"@psol50\" \/>\n<meta name=\"twitter:label1\" content=\"Escrito por\" \/>\n\t<meta name=\"twitter:data1\" content=\"Comunica\u00e7\u00e3o PSOL\" \/>\n\t<meta name=\"twitter:label2\" content=\"Est. tempo de leitura\" \/>\n\t<meta name=\"twitter:data2\" content=\"11 minutos\" \/>\n<script type=\"application\/ld+json\" class=\"yoast-schema-graph\">{\"@context\":\"https:\/\/schema.org\",\"@graph\":[{\"@type\":\"Article\",\"@id\":\"https:\/\/psol50.org.br\/um-deputado-no-olho-do-furacao\/#article\",\"isPartOf\":{\"@id\":\"https:\/\/psol50.org.br\/um-deputado-no-olho-do-furacao\/\"},\"author\":{\"name\":\"Comunica\u00e7\u00e3o PSOL\",\"@id\":\"https:\/\/psol50.org.br\/#\/schema\/person\/475dfa57d0b815993c714c2e96491fcd\"},\"headline\":\"Um deputado no olho do furac\u00e3o\",\"datePublished\":\"2010-10-26T00:00:00+00:00\",\"mainEntityOfPage\":{\"@id\":\"https:\/\/psol50.org.br\/um-deputado-no-olho-do-furacao\/\"},\"wordCount\":2291,\"commentCount\":0,\"publisher\":{\"@id\":\"https:\/\/psol50.org.br\/#organization\"},\"image\":{\"@id\":\"https:\/\/psol50.org.br\/um-deputado-no-olho-do-furacao\/#primaryimage\"},\"thumbnailUrl\":\"http:\/\/psol50.org.br\/files\/2010\/10\/marcelo_freixo-300x211.jpg\",\"articleSection\":[\"Arquivo\"],\"inLanguage\":\"pt-BR\",\"potentialAction\":[{\"@type\":\"CommentAction\",\"name\":\"Comment\",\"target\":[\"https:\/\/psol50.org.br\/um-deputado-no-olho-do-furacao\/#respond\"]}]},{\"@type\":\"WebPage\",\"@id\":\"https:\/\/psol50.org.br\/um-deputado-no-olho-do-furacao\/\",\"url\":\"https:\/\/psol50.org.br\/um-deputado-no-olho-do-furacao\/\",\"name\":\"Um deputado no olho do furac\u00e3o - PSOL 50\",\"isPartOf\":{\"@id\":\"https:\/\/psol50.org.br\/#website\"},\"primaryImageOfPage\":{\"@id\":\"https:\/\/psol50.org.br\/um-deputado-no-olho-do-furacao\/#primaryimage\"},\"image\":{\"@id\":\"https:\/\/psol50.org.br\/um-deputado-no-olho-do-furacao\/#primaryimage\"},\"thumbnailUrl\":\"http:\/\/psol50.org.br\/files\/2010\/10\/marcelo_freixo-300x211.jpg\",\"datePublished\":\"2010-10-26T00:00:00+00:00\",\"breadcrumb\":{\"@id\":\"https:\/\/psol50.org.br\/um-deputado-no-olho-do-furacao\/#breadcrumb\"},\"inLanguage\":\"pt-BR\",\"potentialAction\":[{\"@type\":\"ReadAction\",\"target\":[\"https:\/\/psol50.org.br\/um-deputado-no-olho-do-furacao\/\"]}]},{\"@type\":\"ImageObject\",\"inLanguage\":\"pt-BR\",\"@id\":\"https:\/\/psol50.org.br\/um-deputado-no-olho-do-furacao\/#primaryimage\",\"url\":\"http:\/\/psol50.org.br\/files\/2010\/10\/marcelo_freixo-300x211.jpg\",\"contentUrl\":\"http:\/\/psol50.org.br\/files\/2010\/10\/marcelo_freixo-300x211.jpg\"},{\"@type\":\"BreadcrumbList\",\"@id\":\"https:\/\/psol50.org.br\/um-deputado-no-olho-do-furacao\/#breadcrumb\",\"itemListElement\":[{\"@type\":\"ListItem\",\"position\":1,\"name\":\"In\u00edcio\",\"item\":\"https:\/\/psol50.org.br\/\"},{\"@type\":\"ListItem\",\"position\":2,\"name\":\"Um deputado no olho do furac\u00e3o\"}]},{\"@type\":\"WebSite\",\"@id\":\"https:\/\/psol50.org.br\/#website\",\"url\":\"https:\/\/psol50.org.br\/\",\"name\":\"PSOL 50\",\"description\":\"Site oficial do Partido Socialismo e Liberdade\",\"publisher\":{\"@id\":\"https:\/\/psol50.org.br\/#organization\"},\"alternateName\":\"PSOL50\",\"potentialAction\":[{\"@type\":\"SearchAction\",\"target\":{\"@type\":\"EntryPoint\",\"urlTemplate\":\"https:\/\/psol50.org.br\/?s={search_term_string}\"},\"query-input\":{\"@type\":\"PropertyValueSpecification\",\"valueRequired\":true,\"valueName\":\"search_term_string\"}}],\"inLanguage\":\"pt-BR\"},{\"@type\":\"Organization\",\"@id\":\"https:\/\/psol50.org.br\/#organization\",\"name\":\"PSOL 50\",\"alternateName\":\"PSOL 50\",\"url\":\"https:\/\/psol50.org.br\/\",\"logo\":{\"@type\":\"ImageObject\",\"inLanguage\":\"pt-BR\",\"@id\":\"https:\/\/psol50.org.br\/#\/schema\/logo\/image\/\",\"url\":\"https:\/\/psol50.org.br\/inc\/uploads\/2018\/07\/capa.png\",\"contentUrl\":\"https:\/\/psol50.org.br\/inc\/uploads\/2018\/07\/capa.png\",\"width\":1350,\"height\":900,\"caption\":\"PSOL 50\"},\"image\":{\"@id\":\"https:\/\/psol50.org.br\/#\/schema\/logo\/image\/\"},\"sameAs\":[\"https:\/\/www.facebook.com\/psol50\",\"https:\/\/x.com\/psol50\",\"https:\/\/www.instagram.com\/psol50\/\",\"https:\/\/www.youtube.com\/channel\/UC7SnJS5o1os7a6CaiNabzcg\"]},{\"@type\":\"Person\",\"@id\":\"https:\/\/psol50.org.br\/#\/schema\/person\/475dfa57d0b815993c714c2e96491fcd\",\"name\":\"Comunica\u00e7\u00e3o PSOL\",\"image\":{\"@type\":\"ImageObject\",\"inLanguage\":\"pt-BR\",\"@id\":\"https:\/\/psol50.org.br\/#\/schema\/person\/image\/\",\"url\":\"https:\/\/secure.gravatar.com\/avatar\/b34fc4f4e468a4e51785917065a3db57b841f5c95dba6ad8c73aaf8f66f8f9bf?s=96&d=mm&r=g\",\"contentUrl\":\"https:\/\/secure.gravatar.com\/avatar\/b34fc4f4e468a4e51785917065a3db57b841f5c95dba6ad8c73aaf8f66f8f9bf?s=96&d=mm&r=g\",\"caption\":\"Comunica\u00e7\u00e3o PSOL\"}}]}<\/script>\n<!-- \/ Yoast SEO plugin. -->","yoast_head_json":{"title":"Um deputado no olho do furac\u00e3o - PSOL 50","robots":{"index":"index","follow":"follow","max-snippet":"max-snippet:-1","max-image-preview":"max-image-preview:large","max-video-preview":"max-video-preview:-1"},"canonical":"https:\/\/psol50.org.br\/um-deputado-no-olho-do-furacao\/","og_locale":"pt_BR","og_type":"article","og_title":"Um deputado no olho do furac\u00e3o - PSOL 50","og_description":"Confira entrevista com o deputado estadual PSOL\/RJ publicada no site da Carta Capital em 25 de outubro de 2010. O sorriso de carioca boa pra\u00e7a engana. N\u00e3o que o deputado estadual pelo PSOL Marcelo Freixo n\u00e3o o seja, mas quem o v\u00ea, a principio, desconfia ser ele o homem que enfrentou a mil\u00edcia no Rio [&hellip;]","og_url":"https:\/\/psol50.org.br\/um-deputado-no-olho-do-furacao\/","og_site_name":"PSOL 50","article_publisher":"https:\/\/www.facebook.com\/psol50","article_published_time":"2010-10-26T00:00:00+00:00","og_image":[{"url":"http:\/\/psol50.org.br\/files\/2010\/10\/marcelo_freixo-300x211.jpg","type":"","width":"","height":""}],"author":"Comunica\u00e7\u00e3o PSOL","twitter_card":"summary_large_image","twitter_creator":"@psol50","twitter_site":"@psol50","twitter_misc":{"Escrito por":"Comunica\u00e7\u00e3o PSOL","Est. tempo de leitura":"11 minutos"},"schema":{"@context":"https:\/\/schema.org","@graph":[{"@type":"Article","@id":"https:\/\/psol50.org.br\/um-deputado-no-olho-do-furacao\/#article","isPartOf":{"@id":"https:\/\/psol50.org.br\/um-deputado-no-olho-do-furacao\/"},"author":{"name":"Comunica\u00e7\u00e3o PSOL","@id":"https:\/\/psol50.org.br\/#\/schema\/person\/475dfa57d0b815993c714c2e96491fcd"},"headline":"Um deputado no olho do furac\u00e3o","datePublished":"2010-10-26T00:00:00+00:00","mainEntityOfPage":{"@id":"https:\/\/psol50.org.br\/um-deputado-no-olho-do-furacao\/"},"wordCount":2291,"commentCount":0,"publisher":{"@id":"https:\/\/psol50.org.br\/#organization"},"image":{"@id":"https:\/\/psol50.org.br\/um-deputado-no-olho-do-furacao\/#primaryimage"},"thumbnailUrl":"http:\/\/psol50.org.br\/files\/2010\/10\/marcelo_freixo-300x211.jpg","articleSection":["Arquivo"],"inLanguage":"pt-BR","potentialAction":[{"@type":"CommentAction","name":"Comment","target":["https:\/\/psol50.org.br\/um-deputado-no-olho-do-furacao\/#respond"]}]},{"@type":"WebPage","@id":"https:\/\/psol50.org.br\/um-deputado-no-olho-do-furacao\/","url":"https:\/\/psol50.org.br\/um-deputado-no-olho-do-furacao\/","name":"Um deputado no olho do furac\u00e3o - PSOL 50","isPartOf":{"@id":"https:\/\/psol50.org.br\/#website"},"primaryImageOfPage":{"@id":"https:\/\/psol50.org.br\/um-deputado-no-olho-do-furacao\/#primaryimage"},"image":{"@id":"https:\/\/psol50.org.br\/um-deputado-no-olho-do-furacao\/#primaryimage"},"thumbnailUrl":"http:\/\/psol50.org.br\/files\/2010\/10\/marcelo_freixo-300x211.jpg","datePublished":"2010-10-26T00:00:00+00:00","breadcrumb":{"@id":"https:\/\/psol50.org.br\/um-deputado-no-olho-do-furacao\/#breadcrumb"},"inLanguage":"pt-BR","potentialAction":[{"@type":"ReadAction","target":["https:\/\/psol50.org.br\/um-deputado-no-olho-do-furacao\/"]}]},{"@type":"ImageObject","inLanguage":"pt-BR","@id":"https:\/\/psol50.org.br\/um-deputado-no-olho-do-furacao\/#primaryimage","url":"http:\/\/psol50.org.br\/files\/2010\/10\/marcelo_freixo-300x211.jpg","contentUrl":"http:\/\/psol50.org.br\/files\/2010\/10\/marcelo_freixo-300x211.jpg"},{"@type":"BreadcrumbList","@id":"https:\/\/psol50.org.br\/um-deputado-no-olho-do-furacao\/#breadcrumb","itemListElement":[{"@type":"ListItem","position":1,"name":"In\u00edcio","item":"https:\/\/psol50.org.br\/"},{"@type":"ListItem","position":2,"name":"Um deputado no olho do furac\u00e3o"}]},{"@type":"WebSite","@id":"https:\/\/psol50.org.br\/#website","url":"https:\/\/psol50.org.br\/","name":"PSOL 50","description":"Site oficial do Partido Socialismo e Liberdade","publisher":{"@id":"https:\/\/psol50.org.br\/#organization"},"alternateName":"PSOL50","potentialAction":[{"@type":"SearchAction","target":{"@type":"EntryPoint","urlTemplate":"https:\/\/psol50.org.br\/?s={search_term_string}"},"query-input":{"@type":"PropertyValueSpecification","valueRequired":true,"valueName":"search_term_string"}}],"inLanguage":"pt-BR"},{"@type":"Organization","@id":"https:\/\/psol50.org.br\/#organization","name":"PSOL 50","alternateName":"PSOL 50","url":"https:\/\/psol50.org.br\/","logo":{"@type":"ImageObject","inLanguage":"pt-BR","@id":"https:\/\/psol50.org.br\/#\/schema\/logo\/image\/","url":"https:\/\/psol50.org.br\/inc\/uploads\/2018\/07\/capa.png","contentUrl":"https:\/\/psol50.org.br\/inc\/uploads\/2018\/07\/capa.png","width":1350,"height":900,"caption":"PSOL 50"},"image":{"@id":"https:\/\/psol50.org.br\/#\/schema\/logo\/image\/"},"sameAs":["https:\/\/www.facebook.com\/psol50","https:\/\/x.com\/psol50","https:\/\/www.instagram.com\/psol50\/","https:\/\/www.youtube.com\/channel\/UC7SnJS5o1os7a6CaiNabzcg"]},{"@type":"Person","@id":"https:\/\/psol50.org.br\/#\/schema\/person\/475dfa57d0b815993c714c2e96491fcd","name":"Comunica\u00e7\u00e3o PSOL","image":{"@type":"ImageObject","inLanguage":"pt-BR","@id":"https:\/\/psol50.org.br\/#\/schema\/person\/image\/","url":"https:\/\/secure.gravatar.com\/avatar\/b34fc4f4e468a4e51785917065a3db57b841f5c95dba6ad8c73aaf8f66f8f9bf?s=96&d=mm&r=g","contentUrl":"https:\/\/secure.gravatar.com\/avatar\/b34fc4f4e468a4e51785917065a3db57b841f5c95dba6ad8c73aaf8f66f8f9bf?s=96&d=mm&r=g","caption":"Comunica\u00e7\u00e3o PSOL"}}]}},"_links":{"self":[{"href":"https:\/\/psol50.org.br\/rest\/wp\/v2\/posts\/1444","targetHints":{"allow":["GET"]}}],"collection":[{"href":"https:\/\/psol50.org.br\/rest\/wp\/v2\/posts"}],"about":[{"href":"https:\/\/psol50.org.br\/rest\/wp\/v2\/types\/post"}],"author":[{"embeddable":true,"href":"https:\/\/psol50.org.br\/rest\/wp\/v2\/users\/2"}],"replies":[{"embeddable":true,"href":"https:\/\/psol50.org.br\/rest\/wp\/v2\/comments?post=1444"}],"version-history":[{"count":0,"href":"https:\/\/psol50.org.br\/rest\/wp\/v2\/posts\/1444\/revisions"}],"wp:attachment":[{"href":"https:\/\/psol50.org.br\/rest\/wp\/v2\/media?parent=1444"}],"wp:term":[{"taxonomy":"category","embeddable":true,"href":"https:\/\/psol50.org.br\/rest\/wp\/v2\/categories?post=1444"},{"taxonomy":"post_tag","embeddable":true,"href":"https:\/\/psol50.org.br\/rest\/wp\/v2\/tags?post=1444"}],"curies":[{"name":"wp","href":"https:\/\/api.w.org\/{rel}","templated":true}]}}