{"id":14441,"date":"2016-11-12T21:48:21","date_gmt":"2016-11-12T21:48:21","guid":{"rendered":"http:\/\/www.psol50.org.br\/?p=14441"},"modified":"2016-11-12T21:48:21","modified_gmt":"2016-11-12T21:48:21","slug":"dia-nacional-de-greve-ocorre-em-pelo-menos-15-estados","status":"publish","type":"post","link":"https:\/\/psol50.org.br\/dia-nacional-de-greve-ocorre-em-pelo-menos-15-estados\/","title":{"rendered":"Dia Nacional de Greve ocorre em pelo menos 15 estados"},"content":{"rendered":"<p style=\"text-align: justify\"><span style=\"font-weight: 400\">Nesta sexta-feira (11), milhares de estudantes e trabalhadores, como banc\u00e1rios e metal\u00fargicos, fizeram um dia de paralisa\u00e7\u00e3o e sa\u00edram \u00e0s ruas contra os retrocessos do governo Temer em 15 estados e no Distrito Federal. Segundo a Intersindical, s\u00f3 no Esp\u00edrito Santo participaram cinco mil pessoas. No estado do Mato Grosso do Sul, foram cerca de 20 mil manifestantes, segundo a Frente Brasil Popular.\u00a0<\/span><span style=\"font-weight: 400\"><br \/>\n<\/span><span style=\"font-weight: 400\"><br \/>\n<\/span><span style=\"font-weight: 400\">O ato foi convocado por organiza\u00e7\u00f5es sindicais, como a Intersindical e movimentos sociais como a Frente Povo sem Medo. Uma das pautas foi manifestar contra as reformas trabalhista e <span style=\"color: #3366ff\"><a style=\"color: #3366ff\" href=\"http:\/\/www.psol50.org.br\/blog\/2016\/09\/06\/reforma-da-previdencia-a-vista\/\" target=\"_blank\" rel=\"noopener\">da previd\u00eancia<\/a><\/span>, que v\u00e3o aumentar a idade m\u00ednima de aposentadoria para 65 anos e exigir a contribui\u00e7\u00e3o em fundos de pens\u00e3o privados para manter a totalidade do benef\u00edcio.<\/span><span style=\"font-weight: 400\"><br \/>\n<\/span><span style=\"font-weight: 400\"><br \/>\n<\/span><b>Golpes na educa\u00e7\u00e3o e crime de \u00f3dio em Bel\u00e9m<\/b><span style=\"font-weight: 400\"><br \/>\n<\/span><span style=\"font-weight: 400\">Al\u00e9m dos cortes da PEC 55, que estabelece um teto de investimentos pelos pr\u00f3ximos 20 anos, a educa\u00e7\u00e3o enfrenta\u00a0tamb\u00e9m dois projetos pol\u00eamicos: a <span style=\"color: #3366ff\"><a style=\"color: #3366ff\" href=\"http:\/\/www.psol50.org.br\/blog\/2016\/06\/28\/jean-wyllys-escola-sem-partido\/\" target=\"_blank\" rel=\"noopener\">Lei da Morda\u00e7a<\/a><\/span> e a <span style=\"color: #3366ff\"><a style=\"color: #3366ff\" href=\"http:\/\/www.psol50.org.br\/blog\/2016\/09\/23\/reforma-do-ensino-medio-apresentada-por-temer-e-retrocesso-dizem-especialistas\/\" target=\"_blank\" rel=\"noopener\">reforma do ensino m\u00e9dio<\/a><\/span>. As duas propostas s\u00e3o um retrocesso e visam criminalizar os movimentos sociais, al\u00e9m de limitar a forma\u00e7\u00e3o e senso cr\u00edtico dos alunos.<\/span><\/p>\n<p><span style=\"font-weight: 400\">Segundo informa\u00e7\u00f5es da Frente Brasil Popular, um universit\u00e1rio\u00a0foi atropelado propositalmente em Bel\u00e9m (PA). Matheus Nascimento, estudante de psicologia da Universidade Federal do Par\u00e1 (UFPA), participava de uma manifesta\u00e7\u00e3o na frente da universidade, na Avenida Perimetral, quando um carro furou o bloqueio. O motorista avan\u00e7ou sobre a multid\u00e3o, atropelando Matheus e levando o estudante por mais de um quil\u00f4metro no cap\u00f4 do\u00a0carro. O agressor \u00e9 Thiago Zygmantas Sielski, tamb\u00e9m estudante da UFPA.<br \/>\n<\/span><span style=\"font-weight: 400\"><br \/>\n<\/span><span style=\"font-weight: 400\">O\u00a0dia foi marcado tamb\u00e9m por assembleias em universidades p\u00fablicas para votar greve dos docentes.\u00a0A Universidade Federal de S\u00e3o Jo\u00e3o Del Rei, a Universidade Federal do Esp\u00edrito Santo, a Universidade Federal de Minas Gerais e a Universidade Federal do Rio Grande do Norte aprovaram a pauta e a partir da pr\u00f3xima semana j\u00e1 est\u00e3o de greve. A Universidade de Bras\u00edlia tamb\u00e9m realizou assembleia para deliberar sobre o tema, mas por 36 votos de diferen\u00e7a a paralisa\u00e7\u00e3o\u00a0n\u00e3o foi aprovada.<\/span><\/p>\n<p>Confira como foram os atos em alguns locais pelo pa\u00eds:\u00a0<strong><br \/>\n<\/strong><\/p>\n\n<p>&nbsp;<\/p>\n","protected":false},"excerpt":{"rendered":"<p>Nesta sexta-feira (11), milhares de estudantes e trabalhadores, como banc\u00e1rios e metal\u00fargicos, fizeram um dia de paralisa\u00e7\u00e3o e sa\u00edram \u00e0s ruas contra os retrocessos do governo Temer em 15 estados e no Distrito Federal. Segundo a Intersindical, s\u00f3 no Esp\u00edrito Santo participaram cinco mil pessoas. No estado do Mato Grosso do Sul, foram cerca de [&hellip;]<\/p>\n","protected":false},"author":2,"featured_media":14442,"comment_status":"open","ping_status":"open","sticky":false,"template":"","format":"standard","meta":{"_acf_changed":false,"footnotes":""},"categories":[1882,1104,6],"tags":[4643,1878,1793,4091,2882,4644,39,2195,1669],"class_list":{"0":"post-14441","1":"post","2":"type-post","3":"status-publish","4":"format-standard","5":"has-post-thumbnail","7":"category-brasil","8":"category-movimento","9":"category-noticias","10":"tag-frente-brasil-popular","11":"tag-frente-povo-sem-medo","12":"tag-greve-geral","13":"tag-lei-da-mordaca","14":"tag-paralisacao","15":"tag-pec-51","16":"tag-reforma-da-previdencia","17":"tag-reforma-do-ensino-medio","18":"tag-reforma-trabalhista"},"acf":[],"yoast_head":"<!-- This site is optimized with the Yoast SEO plugin v26.5 - https:\/\/yoast.com\/wordpress\/plugins\/seo\/ -->\n<title>Dia Nacional de Greve ocorre em pelo menos 15 estados - PSOL 50<\/title>\n<meta name=\"robots\" content=\"index, follow, max-snippet:-1, max-image-preview:large, max-video-preview:-1\" \/>\n<link rel=\"canonical\" href=\"https:\/\/psol50.org.br\/dia-nacional-de-greve-ocorre-em-pelo-menos-15-estados\/\" \/>\n<meta property=\"og:locale\" content=\"pt_BR\" \/>\n<meta property=\"og:type\" content=\"article\" \/>\n<meta property=\"og:title\" content=\"Dia Nacional de Greve ocorre em pelo menos 15 estados - PSOL 50\" \/>\n<meta property=\"og:description\" content=\"Nesta sexta-feira (11), milhares de estudantes e trabalhadores, como banc\u00e1rios e metal\u00fargicos, fizeram um dia de paralisa\u00e7\u00e3o e sa\u00edram \u00e0s ruas contra os retrocessos do governo Temer em 15 estados e no Distrito Federal. Segundo a Intersindical, s\u00f3 no Esp\u00edrito Santo participaram cinco mil pessoas. No estado do Mato Grosso do Sul, foram cerca de [&hellip;]\" \/>\n<meta property=\"og:url\" content=\"https:\/\/psol50.org.br\/dia-nacional-de-greve-ocorre-em-pelo-menos-15-estados\/\" \/>\n<meta property=\"og:site_name\" content=\"PSOL 50\" \/>\n<meta property=\"article:publisher\" content=\"https:\/\/www.facebook.com\/psol50\" \/>\n<meta property=\"article:published_time\" content=\"2016-11-12T21:48:21+00:00\" \/>\n<meta property=\"og:image\" content=\"https:\/\/psol50.org.br\/inc\/uploads\/2018\/07\/capa.png\" \/>\n\t<meta property=\"og:image:width\" content=\"1350\" \/>\n\t<meta property=\"og:image:height\" content=\"900\" \/>\n\t<meta property=\"og:image:type\" content=\"image\/png\" \/>\n<meta name=\"author\" content=\"Comunica\u00e7\u00e3o PSOL\" \/>\n<meta name=\"twitter:card\" content=\"summary_large_image\" \/>\n<meta name=\"twitter:creator\" content=\"@psol50\" \/>\n<meta name=\"twitter:site\" content=\"@psol50\" \/>\n<meta name=\"twitter:label1\" content=\"Escrito por\" \/>\n\t<meta name=\"twitter:data1\" content=\"Comunica\u00e7\u00e3o PSOL\" \/>\n\t<meta name=\"twitter:label2\" content=\"Est. tempo de leitura\" \/>\n\t<meta name=\"twitter:data2\" content=\"2 minutos\" \/>\n<script type=\"application\/ld+json\" class=\"yoast-schema-graph\">{\"@context\":\"https:\/\/schema.org\",\"@graph\":[{\"@type\":\"Article\",\"@id\":\"https:\/\/psol50.org.br\/dia-nacional-de-greve-ocorre-em-pelo-menos-15-estados\/#article\",\"isPartOf\":{\"@id\":\"https:\/\/psol50.org.br\/dia-nacional-de-greve-ocorre-em-pelo-menos-15-estados\/\"},\"author\":{\"name\":\"Comunica\u00e7\u00e3o PSOL\",\"@id\":\"https:\/\/psol50.org.br\/#\/schema\/person\/475dfa57d0b815993c714c2e96491fcd\"},\"headline\":\"Dia Nacional de Greve ocorre em pelo menos 15 estados\",\"datePublished\":\"2016-11-12T21:48:21+00:00\",\"mainEntityOfPage\":{\"@id\":\"https:\/\/psol50.org.br\/dia-nacional-de-greve-ocorre-em-pelo-menos-15-estados\/\"},\"wordCount\":399,\"commentCount\":0,\"publisher\":{\"@id\":\"https:\/\/psol50.org.br\/#organization\"},\"image\":{\"@id\":\"https:\/\/psol50.org.br\/dia-nacional-de-greve-ocorre-em-pelo-menos-15-estados\/#primaryimage\"},\"thumbnailUrl\":\"\",\"keywords\":[\"Frente Brasil Popular\",\"Frente Povo Sem Medo\",\"greve geral\",\"Lei da Morda\u00e7a\",\"paralisa\u00e7\u00e3o\",\"PEC 51\",\"reforma da previd\u00eancia\",\"reforma do ensino m\u00e9dio\",\"reforma trabalhista\"],\"articleSection\":[\"Brasil\",\"Movimento\",\"Not\u00edcias\"],\"inLanguage\":\"pt-BR\",\"potentialAction\":[{\"@type\":\"CommentAction\",\"name\":\"Comment\",\"target\":[\"https:\/\/psol50.org.br\/dia-nacional-de-greve-ocorre-em-pelo-menos-15-estados\/#respond\"]}]},{\"@type\":\"WebPage\",\"@id\":\"https:\/\/psol50.org.br\/dia-nacional-de-greve-ocorre-em-pelo-menos-15-estados\/\",\"url\":\"https:\/\/psol50.org.br\/dia-nacional-de-greve-ocorre-em-pelo-menos-15-estados\/\",\"name\":\"Dia Nacional de Greve ocorre em pelo menos 15 estados - PSOL 50\",\"isPartOf\":{\"@id\":\"https:\/\/psol50.org.br\/#website\"},\"primaryImageOfPage\":{\"@id\":\"https:\/\/psol50.org.br\/dia-nacional-de-greve-ocorre-em-pelo-menos-15-estados\/#primaryimage\"},\"image\":{\"@id\":\"https:\/\/psol50.org.br\/dia-nacional-de-greve-ocorre-em-pelo-menos-15-estados\/#primaryimage\"},\"thumbnailUrl\":\"\",\"datePublished\":\"2016-11-12T21:48:21+00:00\",\"breadcrumb\":{\"@id\":\"https:\/\/psol50.org.br\/dia-nacional-de-greve-ocorre-em-pelo-menos-15-estados\/#breadcrumb\"},\"inLanguage\":\"pt-BR\",\"potentialAction\":[{\"@type\":\"ReadAction\",\"target\":[\"https:\/\/psol50.org.br\/dia-nacional-de-greve-ocorre-em-pelo-menos-15-estados\/\"]}]},{\"@type\":\"ImageObject\",\"inLanguage\":\"pt-BR\",\"@id\":\"https:\/\/psol50.org.br\/dia-nacional-de-greve-ocorre-em-pelo-menos-15-estados\/#primaryimage\",\"url\":\"\",\"contentUrl\":\"\"},{\"@type\":\"BreadcrumbList\",\"@id\":\"https:\/\/psol50.org.br\/dia-nacional-de-greve-ocorre-em-pelo-menos-15-estados\/#breadcrumb\",\"itemListElement\":[{\"@type\":\"ListItem\",\"position\":1,\"name\":\"In\u00edcio\",\"item\":\"https:\/\/psol50.org.br\/\"},{\"@type\":\"ListItem\",\"position\":2,\"name\":\"Dia Nacional de Greve ocorre em pelo menos 15 estados\"}]},{\"@type\":\"WebSite\",\"@id\":\"https:\/\/psol50.org.br\/#website\",\"url\":\"https:\/\/psol50.org.br\/\",\"name\":\"PSOL 50\",\"description\":\"Site oficial do Partido Socialismo e Liberdade\",\"publisher\":{\"@id\":\"https:\/\/psol50.org.br\/#organization\"},\"alternateName\":\"PSOL50\",\"potentialAction\":[{\"@type\":\"SearchAction\",\"target\":{\"@type\":\"EntryPoint\",\"urlTemplate\":\"https:\/\/psol50.org.br\/?s={search_term_string}\"},\"query-input\":{\"@type\":\"PropertyValueSpecification\",\"valueRequired\":true,\"valueName\":\"search_term_string\"}}],\"inLanguage\":\"pt-BR\"},{\"@type\":\"Organization\",\"@id\":\"https:\/\/psol50.org.br\/#organization\",\"name\":\"PSOL 50\",\"alternateName\":\"PSOL 50\",\"url\":\"https:\/\/psol50.org.br\/\",\"logo\":{\"@type\":\"ImageObject\",\"inLanguage\":\"pt-BR\",\"@id\":\"https:\/\/psol50.org.br\/#\/schema\/logo\/image\/\",\"url\":\"https:\/\/psol50.org.br\/inc\/uploads\/2018\/07\/capa.png\",\"contentUrl\":\"https:\/\/psol50.org.br\/inc\/uploads\/2018\/07\/capa.png\",\"width\":1350,\"height\":900,\"caption\":\"PSOL 50\"},\"image\":{\"@id\":\"https:\/\/psol50.org.br\/#\/schema\/logo\/image\/\"},\"sameAs\":[\"https:\/\/www.facebook.com\/psol50\",\"https:\/\/x.com\/psol50\",\"https:\/\/www.instagram.com\/psol50\/\",\"https:\/\/www.youtube.com\/channel\/UC7SnJS5o1os7a6CaiNabzcg\"]},{\"@type\":\"Person\",\"@id\":\"https:\/\/psol50.org.br\/#\/schema\/person\/475dfa57d0b815993c714c2e96491fcd\",\"name\":\"Comunica\u00e7\u00e3o PSOL\",\"image\":{\"@type\":\"ImageObject\",\"inLanguage\":\"pt-BR\",\"@id\":\"https:\/\/psol50.org.br\/#\/schema\/person\/image\/\",\"url\":\"https:\/\/secure.gravatar.com\/avatar\/b34fc4f4e468a4e51785917065a3db57b841f5c95dba6ad8c73aaf8f66f8f9bf?s=96&d=mm&r=g\",\"contentUrl\":\"https:\/\/secure.gravatar.com\/avatar\/b34fc4f4e468a4e51785917065a3db57b841f5c95dba6ad8c73aaf8f66f8f9bf?s=96&d=mm&r=g\",\"caption\":\"Comunica\u00e7\u00e3o PSOL\"}}]}<\/script>\n<!-- \/ Yoast SEO plugin. -->","yoast_head_json":{"title":"Dia Nacional de Greve ocorre em pelo menos 15 estados - PSOL 50","robots":{"index":"index","follow":"follow","max-snippet":"max-snippet:-1","max-image-preview":"max-image-preview:large","max-video-preview":"max-video-preview:-1"},"canonical":"https:\/\/psol50.org.br\/dia-nacional-de-greve-ocorre-em-pelo-menos-15-estados\/","og_locale":"pt_BR","og_type":"article","og_title":"Dia Nacional de Greve ocorre em pelo menos 15 estados - PSOL 50","og_description":"Nesta sexta-feira (11), milhares de estudantes e trabalhadores, como banc\u00e1rios e metal\u00fargicos, fizeram um dia de paralisa\u00e7\u00e3o e sa\u00edram \u00e0s ruas contra os retrocessos do governo Temer em 15 estados e no Distrito Federal. Segundo a Intersindical, s\u00f3 no Esp\u00edrito Santo participaram cinco mil pessoas. No estado do Mato Grosso do Sul, foram cerca de [&hellip;]","og_url":"https:\/\/psol50.org.br\/dia-nacional-de-greve-ocorre-em-pelo-menos-15-estados\/","og_site_name":"PSOL 50","article_publisher":"https:\/\/www.facebook.com\/psol50","article_published_time":"2016-11-12T21:48:21+00:00","og_image":[{"width":1350,"height":900,"url":"https:\/\/psol50.org.br\/inc\/uploads\/2018\/07\/capa.png","type":"image\/png"}],"author":"Comunica\u00e7\u00e3o PSOL","twitter_card":"summary_large_image","twitter_creator":"@psol50","twitter_site":"@psol50","twitter_misc":{"Escrito por":"Comunica\u00e7\u00e3o PSOL","Est. tempo de leitura":"2 minutos"},"schema":{"@context":"https:\/\/schema.org","@graph":[{"@type":"Article","@id":"https:\/\/psol50.org.br\/dia-nacional-de-greve-ocorre-em-pelo-menos-15-estados\/#article","isPartOf":{"@id":"https:\/\/psol50.org.br\/dia-nacional-de-greve-ocorre-em-pelo-menos-15-estados\/"},"author":{"name":"Comunica\u00e7\u00e3o PSOL","@id":"https:\/\/psol50.org.br\/#\/schema\/person\/475dfa57d0b815993c714c2e96491fcd"},"headline":"Dia Nacional de Greve ocorre em pelo menos 15 estados","datePublished":"2016-11-12T21:48:21+00:00","mainEntityOfPage":{"@id":"https:\/\/psol50.org.br\/dia-nacional-de-greve-ocorre-em-pelo-menos-15-estados\/"},"wordCount":399,"commentCount":0,"publisher":{"@id":"https:\/\/psol50.org.br\/#organization"},"image":{"@id":"https:\/\/psol50.org.br\/dia-nacional-de-greve-ocorre-em-pelo-menos-15-estados\/#primaryimage"},"thumbnailUrl":"","keywords":["Frente Brasil Popular","Frente Povo Sem Medo","greve geral","Lei da Morda\u00e7a","paralisa\u00e7\u00e3o","PEC 51","reforma da previd\u00eancia","reforma do ensino m\u00e9dio","reforma trabalhista"],"articleSection":["Brasil","Movimento","Not\u00edcias"],"inLanguage":"pt-BR","potentialAction":[{"@type":"CommentAction","name":"Comment","target":["https:\/\/psol50.org.br\/dia-nacional-de-greve-ocorre-em-pelo-menos-15-estados\/#respond"]}]},{"@type":"WebPage","@id":"https:\/\/psol50.org.br\/dia-nacional-de-greve-ocorre-em-pelo-menos-15-estados\/","url":"https:\/\/psol50.org.br\/dia-nacional-de-greve-ocorre-em-pelo-menos-15-estados\/","name":"Dia Nacional de Greve ocorre em pelo menos 15 estados - PSOL 50","isPartOf":{"@id":"https:\/\/psol50.org.br\/#website"},"primaryImageOfPage":{"@id":"https:\/\/psol50.org.br\/dia-nacional-de-greve-ocorre-em-pelo-menos-15-estados\/#primaryimage"},"image":{"@id":"https:\/\/psol50.org.br\/dia-nacional-de-greve-ocorre-em-pelo-menos-15-estados\/#primaryimage"},"thumbnailUrl":"","datePublished":"2016-11-12T21:48:21+00:00","breadcrumb":{"@id":"https:\/\/psol50.org.br\/dia-nacional-de-greve-ocorre-em-pelo-menos-15-estados\/#breadcrumb"},"inLanguage":"pt-BR","potentialAction":[{"@type":"ReadAction","target":["https:\/\/psol50.org.br\/dia-nacional-de-greve-ocorre-em-pelo-menos-15-estados\/"]}]},{"@type":"ImageObject","inLanguage":"pt-BR","@id":"https:\/\/psol50.org.br\/dia-nacional-de-greve-ocorre-em-pelo-menos-15-estados\/#primaryimage","url":"","contentUrl":""},{"@type":"BreadcrumbList","@id":"https:\/\/psol50.org.br\/dia-nacional-de-greve-ocorre-em-pelo-menos-15-estados\/#breadcrumb","itemListElement":[{"@type":"ListItem","position":1,"name":"In\u00edcio","item":"https:\/\/psol50.org.br\/"},{"@type":"ListItem","position":2,"name":"Dia Nacional de Greve ocorre em pelo menos 15 estados"}]},{"@type":"WebSite","@id":"https:\/\/psol50.org.br\/#website","url":"https:\/\/psol50.org.br\/","name":"PSOL 50","description":"Site oficial do Partido Socialismo e Liberdade","publisher":{"@id":"https:\/\/psol50.org.br\/#organization"},"alternateName":"PSOL50","potentialAction":[{"@type":"SearchAction","target":{"@type":"EntryPoint","urlTemplate":"https:\/\/psol50.org.br\/?s={search_term_string}"},"query-input":{"@type":"PropertyValueSpecification","valueRequired":true,"valueName":"search_term_string"}}],"inLanguage":"pt-BR"},{"@type":"Organization","@id":"https:\/\/psol50.org.br\/#organization","name":"PSOL 50","alternateName":"PSOL 50","url":"https:\/\/psol50.org.br\/","logo":{"@type":"ImageObject","inLanguage":"pt-BR","@id":"https:\/\/psol50.org.br\/#\/schema\/logo\/image\/","url":"https:\/\/psol50.org.br\/inc\/uploads\/2018\/07\/capa.png","contentUrl":"https:\/\/psol50.org.br\/inc\/uploads\/2018\/07\/capa.png","width":1350,"height":900,"caption":"PSOL 50"},"image":{"@id":"https:\/\/psol50.org.br\/#\/schema\/logo\/image\/"},"sameAs":["https:\/\/www.facebook.com\/psol50","https:\/\/x.com\/psol50","https:\/\/www.instagram.com\/psol50\/","https:\/\/www.youtube.com\/channel\/UC7SnJS5o1os7a6CaiNabzcg"]},{"@type":"Person","@id":"https:\/\/psol50.org.br\/#\/schema\/person\/475dfa57d0b815993c714c2e96491fcd","name":"Comunica\u00e7\u00e3o PSOL","image":{"@type":"ImageObject","inLanguage":"pt-BR","@id":"https:\/\/psol50.org.br\/#\/schema\/person\/image\/","url":"https:\/\/secure.gravatar.com\/avatar\/b34fc4f4e468a4e51785917065a3db57b841f5c95dba6ad8c73aaf8f66f8f9bf?s=96&d=mm&r=g","contentUrl":"https:\/\/secure.gravatar.com\/avatar\/b34fc4f4e468a4e51785917065a3db57b841f5c95dba6ad8c73aaf8f66f8f9bf?s=96&d=mm&r=g","caption":"Comunica\u00e7\u00e3o PSOL"}}]}},"_links":{"self":[{"href":"https:\/\/psol50.org.br\/rest\/wp\/v2\/posts\/14441","targetHints":{"allow":["GET"]}}],"collection":[{"href":"https:\/\/psol50.org.br\/rest\/wp\/v2\/posts"}],"about":[{"href":"https:\/\/psol50.org.br\/rest\/wp\/v2\/types\/post"}],"author":[{"embeddable":true,"href":"https:\/\/psol50.org.br\/rest\/wp\/v2\/users\/2"}],"replies":[{"embeddable":true,"href":"https:\/\/psol50.org.br\/rest\/wp\/v2\/comments?post=14441"}],"version-history":[{"count":0,"href":"https:\/\/psol50.org.br\/rest\/wp\/v2\/posts\/14441\/revisions"}],"wp:featuredmedia":[{"embeddable":true,"href":"https:\/\/psol50.org.br\/rest\/"}],"wp:attachment":[{"href":"https:\/\/psol50.org.br\/rest\/wp\/v2\/media?parent=14441"}],"wp:term":[{"taxonomy":"category","embeddable":true,"href":"https:\/\/psol50.org.br\/rest\/wp\/v2\/categories?post=14441"},{"taxonomy":"post_tag","embeddable":true,"href":"https:\/\/psol50.org.br\/rest\/wp\/v2\/tags?post=14441"}],"curies":[{"name":"wp","href":"https:\/\/api.w.org\/{rel}","templated":true}]}}