{"id":1448,"date":"2010-11-05T00:00:00","date_gmt":"2010-11-05T00:00:00","guid":{"rendered":"http:\/\/psol50.org.br\/arquivo\/2010\/11\/05\/entrevista-com-marcelo-freixo-o-principal-impacto-dessa-vitoria-e-o-aprendizado-de-que-mudancas-sao-possiveis\/"},"modified":"2010-11-05T00:00:00","modified_gmt":"2010-11-05T00:00:00","slug":"entrevista-com-marcelo-freixo-o-principal-impacto-dessa-vitoria-e-o-aprendizado-de-que-mudancas-sao-possiveis","status":"publish","type":"post","link":"https:\/\/psol50.org.br\/entrevista-com-marcelo-freixo-o-principal-impacto-dessa-vitoria-e-o-aprendizado-de-que-mudancas-sao-possiveis\/","title":{"rendered":"ENTREVISTA COM MARCELO FREIXO: \u201cO principal impacto dessa vit\u00f3ria \u00e9 o aprendizado de que mudan\u00e7as s\u00e3o poss\u00edveis\u201d"},"content":{"rendered":"<p><a rel=\"attachment wp-att-6021\" href=\"http:\/\/psol50.org.br\/blog\/2010\/11\/05\/entrevista-com-marcelo-freixo-%e2%80%9co-principal-impacto-dessa-vitoria-e-o-aprendizado-de-que-mudancas-sao-possiveis%e2%80%9d\/marcelo_foto-2\/\"><img loading=\"lazy\" decoding=\"async\" class=\"aligncenter size-full wp-image-6021\" src=\"http:\/\/psol50.org.br\/files\/2010\/11\/Marcelo_foto-2.jpg\" alt=\"\" width=\"610\" height=\"270\" \/><\/a><\/p>\n<p>O quarto candidato do partido eleito a ser entrevistado pelo site do PSOL Nacional \u00e9 o deputado estadual Marcelo Freixo, o segundo mais votado do Rio de Janeiro com 177.253 votos. Com uma campanha fortemente marcada pela participa\u00e7\u00e3o da milit\u00e2ncia, especialmente os jovens, e pelo apoio de artistas cariocas, Freixo alcan\u00e7ou um grande \u00eaxito mesmo com poucos recursos financeiros. Em suas respostas ele explica como isso foi poss\u00edvel e avalia os desafios do PSOL e do seu mandato\u00a0 nos pr\u00f3ximos quatro anos.<strong> <\/strong><\/p>\n<p><strong>Como voc\u00ea avalia a campanha desse ano em rela\u00e7\u00e3o \u00e0s outras pelas quais j\u00e1 passou? <\/strong><\/p>\n<p>J\u00e1 passei por campanhas em diferentes pap\u00e9is, como militante ou como candidato. A campanha mais marcante como militante foi a de 1989, e a que gerou mais expectativa foi a da vit\u00f3ria do Lula em 2002. Como candidato, esta \u00faltima campanha foi muito diferente da anterior. Na primeira, o objetivo foi fazer com que as pessoas soubessem que eu era o candidato. Por dentro da frente de esquerda, o desafio foi conquistar a posi\u00e7\u00e3o de mais votado. A conjuntura se caracterizava por um contexto mais favor\u00e1vel que o da campanha atual. O PSOL era um partido rec\u00e9m-criado, que tinha como carro-chefe a oposi\u00e7\u00e3o \u00e0s reformas neoliberais do governo Lula (principalmente a reforma da Previd\u00eancia) e a den\u00fancia do processo de corrup\u00e7\u00e3o, que teve como marco simb\u00f3lico o caso do mensal\u00e3o. O PSOL se apresentava ent\u00e3o \u00e0 sociedade como alternativa pela esquerda ao PT: \u201cum novo partido para uma nova pol\u00edtica\u201d. Nesta \u00faltima campanha, ocorreu o inverso. Enfrentamos uma conjuntura muito desfavor\u00e1vel e disputamos o voto social. Com Lula em alta e detentor de imenso percentual de avalia\u00e7\u00e3o positiva, o PSOL ainda em constru\u00e7\u00e3o e ainda sem se firmar como oposi\u00e7\u00e3o de esquerda, n\u00f3s enfrentamos um quadro de profunda despolitiza\u00e7\u00e3o da pol\u00edtica. O quadro de correla\u00e7\u00e3o de for\u00e7as se tornou extremamente desfavor\u00e1vel para a esquerda e o PSOL.<\/p>\n<p>Dessa vez, ser um dos mais votados de todo o Estado era a \u00fanica forma de ampliar a representatividade do partido na Alerj. Encontramos muitos elementos desfavor\u00e1veis em fun\u00e7\u00e3o de um sistema pol\u00edtico injusto e desigual. Precisamos urgentemente de altera\u00e7\u00f5es das regras eleitorais e de representa\u00e7\u00e3o pol\u00edtica. \u00c9 necess\u00e1rio rever o modelo de financiamento das campanhas e o crit\u00e9rio de distribui\u00e7\u00e3o de tempo no programa eleitoral gratuito de r\u00e1dio e de TV, que, hoje, s\u00f3 serve para ampliar as desigualdades nas disputas eleitorais. Mas conseguimos driblar todos os obst\u00e1culos e fazer uma campanha correta em todas as suas dimens\u00f5es. Usamos como \u00e2ncora as realiza\u00e7\u00f5es do primeiro mandato. Propostas e promessas n\u00e3o sustentariam apoios com forte peso social (artistas e figuras p\u00fablicas), a for\u00e7a militante e o espa\u00e7o obtido na grande m\u00eddia. As a\u00e7\u00f5es do mandato nesses quase quatro anos, sim. Al\u00e9m disso, a pol\u00edtica correta do partido na divis\u00e3o do pouco tempo de TV (20 segundos no total) e r\u00e1dio foi fator decisivo para agrupar uma vota\u00e7\u00e3o que fez crescer em 13 vezes os votos no Estado e mais de 16 vezes os votos na capital. Contamos com apoios p\u00fablicos important\u00edssimos como os de Wagner Moura, Fernanda Torres, Marcelo Serrado, Jos\u00e9 Padilha, Andr\u00e9 Mattos, Maria Ribeiro, Ivan Lins, Marcelo Yuka, Mc Leonardo e precis\u00e1vamos poder mostrar tais apoios para a popula\u00e7\u00e3o. Essa correta pol\u00edtica do partido na divis\u00e3o do tempo de TV e de r\u00e1dio garantiu tanto a divulga\u00e7\u00e3o do nosso nome, como das nossas a\u00e7\u00f5es parlamentares e dos apoios conquistados. Podemos dizer, portanto, que deu tudo certo: acertamos na t\u00e1tica de campanha, o PSOL acertou em sua pol\u00edtica eleitoral no Estado e transformamos a massa cr\u00edtica de apoio ao mandato em for\u00e7a eleitoral. Foi uma verdadeira vit\u00f3ria coletiva na qual a solidariedade superou os \u201chomens- m\u00e1quinas\u201d e \u201chomens-placas\u201d. Pela primeira vez, o PSOL conseguiu que dois deputados chegassem, com seus votos, a superar de longe o coeficiente eleitoral e, desse modo, agrupando uma quantidade decisiva de votos capaz de eleger mais um parlamentar \u00e0 Alerj e ao Congresso Nacional.<strong> <\/strong><\/p>\n<p><strong>Qual foi o papel da milit\u00e2ncia nesse processo?<\/strong><\/p>\n<p>A milit\u00e2ncia foi um dos fatores decisivos da nossa vit\u00f3ria. A milit\u00e2ncia deu corpo, nervos e m\u00fasculos, a cria\u00e7\u00e3o de uma grande rede de solidariedade; animou, mobilizou e fez a campanha ganhar vida nas ruas e no mundo virtual; construiu atividades de mobiliza\u00e7\u00e3o e festas que ficar\u00e3o na nossa mem\u00f3ria. Na campanha de 2006 j\u00e1 vivemos v\u00e1rias atividades inesquec\u00edveis. Mas nessa campanha foram incont\u00e1veis as atividades (encontros, reuni\u00f5es, festas, plen\u00e1rias, mobiliza\u00e7\u00f5es etc). Tudo isso permitiu a constru\u00e7\u00e3o de um bom senso de campanha coletiva, tanto para os que faziam nossa campanha quanto para os que a olhavam de fora. Os militantes dos movimentos sociais, das entidades populares, do PSOL e v\u00e1rios ativistas volunt\u00e1rios, novos, foram \u00e0s ruas por ideal, sem receber um real (recado que foi parar no peito dos militantes em camisa que foi bastante disputada aqui no Rio). Tudo isso fez da nossa campanha um processo rico, pedag\u00f3gico, enriquecedor, emocionante e bonito. Como pretend\u00edamos, desde o in\u00edcio, a campanha tinha que sair do controle, precisava se tornar um movimento em defesa da continuidade do mandato e isso ocorreu. Agrupamos, aglutinamos e transformamos a for\u00e7a de disputa hegem\u00f4nica do mandato pela mudan\u00e7a \u2014 nada deve parecer imposs\u00edvel de mudar \u2014 em um movimento catalizador. As pessoas constru\u00edram um sentimento de pertencimento \u00e0 campanha, assim como fizeram com o mandato. E transformaram esse sentimento em for\u00e7a de a\u00e7\u00e3o transformadora. Essa milit\u00e2ncia reuniu gente de todas as idades, mas houve, sem d\u00favida, uma predominante participa\u00e7\u00e3o da juventude.<strong> <\/strong><\/p>\n<p><strong>Na sua avalia\u00e7\u00e3o, qual impacto sua reelei\u00e7\u00e3o traz para a pol\u00edtica brasileira e do Rio de Janeiro?<\/strong><\/p>\n<p>O principal impacto dessa vit\u00f3ria \u00e9 o aprendizado de que mudan\u00e7as s\u00e3o poss\u00edveis. E esse aprendizado resultou da experi\u00eancia do mandato no enfrentamento do crime organizado, do que h\u00e1 de pior na pol\u00edtica, dos setores mais reacion\u00e1rios, dos podres poderes. Entramos nesse enfrentamento e sa\u00edmos vencedores, pol\u00edtica e eleitoralmente. A frase do Brecht que guiou a primeira campanha e o pr\u00f3prio primeiro mandato, ainda se mant\u00e9m atual: \u201cNada deve parecer natural. Nada deve parecer imposs\u00edvel de mudar\u201d. Mas temos ainda muito para analisar. N\u00f3s j\u00e1 n\u00e3o somos os mesmos. E, para al\u00e9m da enorme vota\u00e7\u00e3o, mais de 177 mil votos, temos ainda o impacto do filme Tropa de Elite 2. Futuramente, teremos de fazer uma boa an\u00e1lise desse processo. Hoje ainda est\u00e1 cedo para saber o nosso tamanho e o quanto representamos. O que j\u00e1 podemos dizer \u00e9 que nossa responsabilidade cresceu muito e os desafios s\u00e3o ainda maiores para o pr\u00f3ximo per\u00edodo.<strong> <\/strong><\/p>\n<p><strong>Voc\u00ea foi o segundo deputado estadual mais votado do Rio. Isso te surpreendeu? A que voc\u00ea atribui esse resultado?<\/strong><\/p>\n<p>Claro que o resultado surpreendeu. Somos da esquerda, de uma tradi\u00e7\u00e3o democr\u00e1tica, de a\u00e7\u00e3o de massas apaixonante, mas sem dinheiro. A solidariedade constru\u00edda no mandato e na campanha permitiu um volume de contribui\u00e7\u00e3o, inclusive financeira, que n\u00f3s mesmos n\u00e3o t\u00ednhamos como avaliar. Mas sab\u00edamos que seria poss\u00edvel ter uma vota\u00e7\u00e3o bastante alta se acert\u00e1ssemos politicamente no processo eleitoral. N\u00e3o tivemos sapato alto, fomos humildes, n\u00e3o nos conformamos com o \u201cj\u00e1 ganhou\u201d. Pelo contr\u00e1rio, em todo momento da campanha lembramos o quanto era importante o voto de cada companheiro e companheira para uma vit\u00f3ria eleitoral. Sab\u00edamos, na \u00faltima semana, que j\u00e1 acumul\u00e1vamos uma vit\u00f3ria pol\u00edtica magn\u00edfica. Mas s\u00f3 quando as urnas foram abertas \u00e9 que constatamos que a vit\u00f3ria eleitoral tamb\u00e9m ficaria para a hist\u00f3ria. Nesse quadro de conjuntura desfavor\u00e1vel, com uma campanha absolutamente desigual, na qual os vencedores, em geral, s\u00e3o os candidatos da antipol\u00edtica e das campanhas milion\u00e1rias, s\u00f3 poder\u00edamos ter vit\u00f3ria se as a\u00e7\u00f5es do mandato e o que agrupamos de apoio cr\u00edtico fosse o carro-chefe da nossa campanha. Tudo isso foi fortalecido pela pol\u00edtica do partido. Da\u00ed veio a nossa vit\u00f3ria. Temos de fazer uma boa avalia\u00e7\u00e3o dessa mancha que a nossa vit\u00f3ria representa no resultado eleitoral do Estado e do pa\u00eds. A esquerda n\u00e3o sai vencedora desse processo e n\u00e3o podemos deixar que a nossa anima\u00e7\u00e3o seja obst\u00e1culo para uma an\u00e1lise correta dessa disputa. Vale a comemora\u00e7\u00e3o. Mas temos o desafio de pensar o quadro eleitoral com seriedade e compromisso para enfrentar os desafios do futuro.<strong> <\/strong><\/p>\n<p><strong>Quais s\u00e3o as prioridades do seu pr\u00f3ximo mandato?<\/strong><\/p>\n<p>A nossa prioridade ser\u00e1 aprofundar as lutas nas frentes j\u00e1 existentes, com foco nos direitos humanos e educa\u00e7\u00e3o, assim como enfrentar as mudan\u00e7as que ocorrem no Rio de Janeiro que se relacionam ao projeto de cidade em torno dos preparativos para a Copa do Mundo de 2014 e as Olimp\u00edadas de 2016. Mudan\u00e7as que j\u00e1 iniciaram com as UPPs, mas que ser\u00e3o aprofundadas pelas classes dominantes no pr\u00f3ximo per\u00edodo. Temos, sim, como desafio discutir o projeto de cidade e o faremos. Seguimos com um mandato de propostas qualificadas, criativas e combativas em defesa da melhoria da vida da popula\u00e7\u00e3o, principalmente dos mais pobres. Continuaremos ativos na luta contra a criminaliza\u00e7\u00e3o dos movimentos sociais e da pobreza. Temos o desafio de construir um mandato ainda mais participativo. Mas estamos apenas iniciando essa discuss\u00e3o com os nossos aliados das entidades populares, dos movimentos sociais, da intelectualidade, com as figuras p\u00fablicas e o pr\u00f3prio PSOL. O que podemos afirmar, nesse momento, \u00e9 que manteremos e aprofundaremos as lutas que travamos nesses quase quatro anos de mandato.<strong> <\/strong><\/p>\n<p><strong>O PSOL alcan\u00e7ou \u00f3timos resultados em alguns Estados, como no Rio e no Par\u00e1, por outro lado n\u00e3o conseguiu eleger nomes conhecidos e respeitados como Luciana Genro, Heloisa Helena e Raul Marcelo. Como voc\u00ea v\u00ea o futuro do PSOL e sua consolida\u00e7\u00e3o na pol\u00edtica brasileira? Como voc\u00ea avalia esses os resultados citados?<\/strong><\/p>\n<p>Lamentamos muito a n\u00e3o reelei\u00e7\u00e3o da Heloisa Helena, da Luciana Genro e do Raul Marcelo. S\u00e3o nomes que v\u00e3o fazer muita falta no cen\u00e1rio pol\u00edtico nacional e para a popula\u00e7\u00e3o dos seus estados. O PSOL perde, mas a popula\u00e7\u00e3o \u00e9, sem d\u00favida, quem mais perde nesse processo. O PSOL \u00e9 um partido necess\u00e1rio em um momento no qual a sociedade anda \u00f3rf\u00e3 de partidos de massa, com voca\u00e7\u00e3o democr\u00e1tica e tenham na sua pauta a luta por socialismo e liberdade. Cabe ao PSOL se construir na vida pol\u00edtica do pa\u00eds como essa refer\u00eancia necess\u00e1ria para a maioria da popula\u00e7\u00e3o. O PSOL se consolidar\u00e1 na pol\u00edtica brasileira se conseguir uma oposi\u00e7\u00e3o program\u00e1tica que apresente alternativas \u00e0 sociedade e contribua para fortalecer os movimentos sociais existentes. Precisamos ser um partido para a a\u00e7\u00e3o, que possa dirigir uma forte frente por mudan\u00e7as com a bandeira do socialismo \u00e0s m\u00e3os. Isso demanda do nosso partido muita organiza\u00e7\u00e3o interna, funcionamento das inst\u00e2ncias \u2014 com destaque para os n\u00facleos \u2014 democracia e unidade pol\u00edtica. Desse modo, o partido poder\u00e1 servir como alternativa de organiza\u00e7\u00e3o independente para a grande massa de jovens, especialmente dos pobres, negros e favelados do nosso pa\u00eds. \u00c9 necess\u00e1rio recuperar a boa tradi\u00e7\u00e3o da luta estudantil e oper\u00e1ria, superar os modelos conservadores da esquerda com a consolida\u00e7\u00e3o de alternativas novas de luta, de organiza\u00e7\u00e3o e de uma cultura pol\u00edtica na qual o trabalho coletivo e a solidariedade se tornem pesos fundamentais no projeto de mudan\u00e7a da realidade brasileira. Precisamos nos firmar como alternativa para milh\u00f5es de pobres, apresentar uma linguagem que permita o di\u00e1logo com a grande maioria da popula\u00e7\u00e3o e unificar todos os setores que est\u00e3o em oposi\u00e7\u00e3o com a pr\u00e1tica do lucro acima da vida. Os direitos humanos, em todas as suas dimens\u00f5es, precisam se colocar acima do lucro e a servi\u00e7o da grande maioria do povo. O PSOL pode superar esses desafios e ser esse instrumento, esse meio pol\u00edtico de que necessitamos. Para que isso se torne realidade, mesmo em uma conjuntura desfavor\u00e1vel, tudo depende muito do pr\u00f3prio PSOL.<strong><span style=\"color: #ff6600\"><\/span><\/strong><\/p>\n<p><strong><span style=\"color: #ff6600\"><span style=\"text-decoration: underline\">Perfil<\/span><\/span><\/strong><\/p>\n<p>Marcelo Freixo, 43 anos, \u00e9 professor de Hist\u00f3ria e milita h\u00e1 20 pelos Direitos Humanos. Participou de projetos educativos no sistema penitenci\u00e1rio e foi membro do Conselho da Comunidade do Rio de Janeiro.<br \/>\nEm 2007 assumiu o primeiro mandato como deputado estadual do PSOL, na Alerj. Presidiu a CPI das Mil\u00edcias, que indiciou 225 envolvidos e apresentou 58 medidas concretas para acabar com essa m\u00e1fia.<br \/>\nDenunciou fraude no aux\u00edlio-educa\u00e7\u00e3o na Alerj, o que levou \u00e0 cassa\u00e7\u00e3o das deputadas Jane Cozzolino e Renata do Posto. Pediu a cassa\u00e7\u00e3o do deputado e ex-chefe de Pol\u00edcia \u00c1lvaro Lins (acusado de lavagem de dinheiro, entre outros crimes).<\/p>\n<p>Entre as suas iniciativas legislativas, destacam-se: as leis que reconhecem o funk como atividade cultural, a lei de preven\u00e7\u00e3o \u00e0 tortura e as emendas constitucionais para a efetiva\u00e7\u00e3o dos animadores culturais na rede estadual de ensino e para amplia\u00e7\u00e3o para seis meses do aleitamento materno das servidoras estaduais \u2014 conquistas realizadas porque foram pensadas e organizadas em conjunto com os movimentos sociais.<br \/>\nFreixo \u00e9 o presidente da Comiss\u00e3o de Direitos Humanos e Cidadania da Alerj e tamb\u00e9m tem ativa participa\u00e7\u00e3o na Comiss\u00e3o de Educa\u00e7\u00e3o.<\/p>\n","protected":false},"excerpt":{"rendered":"<p>O quarto candidato do partido eleito a ser entrevistado pelo site do PSOL Nacional \u00e9 o deputado estadual Marcelo Freixo, o segundo mais votado do Rio de Janeiro com 177.253 votos. Com uma campanha fortemente marcada pela participa\u00e7\u00e3o da milit\u00e2ncia, especialmente os jovens, e pelo apoio de artistas cariocas, Freixo alcan\u00e7ou um grande \u00eaxito mesmo [&hellip;]<\/p>\n","protected":false},"author":2,"featured_media":0,"comment_status":"open","ping_status":"open","sticky":false,"template":"","format":"standard","meta":{"_acf_changed":false,"footnotes":""},"categories":[4766],"tags":[],"class_list":{"0":"post-1448","1":"post","2":"type-post","3":"status-publish","4":"format-standard","6":"category-arquivo"},"acf":[],"yoast_head":"<!-- This site is optimized with the Yoast SEO plugin v26.5 - https:\/\/yoast.com\/wordpress\/plugins\/seo\/ -->\n<title>ENTREVISTA COM MARCELO FREIXO: \u201cO principal impacto dessa vit\u00f3ria \u00e9 o aprendizado de que mudan\u00e7as s\u00e3o poss\u00edveis\u201d - PSOL 50<\/title>\n<meta name=\"robots\" content=\"index, follow, max-snippet:-1, max-image-preview:large, max-video-preview:-1\" \/>\n<link rel=\"canonical\" href=\"https:\/\/psol50.org.br\/entrevista-com-marcelo-freixo-o-principal-impacto-dessa-vitoria-e-o-aprendizado-de-que-mudancas-sao-possiveis\/\" \/>\n<meta property=\"og:locale\" content=\"pt_BR\" \/>\n<meta property=\"og:type\" content=\"article\" \/>\n<meta property=\"og:title\" content=\"ENTREVISTA COM MARCELO FREIXO: \u201cO principal impacto dessa vit\u00f3ria \u00e9 o aprendizado de que mudan\u00e7as s\u00e3o poss\u00edveis\u201d - PSOL 50\" \/>\n<meta property=\"og:description\" content=\"O quarto candidato do partido eleito a ser entrevistado pelo site do PSOL Nacional \u00e9 o deputado estadual Marcelo Freixo, o segundo mais votado do Rio de Janeiro com 177.253 votos. Com uma campanha fortemente marcada pela participa\u00e7\u00e3o da milit\u00e2ncia, especialmente os jovens, e pelo apoio de artistas cariocas, Freixo alcan\u00e7ou um grande \u00eaxito mesmo [&hellip;]\" \/>\n<meta property=\"og:url\" content=\"https:\/\/psol50.org.br\/entrevista-com-marcelo-freixo-o-principal-impacto-dessa-vitoria-e-o-aprendizado-de-que-mudancas-sao-possiveis\/\" \/>\n<meta property=\"og:site_name\" content=\"PSOL 50\" \/>\n<meta property=\"article:publisher\" content=\"https:\/\/www.facebook.com\/psol50\" \/>\n<meta property=\"article:published_time\" content=\"2010-11-05T00:00:00+00:00\" \/>\n<meta property=\"og:image\" content=\"http:\/\/psol50.org.br\/files\/2010\/11\/Marcelo_foto-2.jpg\" \/>\n<meta name=\"author\" content=\"Comunica\u00e7\u00e3o PSOL\" \/>\n<meta name=\"twitter:card\" content=\"summary_large_image\" \/>\n<meta name=\"twitter:creator\" content=\"@psol50\" \/>\n<meta name=\"twitter:site\" content=\"@psol50\" \/>\n<meta name=\"twitter:label1\" content=\"Escrito por\" \/>\n\t<meta name=\"twitter:data1\" content=\"Comunica\u00e7\u00e3o PSOL\" \/>\n\t<meta name=\"twitter:label2\" content=\"Est. tempo de leitura\" \/>\n\t<meta name=\"twitter:data2\" content=\"12 minutos\" \/>\n<script type=\"application\/ld+json\" class=\"yoast-schema-graph\">{\"@context\":\"https:\/\/schema.org\",\"@graph\":[{\"@type\":\"Article\",\"@id\":\"https:\/\/psol50.org.br\/entrevista-com-marcelo-freixo-o-principal-impacto-dessa-vitoria-e-o-aprendizado-de-que-mudancas-sao-possiveis\/#article\",\"isPartOf\":{\"@id\":\"https:\/\/psol50.org.br\/entrevista-com-marcelo-freixo-o-principal-impacto-dessa-vitoria-e-o-aprendizado-de-que-mudancas-sao-possiveis\/\"},\"author\":{\"name\":\"Comunica\u00e7\u00e3o PSOL\",\"@id\":\"https:\/\/psol50.org.br\/#\/schema\/person\/475dfa57d0b815993c714c2e96491fcd\"},\"headline\":\"ENTREVISTA COM MARCELO FREIXO: \u201cO principal impacto dessa vit\u00f3ria \u00e9 o aprendizado de que mudan\u00e7as s\u00e3o poss\u00edveis\u201d\",\"datePublished\":\"2010-11-05T00:00:00+00:00\",\"mainEntityOfPage\":{\"@id\":\"https:\/\/psol50.org.br\/entrevista-com-marcelo-freixo-o-principal-impacto-dessa-vitoria-e-o-aprendizado-de-que-mudancas-sao-possiveis\/\"},\"wordCount\":2336,\"commentCount\":0,\"publisher\":{\"@id\":\"https:\/\/psol50.org.br\/#organization\"},\"image\":{\"@id\":\"https:\/\/psol50.org.br\/entrevista-com-marcelo-freixo-o-principal-impacto-dessa-vitoria-e-o-aprendizado-de-que-mudancas-sao-possiveis\/#primaryimage\"},\"thumbnailUrl\":\"http:\/\/psol50.org.br\/files\/2010\/11\/Marcelo_foto-2.jpg\",\"articleSection\":[\"Arquivo\"],\"inLanguage\":\"pt-BR\",\"potentialAction\":[{\"@type\":\"CommentAction\",\"name\":\"Comment\",\"target\":[\"https:\/\/psol50.org.br\/entrevista-com-marcelo-freixo-o-principal-impacto-dessa-vitoria-e-o-aprendizado-de-que-mudancas-sao-possiveis\/#respond\"]}]},{\"@type\":\"WebPage\",\"@id\":\"https:\/\/psol50.org.br\/entrevista-com-marcelo-freixo-o-principal-impacto-dessa-vitoria-e-o-aprendizado-de-que-mudancas-sao-possiveis\/\",\"url\":\"https:\/\/psol50.org.br\/entrevista-com-marcelo-freixo-o-principal-impacto-dessa-vitoria-e-o-aprendizado-de-que-mudancas-sao-possiveis\/\",\"name\":\"ENTREVISTA COM MARCELO FREIXO: \u201cO principal impacto dessa vit\u00f3ria \u00e9 o aprendizado de que mudan\u00e7as s\u00e3o poss\u00edveis\u201d - PSOL 50\",\"isPartOf\":{\"@id\":\"https:\/\/psol50.org.br\/#website\"},\"primaryImageOfPage\":{\"@id\":\"https:\/\/psol50.org.br\/entrevista-com-marcelo-freixo-o-principal-impacto-dessa-vitoria-e-o-aprendizado-de-que-mudancas-sao-possiveis\/#primaryimage\"},\"image\":{\"@id\":\"https:\/\/psol50.org.br\/entrevista-com-marcelo-freixo-o-principal-impacto-dessa-vitoria-e-o-aprendizado-de-que-mudancas-sao-possiveis\/#primaryimage\"},\"thumbnailUrl\":\"http:\/\/psol50.org.br\/files\/2010\/11\/Marcelo_foto-2.jpg\",\"datePublished\":\"2010-11-05T00:00:00+00:00\",\"breadcrumb\":{\"@id\":\"https:\/\/psol50.org.br\/entrevista-com-marcelo-freixo-o-principal-impacto-dessa-vitoria-e-o-aprendizado-de-que-mudancas-sao-possiveis\/#breadcrumb\"},\"inLanguage\":\"pt-BR\",\"potentialAction\":[{\"@type\":\"ReadAction\",\"target\":[\"https:\/\/psol50.org.br\/entrevista-com-marcelo-freixo-o-principal-impacto-dessa-vitoria-e-o-aprendizado-de-que-mudancas-sao-possiveis\/\"]}]},{\"@type\":\"ImageObject\",\"inLanguage\":\"pt-BR\",\"@id\":\"https:\/\/psol50.org.br\/entrevista-com-marcelo-freixo-o-principal-impacto-dessa-vitoria-e-o-aprendizado-de-que-mudancas-sao-possiveis\/#primaryimage\",\"url\":\"http:\/\/psol50.org.br\/files\/2010\/11\/Marcelo_foto-2.jpg\",\"contentUrl\":\"http:\/\/psol50.org.br\/files\/2010\/11\/Marcelo_foto-2.jpg\"},{\"@type\":\"BreadcrumbList\",\"@id\":\"https:\/\/psol50.org.br\/entrevista-com-marcelo-freixo-o-principal-impacto-dessa-vitoria-e-o-aprendizado-de-que-mudancas-sao-possiveis\/#breadcrumb\",\"itemListElement\":[{\"@type\":\"ListItem\",\"position\":1,\"name\":\"In\u00edcio\",\"item\":\"https:\/\/psol50.org.br\/\"},{\"@type\":\"ListItem\",\"position\":2,\"name\":\"ENTREVISTA COM MARCELO FREIXO: \u201cO principal impacto dessa vit\u00f3ria \u00e9 o aprendizado de que mudan\u00e7as s\u00e3o poss\u00edveis\u201d\"}]},{\"@type\":\"WebSite\",\"@id\":\"https:\/\/psol50.org.br\/#website\",\"url\":\"https:\/\/psol50.org.br\/\",\"name\":\"PSOL 50\",\"description\":\"Site oficial do Partido Socialismo e Liberdade\",\"publisher\":{\"@id\":\"https:\/\/psol50.org.br\/#organization\"},\"alternateName\":\"PSOL50\",\"potentialAction\":[{\"@type\":\"SearchAction\",\"target\":{\"@type\":\"EntryPoint\",\"urlTemplate\":\"https:\/\/psol50.org.br\/?s={search_term_string}\"},\"query-input\":{\"@type\":\"PropertyValueSpecification\",\"valueRequired\":true,\"valueName\":\"search_term_string\"}}],\"inLanguage\":\"pt-BR\"},{\"@type\":\"Organization\",\"@id\":\"https:\/\/psol50.org.br\/#organization\",\"name\":\"PSOL 50\",\"alternateName\":\"PSOL 50\",\"url\":\"https:\/\/psol50.org.br\/\",\"logo\":{\"@type\":\"ImageObject\",\"inLanguage\":\"pt-BR\",\"@id\":\"https:\/\/psol50.org.br\/#\/schema\/logo\/image\/\",\"url\":\"https:\/\/psol50.org.br\/inc\/uploads\/2018\/07\/capa.png\",\"contentUrl\":\"https:\/\/psol50.org.br\/inc\/uploads\/2018\/07\/capa.png\",\"width\":1350,\"height\":900,\"caption\":\"PSOL 50\"},\"image\":{\"@id\":\"https:\/\/psol50.org.br\/#\/schema\/logo\/image\/\"},\"sameAs\":[\"https:\/\/www.facebook.com\/psol50\",\"https:\/\/x.com\/psol50\",\"https:\/\/www.instagram.com\/psol50\/\",\"https:\/\/www.youtube.com\/channel\/UC7SnJS5o1os7a6CaiNabzcg\"]},{\"@type\":\"Person\",\"@id\":\"https:\/\/psol50.org.br\/#\/schema\/person\/475dfa57d0b815993c714c2e96491fcd\",\"name\":\"Comunica\u00e7\u00e3o PSOL\",\"image\":{\"@type\":\"ImageObject\",\"inLanguage\":\"pt-BR\",\"@id\":\"https:\/\/psol50.org.br\/#\/schema\/person\/image\/\",\"url\":\"https:\/\/secure.gravatar.com\/avatar\/b34fc4f4e468a4e51785917065a3db57b841f5c95dba6ad8c73aaf8f66f8f9bf?s=96&d=mm&r=g\",\"contentUrl\":\"https:\/\/secure.gravatar.com\/avatar\/b34fc4f4e468a4e51785917065a3db57b841f5c95dba6ad8c73aaf8f66f8f9bf?s=96&d=mm&r=g\",\"caption\":\"Comunica\u00e7\u00e3o PSOL\"}}]}<\/script>\n<!-- \/ Yoast SEO plugin. -->","yoast_head_json":{"title":"ENTREVISTA COM MARCELO FREIXO: \u201cO principal impacto dessa vit\u00f3ria \u00e9 o aprendizado de que mudan\u00e7as s\u00e3o poss\u00edveis\u201d - PSOL 50","robots":{"index":"index","follow":"follow","max-snippet":"max-snippet:-1","max-image-preview":"max-image-preview:large","max-video-preview":"max-video-preview:-1"},"canonical":"https:\/\/psol50.org.br\/entrevista-com-marcelo-freixo-o-principal-impacto-dessa-vitoria-e-o-aprendizado-de-que-mudancas-sao-possiveis\/","og_locale":"pt_BR","og_type":"article","og_title":"ENTREVISTA COM MARCELO FREIXO: \u201cO principal impacto dessa vit\u00f3ria \u00e9 o aprendizado de que mudan\u00e7as s\u00e3o poss\u00edveis\u201d - PSOL 50","og_description":"O quarto candidato do partido eleito a ser entrevistado pelo site do PSOL Nacional \u00e9 o deputado estadual Marcelo Freixo, o segundo mais votado do Rio de Janeiro com 177.253 votos. Com uma campanha fortemente marcada pela participa\u00e7\u00e3o da milit\u00e2ncia, especialmente os jovens, e pelo apoio de artistas cariocas, Freixo alcan\u00e7ou um grande \u00eaxito mesmo [&hellip;]","og_url":"https:\/\/psol50.org.br\/entrevista-com-marcelo-freixo-o-principal-impacto-dessa-vitoria-e-o-aprendizado-de-que-mudancas-sao-possiveis\/","og_site_name":"PSOL 50","article_publisher":"https:\/\/www.facebook.com\/psol50","article_published_time":"2010-11-05T00:00:00+00:00","og_image":[{"url":"http:\/\/psol50.org.br\/files\/2010\/11\/Marcelo_foto-2.jpg","type":"","width":"","height":""}],"author":"Comunica\u00e7\u00e3o PSOL","twitter_card":"summary_large_image","twitter_creator":"@psol50","twitter_site":"@psol50","twitter_misc":{"Escrito por":"Comunica\u00e7\u00e3o PSOL","Est. tempo de leitura":"12 minutos"},"schema":{"@context":"https:\/\/schema.org","@graph":[{"@type":"Article","@id":"https:\/\/psol50.org.br\/entrevista-com-marcelo-freixo-o-principal-impacto-dessa-vitoria-e-o-aprendizado-de-que-mudancas-sao-possiveis\/#article","isPartOf":{"@id":"https:\/\/psol50.org.br\/entrevista-com-marcelo-freixo-o-principal-impacto-dessa-vitoria-e-o-aprendizado-de-que-mudancas-sao-possiveis\/"},"author":{"name":"Comunica\u00e7\u00e3o PSOL","@id":"https:\/\/psol50.org.br\/#\/schema\/person\/475dfa57d0b815993c714c2e96491fcd"},"headline":"ENTREVISTA COM MARCELO FREIXO: \u201cO principal impacto dessa vit\u00f3ria \u00e9 o aprendizado de que mudan\u00e7as s\u00e3o poss\u00edveis\u201d","datePublished":"2010-11-05T00:00:00+00:00","mainEntityOfPage":{"@id":"https:\/\/psol50.org.br\/entrevista-com-marcelo-freixo-o-principal-impacto-dessa-vitoria-e-o-aprendizado-de-que-mudancas-sao-possiveis\/"},"wordCount":2336,"commentCount":0,"publisher":{"@id":"https:\/\/psol50.org.br\/#organization"},"image":{"@id":"https:\/\/psol50.org.br\/entrevista-com-marcelo-freixo-o-principal-impacto-dessa-vitoria-e-o-aprendizado-de-que-mudancas-sao-possiveis\/#primaryimage"},"thumbnailUrl":"http:\/\/psol50.org.br\/files\/2010\/11\/Marcelo_foto-2.jpg","articleSection":["Arquivo"],"inLanguage":"pt-BR","potentialAction":[{"@type":"CommentAction","name":"Comment","target":["https:\/\/psol50.org.br\/entrevista-com-marcelo-freixo-o-principal-impacto-dessa-vitoria-e-o-aprendizado-de-que-mudancas-sao-possiveis\/#respond"]}]},{"@type":"WebPage","@id":"https:\/\/psol50.org.br\/entrevista-com-marcelo-freixo-o-principal-impacto-dessa-vitoria-e-o-aprendizado-de-que-mudancas-sao-possiveis\/","url":"https:\/\/psol50.org.br\/entrevista-com-marcelo-freixo-o-principal-impacto-dessa-vitoria-e-o-aprendizado-de-que-mudancas-sao-possiveis\/","name":"ENTREVISTA COM MARCELO FREIXO: \u201cO principal impacto dessa vit\u00f3ria \u00e9 o aprendizado de que mudan\u00e7as s\u00e3o poss\u00edveis\u201d - PSOL 50","isPartOf":{"@id":"https:\/\/psol50.org.br\/#website"},"primaryImageOfPage":{"@id":"https:\/\/psol50.org.br\/entrevista-com-marcelo-freixo-o-principal-impacto-dessa-vitoria-e-o-aprendizado-de-que-mudancas-sao-possiveis\/#primaryimage"},"image":{"@id":"https:\/\/psol50.org.br\/entrevista-com-marcelo-freixo-o-principal-impacto-dessa-vitoria-e-o-aprendizado-de-que-mudancas-sao-possiveis\/#primaryimage"},"thumbnailUrl":"http:\/\/psol50.org.br\/files\/2010\/11\/Marcelo_foto-2.jpg","datePublished":"2010-11-05T00:00:00+00:00","breadcrumb":{"@id":"https:\/\/psol50.org.br\/entrevista-com-marcelo-freixo-o-principal-impacto-dessa-vitoria-e-o-aprendizado-de-que-mudancas-sao-possiveis\/#breadcrumb"},"inLanguage":"pt-BR","potentialAction":[{"@type":"ReadAction","target":["https:\/\/psol50.org.br\/entrevista-com-marcelo-freixo-o-principal-impacto-dessa-vitoria-e-o-aprendizado-de-que-mudancas-sao-possiveis\/"]}]},{"@type":"ImageObject","inLanguage":"pt-BR","@id":"https:\/\/psol50.org.br\/entrevista-com-marcelo-freixo-o-principal-impacto-dessa-vitoria-e-o-aprendizado-de-que-mudancas-sao-possiveis\/#primaryimage","url":"http:\/\/psol50.org.br\/files\/2010\/11\/Marcelo_foto-2.jpg","contentUrl":"http:\/\/psol50.org.br\/files\/2010\/11\/Marcelo_foto-2.jpg"},{"@type":"BreadcrumbList","@id":"https:\/\/psol50.org.br\/entrevista-com-marcelo-freixo-o-principal-impacto-dessa-vitoria-e-o-aprendizado-de-que-mudancas-sao-possiveis\/#breadcrumb","itemListElement":[{"@type":"ListItem","position":1,"name":"In\u00edcio","item":"https:\/\/psol50.org.br\/"},{"@type":"ListItem","position":2,"name":"ENTREVISTA COM MARCELO FREIXO: \u201cO principal impacto dessa vit\u00f3ria \u00e9 o aprendizado de que mudan\u00e7as s\u00e3o poss\u00edveis\u201d"}]},{"@type":"WebSite","@id":"https:\/\/psol50.org.br\/#website","url":"https:\/\/psol50.org.br\/","name":"PSOL 50","description":"Site oficial do Partido Socialismo e Liberdade","publisher":{"@id":"https:\/\/psol50.org.br\/#organization"},"alternateName":"PSOL50","potentialAction":[{"@type":"SearchAction","target":{"@type":"EntryPoint","urlTemplate":"https:\/\/psol50.org.br\/?s={search_term_string}"},"query-input":{"@type":"PropertyValueSpecification","valueRequired":true,"valueName":"search_term_string"}}],"inLanguage":"pt-BR"},{"@type":"Organization","@id":"https:\/\/psol50.org.br\/#organization","name":"PSOL 50","alternateName":"PSOL 50","url":"https:\/\/psol50.org.br\/","logo":{"@type":"ImageObject","inLanguage":"pt-BR","@id":"https:\/\/psol50.org.br\/#\/schema\/logo\/image\/","url":"https:\/\/psol50.org.br\/inc\/uploads\/2018\/07\/capa.png","contentUrl":"https:\/\/psol50.org.br\/inc\/uploads\/2018\/07\/capa.png","width":1350,"height":900,"caption":"PSOL 50"},"image":{"@id":"https:\/\/psol50.org.br\/#\/schema\/logo\/image\/"},"sameAs":["https:\/\/www.facebook.com\/psol50","https:\/\/x.com\/psol50","https:\/\/www.instagram.com\/psol50\/","https:\/\/www.youtube.com\/channel\/UC7SnJS5o1os7a6CaiNabzcg"]},{"@type":"Person","@id":"https:\/\/psol50.org.br\/#\/schema\/person\/475dfa57d0b815993c714c2e96491fcd","name":"Comunica\u00e7\u00e3o PSOL","image":{"@type":"ImageObject","inLanguage":"pt-BR","@id":"https:\/\/psol50.org.br\/#\/schema\/person\/image\/","url":"https:\/\/secure.gravatar.com\/avatar\/b34fc4f4e468a4e51785917065a3db57b841f5c95dba6ad8c73aaf8f66f8f9bf?s=96&d=mm&r=g","contentUrl":"https:\/\/secure.gravatar.com\/avatar\/b34fc4f4e468a4e51785917065a3db57b841f5c95dba6ad8c73aaf8f66f8f9bf?s=96&d=mm&r=g","caption":"Comunica\u00e7\u00e3o PSOL"}}]}},"_links":{"self":[{"href":"https:\/\/psol50.org.br\/rest\/wp\/v2\/posts\/1448","targetHints":{"allow":["GET"]}}],"collection":[{"href":"https:\/\/psol50.org.br\/rest\/wp\/v2\/posts"}],"about":[{"href":"https:\/\/psol50.org.br\/rest\/wp\/v2\/types\/post"}],"author":[{"embeddable":true,"href":"https:\/\/psol50.org.br\/rest\/wp\/v2\/users\/2"}],"replies":[{"embeddable":true,"href":"https:\/\/psol50.org.br\/rest\/wp\/v2\/comments?post=1448"}],"version-history":[{"count":0,"href":"https:\/\/psol50.org.br\/rest\/wp\/v2\/posts\/1448\/revisions"}],"wp:attachment":[{"href":"https:\/\/psol50.org.br\/rest\/wp\/v2\/media?parent=1448"}],"wp:term":[{"taxonomy":"category","embeddable":true,"href":"https:\/\/psol50.org.br\/rest\/wp\/v2\/categories?post=1448"},{"taxonomy":"post_tag","embeddable":true,"href":"https:\/\/psol50.org.br\/rest\/wp\/v2\/tags?post=1448"}],"curies":[{"name":"wp","href":"https:\/\/api.w.org\/{rel}","templated":true}]}}