{"id":14484,"date":"2016-11-16T17:38:37","date_gmt":"2016-11-16T17:38:37","guid":{"rendered":"http:\/\/www.psol50.org.br\/?p=14484"},"modified":"2016-11-16T17:38:37","modified_gmt":"2016-11-16T17:38:37","slug":"jose-luis-fevereiro-de-duterte-brexit-e-trump","status":"publish","type":"post","link":"https:\/\/psol50.org.br\/jose-luis-fevereiro-de-duterte-brexit-e-trump\/","title":{"rendered":"JOS\u00c9 LU\u00cdS FEVEREIRO: De Duterte, Brexit e Trump"},"content":{"rendered":"<p>Vivemos tempos dif\u00edceis. A ascens\u00e3o de uma extrema direita antiliberal com base de massas \u00e9 um fen\u00f4meno de alcance planet\u00e1rio. A elei\u00e7\u00e3o de Rodrigo Duterte \u00e0 presid\u00eancia das Filipinas em maio passado comparando-se a Hitler e prometendo exterminar 3 milh\u00f5es de viciados em drogas abriu o cortejo de resultados eleitorais que expressam que algo se move na dire\u00e7\u00e3o errada no planeta. O fen\u00f4meno que d\u00e1 liga entre esse resultado eleitoral nas Filipinas, \u00e0 vit\u00f3ria do Brexit na Inglaterra e ao Trump nos EUA \u00e9 o mesmo. Isto n\u00e3o significa que os atores possam ser comparados, nada nos autoriza a comparar quem quer que seja a Rodrigo Duterte,que entre outros desprop\u00f3sitos vem incitando \u201cviciados\u201d a matarem traficantes e a popula\u00e7\u00e3o a matar \u201cviciados\u201d. O tra\u00e7o em comum est\u00e1 no fato que todos estes resultados eleitorais s\u00e3o fruto do mesmo processo econ\u00f4mico e pol\u00edtico.<\/p>\n<p><strong>A REESTRUTURA\u00c7\u00c3O PRODUTIVA E A GlOBALIZA\u00c7\u00c3O<\/strong><\/p>\n<p>A Segunda revolu\u00e7\u00e3o industrial est\u00e1 morta. No seu lugar, uma enorme reestrutura\u00e7\u00e3o produtiva est\u00e1 em curso, com o avan\u00e7o da robotiza\u00e7\u00e3o eliminando postos do trabalho e o deslocamento das plantas industriais intensivas em consumo de materiais, energia e m\u00e3o de obra para os pa\u00edses da periferia, principalmente para a \u00c1sia. Este processo produz vitoriosos e derrotados. Produziu ganhos significativos de renda em pa\u00edses perif\u00e9ricos, em particular na \u00c1sia, mas tamb\u00e9m na \u00c1frica e na Am\u00e9rica Latina, mas aumentou a concentra\u00e7\u00e3o de renda dentro de cada pa\u00eds. O rebaixamento dos custos de produ\u00e7\u00e3o industrial decorrentes da robotiza\u00e7\u00e3o e dos menores custos salariais na \u00c1sia produziu um enorme barateamento dos custos de bens dur\u00e1veis, viabilizando o acesso destes produtos a milh\u00f5es de trabalhadores pelo mundo afora. Mas deixaram atr\u00e1s de si um rastro de destrui\u00e7\u00e3o de empregos industriais na Europa, nos EUA e nas regi\u00f5es industrializadas do Brasil.<\/p>\n<p>O deslocamento do emprego para o setor de servi\u00e7os significou um aumento de empregos bem remunerados no setor financeiro e tecnol\u00f3gico para uma parte menor da popula\u00e7\u00e3o e um aumento de empregos de baixa qualifica\u00e7\u00e3o no setor de com\u00e9rcio e servi\u00e7os de baixa intensidade tecnol\u00f3gica para a maior parte da popula\u00e7\u00e3o. Os primeiros viram sua renda subir acima da m\u00e9dia, sua cesta de consumo de industrializados baixar de custo e votaram contra o Brexit e em Hilary Clinton. Os segundos, a maioria, via sua renda cair em rela\u00e7\u00e3o \u00e0 m\u00e9dia, mas tamb\u00e9m em rela\u00e7\u00e3o ao patamar anterior, e votaram pelo Brexit e em Donald Trump. Em comum com o filipino Duterte, os vitoriosos destes processos eleitorais constru\u00edram um \u201cinimigo\u201d de f\u00e1cil identifica\u00e7\u00e3o: para Duterte, os \u201cviciados\u201d; para os defensores do Brexit, a imigra\u00e7\u00e3o e a Uni\u00e3o Europeia; para Trump, a imigra\u00e7\u00e3o e a China. \u00c9 sempre bom lembrar, que nos anos 30, para Hitler os culpados da crise eram os judeus.<\/p>\n<p>Robert Paxton, em \u201cA Anatomia do Fascismo\u201d, cita frase de George Sorel de 1908 criticando Marx por n\u00e3o ter percebido que a historia n\u00e3o avan\u00e7a inexoravelmente para o socialismo \u201cuma revolu\u00e7\u00e3o alcan\u00e7ada em tempos de decad\u00eancia pode tomar como ideal uma volta ao passado, ou at\u00e9 mesmo a conserva\u00e7\u00e3o social\u201d. As bases sociais tradicionais da esquerda nos cintur\u00f5es industrializados da Europa, EUA e Brasil n\u00e3o mais existem. Porque estes cintur\u00f5es industriais n\u00e3o mais existem no m\u00ednimo com a configura\u00e7\u00e3o que tinham h\u00e1 30 anos atr\u00e1s. Fora do centro financeiro de Londres, prevaleceu o Brexit, com vitorias expressivas nas antigas \u00e1reas industriais. Hilary perdeu a elei\u00e7\u00e3o na Pensylvania, Ohio, Michigan e Winscosin, estados industriais decadentes e o PT perdeu as elei\u00e7\u00f5es no ABC. N\u00e3o foi uma derrota conjuntural, embora a conjuntura tenha tido seu peso. \u00c9 uma nova configura\u00e7\u00e3o pol\u00edtica que chegou para ficar.<\/p>\n<p><strong>O DILEMA DA ESQUERDA<\/strong><\/p>\n<p>A esquerda, tal como aprendemos a conhec\u00ea-la, construiu seus aparatos pol\u00edticos, partid\u00e1rios e sindicais a partir da segunda revolu\u00e7\u00e3o industrial, em que expressivas concentra\u00e7\u00f5es oper\u00e1rias formaram a sua base social por excel\u00eancia. Para o marxismo, classe social se define por uma mesma forma de inser\u00e7\u00e3o no processo produtivo, uma relativa igualdade de acesso \u00e0 renda e ao poder e, portanto, \u00e0 forma\u00e7\u00e3o de consci\u00eancia de si mesma. Estas condi\u00e7\u00f5es estavam dadas nas velhas plantas industriais, com milhares de oper\u00e1rios organizados em atividades semelhantes, com sal\u00e1rios semelhantes entre si e enorme concentra\u00e7\u00e3o espacial.<\/p>\n<p>A globaliza\u00e7\u00e3o e a reestrutura\u00e7\u00e3o produtiva acabaram com estas condi\u00e7\u00f5es. Nas plantas fabris, sobreviventes dos velhos cintur\u00f5es industriais, trabalham muito menos oper\u00e1rios, com um sem n\u00famero de degraus e hierarquias entre eles e fun\u00e7\u00f5es muito mais diversificadas, assim como patamares salariais distintos. A enorme maioria da for\u00e7a de trabalho foi deslocada para o setor de servi\u00e7os, com formas distintas de inser\u00e7\u00e3o no processo produtivo, em que subsiste trabalho assalariado, mas cresce o trabalho terceirizado, a \u201cpejotiza\u00e7\u00e3o\u201d e o empreendedorismo precarizado. Formar consci\u00eancia de classe nestas condi\u00e7\u00f5es \u00e9 muito mais dif\u00edcil. A perda progressiva das identidades de classe foi substitu\u00edda pela ascens\u00e3o de outras identidades fragmentadas em busca de representa\u00e7\u00e3o pol\u00edtica. Pela esquerda, a luta antirracista, a pauta LGBT, a luta feminista, a defesa de valores libert\u00e1rios. Pela direita, as identidades \u00e9tnicas, religiosas, culturais, a defesa de valores punitivistas.<\/p>\n<p>Se no s\u00e9culo 20 a luta pol\u00edtica se organizou, no fundamental, em torno de interesses de classe, neste in\u00edcio do s\u00e9culo 21 s\u00e3o as identidades que prevalecem na disputa. Recolocar a centralidade da disputa pol\u00edtica em termos de conflito de interesses de classe \u00e9 condi\u00e7\u00e3o fundamental para a esquerda recuperar a relev\u00e2ncia com capacidade de disputar poder. Isto n\u00e3o significa abandonar ou relativizar as lutas por direitos civis expressas nas pautas identit\u00e1rias afetas \u00e0 esquerda, mas reconhecer a sua insufici\u00eancia para lastrear a constru\u00e7\u00e3o de uma nova hegemonia pol\u00edtica.<\/p>\n<p>Por tudo o que expus nesse texto, n\u00e3o \u00e9 tarefa f\u00e1cil nem tenho a pretens\u00e3o de mostrar o caminho da salva\u00e7\u00e3o. Entre a esquerda que segue com a certeza na frente e a historia na m\u00e3o, eu fico com a sabedoria de S\u00f3crates expressa na frase \u201ctudo o que sei \u00e9 que nada sei\u201d.<\/p>\n","protected":false},"excerpt":{"rendered":"<p>Vivemos tempos dif\u00edceis. A ascens\u00e3o de uma extrema direita antiliberal com base de massas \u00e9 um fen\u00f4meno de alcance planet\u00e1rio. A elei\u00e7\u00e3o de Rodrigo Duterte \u00e0 presid\u00eancia das Filipinas em maio passado comparando-se a Hitler e prometendo exterminar 3 milh\u00f5es de viciados em drogas abriu o cortejo de resultados eleitorais que expressam que algo se [&hellip;]<\/p>\n","protected":false},"author":2,"featured_media":14486,"comment_status":"open","ping_status":"open","sticky":false,"template":"","format":"standard","meta":{"_acf_changed":false,"footnotes":""},"categories":[3,836],"tags":[4645,16,4646,1216,2182,23,1876],"class_list":{"0":"post-14484","1":"post","2":"type-post","3":"status-publish","4":"format-standard","5":"has-post-thumbnail","7":"category-artigos-e-entrevistas","8":"category-internacional","9":"tag-brexit","10":"tag-eua","11":"tag-filipinas","12":"tag-internacional","13":"tag-jose-luis-fevereiro","14":"tag-trump","15":"tag-uniao-europeia"},"acf":[],"yoast_head":"<!-- This site is optimized with the Yoast SEO plugin v26.5 - https:\/\/yoast.com\/wordpress\/plugins\/seo\/ -->\n<title>JOS\u00c9 LU\u00cdS FEVEREIRO: De Duterte, Brexit e Trump - PSOL 50<\/title>\n<meta name=\"robots\" content=\"index, follow, max-snippet:-1, max-image-preview:large, max-video-preview:-1\" \/>\n<link rel=\"canonical\" href=\"https:\/\/psol50.org.br\/jose-luis-fevereiro-de-duterte-brexit-e-trump\/\" \/>\n<meta property=\"og:locale\" content=\"pt_BR\" \/>\n<meta property=\"og:type\" content=\"article\" \/>\n<meta property=\"og:title\" content=\"JOS\u00c9 LU\u00cdS FEVEREIRO: De Duterte, Brexit e Trump - PSOL 50\" \/>\n<meta property=\"og:description\" content=\"Vivemos tempos dif\u00edceis. A ascens\u00e3o de uma extrema direita antiliberal com base de massas \u00e9 um fen\u00f4meno de alcance planet\u00e1rio. A elei\u00e7\u00e3o de Rodrigo Duterte \u00e0 presid\u00eancia das Filipinas em maio passado comparando-se a Hitler e prometendo exterminar 3 milh\u00f5es de viciados em drogas abriu o cortejo de resultados eleitorais que expressam que algo se [&hellip;]\" \/>\n<meta property=\"og:url\" content=\"https:\/\/psol50.org.br\/jose-luis-fevereiro-de-duterte-brexit-e-trump\/\" \/>\n<meta property=\"og:site_name\" content=\"PSOL 50\" \/>\n<meta property=\"article:publisher\" content=\"https:\/\/www.facebook.com\/psol50\" \/>\n<meta property=\"article:published_time\" content=\"2016-11-16T17:38:37+00:00\" \/>\n<meta property=\"og:image\" content=\"https:\/\/psol50.org.br\/inc\/uploads\/2018\/07\/capa.png\" \/>\n\t<meta property=\"og:image:width\" content=\"1350\" \/>\n\t<meta property=\"og:image:height\" content=\"900\" \/>\n\t<meta property=\"og:image:type\" content=\"image\/png\" \/>\n<meta name=\"author\" content=\"Comunica\u00e7\u00e3o PSOL\" \/>\n<meta name=\"twitter:card\" content=\"summary_large_image\" \/>\n<meta name=\"twitter:creator\" content=\"@psol50\" \/>\n<meta name=\"twitter:site\" content=\"@psol50\" \/>\n<meta name=\"twitter:label1\" content=\"Escrito por\" \/>\n\t<meta name=\"twitter:data1\" content=\"Comunica\u00e7\u00e3o PSOL\" \/>\n\t<meta name=\"twitter:label2\" content=\"Est. tempo de leitura\" \/>\n\t<meta name=\"twitter:data2\" content=\"5 minutos\" \/>\n<script type=\"application\/ld+json\" class=\"yoast-schema-graph\">{\"@context\":\"https:\/\/schema.org\",\"@graph\":[{\"@type\":\"Article\",\"@id\":\"https:\/\/psol50.org.br\/jose-luis-fevereiro-de-duterte-brexit-e-trump\/#article\",\"isPartOf\":{\"@id\":\"https:\/\/psol50.org.br\/jose-luis-fevereiro-de-duterte-brexit-e-trump\/\"},\"author\":{\"name\":\"Comunica\u00e7\u00e3o PSOL\",\"@id\":\"https:\/\/psol50.org.br\/#\/schema\/person\/475dfa57d0b815993c714c2e96491fcd\"},\"headline\":\"JOS\u00c9 LU\u00cdS FEVEREIRO: De Duterte, Brexit e Trump\",\"datePublished\":\"2016-11-16T17:38:37+00:00\",\"mainEntityOfPage\":{\"@id\":\"https:\/\/psol50.org.br\/jose-luis-fevereiro-de-duterte-brexit-e-trump\/\"},\"wordCount\":1093,\"commentCount\":0,\"publisher\":{\"@id\":\"https:\/\/psol50.org.br\/#organization\"},\"image\":{\"@id\":\"https:\/\/psol50.org.br\/jose-luis-fevereiro-de-duterte-brexit-e-trump\/#primaryimage\"},\"thumbnailUrl\":\"\",\"keywords\":[\"Brexit\",\"EUA\",\"Filipinas\",\"Internacional\",\"Jos\u00e9 Lu\u00eds Fevereiro\",\"Trump\",\"Uni\u00e3o Europeia\"],\"articleSection\":[\"Artigos\",\"Internacional\"],\"inLanguage\":\"pt-BR\",\"potentialAction\":[{\"@type\":\"CommentAction\",\"name\":\"Comment\",\"target\":[\"https:\/\/psol50.org.br\/jose-luis-fevereiro-de-duterte-brexit-e-trump\/#respond\"]}]},{\"@type\":\"WebPage\",\"@id\":\"https:\/\/psol50.org.br\/jose-luis-fevereiro-de-duterte-brexit-e-trump\/\",\"url\":\"https:\/\/psol50.org.br\/jose-luis-fevereiro-de-duterte-brexit-e-trump\/\",\"name\":\"JOS\u00c9 LU\u00cdS FEVEREIRO: De Duterte, Brexit e Trump - PSOL 50\",\"isPartOf\":{\"@id\":\"https:\/\/psol50.org.br\/#website\"},\"primaryImageOfPage\":{\"@id\":\"https:\/\/psol50.org.br\/jose-luis-fevereiro-de-duterte-brexit-e-trump\/#primaryimage\"},\"image\":{\"@id\":\"https:\/\/psol50.org.br\/jose-luis-fevereiro-de-duterte-brexit-e-trump\/#primaryimage\"},\"thumbnailUrl\":\"\",\"datePublished\":\"2016-11-16T17:38:37+00:00\",\"breadcrumb\":{\"@id\":\"https:\/\/psol50.org.br\/jose-luis-fevereiro-de-duterte-brexit-e-trump\/#breadcrumb\"},\"inLanguage\":\"pt-BR\",\"potentialAction\":[{\"@type\":\"ReadAction\",\"target\":[\"https:\/\/psol50.org.br\/jose-luis-fevereiro-de-duterte-brexit-e-trump\/\"]}]},{\"@type\":\"ImageObject\",\"inLanguage\":\"pt-BR\",\"@id\":\"https:\/\/psol50.org.br\/jose-luis-fevereiro-de-duterte-brexit-e-trump\/#primaryimage\",\"url\":\"\",\"contentUrl\":\"\"},{\"@type\":\"BreadcrumbList\",\"@id\":\"https:\/\/psol50.org.br\/jose-luis-fevereiro-de-duterte-brexit-e-trump\/#breadcrumb\",\"itemListElement\":[{\"@type\":\"ListItem\",\"position\":1,\"name\":\"In\u00edcio\",\"item\":\"https:\/\/psol50.org.br\/\"},{\"@type\":\"ListItem\",\"position\":2,\"name\":\"JOS\u00c9 LU\u00cdS FEVEREIRO: De Duterte, Brexit e Trump\"}]},{\"@type\":\"WebSite\",\"@id\":\"https:\/\/psol50.org.br\/#website\",\"url\":\"https:\/\/psol50.org.br\/\",\"name\":\"PSOL 50\",\"description\":\"Site oficial do Partido Socialismo e Liberdade\",\"publisher\":{\"@id\":\"https:\/\/psol50.org.br\/#organization\"},\"alternateName\":\"PSOL50\",\"potentialAction\":[{\"@type\":\"SearchAction\",\"target\":{\"@type\":\"EntryPoint\",\"urlTemplate\":\"https:\/\/psol50.org.br\/?s={search_term_string}\"},\"query-input\":{\"@type\":\"PropertyValueSpecification\",\"valueRequired\":true,\"valueName\":\"search_term_string\"}}],\"inLanguage\":\"pt-BR\"},{\"@type\":\"Organization\",\"@id\":\"https:\/\/psol50.org.br\/#organization\",\"name\":\"PSOL 50\",\"alternateName\":\"PSOL 50\",\"url\":\"https:\/\/psol50.org.br\/\",\"logo\":{\"@type\":\"ImageObject\",\"inLanguage\":\"pt-BR\",\"@id\":\"https:\/\/psol50.org.br\/#\/schema\/logo\/image\/\",\"url\":\"https:\/\/psol50.org.br\/inc\/uploads\/2018\/07\/capa.png\",\"contentUrl\":\"https:\/\/psol50.org.br\/inc\/uploads\/2018\/07\/capa.png\",\"width\":1350,\"height\":900,\"caption\":\"PSOL 50\"},\"image\":{\"@id\":\"https:\/\/psol50.org.br\/#\/schema\/logo\/image\/\"},\"sameAs\":[\"https:\/\/www.facebook.com\/psol50\",\"https:\/\/x.com\/psol50\",\"https:\/\/www.instagram.com\/psol50\/\",\"https:\/\/www.youtube.com\/channel\/UC7SnJS5o1os7a6CaiNabzcg\"]},{\"@type\":\"Person\",\"@id\":\"https:\/\/psol50.org.br\/#\/schema\/person\/475dfa57d0b815993c714c2e96491fcd\",\"name\":\"Comunica\u00e7\u00e3o PSOL\",\"image\":{\"@type\":\"ImageObject\",\"inLanguage\":\"pt-BR\",\"@id\":\"https:\/\/psol50.org.br\/#\/schema\/person\/image\/\",\"url\":\"https:\/\/secure.gravatar.com\/avatar\/b34fc4f4e468a4e51785917065a3db57b841f5c95dba6ad8c73aaf8f66f8f9bf?s=96&d=mm&r=g\",\"contentUrl\":\"https:\/\/secure.gravatar.com\/avatar\/b34fc4f4e468a4e51785917065a3db57b841f5c95dba6ad8c73aaf8f66f8f9bf?s=96&d=mm&r=g\",\"caption\":\"Comunica\u00e7\u00e3o PSOL\"}}]}<\/script>\n<!-- \/ Yoast SEO plugin. -->","yoast_head_json":{"title":"JOS\u00c9 LU\u00cdS FEVEREIRO: De Duterte, Brexit e Trump - PSOL 50","robots":{"index":"index","follow":"follow","max-snippet":"max-snippet:-1","max-image-preview":"max-image-preview:large","max-video-preview":"max-video-preview:-1"},"canonical":"https:\/\/psol50.org.br\/jose-luis-fevereiro-de-duterte-brexit-e-trump\/","og_locale":"pt_BR","og_type":"article","og_title":"JOS\u00c9 LU\u00cdS FEVEREIRO: De Duterte, Brexit e Trump - PSOL 50","og_description":"Vivemos tempos dif\u00edceis. A ascens\u00e3o de uma extrema direita antiliberal com base de massas \u00e9 um fen\u00f4meno de alcance planet\u00e1rio. A elei\u00e7\u00e3o de Rodrigo Duterte \u00e0 presid\u00eancia das Filipinas em maio passado comparando-se a Hitler e prometendo exterminar 3 milh\u00f5es de viciados em drogas abriu o cortejo de resultados eleitorais que expressam que algo se [&hellip;]","og_url":"https:\/\/psol50.org.br\/jose-luis-fevereiro-de-duterte-brexit-e-trump\/","og_site_name":"PSOL 50","article_publisher":"https:\/\/www.facebook.com\/psol50","article_published_time":"2016-11-16T17:38:37+00:00","og_image":[{"width":1350,"height":900,"url":"https:\/\/psol50.org.br\/inc\/uploads\/2018\/07\/capa.png","type":"image\/png"}],"author":"Comunica\u00e7\u00e3o PSOL","twitter_card":"summary_large_image","twitter_creator":"@psol50","twitter_site":"@psol50","twitter_misc":{"Escrito por":"Comunica\u00e7\u00e3o PSOL","Est. tempo de leitura":"5 minutos"},"schema":{"@context":"https:\/\/schema.org","@graph":[{"@type":"Article","@id":"https:\/\/psol50.org.br\/jose-luis-fevereiro-de-duterte-brexit-e-trump\/#article","isPartOf":{"@id":"https:\/\/psol50.org.br\/jose-luis-fevereiro-de-duterte-brexit-e-trump\/"},"author":{"name":"Comunica\u00e7\u00e3o PSOL","@id":"https:\/\/psol50.org.br\/#\/schema\/person\/475dfa57d0b815993c714c2e96491fcd"},"headline":"JOS\u00c9 LU\u00cdS FEVEREIRO: De Duterte, Brexit e Trump","datePublished":"2016-11-16T17:38:37+00:00","mainEntityOfPage":{"@id":"https:\/\/psol50.org.br\/jose-luis-fevereiro-de-duterte-brexit-e-trump\/"},"wordCount":1093,"commentCount":0,"publisher":{"@id":"https:\/\/psol50.org.br\/#organization"},"image":{"@id":"https:\/\/psol50.org.br\/jose-luis-fevereiro-de-duterte-brexit-e-trump\/#primaryimage"},"thumbnailUrl":"","keywords":["Brexit","EUA","Filipinas","Internacional","Jos\u00e9 Lu\u00eds Fevereiro","Trump","Uni\u00e3o Europeia"],"articleSection":["Artigos","Internacional"],"inLanguage":"pt-BR","potentialAction":[{"@type":"CommentAction","name":"Comment","target":["https:\/\/psol50.org.br\/jose-luis-fevereiro-de-duterte-brexit-e-trump\/#respond"]}]},{"@type":"WebPage","@id":"https:\/\/psol50.org.br\/jose-luis-fevereiro-de-duterte-brexit-e-trump\/","url":"https:\/\/psol50.org.br\/jose-luis-fevereiro-de-duterte-brexit-e-trump\/","name":"JOS\u00c9 LU\u00cdS FEVEREIRO: De Duterte, Brexit e Trump - PSOL 50","isPartOf":{"@id":"https:\/\/psol50.org.br\/#website"},"primaryImageOfPage":{"@id":"https:\/\/psol50.org.br\/jose-luis-fevereiro-de-duterte-brexit-e-trump\/#primaryimage"},"image":{"@id":"https:\/\/psol50.org.br\/jose-luis-fevereiro-de-duterte-brexit-e-trump\/#primaryimage"},"thumbnailUrl":"","datePublished":"2016-11-16T17:38:37+00:00","breadcrumb":{"@id":"https:\/\/psol50.org.br\/jose-luis-fevereiro-de-duterte-brexit-e-trump\/#breadcrumb"},"inLanguage":"pt-BR","potentialAction":[{"@type":"ReadAction","target":["https:\/\/psol50.org.br\/jose-luis-fevereiro-de-duterte-brexit-e-trump\/"]}]},{"@type":"ImageObject","inLanguage":"pt-BR","@id":"https:\/\/psol50.org.br\/jose-luis-fevereiro-de-duterte-brexit-e-trump\/#primaryimage","url":"","contentUrl":""},{"@type":"BreadcrumbList","@id":"https:\/\/psol50.org.br\/jose-luis-fevereiro-de-duterte-brexit-e-trump\/#breadcrumb","itemListElement":[{"@type":"ListItem","position":1,"name":"In\u00edcio","item":"https:\/\/psol50.org.br\/"},{"@type":"ListItem","position":2,"name":"JOS\u00c9 LU\u00cdS FEVEREIRO: De Duterte, Brexit e Trump"}]},{"@type":"WebSite","@id":"https:\/\/psol50.org.br\/#website","url":"https:\/\/psol50.org.br\/","name":"PSOL 50","description":"Site oficial do Partido Socialismo e Liberdade","publisher":{"@id":"https:\/\/psol50.org.br\/#organization"},"alternateName":"PSOL50","potentialAction":[{"@type":"SearchAction","target":{"@type":"EntryPoint","urlTemplate":"https:\/\/psol50.org.br\/?s={search_term_string}"},"query-input":{"@type":"PropertyValueSpecification","valueRequired":true,"valueName":"search_term_string"}}],"inLanguage":"pt-BR"},{"@type":"Organization","@id":"https:\/\/psol50.org.br\/#organization","name":"PSOL 50","alternateName":"PSOL 50","url":"https:\/\/psol50.org.br\/","logo":{"@type":"ImageObject","inLanguage":"pt-BR","@id":"https:\/\/psol50.org.br\/#\/schema\/logo\/image\/","url":"https:\/\/psol50.org.br\/inc\/uploads\/2018\/07\/capa.png","contentUrl":"https:\/\/psol50.org.br\/inc\/uploads\/2018\/07\/capa.png","width":1350,"height":900,"caption":"PSOL 50"},"image":{"@id":"https:\/\/psol50.org.br\/#\/schema\/logo\/image\/"},"sameAs":["https:\/\/www.facebook.com\/psol50","https:\/\/x.com\/psol50","https:\/\/www.instagram.com\/psol50\/","https:\/\/www.youtube.com\/channel\/UC7SnJS5o1os7a6CaiNabzcg"]},{"@type":"Person","@id":"https:\/\/psol50.org.br\/#\/schema\/person\/475dfa57d0b815993c714c2e96491fcd","name":"Comunica\u00e7\u00e3o PSOL","image":{"@type":"ImageObject","inLanguage":"pt-BR","@id":"https:\/\/psol50.org.br\/#\/schema\/person\/image\/","url":"https:\/\/secure.gravatar.com\/avatar\/b34fc4f4e468a4e51785917065a3db57b841f5c95dba6ad8c73aaf8f66f8f9bf?s=96&d=mm&r=g","contentUrl":"https:\/\/secure.gravatar.com\/avatar\/b34fc4f4e468a4e51785917065a3db57b841f5c95dba6ad8c73aaf8f66f8f9bf?s=96&d=mm&r=g","caption":"Comunica\u00e7\u00e3o PSOL"}}]}},"_links":{"self":[{"href":"https:\/\/psol50.org.br\/rest\/wp\/v2\/posts\/14484","targetHints":{"allow":["GET"]}}],"collection":[{"href":"https:\/\/psol50.org.br\/rest\/wp\/v2\/posts"}],"about":[{"href":"https:\/\/psol50.org.br\/rest\/wp\/v2\/types\/post"}],"author":[{"embeddable":true,"href":"https:\/\/psol50.org.br\/rest\/wp\/v2\/users\/2"}],"replies":[{"embeddable":true,"href":"https:\/\/psol50.org.br\/rest\/wp\/v2\/comments?post=14484"}],"version-history":[{"count":0,"href":"https:\/\/psol50.org.br\/rest\/wp\/v2\/posts\/14484\/revisions"}],"wp:featuredmedia":[{"embeddable":true,"href":"https:\/\/psol50.org.br\/rest\/"}],"wp:attachment":[{"href":"https:\/\/psol50.org.br\/rest\/wp\/v2\/media?parent=14484"}],"wp:term":[{"taxonomy":"category","embeddable":true,"href":"https:\/\/psol50.org.br\/rest\/wp\/v2\/categories?post=14484"},{"taxonomy":"post_tag","embeddable":true,"href":"https:\/\/psol50.org.br\/rest\/wp\/v2\/tags?post=14484"}],"curies":[{"name":"wp","href":"https:\/\/api.w.org\/{rel}","templated":true}]}}