{"id":14493,"date":"2016-11-16T22:10:03","date_gmt":"2016-11-16T22:10:03","guid":{"rendered":"http:\/\/www.psol50.org.br\/?p=14493"},"modified":"2016-11-16T22:10:03","modified_gmt":"2016-11-16T22:10:03","slug":"estudantes-organizam-caravana-nacional-contra-pec-55-e-reforma-do-ensino-medio","status":"publish","type":"post","link":"https:\/\/psol50.org.br\/estudantes-organizam-caravana-nacional-contra-pec-55-e-reforma-do-ensino-medio\/","title":{"rendered":"Estudantes organizam caravana nacional contra PEC 55 e reforma do ensino m\u00e9dio"},"content":{"rendered":"<p style=\"text-align: justify\"><span style=\"font-weight: 400\">No pr\u00f3ximo dia 29, a Uni\u00e3o Nacional dos Estudantes (UNE), a Uni\u00e3o Brasileira dos Estudantes Secundaristas (UBES) e a Associa\u00e7\u00e3o Nacional de P\u00f3s-Graduandos (ANPG)<\/span><span style=\"font-weight: 400\">, dentre outras entidades, v\u00e3o promover em todo o pa\u00eds a\u00a0<span style=\"color: #3366ff\"><a style=\"color: #3366ff\" href=\"http:\/\/www.une.org.br\/noticias\/brasilia-sera-a-capital-das-ocupacoes-estudantis-no-dia-2911\/\" target=\"_blank\" rel=\"noopener\">Caravana dos Estudantes<\/a>, <\/span>que vai transformar Bras\u00edlia na Capital da Ocupa\u00e7\u00e3o.<span style=\"color: #3366ff\">\u00a0<\/span><\/span>O ato faz parte da mobiliza\u00e7\u00e3o nacional contra a<span style=\"color: #3366ff\"><a style=\"color: #3366ff\" href=\"http:\/\/www.psol50.org.br\/blog\/2016\/10\/19\/pesquisa-encomendada-pelo-governo-revela-que-pec-241-e-associada-a-golpe-para-99-dos-entrevistados\/\" target=\"_blank\" rel=\"noopener\"> PEC 55<\/a><\/span> (antiga 241), a <span style=\"color: #3366ff\"><a style=\"color: #3366ff\" href=\"http:\/\/www.psol50.org.br\/blog\/2016\/09\/23\/reforma-do-ensino-medio-apresentada-por-temer-e-retrocesso-dizem-especialistas\/\" target=\"_blank\" rel=\"noopener\">reforma do ensino m\u00e9dio<\/a><\/span> e a<span style=\"color: #3366ff\"> <a style=\"color: #3366ff\" href=\"http:\/\/www.psol50.org.br\/blog\/2016\/06\/28\/jean-wyllys-escola-sem-partido\/\" target=\"_blank\" rel=\"noopener\">Lei da Morda\u00e7a<\/a>, <\/span>propostas da base aliada de Temer que v\u00e3o causar o total desmonte da educa\u00e7\u00e3o e do pensamento cr\u00edtico no pa\u00eds. Mesmo antes da aprova\u00e7\u00e3o dos projetos estudantes j\u00e1 sofrem persegui\u00e7\u00e3o e criminaliza\u00e7\u00e3o dos movimentos estudantis, tendo suas identidades mapeadas pelo Minist\u00e9rio da Educa\u00e7\u00e3o.<span style=\"color: #000000\">\u00a0<\/span><\/p>\n<p>A caravana deve chegar \u00e0 Bras\u00edlia no dia em que se inicia\u00a0no plen\u00e1rio do Senado a discuss\u00e3o em primeiro turno da PEC, que deve ser votada at\u00e9 13 de dezembro. Nesta quarta-feira (16\/11), Michel Temer oferecer\u00e1 um jantar para os senadores, <span style=\"color: #3366ff\"><a style=\"color: #3366ff\" href=\"http:\/\/www.psol50.org.br\/blog\/2016\/10\/10\/no-vale-tudo-para-aprovar-a-pec-241-temer-oferece-jantar-e-exonera-ministros-para-poderem-votar\/\" target=\"_blank\" rel=\"noopener\">repetindo a estrat\u00e9gia<\/a><\/span> de quando a PEC tramitava na C\u00e2mara. Al\u00e9m da caravana, est\u00e3o programadas tamb\u00e9m mobiliza\u00e7\u00f5es nas capitais em conjunto com os trabalhadores e movimentos sociais no dia 25 de novembro.<\/p>\n<p style=\"text-align: justify\"><span style=\"font-weight: 400\">No feriado da proclama\u00e7\u00e3o da Rep\u00fablica, ocorreu\u00a0uma outra caravana estudantil at\u00e9 Bras\u00edlia,\u00a0onde ocorreu uma <span style=\"color: #3366ff\"><a style=\"color: #3366ff\" href=\"http:\/\/www.une.org.br\/noticias\/grande-encontro-da-educacao-em-brasilia-uniao-e-resistencia\/\" target=\"_blank\" rel=\"noopener\">reuni\u00e3o de institui\u00e7\u00f5es de ensino ocupadas,<\/a><\/span>\u00a0com a presen\u00e7a de entidades nacionais de professores e trabalhadores da educa\u00e7\u00e3o. O objetivo era, al\u00e9m de trocar experi\u00eancias sobre as mais de mil escolas e 200 universidades ocupadas em todo o pa\u00eds, articular atividades unificadas como a pr\u00f3pria Caravana dos Estudantes a paralisa\u00e7\u00e3o\u00a0nacional do dia 25.<\/span><\/p>\n","protected":false},"excerpt":{"rendered":"<p>No pr\u00f3ximo dia 29, a Uni\u00e3o Nacional dos Estudantes (UNE), a Uni\u00e3o Brasileira dos Estudantes Secundaristas (UBES) e a Associa\u00e7\u00e3o Nacional de P\u00f3s-Graduandos (ANPG), dentre outras entidades, v\u00e3o promover em todo o pa\u00eds a\u00a0Caravana dos Estudantes, que vai transformar Bras\u00edlia na Capital da Ocupa\u00e7\u00e3o.\u00a0O ato faz parte da mobiliza\u00e7\u00e3o nacional contra a PEC 55 (antiga [&hellip;]<\/p>\n","protected":false},"author":2,"featured_media":14494,"comment_status":"open","ping_status":"open","sticky":false,"template":"","format":"standard","meta":{"_acf_changed":false,"footnotes":""},"categories":[1882,1104,6],"tags":[4617,4091,4627,4641,2195,4648,4649],"class_list":{"0":"post-14493","1":"post","2":"type-post","3":"status-publish","4":"format-standard","5":"has-post-thumbnail","7":"category-brasil","8":"category-movimento","9":"category-noticias","10":"tag-escolas-ocupadas","11":"tag-lei-da-mordaca","12":"tag-ocupacoes","13":"tag-pec-55","14":"tag-reforma-do-ensino-medio","15":"tag-uniao-brasileira-dos-estudantes-secundaristas","16":"tag-uniao-nacional-dos-estudantes"},"acf":[],"yoast_head":"<!-- This site is optimized with the Yoast SEO plugin v26.5 - https:\/\/yoast.com\/wordpress\/plugins\/seo\/ -->\n<title>Estudantes organizam caravana nacional contra PEC 55 e reforma do ensino m\u00e9dio - PSOL 50<\/title>\n<meta name=\"robots\" content=\"index, follow, max-snippet:-1, max-image-preview:large, max-video-preview:-1\" \/>\n<link rel=\"canonical\" href=\"https:\/\/psol50.org.br\/estudantes-organizam-caravana-nacional-contra-pec-55-e-reforma-do-ensino-medio\/\" \/>\n<meta property=\"og:locale\" content=\"pt_BR\" \/>\n<meta property=\"og:type\" content=\"article\" \/>\n<meta property=\"og:title\" content=\"Estudantes organizam caravana nacional contra PEC 55 e reforma do ensino m\u00e9dio - PSOL 50\" \/>\n<meta property=\"og:description\" content=\"No pr\u00f3ximo dia 29, a Uni\u00e3o Nacional dos Estudantes (UNE), a Uni\u00e3o Brasileira dos Estudantes Secundaristas (UBES) e a Associa\u00e7\u00e3o Nacional de P\u00f3s-Graduandos (ANPG), dentre outras entidades, v\u00e3o promover em todo o pa\u00eds a\u00a0Caravana dos Estudantes, que vai transformar Bras\u00edlia na Capital da Ocupa\u00e7\u00e3o.\u00a0O ato faz parte da mobiliza\u00e7\u00e3o nacional contra a PEC 55 (antiga [&hellip;]\" \/>\n<meta property=\"og:url\" content=\"https:\/\/psol50.org.br\/estudantes-organizam-caravana-nacional-contra-pec-55-e-reforma-do-ensino-medio\/\" \/>\n<meta property=\"og:site_name\" content=\"PSOL 50\" \/>\n<meta property=\"article:publisher\" content=\"https:\/\/www.facebook.com\/psol50\" \/>\n<meta property=\"article:published_time\" content=\"2016-11-16T22:10:03+00:00\" \/>\n<meta property=\"og:image\" content=\"https:\/\/psol50.org.br\/inc\/uploads\/2018\/07\/capa.png\" \/>\n\t<meta property=\"og:image:width\" content=\"1350\" \/>\n\t<meta property=\"og:image:height\" content=\"900\" \/>\n\t<meta property=\"og:image:type\" content=\"image\/png\" \/>\n<meta name=\"author\" content=\"Comunica\u00e7\u00e3o PSOL\" \/>\n<meta name=\"twitter:card\" content=\"summary_large_image\" \/>\n<meta name=\"twitter:creator\" content=\"@psol50\" \/>\n<meta name=\"twitter:site\" content=\"@psol50\" \/>\n<meta name=\"twitter:label1\" content=\"Escrito por\" \/>\n\t<meta name=\"twitter:data1\" content=\"Comunica\u00e7\u00e3o PSOL\" \/>\n\t<meta name=\"twitter:label2\" content=\"Est. tempo de leitura\" \/>\n\t<meta name=\"twitter:data2\" content=\"1 minuto\" \/>\n<script type=\"application\/ld+json\" class=\"yoast-schema-graph\">{\"@context\":\"https:\/\/schema.org\",\"@graph\":[{\"@type\":\"Article\",\"@id\":\"https:\/\/psol50.org.br\/estudantes-organizam-caravana-nacional-contra-pec-55-e-reforma-do-ensino-medio\/#article\",\"isPartOf\":{\"@id\":\"https:\/\/psol50.org.br\/estudantes-organizam-caravana-nacional-contra-pec-55-e-reforma-do-ensino-medio\/\"},\"author\":{\"name\":\"Comunica\u00e7\u00e3o PSOL\",\"@id\":\"https:\/\/psol50.org.br\/#\/schema\/person\/475dfa57d0b815993c714c2e96491fcd\"},\"headline\":\"Estudantes organizam caravana nacional contra PEC 55 e reforma do ensino m\u00e9dio\",\"datePublished\":\"2016-11-16T22:10:03+00:00\",\"mainEntityOfPage\":{\"@id\":\"https:\/\/psol50.org.br\/estudantes-organizam-caravana-nacional-contra-pec-55-e-reforma-do-ensino-medio\/\"},\"wordCount\":300,\"commentCount\":0,\"publisher\":{\"@id\":\"https:\/\/psol50.org.br\/#organization\"},\"image\":{\"@id\":\"https:\/\/psol50.org.br\/estudantes-organizam-caravana-nacional-contra-pec-55-e-reforma-do-ensino-medio\/#primaryimage\"},\"thumbnailUrl\":\"\",\"keywords\":[\"Escolas ocupadas\",\"Lei da Morda\u00e7a\",\"ocupa\u00e7\u00f5es\",\"PEC 55\",\"reforma do ensino m\u00e9dio\",\"Uni\u00e3o Brasileira dos Estudantes Secundaristas\",\"Uni\u00e3o Nacional dos Estudantes\"],\"articleSection\":[\"Brasil\",\"Movimento\",\"Not\u00edcias\"],\"inLanguage\":\"pt-BR\",\"potentialAction\":[{\"@type\":\"CommentAction\",\"name\":\"Comment\",\"target\":[\"https:\/\/psol50.org.br\/estudantes-organizam-caravana-nacional-contra-pec-55-e-reforma-do-ensino-medio\/#respond\"]}]},{\"@type\":\"WebPage\",\"@id\":\"https:\/\/psol50.org.br\/estudantes-organizam-caravana-nacional-contra-pec-55-e-reforma-do-ensino-medio\/\",\"url\":\"https:\/\/psol50.org.br\/estudantes-organizam-caravana-nacional-contra-pec-55-e-reforma-do-ensino-medio\/\",\"name\":\"Estudantes organizam caravana nacional contra PEC 55 e reforma do ensino m\u00e9dio - PSOL 50\",\"isPartOf\":{\"@id\":\"https:\/\/psol50.org.br\/#website\"},\"primaryImageOfPage\":{\"@id\":\"https:\/\/psol50.org.br\/estudantes-organizam-caravana-nacional-contra-pec-55-e-reforma-do-ensino-medio\/#primaryimage\"},\"image\":{\"@id\":\"https:\/\/psol50.org.br\/estudantes-organizam-caravana-nacional-contra-pec-55-e-reforma-do-ensino-medio\/#primaryimage\"},\"thumbnailUrl\":\"\",\"datePublished\":\"2016-11-16T22:10:03+00:00\",\"breadcrumb\":{\"@id\":\"https:\/\/psol50.org.br\/estudantes-organizam-caravana-nacional-contra-pec-55-e-reforma-do-ensino-medio\/#breadcrumb\"},\"inLanguage\":\"pt-BR\",\"potentialAction\":[{\"@type\":\"ReadAction\",\"target\":[\"https:\/\/psol50.org.br\/estudantes-organizam-caravana-nacional-contra-pec-55-e-reforma-do-ensino-medio\/\"]}]},{\"@type\":\"ImageObject\",\"inLanguage\":\"pt-BR\",\"@id\":\"https:\/\/psol50.org.br\/estudantes-organizam-caravana-nacional-contra-pec-55-e-reforma-do-ensino-medio\/#primaryimage\",\"url\":\"\",\"contentUrl\":\"\"},{\"@type\":\"BreadcrumbList\",\"@id\":\"https:\/\/psol50.org.br\/estudantes-organizam-caravana-nacional-contra-pec-55-e-reforma-do-ensino-medio\/#breadcrumb\",\"itemListElement\":[{\"@type\":\"ListItem\",\"position\":1,\"name\":\"In\u00edcio\",\"item\":\"https:\/\/psol50.org.br\/\"},{\"@type\":\"ListItem\",\"position\":2,\"name\":\"Estudantes organizam caravana nacional contra PEC 55 e reforma do ensino m\u00e9dio\"}]},{\"@type\":\"WebSite\",\"@id\":\"https:\/\/psol50.org.br\/#website\",\"url\":\"https:\/\/psol50.org.br\/\",\"name\":\"PSOL 50\",\"description\":\"Site oficial do Partido Socialismo e Liberdade\",\"publisher\":{\"@id\":\"https:\/\/psol50.org.br\/#organization\"},\"alternateName\":\"PSOL50\",\"potentialAction\":[{\"@type\":\"SearchAction\",\"target\":{\"@type\":\"EntryPoint\",\"urlTemplate\":\"https:\/\/psol50.org.br\/?s={search_term_string}\"},\"query-input\":{\"@type\":\"PropertyValueSpecification\",\"valueRequired\":true,\"valueName\":\"search_term_string\"}}],\"inLanguage\":\"pt-BR\"},{\"@type\":\"Organization\",\"@id\":\"https:\/\/psol50.org.br\/#organization\",\"name\":\"PSOL 50\",\"alternateName\":\"PSOL 50\",\"url\":\"https:\/\/psol50.org.br\/\",\"logo\":{\"@type\":\"ImageObject\",\"inLanguage\":\"pt-BR\",\"@id\":\"https:\/\/psol50.org.br\/#\/schema\/logo\/image\/\",\"url\":\"https:\/\/psol50.org.br\/inc\/uploads\/2018\/07\/capa.png\",\"contentUrl\":\"https:\/\/psol50.org.br\/inc\/uploads\/2018\/07\/capa.png\",\"width\":1350,\"height\":900,\"caption\":\"PSOL 50\"},\"image\":{\"@id\":\"https:\/\/psol50.org.br\/#\/schema\/logo\/image\/\"},\"sameAs\":[\"https:\/\/www.facebook.com\/psol50\",\"https:\/\/x.com\/psol50\",\"https:\/\/www.instagram.com\/psol50\/\",\"https:\/\/www.youtube.com\/channel\/UC7SnJS5o1os7a6CaiNabzcg\"]},{\"@type\":\"Person\",\"@id\":\"https:\/\/psol50.org.br\/#\/schema\/person\/475dfa57d0b815993c714c2e96491fcd\",\"name\":\"Comunica\u00e7\u00e3o PSOL\",\"image\":{\"@type\":\"ImageObject\",\"inLanguage\":\"pt-BR\",\"@id\":\"https:\/\/psol50.org.br\/#\/schema\/person\/image\/\",\"url\":\"https:\/\/secure.gravatar.com\/avatar\/b34fc4f4e468a4e51785917065a3db57b841f5c95dba6ad8c73aaf8f66f8f9bf?s=96&d=mm&r=g\",\"contentUrl\":\"https:\/\/secure.gravatar.com\/avatar\/b34fc4f4e468a4e51785917065a3db57b841f5c95dba6ad8c73aaf8f66f8f9bf?s=96&d=mm&r=g\",\"caption\":\"Comunica\u00e7\u00e3o PSOL\"}}]}<\/script>\n<!-- \/ Yoast SEO plugin. -->","yoast_head_json":{"title":"Estudantes organizam caravana nacional contra PEC 55 e reforma do ensino m\u00e9dio - PSOL 50","robots":{"index":"index","follow":"follow","max-snippet":"max-snippet:-1","max-image-preview":"max-image-preview:large","max-video-preview":"max-video-preview:-1"},"canonical":"https:\/\/psol50.org.br\/estudantes-organizam-caravana-nacional-contra-pec-55-e-reforma-do-ensino-medio\/","og_locale":"pt_BR","og_type":"article","og_title":"Estudantes organizam caravana nacional contra PEC 55 e reforma do ensino m\u00e9dio - PSOL 50","og_description":"No pr\u00f3ximo dia 29, a Uni\u00e3o Nacional dos Estudantes (UNE), a Uni\u00e3o Brasileira dos Estudantes Secundaristas (UBES) e a Associa\u00e7\u00e3o Nacional de P\u00f3s-Graduandos (ANPG), dentre outras entidades, v\u00e3o promover em todo o pa\u00eds a\u00a0Caravana dos Estudantes, que vai transformar Bras\u00edlia na Capital da Ocupa\u00e7\u00e3o.\u00a0O ato faz parte da mobiliza\u00e7\u00e3o nacional contra a PEC 55 (antiga [&hellip;]","og_url":"https:\/\/psol50.org.br\/estudantes-organizam-caravana-nacional-contra-pec-55-e-reforma-do-ensino-medio\/","og_site_name":"PSOL 50","article_publisher":"https:\/\/www.facebook.com\/psol50","article_published_time":"2016-11-16T22:10:03+00:00","og_image":[{"width":1350,"height":900,"url":"https:\/\/psol50.org.br\/inc\/uploads\/2018\/07\/capa.png","type":"image\/png"}],"author":"Comunica\u00e7\u00e3o PSOL","twitter_card":"summary_large_image","twitter_creator":"@psol50","twitter_site":"@psol50","twitter_misc":{"Escrito por":"Comunica\u00e7\u00e3o PSOL","Est. tempo de leitura":"1 minuto"},"schema":{"@context":"https:\/\/schema.org","@graph":[{"@type":"Article","@id":"https:\/\/psol50.org.br\/estudantes-organizam-caravana-nacional-contra-pec-55-e-reforma-do-ensino-medio\/#article","isPartOf":{"@id":"https:\/\/psol50.org.br\/estudantes-organizam-caravana-nacional-contra-pec-55-e-reforma-do-ensino-medio\/"},"author":{"name":"Comunica\u00e7\u00e3o PSOL","@id":"https:\/\/psol50.org.br\/#\/schema\/person\/475dfa57d0b815993c714c2e96491fcd"},"headline":"Estudantes organizam caravana nacional contra PEC 55 e reforma do ensino m\u00e9dio","datePublished":"2016-11-16T22:10:03+00:00","mainEntityOfPage":{"@id":"https:\/\/psol50.org.br\/estudantes-organizam-caravana-nacional-contra-pec-55-e-reforma-do-ensino-medio\/"},"wordCount":300,"commentCount":0,"publisher":{"@id":"https:\/\/psol50.org.br\/#organization"},"image":{"@id":"https:\/\/psol50.org.br\/estudantes-organizam-caravana-nacional-contra-pec-55-e-reforma-do-ensino-medio\/#primaryimage"},"thumbnailUrl":"","keywords":["Escolas ocupadas","Lei da Morda\u00e7a","ocupa\u00e7\u00f5es","PEC 55","reforma do ensino m\u00e9dio","Uni\u00e3o Brasileira dos Estudantes Secundaristas","Uni\u00e3o Nacional dos Estudantes"],"articleSection":["Brasil","Movimento","Not\u00edcias"],"inLanguage":"pt-BR","potentialAction":[{"@type":"CommentAction","name":"Comment","target":["https:\/\/psol50.org.br\/estudantes-organizam-caravana-nacional-contra-pec-55-e-reforma-do-ensino-medio\/#respond"]}]},{"@type":"WebPage","@id":"https:\/\/psol50.org.br\/estudantes-organizam-caravana-nacional-contra-pec-55-e-reforma-do-ensino-medio\/","url":"https:\/\/psol50.org.br\/estudantes-organizam-caravana-nacional-contra-pec-55-e-reforma-do-ensino-medio\/","name":"Estudantes organizam caravana nacional contra PEC 55 e reforma do ensino m\u00e9dio - PSOL 50","isPartOf":{"@id":"https:\/\/psol50.org.br\/#website"},"primaryImageOfPage":{"@id":"https:\/\/psol50.org.br\/estudantes-organizam-caravana-nacional-contra-pec-55-e-reforma-do-ensino-medio\/#primaryimage"},"image":{"@id":"https:\/\/psol50.org.br\/estudantes-organizam-caravana-nacional-contra-pec-55-e-reforma-do-ensino-medio\/#primaryimage"},"thumbnailUrl":"","datePublished":"2016-11-16T22:10:03+00:00","breadcrumb":{"@id":"https:\/\/psol50.org.br\/estudantes-organizam-caravana-nacional-contra-pec-55-e-reforma-do-ensino-medio\/#breadcrumb"},"inLanguage":"pt-BR","potentialAction":[{"@type":"ReadAction","target":["https:\/\/psol50.org.br\/estudantes-organizam-caravana-nacional-contra-pec-55-e-reforma-do-ensino-medio\/"]}]},{"@type":"ImageObject","inLanguage":"pt-BR","@id":"https:\/\/psol50.org.br\/estudantes-organizam-caravana-nacional-contra-pec-55-e-reforma-do-ensino-medio\/#primaryimage","url":"","contentUrl":""},{"@type":"BreadcrumbList","@id":"https:\/\/psol50.org.br\/estudantes-organizam-caravana-nacional-contra-pec-55-e-reforma-do-ensino-medio\/#breadcrumb","itemListElement":[{"@type":"ListItem","position":1,"name":"In\u00edcio","item":"https:\/\/psol50.org.br\/"},{"@type":"ListItem","position":2,"name":"Estudantes organizam caravana nacional contra PEC 55 e reforma do ensino m\u00e9dio"}]},{"@type":"WebSite","@id":"https:\/\/psol50.org.br\/#website","url":"https:\/\/psol50.org.br\/","name":"PSOL 50","description":"Site oficial do Partido Socialismo e Liberdade","publisher":{"@id":"https:\/\/psol50.org.br\/#organization"},"alternateName":"PSOL50","potentialAction":[{"@type":"SearchAction","target":{"@type":"EntryPoint","urlTemplate":"https:\/\/psol50.org.br\/?s={search_term_string}"},"query-input":{"@type":"PropertyValueSpecification","valueRequired":true,"valueName":"search_term_string"}}],"inLanguage":"pt-BR"},{"@type":"Organization","@id":"https:\/\/psol50.org.br\/#organization","name":"PSOL 50","alternateName":"PSOL 50","url":"https:\/\/psol50.org.br\/","logo":{"@type":"ImageObject","inLanguage":"pt-BR","@id":"https:\/\/psol50.org.br\/#\/schema\/logo\/image\/","url":"https:\/\/psol50.org.br\/inc\/uploads\/2018\/07\/capa.png","contentUrl":"https:\/\/psol50.org.br\/inc\/uploads\/2018\/07\/capa.png","width":1350,"height":900,"caption":"PSOL 50"},"image":{"@id":"https:\/\/psol50.org.br\/#\/schema\/logo\/image\/"},"sameAs":["https:\/\/www.facebook.com\/psol50","https:\/\/x.com\/psol50","https:\/\/www.instagram.com\/psol50\/","https:\/\/www.youtube.com\/channel\/UC7SnJS5o1os7a6CaiNabzcg"]},{"@type":"Person","@id":"https:\/\/psol50.org.br\/#\/schema\/person\/475dfa57d0b815993c714c2e96491fcd","name":"Comunica\u00e7\u00e3o PSOL","image":{"@type":"ImageObject","inLanguage":"pt-BR","@id":"https:\/\/psol50.org.br\/#\/schema\/person\/image\/","url":"https:\/\/secure.gravatar.com\/avatar\/b34fc4f4e468a4e51785917065a3db57b841f5c95dba6ad8c73aaf8f66f8f9bf?s=96&d=mm&r=g","contentUrl":"https:\/\/secure.gravatar.com\/avatar\/b34fc4f4e468a4e51785917065a3db57b841f5c95dba6ad8c73aaf8f66f8f9bf?s=96&d=mm&r=g","caption":"Comunica\u00e7\u00e3o PSOL"}}]}},"_links":{"self":[{"href":"https:\/\/psol50.org.br\/rest\/wp\/v2\/posts\/14493","targetHints":{"allow":["GET"]}}],"collection":[{"href":"https:\/\/psol50.org.br\/rest\/wp\/v2\/posts"}],"about":[{"href":"https:\/\/psol50.org.br\/rest\/wp\/v2\/types\/post"}],"author":[{"embeddable":true,"href":"https:\/\/psol50.org.br\/rest\/wp\/v2\/users\/2"}],"replies":[{"embeddable":true,"href":"https:\/\/psol50.org.br\/rest\/wp\/v2\/comments?post=14493"}],"version-history":[{"count":0,"href":"https:\/\/psol50.org.br\/rest\/wp\/v2\/posts\/14493\/revisions"}],"wp:featuredmedia":[{"embeddable":true,"href":"https:\/\/psol50.org.br\/rest\/"}],"wp:attachment":[{"href":"https:\/\/psol50.org.br\/rest\/wp\/v2\/media?parent=14493"}],"wp:term":[{"taxonomy":"category","embeddable":true,"href":"https:\/\/psol50.org.br\/rest\/wp\/v2\/categories?post=14493"},{"taxonomy":"post_tag","embeddable":true,"href":"https:\/\/psol50.org.br\/rest\/wp\/v2\/tags?post=14493"}],"curies":[{"name":"wp","href":"https:\/\/api.w.org\/{rel}","templated":true}]}}