{"id":14544,"date":"2016-11-20T04:37:52","date_gmt":"2016-11-20T04:37:52","guid":{"rendered":"http:\/\/www.psol50.org.br\/?p=14544"},"modified":"2016-11-20T04:37:52","modified_gmt":"2016-11-20T04:37:52","slug":"joselicio-junior-a-casa-grande-ainda-precisa-ser-derrubada","status":"publish","type":"post","link":"https:\/\/psol50.org.br\/joselicio-junior-a-casa-grande-ainda-precisa-ser-derrubada\/","title":{"rendered":"Josel\u00edcio J\u00fanior | A Casa Grande ainda precisa ser derrubada!"},"content":{"rendered":"<p>A Casa Grande ainda precisa ser derrubada! Desde o final da d\u00e9cada de 70 que o movimento negro brasileiro revindica o dia 20 de novembro como Dia Nacional da Consci\u00eancia Negra, data que remonta a morte do l\u00edder Zumbi do Quilombo dos Palmares, s\u00edmbolo de resist\u00eancia contra o regime escravocrata. Essa foi uma forma encontrada para fazer um contraponto ao 13 de maio, data da assinatura da Lei \u00c1urea que instituiu o fim da escravid\u00e3o, mas que para o movimento simbolizou uma falsa aboli\u00e7\u00e3o, ou uma aboli\u00e7\u00e3o inconclusa, pois as negras e negros foram entregues a sua pr\u00f3pria sorte.<\/p>\n<p><span style=\"font-weight: 400\">A chegada de mais um Dia da Consci\u00eancia Negra nos enche de orgulho, pois somos herdeiras e herdeiros de guerreiras e guerreiros que dedicaram suas vidas na luta por liberdade. O que nos encoraja a seguir firme na nossa caminhada em busca de uma sociedade mais justa, por outro lado nos faz refletir profundamente sobre os ataques brutais que continuamos sofrendo.<\/span><\/p>\n<p><span style=\"font-weight: 400\">O projeto que est\u00e1 em curso em nosso pa\u00eds imp\u00f5e sacrif\u00edcios hom\u00e9ricos para o andar de baixo da pir\u00e2mide social brasileira. Sabemos que a democracia n\u00e3o chegou plenamente nas periferias, que o racismo ainda determina quem s\u00e3o os cidad\u00e3os de bem e os suspeitos padr\u00f5es, quem s\u00e3o os protegido e os que s\u00e3o assassinados pelo Estado, quem s\u00e3os as(os) adolescentes com direitos e que s\u00e3o as(os) menores infratores. <\/span><\/p>\n<p><span style=\"font-weight: 400\">Os ataques \u00e0\u00a0escola p\u00fablica como o projeto de Escola Sem Partido, a reforma do ensino m\u00e9dio para torn\u00e1-lo tecnicista, retirando disciplinas que provocam o pensamento cr\u00edtico e o congelamento dos gastos por 20 anos s\u00e3o uma express\u00e3o bem acabada do projeto da elite nacional que n\u00e3o tolera o m\u00ednimo conquistado no \u00faltimo per\u00edodo que \u00e9, por exemplo, a educa\u00e7\u00e3o como um direito de todos e um dever do Estado. Sem contar o processo sistem\u00e1tico de sucateamento dos equipamentos p\u00fablicos e completa desvaloriza\u00e7\u00e3o dos profissionais que j\u00e1 est\u00e3o sofrendo perdas salariais h\u00e1 anos. <\/span><\/p>\n<p><span style=\"font-weight: 400\">Ter escolas p\u00fablicas espalhas pelos quatro cantos do pa\u00eds, principalmente nas periferias, formando jovens com o m\u00ednimo de pensamento cr\u00edtico \u00e9 uma armadilha para o sistema. O m\u00ednimo de inclus\u00e3o que permitiu que jovens negros e perif\u00e9ricos entrassem na universidade e se formassem professores produziu uma gera\u00e7\u00e3o de profissionais de educa\u00e7\u00e3o que retornaram para as suas comunidades e deram um novo sentido para a educa\u00e7\u00e3o, estreitou a rela\u00e7\u00e3o professor, aluno, contribuiu para forma\u00e7\u00e3o de uma gera\u00e7\u00e3o de estudantes cr\u00edticos que alinhados com as novas tecnologias e a era da informa\u00e7\u00e3o protagonizaram importantes mobiliza\u00e7\u00f5es populares como: contra o aumento da tarifa em junho de 2013, contra a reorganiza\u00e7\u00e3o escolar em 2015 e hoje h\u00e1 diversas escolas ocupadas contras as reformas no ensino. <\/span><\/p>\n<p><span style=\"font-weight: 400\">\u00c9 n\u00edtido tamb\u00e9m perceber como cresceu a identidade \u00e9tnica, o aumento significativo de jovens assumindo sua negritude atrav\u00e9s da afirma\u00e7\u00e3o do seu cabelo, da sua est\u00e9tica. Com o avan\u00e7o dos n\u00facleos culturais de periferia o termo \u201cperiferia\u201d ganha novo contorno, ser perif\u00e9rico torna-se sin\u00f4nimo de identidade cultual, territorial, social e pol\u00edtica. Pautas como o feminismo, identidade de g\u00eanero e orienta\u00e7\u00e3o sexual, ganham mais espa\u00e7o. Dentro de um pa\u00eds aristocr\u00e1tico, extremante conservador, concentrador de riqueza e patriarcal como o nosso, que tem como base estrutural o racismo e o machismo, o avan\u00e7o da discuss\u00e3o racial e de g\u00eanero \u00e9 uma amea\u00e7a a estrutura de poder vigente.<\/span><\/p>\n<p><span style=\"font-weight: 400\">N\u00e3o \u00e9 por acaso, \u00a0que a Lei 10.639 e 11 645 que institui a obrigatoriedade do ensino da hist\u00f3ria e da cultura africana, afro-brasileira e ind\u00edgena n\u00e3o consegue avan\u00e7ar, que al\u00e9m das dificuldades estruturais do ensino, tamb\u00e9m enfrenta as barreiras e resist\u00eancias ideol\u00f3gicas que perpassa desde o papel da grande m\u00eddia at\u00e9 o fundamentalismo religioso que criminaliza as manifesta\u00e7\u00f5es tradicionais e religiosas de matriz africana, produzindo intoler\u00e2ncia e persegui\u00e7\u00f5es e tudo isso chega na forma\u00e7\u00e3o do professores e na sala de aula.<\/span><\/p>\n<p><span style=\"font-weight: 400\">Os ataques conservadores atuais n\u00e3o se restringem ao campo econ\u00f4mico, com perdas de direitos e perda da capacidade de consumo dos mais pobres, n\u00e3o se restringem ao campo social, onde tamb\u00e9m estamos assistindo um avan\u00e7o brutal da faxina \u00e9tnica do nosso povo, mas o ataque tamb\u00e9m est\u00e1 no campo ideol\u00f3gico, na batalha das ideias, das narrativas, dos valores sociais e humanit\u00e1rios, por isso, nunca foi t\u00e3o necess\u00e1rio falar de consci\u00eancia negra, \u00a0de resist\u00eancia negra, de identidade negra. \u00a0<\/span><\/p>\n<p><span style=\"font-weight: 400\">O movimento negro brasileiro conseguiu estabelecer o mito da democracia racial, conseguiu abrir fissuras no sistema com a implementa\u00e7\u00e3o de pol\u00edticas de cotas nas universidades e servi\u00e7o publico, medidas que inclusive est\u00e3o amea\u00e7adas e o racismo nunca esteve t\u00e3o escancarado como hoje. A constru\u00e7\u00e3o de uma narrativa de resist\u00eancia, um processo sistem\u00e1tico de conscientiza\u00e7\u00e3o e forma\u00e7\u00e3o social, denunciar as armadilhas da meritocracia e das sa\u00eddas individua s\u00e3o tarefas urgentes que devem se somar a luta de sobreviv\u00eancia do nosso povo, quanto menos democracia, quantos menos escola p\u00fablica critica e de qualidade, quanto menos distribui\u00e7\u00e3o de riqueza, sobra repress\u00e3o, viol\u00eancia e a\u00e7\u00e3o genocida do Estado. Continuemos resistindo! A Casa Grande ainda precisa ser derrubada!<\/span><\/p>\n","protected":false},"excerpt":{"rendered":"<p>A Casa Grande ainda precisa ser derrubada! Desde o final da d\u00e9cada de 70 que o movimento negro brasileiro revindica o dia 20 de novembro como Dia Nacional da Consci\u00eancia Negra, data que remonta a morte do l\u00edder Zumbi do Quilombo dos Palmares, s\u00edmbolo de resist\u00eancia contra o regime escravocrata. Essa foi uma forma encontrada [&hellip;]<\/p>\n","protected":false},"author":2,"featured_media":14547,"comment_status":"open","ping_status":"open","sticky":false,"template":"","format":"standard","meta":{"_acf_changed":false,"footnotes":""},"categories":[3,1882,1104],"tags":[3794,4653,2123,2275,5,765,795],"class_list":{"0":"post-14544","1":"post","2":"type-post","3":"status-publish","4":"format-standard","5":"has-post-thumbnail","7":"category-artigos-e-entrevistas","8":"category-brasil","9":"category-movimento","10":"tag-20-de-novembro","11":"tag-casa-grande","12":"tag-dia-da-consciencia-negra","13":"tag-joselicio-junior","14":"tag-negras","15":"tag-negros","16":"tag-zumbi-dos-palmares"},"acf":[],"yoast_head":"<!-- This site is optimized with the Yoast SEO plugin v26.5 - https:\/\/yoast.com\/wordpress\/plugins\/seo\/ -->\n<title>Josel\u00edcio J\u00fanior | A Casa Grande ainda precisa ser derrubada! - PSOL 50<\/title>\n<meta name=\"robots\" content=\"index, follow, max-snippet:-1, max-image-preview:large, max-video-preview:-1\" \/>\n<link rel=\"canonical\" href=\"https:\/\/psol50.org.br\/joselicio-junior-a-casa-grande-ainda-precisa-ser-derrubada\/\" \/>\n<meta property=\"og:locale\" content=\"pt_BR\" \/>\n<meta property=\"og:type\" content=\"article\" \/>\n<meta property=\"og:title\" content=\"Josel\u00edcio J\u00fanior | A Casa Grande ainda precisa ser derrubada! - PSOL 50\" \/>\n<meta property=\"og:description\" content=\"A Casa Grande ainda precisa ser derrubada! Desde o final da d\u00e9cada de 70 que o movimento negro brasileiro revindica o dia 20 de novembro como Dia Nacional da Consci\u00eancia Negra, data que remonta a morte do l\u00edder Zumbi do Quilombo dos Palmares, s\u00edmbolo de resist\u00eancia contra o regime escravocrata. Essa foi uma forma encontrada [&hellip;]\" \/>\n<meta property=\"og:url\" content=\"https:\/\/psol50.org.br\/joselicio-junior-a-casa-grande-ainda-precisa-ser-derrubada\/\" \/>\n<meta property=\"og:site_name\" content=\"PSOL 50\" \/>\n<meta property=\"article:publisher\" content=\"https:\/\/www.facebook.com\/psol50\" \/>\n<meta property=\"article:published_time\" content=\"2016-11-20T04:37:52+00:00\" \/>\n<meta property=\"og:image\" content=\"https:\/\/psol50.org.br\/inc\/uploads\/2016\/11\/Liberdade-negra-600x400-1.jpg\" \/>\n\t<meta property=\"og:image:width\" content=\"1350\" \/>\n\t<meta property=\"og:image:height\" content=\"900\" \/>\n\t<meta property=\"og:image:type\" content=\"image\/jpeg\" \/>\n<meta name=\"author\" content=\"Comunica\u00e7\u00e3o PSOL\" \/>\n<meta name=\"twitter:card\" content=\"summary_large_image\" \/>\n<meta name=\"twitter:creator\" content=\"@psol50\" \/>\n<meta name=\"twitter:site\" content=\"@psol50\" \/>\n<meta name=\"twitter:label1\" content=\"Escrito por\" \/>\n\t<meta name=\"twitter:data1\" content=\"Comunica\u00e7\u00e3o PSOL\" \/>\n\t<meta name=\"twitter:label2\" content=\"Est. tempo de leitura\" \/>\n\t<meta name=\"twitter:data2\" content=\"5 minutos\" \/>\n<script type=\"application\/ld+json\" class=\"yoast-schema-graph\">{\"@context\":\"https:\/\/schema.org\",\"@graph\":[{\"@type\":\"Article\",\"@id\":\"https:\/\/psol50.org.br\/joselicio-junior-a-casa-grande-ainda-precisa-ser-derrubada\/#article\",\"isPartOf\":{\"@id\":\"https:\/\/psol50.org.br\/joselicio-junior-a-casa-grande-ainda-precisa-ser-derrubada\/\"},\"author\":{\"name\":\"Comunica\u00e7\u00e3o PSOL\",\"@id\":\"https:\/\/psol50.org.br\/#\/schema\/person\/475dfa57d0b815993c714c2e96491fcd\"},\"headline\":\"Josel\u00edcio J\u00fanior | A Casa Grande ainda precisa ser derrubada!\",\"datePublished\":\"2016-11-20T04:37:52+00:00\",\"mainEntityOfPage\":{\"@id\":\"https:\/\/psol50.org.br\/joselicio-junior-a-casa-grande-ainda-precisa-ser-derrubada\/\"},\"wordCount\":935,\"commentCount\":0,\"publisher\":{\"@id\":\"https:\/\/psol50.org.br\/#organization\"},\"image\":{\"@id\":\"https:\/\/psol50.org.br\/joselicio-junior-a-casa-grande-ainda-precisa-ser-derrubada\/#primaryimage\"},\"thumbnailUrl\":\"https:\/\/psol50.org.br\/inc\/uploads\/2016\/11\/Liberdade-negra-600x400-1.jpg\",\"keywords\":[\"20 de novembro\",\"casa grande\",\"Dia da Consci\u00eancia Negra\",\"Joselicio Junior\",\"negras\",\"negros\",\"Zumbi dos Palmares\"],\"articleSection\":[\"Artigos\",\"Brasil\",\"Movimento\"],\"inLanguage\":\"pt-BR\",\"potentialAction\":[{\"@type\":\"CommentAction\",\"name\":\"Comment\",\"target\":[\"https:\/\/psol50.org.br\/joselicio-junior-a-casa-grande-ainda-precisa-ser-derrubada\/#respond\"]}]},{\"@type\":\"WebPage\",\"@id\":\"https:\/\/psol50.org.br\/joselicio-junior-a-casa-grande-ainda-precisa-ser-derrubada\/\",\"url\":\"https:\/\/psol50.org.br\/joselicio-junior-a-casa-grande-ainda-precisa-ser-derrubada\/\",\"name\":\"Josel\u00edcio J\u00fanior | A Casa Grande ainda precisa ser derrubada! - PSOL 50\",\"isPartOf\":{\"@id\":\"https:\/\/psol50.org.br\/#website\"},\"primaryImageOfPage\":{\"@id\":\"https:\/\/psol50.org.br\/joselicio-junior-a-casa-grande-ainda-precisa-ser-derrubada\/#primaryimage\"},\"image\":{\"@id\":\"https:\/\/psol50.org.br\/joselicio-junior-a-casa-grande-ainda-precisa-ser-derrubada\/#primaryimage\"},\"thumbnailUrl\":\"https:\/\/psol50.org.br\/inc\/uploads\/2016\/11\/Liberdade-negra-600x400-1.jpg\",\"datePublished\":\"2016-11-20T04:37:52+00:00\",\"breadcrumb\":{\"@id\":\"https:\/\/psol50.org.br\/joselicio-junior-a-casa-grande-ainda-precisa-ser-derrubada\/#breadcrumb\"},\"inLanguage\":\"pt-BR\",\"potentialAction\":[{\"@type\":\"ReadAction\",\"target\":[\"https:\/\/psol50.org.br\/joselicio-junior-a-casa-grande-ainda-precisa-ser-derrubada\/\"]}]},{\"@type\":\"ImageObject\",\"inLanguage\":\"pt-BR\",\"@id\":\"https:\/\/psol50.org.br\/joselicio-junior-a-casa-grande-ainda-precisa-ser-derrubada\/#primaryimage\",\"url\":\"https:\/\/psol50.org.br\/inc\/uploads\/2016\/11\/Liberdade-negra-600x400-1.jpg\",\"contentUrl\":\"https:\/\/psol50.org.br\/inc\/uploads\/2016\/11\/Liberdade-negra-600x400-1.jpg\",\"width\":1350,\"height\":900},{\"@type\":\"BreadcrumbList\",\"@id\":\"https:\/\/psol50.org.br\/joselicio-junior-a-casa-grande-ainda-precisa-ser-derrubada\/#breadcrumb\",\"itemListElement\":[{\"@type\":\"ListItem\",\"position\":1,\"name\":\"In\u00edcio\",\"item\":\"https:\/\/psol50.org.br\/\"},{\"@type\":\"ListItem\",\"position\":2,\"name\":\"Josel\u00edcio J\u00fanior | A Casa Grande ainda precisa ser derrubada!\"}]},{\"@type\":\"WebSite\",\"@id\":\"https:\/\/psol50.org.br\/#website\",\"url\":\"https:\/\/psol50.org.br\/\",\"name\":\"PSOL 50\",\"description\":\"Site oficial do Partido Socialismo e Liberdade\",\"publisher\":{\"@id\":\"https:\/\/psol50.org.br\/#organization\"},\"alternateName\":\"PSOL50\",\"potentialAction\":[{\"@type\":\"SearchAction\",\"target\":{\"@type\":\"EntryPoint\",\"urlTemplate\":\"https:\/\/psol50.org.br\/?s={search_term_string}\"},\"query-input\":{\"@type\":\"PropertyValueSpecification\",\"valueRequired\":true,\"valueName\":\"search_term_string\"}}],\"inLanguage\":\"pt-BR\"},{\"@type\":\"Organization\",\"@id\":\"https:\/\/psol50.org.br\/#organization\",\"name\":\"PSOL 50\",\"alternateName\":\"PSOL 50\",\"url\":\"https:\/\/psol50.org.br\/\",\"logo\":{\"@type\":\"ImageObject\",\"inLanguage\":\"pt-BR\",\"@id\":\"https:\/\/psol50.org.br\/#\/schema\/logo\/image\/\",\"url\":\"https:\/\/psol50.org.br\/inc\/uploads\/2018\/07\/capa.png\",\"contentUrl\":\"https:\/\/psol50.org.br\/inc\/uploads\/2018\/07\/capa.png\",\"width\":1350,\"height\":900,\"caption\":\"PSOL 50\"},\"image\":{\"@id\":\"https:\/\/psol50.org.br\/#\/schema\/logo\/image\/\"},\"sameAs\":[\"https:\/\/www.facebook.com\/psol50\",\"https:\/\/x.com\/psol50\",\"https:\/\/www.instagram.com\/psol50\/\",\"https:\/\/www.youtube.com\/channel\/UC7SnJS5o1os7a6CaiNabzcg\"]},{\"@type\":\"Person\",\"@id\":\"https:\/\/psol50.org.br\/#\/schema\/person\/475dfa57d0b815993c714c2e96491fcd\",\"name\":\"Comunica\u00e7\u00e3o PSOL\",\"image\":{\"@type\":\"ImageObject\",\"inLanguage\":\"pt-BR\",\"@id\":\"https:\/\/psol50.org.br\/#\/schema\/person\/image\/\",\"url\":\"https:\/\/secure.gravatar.com\/avatar\/b34fc4f4e468a4e51785917065a3db57b841f5c95dba6ad8c73aaf8f66f8f9bf?s=96&d=mm&r=g\",\"contentUrl\":\"https:\/\/secure.gravatar.com\/avatar\/b34fc4f4e468a4e51785917065a3db57b841f5c95dba6ad8c73aaf8f66f8f9bf?s=96&d=mm&r=g\",\"caption\":\"Comunica\u00e7\u00e3o PSOL\"}}]}<\/script>\n<!-- \/ Yoast SEO plugin. -->","yoast_head_json":{"title":"Josel\u00edcio J\u00fanior | A Casa Grande ainda precisa ser derrubada! - PSOL 50","robots":{"index":"index","follow":"follow","max-snippet":"max-snippet:-1","max-image-preview":"max-image-preview:large","max-video-preview":"max-video-preview:-1"},"canonical":"https:\/\/psol50.org.br\/joselicio-junior-a-casa-grande-ainda-precisa-ser-derrubada\/","og_locale":"pt_BR","og_type":"article","og_title":"Josel\u00edcio J\u00fanior | A Casa Grande ainda precisa ser derrubada! - PSOL 50","og_description":"A Casa Grande ainda precisa ser derrubada! Desde o final da d\u00e9cada de 70 que o movimento negro brasileiro revindica o dia 20 de novembro como Dia Nacional da Consci\u00eancia Negra, data que remonta a morte do l\u00edder Zumbi do Quilombo dos Palmares, s\u00edmbolo de resist\u00eancia contra o regime escravocrata. Essa foi uma forma encontrada [&hellip;]","og_url":"https:\/\/psol50.org.br\/joselicio-junior-a-casa-grande-ainda-precisa-ser-derrubada\/","og_site_name":"PSOL 50","article_publisher":"https:\/\/www.facebook.com\/psol50","article_published_time":"2016-11-20T04:37:52+00:00","og_image":[{"width":1350,"height":900,"url":"https:\/\/psol50.org.br\/inc\/uploads\/2016\/11\/Liberdade-negra-600x400-1.jpg","type":"image\/jpeg"}],"author":"Comunica\u00e7\u00e3o PSOL","twitter_card":"summary_large_image","twitter_creator":"@psol50","twitter_site":"@psol50","twitter_misc":{"Escrito por":"Comunica\u00e7\u00e3o PSOL","Est. tempo de leitura":"5 minutos"},"schema":{"@context":"https:\/\/schema.org","@graph":[{"@type":"Article","@id":"https:\/\/psol50.org.br\/joselicio-junior-a-casa-grande-ainda-precisa-ser-derrubada\/#article","isPartOf":{"@id":"https:\/\/psol50.org.br\/joselicio-junior-a-casa-grande-ainda-precisa-ser-derrubada\/"},"author":{"name":"Comunica\u00e7\u00e3o PSOL","@id":"https:\/\/psol50.org.br\/#\/schema\/person\/475dfa57d0b815993c714c2e96491fcd"},"headline":"Josel\u00edcio J\u00fanior | A Casa Grande ainda precisa ser derrubada!","datePublished":"2016-11-20T04:37:52+00:00","mainEntityOfPage":{"@id":"https:\/\/psol50.org.br\/joselicio-junior-a-casa-grande-ainda-precisa-ser-derrubada\/"},"wordCount":935,"commentCount":0,"publisher":{"@id":"https:\/\/psol50.org.br\/#organization"},"image":{"@id":"https:\/\/psol50.org.br\/joselicio-junior-a-casa-grande-ainda-precisa-ser-derrubada\/#primaryimage"},"thumbnailUrl":"https:\/\/psol50.org.br\/inc\/uploads\/2016\/11\/Liberdade-negra-600x400-1.jpg","keywords":["20 de novembro","casa grande","Dia da Consci\u00eancia Negra","Joselicio Junior","negras","negros","Zumbi dos Palmares"],"articleSection":["Artigos","Brasil","Movimento"],"inLanguage":"pt-BR","potentialAction":[{"@type":"CommentAction","name":"Comment","target":["https:\/\/psol50.org.br\/joselicio-junior-a-casa-grande-ainda-precisa-ser-derrubada\/#respond"]}]},{"@type":"WebPage","@id":"https:\/\/psol50.org.br\/joselicio-junior-a-casa-grande-ainda-precisa-ser-derrubada\/","url":"https:\/\/psol50.org.br\/joselicio-junior-a-casa-grande-ainda-precisa-ser-derrubada\/","name":"Josel\u00edcio J\u00fanior | A Casa Grande ainda precisa ser derrubada! - PSOL 50","isPartOf":{"@id":"https:\/\/psol50.org.br\/#website"},"primaryImageOfPage":{"@id":"https:\/\/psol50.org.br\/joselicio-junior-a-casa-grande-ainda-precisa-ser-derrubada\/#primaryimage"},"image":{"@id":"https:\/\/psol50.org.br\/joselicio-junior-a-casa-grande-ainda-precisa-ser-derrubada\/#primaryimage"},"thumbnailUrl":"https:\/\/psol50.org.br\/inc\/uploads\/2016\/11\/Liberdade-negra-600x400-1.jpg","datePublished":"2016-11-20T04:37:52+00:00","breadcrumb":{"@id":"https:\/\/psol50.org.br\/joselicio-junior-a-casa-grande-ainda-precisa-ser-derrubada\/#breadcrumb"},"inLanguage":"pt-BR","potentialAction":[{"@type":"ReadAction","target":["https:\/\/psol50.org.br\/joselicio-junior-a-casa-grande-ainda-precisa-ser-derrubada\/"]}]},{"@type":"ImageObject","inLanguage":"pt-BR","@id":"https:\/\/psol50.org.br\/joselicio-junior-a-casa-grande-ainda-precisa-ser-derrubada\/#primaryimage","url":"https:\/\/psol50.org.br\/inc\/uploads\/2016\/11\/Liberdade-negra-600x400-1.jpg","contentUrl":"https:\/\/psol50.org.br\/inc\/uploads\/2016\/11\/Liberdade-negra-600x400-1.jpg","width":1350,"height":900},{"@type":"BreadcrumbList","@id":"https:\/\/psol50.org.br\/joselicio-junior-a-casa-grande-ainda-precisa-ser-derrubada\/#breadcrumb","itemListElement":[{"@type":"ListItem","position":1,"name":"In\u00edcio","item":"https:\/\/psol50.org.br\/"},{"@type":"ListItem","position":2,"name":"Josel\u00edcio J\u00fanior | A Casa Grande ainda precisa ser derrubada!"}]},{"@type":"WebSite","@id":"https:\/\/psol50.org.br\/#website","url":"https:\/\/psol50.org.br\/","name":"PSOL 50","description":"Site oficial do Partido Socialismo e Liberdade","publisher":{"@id":"https:\/\/psol50.org.br\/#organization"},"alternateName":"PSOL50","potentialAction":[{"@type":"SearchAction","target":{"@type":"EntryPoint","urlTemplate":"https:\/\/psol50.org.br\/?s={search_term_string}"},"query-input":{"@type":"PropertyValueSpecification","valueRequired":true,"valueName":"search_term_string"}}],"inLanguage":"pt-BR"},{"@type":"Organization","@id":"https:\/\/psol50.org.br\/#organization","name":"PSOL 50","alternateName":"PSOL 50","url":"https:\/\/psol50.org.br\/","logo":{"@type":"ImageObject","inLanguage":"pt-BR","@id":"https:\/\/psol50.org.br\/#\/schema\/logo\/image\/","url":"https:\/\/psol50.org.br\/inc\/uploads\/2018\/07\/capa.png","contentUrl":"https:\/\/psol50.org.br\/inc\/uploads\/2018\/07\/capa.png","width":1350,"height":900,"caption":"PSOL 50"},"image":{"@id":"https:\/\/psol50.org.br\/#\/schema\/logo\/image\/"},"sameAs":["https:\/\/www.facebook.com\/psol50","https:\/\/x.com\/psol50","https:\/\/www.instagram.com\/psol50\/","https:\/\/www.youtube.com\/channel\/UC7SnJS5o1os7a6CaiNabzcg"]},{"@type":"Person","@id":"https:\/\/psol50.org.br\/#\/schema\/person\/475dfa57d0b815993c714c2e96491fcd","name":"Comunica\u00e7\u00e3o PSOL","image":{"@type":"ImageObject","inLanguage":"pt-BR","@id":"https:\/\/psol50.org.br\/#\/schema\/person\/image\/","url":"https:\/\/secure.gravatar.com\/avatar\/b34fc4f4e468a4e51785917065a3db57b841f5c95dba6ad8c73aaf8f66f8f9bf?s=96&d=mm&r=g","contentUrl":"https:\/\/secure.gravatar.com\/avatar\/b34fc4f4e468a4e51785917065a3db57b841f5c95dba6ad8c73aaf8f66f8f9bf?s=96&d=mm&r=g","caption":"Comunica\u00e7\u00e3o PSOL"}}]}},"_links":{"self":[{"href":"https:\/\/psol50.org.br\/rest\/wp\/v2\/posts\/14544","targetHints":{"allow":["GET"]}}],"collection":[{"href":"https:\/\/psol50.org.br\/rest\/wp\/v2\/posts"}],"about":[{"href":"https:\/\/psol50.org.br\/rest\/wp\/v2\/types\/post"}],"author":[{"embeddable":true,"href":"https:\/\/psol50.org.br\/rest\/wp\/v2\/users\/2"}],"replies":[{"embeddable":true,"href":"https:\/\/psol50.org.br\/rest\/wp\/v2\/comments?post=14544"}],"version-history":[{"count":0,"href":"https:\/\/psol50.org.br\/rest\/wp\/v2\/posts\/14544\/revisions"}],"wp:featuredmedia":[{"embeddable":true,"href":"https:\/\/psol50.org.br\/rest\/wp\/v2\/media\/14547"}],"wp:attachment":[{"href":"https:\/\/psol50.org.br\/rest\/wp\/v2\/media?parent=14544"}],"wp:term":[{"taxonomy":"category","embeddable":true,"href":"https:\/\/psol50.org.br\/rest\/wp\/v2\/categories?post=14544"},{"taxonomy":"post_tag","embeddable":true,"href":"https:\/\/psol50.org.br\/rest\/wp\/v2\/tags?post=14544"}],"curies":[{"name":"wp","href":"https:\/\/api.w.org\/{rel}","templated":true}]}}