{"id":14574,"date":"2016-11-22T19:23:44","date_gmt":"2016-11-22T19:23:44","guid":{"rendered":"http:\/\/www.psol50.org.br\/?p=14574"},"modified":"2016-11-22T19:23:44","modified_gmt":"2016-11-22T19:23:44","slug":"docentes-deflagram-greve-nacional-nesta-quinta-feira-24","status":"publish","type":"post","link":"https:\/\/psol50.org.br\/docentes-deflagram-greve-nacional-nesta-quinta-feira-24\/","title":{"rendered":"Docentes deflagram greve nacional nesta quinta-feira (24)"},"content":{"rendered":"<p>Na luta contra a PEC 55, de Teto de Gastos, os docentes de ensino superior deflagram greve nacional nesta quinta-feira (24). Na mesma data, ser\u00e1 montado o Comando Nacional de Greve em Bras\u00edlia.<\/p>\n<p>A decis\u00e3o foi tomada em reuni\u00e3o nacional, no \u00faltimo fim de semana (19 e 20), com a participa\u00e7\u00e3o de 41 se\u00e7\u00f5es sindicais do Sindicato Nacional dos Setores das Institui\u00e7\u00f5es Federais de Ensino (Ifes) e das Institui\u00e7\u00f5es Estaduais e Municipais de Ensino Superior (Iees\/Imes).<\/p>\n<p>Segundo a Associa\u00e7\u00e3o Nacional de Docentes de Ensino Superior (Andes), sindicato nacional da categoria, essa ser\u00e1 a primeira greve nacional unificada entre os dois setores desde a luta contra a \u00faltima Reforma da Previd\u00eancia, em 2003.<\/p>\n<p>O sindicato prev\u00ea que a greve ser\u00e1 iniciada j\u00e1 com cerca de 30 se\u00e7\u00f5es sindicais\u00a0com atividades paralisadas &#8211; hoje, s\u00e3o 25 em greve e mais 15 com indicativo.<\/p>\n<p>Para a presidenta do Andes, Eblin Farage,\u00a0\u00a0a greve ser\u00e1 de ocupa\u00e7\u00e3o das universidades e institutos, de intenso di\u00e1logo com a comunidade acad\u00eamica e tamb\u00e9m com a popula\u00e7\u00e3o.<\/p>\n<p>&#8220;\u00c9 necess\u00e1rio que, tanto os segmentos da comunidade acad\u00eamica quanto a popula\u00e7\u00e3o como um todo, entendam que a pauta da nossa greve n\u00e3o \u00e9 uma pauta corporativa, mas \u00e9 uma pauta da sociedade, que \u00e9 a defesa da educa\u00e7\u00e3o p\u00fablica. Por isso, a nossa indica\u00e7\u00e3o \u00e9 por uma greve de ocupa\u00e7\u00e3o, que realize atividades p\u00fablicas nas universidades, oficinas, aulas, debates, em conjunto com os estudantes, que na maior parte das universidades j\u00e1 est\u00e3o ocupando, e com os t\u00e9cnico-administrativos, que tamb\u00e9m est\u00e3o em greve, envolvendo os movimentos sociais e a popula\u00e7\u00e3o como um todo\u201d.<\/p>\n<p><strong>Confira a agenda:<\/strong><br \/>\n21 a 24\/11 \u2013 rodada de AG para deflagra\u00e7\u00e3o da greve nacional nas se\u00e7\u00f5es sindicais.<br \/>\n24\/11 \u2013 Deflagra\u00e7\u00e3o da greve nacional de docentes das IES P\u00fablicas da Carreira EBTT e Magist\u00e9rio Superior, com instala\u00e7\u00e3o do Comando Nacional de Greve.<br \/>\n25\/11 \u2013 Dia Nacional de Luta com mobiliza\u00e7\u00e3o, protestos e paralisa\u00e7\u00f5es\/greves e para constru\u00e7\u00e3o da greve geral.<br \/>\n25\/11 \u2013 Dia Internacional da N\u00e3o-Viol\u00eancia contra a Mulher;<br \/>\n28\/11 \u2013 Dia de atividades no senado.<br \/>\n29\/11 \u2013 Marcha Nacional a Bras\u00edlia: Ocupa Bras\u00edlia<br \/>\n<strong>Lista das Se\u00e7\u00f5es Sindicais em greve:<\/strong><br \/>\nADUFPA<br \/>\nADUFRA<br \/>\nSINDIFPI<br \/>\nADUFC[1]<br \/>\nSINDUNIVASF<br \/>\nADUFEPE<br \/>\nADUPE<br \/>\nADUFERPE<br \/>\nADUFOB<br \/>\nSINDIUFSB<br \/>\nADCAC<br \/>\nADCAJ<br \/>\nSESDIFMT<br \/>\nADUFLA<br \/>\nADUFOP<br \/>\nADUFSJ<br \/>\nADUNIFAL<br \/>\nADUFVJM<br \/>\nADUFES<br \/>\nADUFU<br \/>\nADUFTM<br \/>\nUFMG[2]<br \/>\nADUR-RJ<br \/>\nAPROFURG<br \/>\nADUFPEL<br \/>\nSEDUFSM<br \/>\nSSIND ANDES UFRGS<\/p>\n<p>&nbsp;<\/p>\n","protected":false},"excerpt":{"rendered":"<p>Na luta contra a PEC 55, de Teto de Gastos, os docentes de ensino superior deflagram greve nacional nesta quinta-feira (24). Na mesma data, ser\u00e1 montado o Comando Nacional de Greve em Bras\u00edlia. A decis\u00e3o foi tomada em reuni\u00e3o nacional, no \u00faltimo fim de semana (19 e 20), com a participa\u00e7\u00e3o de 41 se\u00e7\u00f5es sindicais [&hellip;]<\/p>\n","protected":false},"author":2,"featured_media":14579,"comment_status":"open","ping_status":"open","sticky":false,"template":"","format":"standard","meta":{"_acf_changed":false,"footnotes":""},"categories":[1882,1104,6],"tags":[4534,221,4641,4619,272],"class_list":{"0":"post-14574","1":"post","2":"type-post","3":"status-publish","4":"format-standard","5":"has-post-thumbnail","7":"category-brasil","8":"category-movimento","9":"category-noticias","10":"tag-andes","11":"tag-greve","12":"tag-pec-55","13":"tag-pec-do-fim-do-mundo","14":"tag-professores"},"acf":[],"yoast_head":"<!-- This site is optimized with the Yoast SEO plugin v26.5 - https:\/\/yoast.com\/wordpress\/plugins\/seo\/ -->\n<title>Docentes deflagram greve nacional nesta quinta-feira (24) - PSOL 50<\/title>\n<meta name=\"robots\" content=\"index, follow, max-snippet:-1, max-image-preview:large, max-video-preview:-1\" \/>\n<link rel=\"canonical\" href=\"https:\/\/psol50.org.br\/docentes-deflagram-greve-nacional-nesta-quinta-feira-24\/\" \/>\n<meta property=\"og:locale\" content=\"pt_BR\" \/>\n<meta property=\"og:type\" content=\"article\" \/>\n<meta property=\"og:title\" content=\"Docentes deflagram greve nacional nesta quinta-feira (24) - PSOL 50\" \/>\n<meta property=\"og:description\" content=\"Na luta contra a PEC 55, de Teto de Gastos, os docentes de ensino superior deflagram greve nacional nesta quinta-feira (24). Na mesma data, ser\u00e1 montado o Comando Nacional de Greve em Bras\u00edlia. A decis\u00e3o foi tomada em reuni\u00e3o nacional, no \u00faltimo fim de semana (19 e 20), com a participa\u00e7\u00e3o de 41 se\u00e7\u00f5es sindicais [&hellip;]\" \/>\n<meta property=\"og:url\" content=\"https:\/\/psol50.org.br\/docentes-deflagram-greve-nacional-nesta-quinta-feira-24\/\" \/>\n<meta property=\"og:site_name\" content=\"PSOL 50\" \/>\n<meta property=\"article:publisher\" content=\"https:\/\/www.facebook.com\/psol50\" \/>\n<meta property=\"article:published_time\" content=\"2016-11-22T19:23:44+00:00\" \/>\n<meta property=\"og:image\" content=\"https:\/\/psol50.org.br\/inc\/uploads\/2018\/07\/capa.png\" \/>\n\t<meta property=\"og:image:width\" content=\"1350\" \/>\n\t<meta property=\"og:image:height\" content=\"900\" \/>\n\t<meta property=\"og:image:type\" content=\"image\/png\" \/>\n<meta name=\"author\" content=\"Comunica\u00e7\u00e3o PSOL\" \/>\n<meta name=\"twitter:card\" content=\"summary_large_image\" \/>\n<meta name=\"twitter:creator\" content=\"@psol50\" \/>\n<meta name=\"twitter:site\" content=\"@psol50\" \/>\n<meta name=\"twitter:label1\" content=\"Escrito por\" \/>\n\t<meta name=\"twitter:data1\" content=\"Comunica\u00e7\u00e3o PSOL\" \/>\n\t<meta name=\"twitter:label2\" content=\"Est. tempo de leitura\" \/>\n\t<meta name=\"twitter:data2\" content=\"2 minutos\" \/>\n<script type=\"application\/ld+json\" class=\"yoast-schema-graph\">{\"@context\":\"https:\/\/schema.org\",\"@graph\":[{\"@type\":\"Article\",\"@id\":\"https:\/\/psol50.org.br\/docentes-deflagram-greve-nacional-nesta-quinta-feira-24\/#article\",\"isPartOf\":{\"@id\":\"https:\/\/psol50.org.br\/docentes-deflagram-greve-nacional-nesta-quinta-feira-24\/\"},\"author\":{\"name\":\"Comunica\u00e7\u00e3o PSOL\",\"@id\":\"https:\/\/psol50.org.br\/#\/schema\/person\/475dfa57d0b815993c714c2e96491fcd\"},\"headline\":\"Docentes deflagram greve nacional nesta quinta-feira (24)\",\"datePublished\":\"2016-11-22T19:23:44+00:00\",\"mainEntityOfPage\":{\"@id\":\"https:\/\/psol50.org.br\/docentes-deflagram-greve-nacional-nesta-quinta-feira-24\/\"},\"wordCount\":406,\"commentCount\":0,\"publisher\":{\"@id\":\"https:\/\/psol50.org.br\/#organization\"},\"image\":{\"@id\":\"https:\/\/psol50.org.br\/docentes-deflagram-greve-nacional-nesta-quinta-feira-24\/#primaryimage\"},\"thumbnailUrl\":\"\",\"keywords\":[\"andes\",\"greve\",\"PEC 55\",\"PEC do Fim do Mundo\",\"professores\"],\"articleSection\":[\"Brasil\",\"Movimento\",\"Not\u00edcias\"],\"inLanguage\":\"pt-BR\",\"potentialAction\":[{\"@type\":\"CommentAction\",\"name\":\"Comment\",\"target\":[\"https:\/\/psol50.org.br\/docentes-deflagram-greve-nacional-nesta-quinta-feira-24\/#respond\"]}]},{\"@type\":\"WebPage\",\"@id\":\"https:\/\/psol50.org.br\/docentes-deflagram-greve-nacional-nesta-quinta-feira-24\/\",\"url\":\"https:\/\/psol50.org.br\/docentes-deflagram-greve-nacional-nesta-quinta-feira-24\/\",\"name\":\"Docentes deflagram greve nacional nesta quinta-feira (24) - PSOL 50\",\"isPartOf\":{\"@id\":\"https:\/\/psol50.org.br\/#website\"},\"primaryImageOfPage\":{\"@id\":\"https:\/\/psol50.org.br\/docentes-deflagram-greve-nacional-nesta-quinta-feira-24\/#primaryimage\"},\"image\":{\"@id\":\"https:\/\/psol50.org.br\/docentes-deflagram-greve-nacional-nesta-quinta-feira-24\/#primaryimage\"},\"thumbnailUrl\":\"\",\"datePublished\":\"2016-11-22T19:23:44+00:00\",\"breadcrumb\":{\"@id\":\"https:\/\/psol50.org.br\/docentes-deflagram-greve-nacional-nesta-quinta-feira-24\/#breadcrumb\"},\"inLanguage\":\"pt-BR\",\"potentialAction\":[{\"@type\":\"ReadAction\",\"target\":[\"https:\/\/psol50.org.br\/docentes-deflagram-greve-nacional-nesta-quinta-feira-24\/\"]}]},{\"@type\":\"ImageObject\",\"inLanguage\":\"pt-BR\",\"@id\":\"https:\/\/psol50.org.br\/docentes-deflagram-greve-nacional-nesta-quinta-feira-24\/#primaryimage\",\"url\":\"\",\"contentUrl\":\"\"},{\"@type\":\"BreadcrumbList\",\"@id\":\"https:\/\/psol50.org.br\/docentes-deflagram-greve-nacional-nesta-quinta-feira-24\/#breadcrumb\",\"itemListElement\":[{\"@type\":\"ListItem\",\"position\":1,\"name\":\"In\u00edcio\",\"item\":\"https:\/\/psol50.org.br\/\"},{\"@type\":\"ListItem\",\"position\":2,\"name\":\"Docentes deflagram greve nacional nesta quinta-feira (24)\"}]},{\"@type\":\"WebSite\",\"@id\":\"https:\/\/psol50.org.br\/#website\",\"url\":\"https:\/\/psol50.org.br\/\",\"name\":\"PSOL 50\",\"description\":\"Site oficial do Partido Socialismo e Liberdade\",\"publisher\":{\"@id\":\"https:\/\/psol50.org.br\/#organization\"},\"alternateName\":\"PSOL50\",\"potentialAction\":[{\"@type\":\"SearchAction\",\"target\":{\"@type\":\"EntryPoint\",\"urlTemplate\":\"https:\/\/psol50.org.br\/?s={search_term_string}\"},\"query-input\":{\"@type\":\"PropertyValueSpecification\",\"valueRequired\":true,\"valueName\":\"search_term_string\"}}],\"inLanguage\":\"pt-BR\"},{\"@type\":\"Organization\",\"@id\":\"https:\/\/psol50.org.br\/#organization\",\"name\":\"PSOL 50\",\"alternateName\":\"PSOL 50\",\"url\":\"https:\/\/psol50.org.br\/\",\"logo\":{\"@type\":\"ImageObject\",\"inLanguage\":\"pt-BR\",\"@id\":\"https:\/\/psol50.org.br\/#\/schema\/logo\/image\/\",\"url\":\"https:\/\/psol50.org.br\/inc\/uploads\/2018\/07\/capa.png\",\"contentUrl\":\"https:\/\/psol50.org.br\/inc\/uploads\/2018\/07\/capa.png\",\"width\":1350,\"height\":900,\"caption\":\"PSOL 50\"},\"image\":{\"@id\":\"https:\/\/psol50.org.br\/#\/schema\/logo\/image\/\"},\"sameAs\":[\"https:\/\/www.facebook.com\/psol50\",\"https:\/\/x.com\/psol50\",\"https:\/\/www.instagram.com\/psol50\/\",\"https:\/\/www.youtube.com\/channel\/UC7SnJS5o1os7a6CaiNabzcg\"]},{\"@type\":\"Person\",\"@id\":\"https:\/\/psol50.org.br\/#\/schema\/person\/475dfa57d0b815993c714c2e96491fcd\",\"name\":\"Comunica\u00e7\u00e3o PSOL\",\"image\":{\"@type\":\"ImageObject\",\"inLanguage\":\"pt-BR\",\"@id\":\"https:\/\/psol50.org.br\/#\/schema\/person\/image\/\",\"url\":\"https:\/\/secure.gravatar.com\/avatar\/b34fc4f4e468a4e51785917065a3db57b841f5c95dba6ad8c73aaf8f66f8f9bf?s=96&d=mm&r=g\",\"contentUrl\":\"https:\/\/secure.gravatar.com\/avatar\/b34fc4f4e468a4e51785917065a3db57b841f5c95dba6ad8c73aaf8f66f8f9bf?s=96&d=mm&r=g\",\"caption\":\"Comunica\u00e7\u00e3o PSOL\"}}]}<\/script>\n<!-- \/ Yoast SEO plugin. -->","yoast_head_json":{"title":"Docentes deflagram greve nacional nesta quinta-feira (24) - PSOL 50","robots":{"index":"index","follow":"follow","max-snippet":"max-snippet:-1","max-image-preview":"max-image-preview:large","max-video-preview":"max-video-preview:-1"},"canonical":"https:\/\/psol50.org.br\/docentes-deflagram-greve-nacional-nesta-quinta-feira-24\/","og_locale":"pt_BR","og_type":"article","og_title":"Docentes deflagram greve nacional nesta quinta-feira (24) - PSOL 50","og_description":"Na luta contra a PEC 55, de Teto de Gastos, os docentes de ensino superior deflagram greve nacional nesta quinta-feira (24). Na mesma data, ser\u00e1 montado o Comando Nacional de Greve em Bras\u00edlia. A decis\u00e3o foi tomada em reuni\u00e3o nacional, no \u00faltimo fim de semana (19 e 20), com a participa\u00e7\u00e3o de 41 se\u00e7\u00f5es sindicais [&hellip;]","og_url":"https:\/\/psol50.org.br\/docentes-deflagram-greve-nacional-nesta-quinta-feira-24\/","og_site_name":"PSOL 50","article_publisher":"https:\/\/www.facebook.com\/psol50","article_published_time":"2016-11-22T19:23:44+00:00","og_image":[{"width":1350,"height":900,"url":"https:\/\/psol50.org.br\/inc\/uploads\/2018\/07\/capa.png","type":"image\/png"}],"author":"Comunica\u00e7\u00e3o PSOL","twitter_card":"summary_large_image","twitter_creator":"@psol50","twitter_site":"@psol50","twitter_misc":{"Escrito por":"Comunica\u00e7\u00e3o PSOL","Est. tempo de leitura":"2 minutos"},"schema":{"@context":"https:\/\/schema.org","@graph":[{"@type":"Article","@id":"https:\/\/psol50.org.br\/docentes-deflagram-greve-nacional-nesta-quinta-feira-24\/#article","isPartOf":{"@id":"https:\/\/psol50.org.br\/docentes-deflagram-greve-nacional-nesta-quinta-feira-24\/"},"author":{"name":"Comunica\u00e7\u00e3o PSOL","@id":"https:\/\/psol50.org.br\/#\/schema\/person\/475dfa57d0b815993c714c2e96491fcd"},"headline":"Docentes deflagram greve nacional nesta quinta-feira (24)","datePublished":"2016-11-22T19:23:44+00:00","mainEntityOfPage":{"@id":"https:\/\/psol50.org.br\/docentes-deflagram-greve-nacional-nesta-quinta-feira-24\/"},"wordCount":406,"commentCount":0,"publisher":{"@id":"https:\/\/psol50.org.br\/#organization"},"image":{"@id":"https:\/\/psol50.org.br\/docentes-deflagram-greve-nacional-nesta-quinta-feira-24\/#primaryimage"},"thumbnailUrl":"","keywords":["andes","greve","PEC 55","PEC do Fim do Mundo","professores"],"articleSection":["Brasil","Movimento","Not\u00edcias"],"inLanguage":"pt-BR","potentialAction":[{"@type":"CommentAction","name":"Comment","target":["https:\/\/psol50.org.br\/docentes-deflagram-greve-nacional-nesta-quinta-feira-24\/#respond"]}]},{"@type":"WebPage","@id":"https:\/\/psol50.org.br\/docentes-deflagram-greve-nacional-nesta-quinta-feira-24\/","url":"https:\/\/psol50.org.br\/docentes-deflagram-greve-nacional-nesta-quinta-feira-24\/","name":"Docentes deflagram greve nacional nesta quinta-feira (24) - PSOL 50","isPartOf":{"@id":"https:\/\/psol50.org.br\/#website"},"primaryImageOfPage":{"@id":"https:\/\/psol50.org.br\/docentes-deflagram-greve-nacional-nesta-quinta-feira-24\/#primaryimage"},"image":{"@id":"https:\/\/psol50.org.br\/docentes-deflagram-greve-nacional-nesta-quinta-feira-24\/#primaryimage"},"thumbnailUrl":"","datePublished":"2016-11-22T19:23:44+00:00","breadcrumb":{"@id":"https:\/\/psol50.org.br\/docentes-deflagram-greve-nacional-nesta-quinta-feira-24\/#breadcrumb"},"inLanguage":"pt-BR","potentialAction":[{"@type":"ReadAction","target":["https:\/\/psol50.org.br\/docentes-deflagram-greve-nacional-nesta-quinta-feira-24\/"]}]},{"@type":"ImageObject","inLanguage":"pt-BR","@id":"https:\/\/psol50.org.br\/docentes-deflagram-greve-nacional-nesta-quinta-feira-24\/#primaryimage","url":"","contentUrl":""},{"@type":"BreadcrumbList","@id":"https:\/\/psol50.org.br\/docentes-deflagram-greve-nacional-nesta-quinta-feira-24\/#breadcrumb","itemListElement":[{"@type":"ListItem","position":1,"name":"In\u00edcio","item":"https:\/\/psol50.org.br\/"},{"@type":"ListItem","position":2,"name":"Docentes deflagram greve nacional nesta quinta-feira (24)"}]},{"@type":"WebSite","@id":"https:\/\/psol50.org.br\/#website","url":"https:\/\/psol50.org.br\/","name":"PSOL 50","description":"Site oficial do Partido Socialismo e Liberdade","publisher":{"@id":"https:\/\/psol50.org.br\/#organization"},"alternateName":"PSOL50","potentialAction":[{"@type":"SearchAction","target":{"@type":"EntryPoint","urlTemplate":"https:\/\/psol50.org.br\/?s={search_term_string}"},"query-input":{"@type":"PropertyValueSpecification","valueRequired":true,"valueName":"search_term_string"}}],"inLanguage":"pt-BR"},{"@type":"Organization","@id":"https:\/\/psol50.org.br\/#organization","name":"PSOL 50","alternateName":"PSOL 50","url":"https:\/\/psol50.org.br\/","logo":{"@type":"ImageObject","inLanguage":"pt-BR","@id":"https:\/\/psol50.org.br\/#\/schema\/logo\/image\/","url":"https:\/\/psol50.org.br\/inc\/uploads\/2018\/07\/capa.png","contentUrl":"https:\/\/psol50.org.br\/inc\/uploads\/2018\/07\/capa.png","width":1350,"height":900,"caption":"PSOL 50"},"image":{"@id":"https:\/\/psol50.org.br\/#\/schema\/logo\/image\/"},"sameAs":["https:\/\/www.facebook.com\/psol50","https:\/\/x.com\/psol50","https:\/\/www.instagram.com\/psol50\/","https:\/\/www.youtube.com\/channel\/UC7SnJS5o1os7a6CaiNabzcg"]},{"@type":"Person","@id":"https:\/\/psol50.org.br\/#\/schema\/person\/475dfa57d0b815993c714c2e96491fcd","name":"Comunica\u00e7\u00e3o PSOL","image":{"@type":"ImageObject","inLanguage":"pt-BR","@id":"https:\/\/psol50.org.br\/#\/schema\/person\/image\/","url":"https:\/\/secure.gravatar.com\/avatar\/b34fc4f4e468a4e51785917065a3db57b841f5c95dba6ad8c73aaf8f66f8f9bf?s=96&d=mm&r=g","contentUrl":"https:\/\/secure.gravatar.com\/avatar\/b34fc4f4e468a4e51785917065a3db57b841f5c95dba6ad8c73aaf8f66f8f9bf?s=96&d=mm&r=g","caption":"Comunica\u00e7\u00e3o PSOL"}}]}},"_links":{"self":[{"href":"https:\/\/psol50.org.br\/rest\/wp\/v2\/posts\/14574","targetHints":{"allow":["GET"]}}],"collection":[{"href":"https:\/\/psol50.org.br\/rest\/wp\/v2\/posts"}],"about":[{"href":"https:\/\/psol50.org.br\/rest\/wp\/v2\/types\/post"}],"author":[{"embeddable":true,"href":"https:\/\/psol50.org.br\/rest\/wp\/v2\/users\/2"}],"replies":[{"embeddable":true,"href":"https:\/\/psol50.org.br\/rest\/wp\/v2\/comments?post=14574"}],"version-history":[{"count":0,"href":"https:\/\/psol50.org.br\/rest\/wp\/v2\/posts\/14574\/revisions"}],"wp:featuredmedia":[{"embeddable":true,"href":"https:\/\/psol50.org.br\/rest\/"}],"wp:attachment":[{"href":"https:\/\/psol50.org.br\/rest\/wp\/v2\/media?parent=14574"}],"wp:term":[{"taxonomy":"category","embeddable":true,"href":"https:\/\/psol50.org.br\/rest\/wp\/v2\/categories?post=14574"},{"taxonomy":"post_tag","embeddable":true,"href":"https:\/\/psol50.org.br\/rest\/wp\/v2\/tags?post=14574"}],"curies":[{"name":"wp","href":"https:\/\/api.w.org\/{rel}","templated":true}]}}