{"id":14581,"date":"2016-11-23T12:12:34","date_gmt":"2016-11-23T12:12:34","guid":{"rendered":"http:\/\/www.psol50.org.br\/?p=14581"},"modified":"2016-11-23T12:12:34","modified_gmt":"2016-11-23T12:12:34","slug":"justica-eleitoral-de-belem-em-nova-acao-cassa-candidatura-de-zenaldo","status":"publish","type":"post","link":"https:\/\/psol50.org.br\/justica-eleitoral-de-belem-em-nova-acao-cassa-candidatura-de-zenaldo\/","title":{"rendered":"Justi\u00e7a Eleitoral de Bel\u00e9m, em nova a\u00e7\u00e3o, cassa candidatura de Zenaldo"},"content":{"rendered":"<p>Zenaldo Coutinho, do PSDB, sofreu uma nova derrota na Justi\u00e7a. O juiz Ant\u00f4nio Cl\u00e1udio Cruz, da 97\u00aa Zona Eleitoral de Bel\u00e9m, proferiu decis\u00e3o na segunda-feira (21) cassando a candidatura do prefeito e de seu candidato a vice-prefeito, Orlando Reis Pantoja, por propaganda eleitoral irregular e de abuso de poder pol\u00edtico e econ\u00f4mico.<\/p>\n<p>A decis\u00e3o do magistrado re\u00fane quatro acusa\u00e7\u00f5es de il\u00edcitos eleitorais: a concess\u00e3o de gratuidade da tarifa aos passageiros do BRT durante o m\u00eas de julho, o que significa distribui\u00e7\u00e3o de bem da prefeitura; a instala\u00e7\u00e3o de placas de obras da prefeitura, com o slogan da gest\u00e3o tucana, em per\u00edodo vedado pela legisla\u00e7\u00e3o eleitoral; a produ\u00e7\u00e3o de mat\u00e9rias jornal\u00edsticas elogiosas a Zenaldo pela Ag\u00eancia Bel\u00e9m, ag\u00eancia de not\u00edcias institucionais; a veicula\u00e7\u00e3o de mais de 40 v\u00eddeos institucionais na p\u00e1gina oficial da prefeitura no Facebook com link \u00e0 p\u00e1gina da campanha nessa rede social.<\/p>\n<p>\u201cEm suma, a reitera\u00e7\u00e3o das condutas, a gravidade delas, a diversidade dos meios empregados e a pr\u00f3pria massifica\u00e7\u00e3o da propaganda institucional, atrav\u00e9s de placas, v\u00eddeos, slogans, cores, entrevistas, inaugura\u00e7\u00f5es, site oficial, Facebook, Youtube, BRT, etc. funcionaram como um verdadeiro \u2018rolo compressor\u2019 sobre os outros candidatos, cuja propuls\u00e3o foi a \u2018m\u00e1quina\u2019 administrativa comandada pelo candidato Zenaldo Coutinho na qualidade de Prefeito Municipal de Bel\u00e9m, a qual, sem qualquer disfarce, eliminou toda a concorr\u00eancia e influiu na liberdade do voto, fato que, por certo, tamb\u00e9m aproveitou ao r\u00e9u Orlando Pantoja, candidato a vice\u201d, afirma o juiz na senten\u00e7a. Pela decis\u00e3o, Zenaldo e Orlando tamb\u00e9m ficar\u00e3o ineleg\u00edveis por oito anos.<\/p>\n<p>A candidatura de Zanaldo j\u00e1 havia sido foi cassada no dia 19 de outubro, antes do segundo turno eleitoral. Ele preservou o direito de concorrer, mas ainda n\u00e3o est\u00e1 apto a ser diplomado e nem a assumir o cargo.<\/p>\n<p><img loading=\"lazy\" decoding=\"async\" class=\" wp-image-14584 aligncenter\" src=\"http:\/\/www.psol50.org.br\/inc\/uploads\/2016\/11\/15203366_1339903732716764_3764052587822883030_n-300x227.png\" alt=\"15203366_1339903732716764_3764052587822883030_n\" width=\"706\" height=\"534\" srcset=\"https:\/\/psol50.org.br\/inc\/uploads\/2016\/11\/15203366_1339903732716764_3764052587822883030_n-300x227.png 300w, https:\/\/psol50.org.br\/inc\/uploads\/2016\/11\/15203366_1339903732716764_3764052587822883030_n-150x113.png 150w, https:\/\/psol50.org.br\/inc\/uploads\/2016\/11\/15203366_1339903732716764_3764052587822883030_n-696x526.png 696w, https:\/\/psol50.org.br\/inc\/uploads\/2016\/11\/15203366_1339903732716764_3764052587822883030_n.png 757w\" sizes=\"auto, (max-width: 706px) 100vw, 706px\" \/><\/p>\n<p>&nbsp;<\/p>\n<p>&nbsp;<\/p>\n<p>&nbsp;<\/p>\n<p>&nbsp;<\/p>\n","protected":false},"excerpt":{"rendered":"<p>Zenaldo Coutinho, do PSDB, sofreu uma nova derrota na Justi\u00e7a. O juiz Ant\u00f4nio Cl\u00e1udio Cruz, da 97\u00aa Zona Eleitoral de Bel\u00e9m, proferiu decis\u00e3o na segunda-feira (21) cassando a candidatura do prefeito e de seu candidato a vice-prefeito, Orlando Reis Pantoja, por propaganda eleitoral irregular e de abuso de poder pol\u00edtico e econ\u00f4mico. A decis\u00e3o do [&hellip;]<\/p>\n","protected":false},"author":2,"featured_media":14582,"comment_status":"open","ping_status":"open","sticky":false,"template":"","format":"standard","meta":{"_acf_changed":false,"footnotes":""},"categories":[2833,654,6],"tags":[1111,2986,4401,4660,4661,4662,1187,1590,3679,644],"class_list":{"0":"post-14581","1":"post","2":"type-post","3":"status-publish","4":"format-standard","5":"has-post-thumbnail","7":"category-eleicoes-2016","8":"category-estados","9":"category-noticias","10":"tag-candidatura","11":"tag-cassado","12":"tag-eleicoes-municipais","13":"tag-juiz-antonio-claudio-cruz","14":"tag-justica-eleitoral-de-belem","15":"tag-orlando-reis-pantoja","16":"tag-prefeito","17":"tag-psdb","18":"tag-tucano","19":"tag-zenaldo-coutinho"},"acf":[],"yoast_head":"<!-- This site is optimized with the Yoast SEO plugin v26.5 - https:\/\/yoast.com\/wordpress\/plugins\/seo\/ -->\n<title>Justi\u00e7a Eleitoral de Bel\u00e9m, em nova a\u00e7\u00e3o, cassa candidatura de Zenaldo - PSOL 50<\/title>\n<meta name=\"robots\" content=\"index, follow, max-snippet:-1, max-image-preview:large, max-video-preview:-1\" \/>\n<link rel=\"canonical\" href=\"https:\/\/psol50.org.br\/justica-eleitoral-de-belem-em-nova-acao-cassa-candidatura-de-zenaldo\/\" \/>\n<meta property=\"og:locale\" content=\"pt_BR\" \/>\n<meta property=\"og:type\" content=\"article\" \/>\n<meta property=\"og:title\" content=\"Justi\u00e7a Eleitoral de Bel\u00e9m, em nova a\u00e7\u00e3o, cassa candidatura de Zenaldo - PSOL 50\" \/>\n<meta property=\"og:description\" content=\"Zenaldo Coutinho, do PSDB, sofreu uma nova derrota na Justi\u00e7a. O juiz Ant\u00f4nio Cl\u00e1udio Cruz, da 97\u00aa Zona Eleitoral de Bel\u00e9m, proferiu decis\u00e3o na segunda-feira (21) cassando a candidatura do prefeito e de seu candidato a vice-prefeito, Orlando Reis Pantoja, por propaganda eleitoral irregular e de abuso de poder pol\u00edtico e econ\u00f4mico. A decis\u00e3o do [&hellip;]\" \/>\n<meta property=\"og:url\" content=\"https:\/\/psol50.org.br\/justica-eleitoral-de-belem-em-nova-acao-cassa-candidatura-de-zenaldo\/\" \/>\n<meta property=\"og:site_name\" content=\"PSOL 50\" \/>\n<meta property=\"article:publisher\" content=\"https:\/\/www.facebook.com\/psol50\" \/>\n<meta property=\"article:published_time\" content=\"2016-11-23T12:12:34+00:00\" \/>\n<meta property=\"og:image\" content=\"https:\/\/psol50.org.br\/inc\/uploads\/2016\/11\/Zenaldo-AlbertoBitar-Dol.jpg\" \/>\n\t<meta property=\"og:image:width\" content=\"1350\" \/>\n\t<meta property=\"og:image:height\" content=\"900\" \/>\n\t<meta property=\"og:image:type\" content=\"image\/jpeg\" \/>\n<meta name=\"author\" content=\"Comunica\u00e7\u00e3o PSOL\" \/>\n<meta name=\"twitter:card\" content=\"summary_large_image\" \/>\n<meta name=\"twitter:creator\" content=\"@psol50\" \/>\n<meta name=\"twitter:site\" content=\"@psol50\" \/>\n<meta name=\"twitter:label1\" content=\"Escrito por\" \/>\n\t<meta name=\"twitter:data1\" content=\"Comunica\u00e7\u00e3o PSOL\" \/>\n\t<meta name=\"twitter:label2\" content=\"Est. tempo de leitura\" \/>\n\t<meta name=\"twitter:data2\" content=\"2 minutos\" \/>\n<script type=\"application\/ld+json\" class=\"yoast-schema-graph\">{\"@context\":\"https:\/\/schema.org\",\"@graph\":[{\"@type\":\"Article\",\"@id\":\"https:\/\/psol50.org.br\/justica-eleitoral-de-belem-em-nova-acao-cassa-candidatura-de-zenaldo\/#article\",\"isPartOf\":{\"@id\":\"https:\/\/psol50.org.br\/justica-eleitoral-de-belem-em-nova-acao-cassa-candidatura-de-zenaldo\/\"},\"author\":{\"name\":\"Comunica\u00e7\u00e3o PSOL\",\"@id\":\"https:\/\/psol50.org.br\/#\/schema\/person\/475dfa57d0b815993c714c2e96491fcd\"},\"headline\":\"Justi\u00e7a Eleitoral de Bel\u00e9m, em nova a\u00e7\u00e3o, cassa candidatura de Zenaldo\",\"datePublished\":\"2016-11-23T12:12:34+00:00\",\"mainEntityOfPage\":{\"@id\":\"https:\/\/psol50.org.br\/justica-eleitoral-de-belem-em-nova-acao-cassa-candidatura-de-zenaldo\/\"},\"wordCount\":350,\"commentCount\":0,\"publisher\":{\"@id\":\"https:\/\/psol50.org.br\/#organization\"},\"image\":{\"@id\":\"https:\/\/psol50.org.br\/justica-eleitoral-de-belem-em-nova-acao-cassa-candidatura-de-zenaldo\/#primaryimage\"},\"thumbnailUrl\":\"https:\/\/psol50.org.br\/inc\/uploads\/2016\/11\/Zenaldo-AlbertoBitar-Dol.jpg\",\"keywords\":[\"candidatura\",\"cassado\",\"elei\u00e7\u00f5es municipais\",\"juiz Ant\u00f4nio Cl\u00e1udio Cruz\",\"Justi\u00e7a Eleitoral de Bel\u00e9m\",\"Orlando Reis Pantoja\",\"prefeito\",\"PSDB\",\"tucano\",\"Zenaldo Coutinho\"],\"articleSection\":[\"ELEI\u00c7\u00d5ES 2016\",\"Estados\",\"Not\u00edcias\"],\"inLanguage\":\"pt-BR\",\"potentialAction\":[{\"@type\":\"CommentAction\",\"name\":\"Comment\",\"target\":[\"https:\/\/psol50.org.br\/justica-eleitoral-de-belem-em-nova-acao-cassa-candidatura-de-zenaldo\/#respond\"]}]},{\"@type\":\"WebPage\",\"@id\":\"https:\/\/psol50.org.br\/justica-eleitoral-de-belem-em-nova-acao-cassa-candidatura-de-zenaldo\/\",\"url\":\"https:\/\/psol50.org.br\/justica-eleitoral-de-belem-em-nova-acao-cassa-candidatura-de-zenaldo\/\",\"name\":\"Justi\u00e7a Eleitoral de Bel\u00e9m, em nova a\u00e7\u00e3o, cassa candidatura de Zenaldo - PSOL 50\",\"isPartOf\":{\"@id\":\"https:\/\/psol50.org.br\/#website\"},\"primaryImageOfPage\":{\"@id\":\"https:\/\/psol50.org.br\/justica-eleitoral-de-belem-em-nova-acao-cassa-candidatura-de-zenaldo\/#primaryimage\"},\"image\":{\"@id\":\"https:\/\/psol50.org.br\/justica-eleitoral-de-belem-em-nova-acao-cassa-candidatura-de-zenaldo\/#primaryimage\"},\"thumbnailUrl\":\"https:\/\/psol50.org.br\/inc\/uploads\/2016\/11\/Zenaldo-AlbertoBitar-Dol.jpg\",\"datePublished\":\"2016-11-23T12:12:34+00:00\",\"breadcrumb\":{\"@id\":\"https:\/\/psol50.org.br\/justica-eleitoral-de-belem-em-nova-acao-cassa-candidatura-de-zenaldo\/#breadcrumb\"},\"inLanguage\":\"pt-BR\",\"potentialAction\":[{\"@type\":\"ReadAction\",\"target\":[\"https:\/\/psol50.org.br\/justica-eleitoral-de-belem-em-nova-acao-cassa-candidatura-de-zenaldo\/\"]}]},{\"@type\":\"ImageObject\",\"inLanguage\":\"pt-BR\",\"@id\":\"https:\/\/psol50.org.br\/justica-eleitoral-de-belem-em-nova-acao-cassa-candidatura-de-zenaldo\/#primaryimage\",\"url\":\"https:\/\/psol50.org.br\/inc\/uploads\/2016\/11\/Zenaldo-AlbertoBitar-Dol.jpg\",\"contentUrl\":\"https:\/\/psol50.org.br\/inc\/uploads\/2016\/11\/Zenaldo-AlbertoBitar-Dol.jpg\",\"width\":1350,\"height\":900},{\"@type\":\"BreadcrumbList\",\"@id\":\"https:\/\/psol50.org.br\/justica-eleitoral-de-belem-em-nova-acao-cassa-candidatura-de-zenaldo\/#breadcrumb\",\"itemListElement\":[{\"@type\":\"ListItem\",\"position\":1,\"name\":\"In\u00edcio\",\"item\":\"https:\/\/psol50.org.br\/\"},{\"@type\":\"ListItem\",\"position\":2,\"name\":\"Justi\u00e7a Eleitoral de Bel\u00e9m, em nova a\u00e7\u00e3o, cassa candidatura de Zenaldo\"}]},{\"@type\":\"WebSite\",\"@id\":\"https:\/\/psol50.org.br\/#website\",\"url\":\"https:\/\/psol50.org.br\/\",\"name\":\"PSOL 50\",\"description\":\"Site oficial do Partido Socialismo e Liberdade\",\"publisher\":{\"@id\":\"https:\/\/psol50.org.br\/#organization\"},\"alternateName\":\"PSOL50\",\"potentialAction\":[{\"@type\":\"SearchAction\",\"target\":{\"@type\":\"EntryPoint\",\"urlTemplate\":\"https:\/\/psol50.org.br\/?s={search_term_string}\"},\"query-input\":{\"@type\":\"PropertyValueSpecification\",\"valueRequired\":true,\"valueName\":\"search_term_string\"}}],\"inLanguage\":\"pt-BR\"},{\"@type\":\"Organization\",\"@id\":\"https:\/\/psol50.org.br\/#organization\",\"name\":\"PSOL 50\",\"alternateName\":\"PSOL 50\",\"url\":\"https:\/\/psol50.org.br\/\",\"logo\":{\"@type\":\"ImageObject\",\"inLanguage\":\"pt-BR\",\"@id\":\"https:\/\/psol50.org.br\/#\/schema\/logo\/image\/\",\"url\":\"https:\/\/psol50.org.br\/inc\/uploads\/2018\/07\/capa.png\",\"contentUrl\":\"https:\/\/psol50.org.br\/inc\/uploads\/2018\/07\/capa.png\",\"width\":1350,\"height\":900,\"caption\":\"PSOL 50\"},\"image\":{\"@id\":\"https:\/\/psol50.org.br\/#\/schema\/logo\/image\/\"},\"sameAs\":[\"https:\/\/www.facebook.com\/psol50\",\"https:\/\/x.com\/psol50\",\"https:\/\/www.instagram.com\/psol50\/\",\"https:\/\/www.youtube.com\/channel\/UC7SnJS5o1os7a6CaiNabzcg\"]},{\"@type\":\"Person\",\"@id\":\"https:\/\/psol50.org.br\/#\/schema\/person\/475dfa57d0b815993c714c2e96491fcd\",\"name\":\"Comunica\u00e7\u00e3o PSOL\",\"image\":{\"@type\":\"ImageObject\",\"inLanguage\":\"pt-BR\",\"@id\":\"https:\/\/psol50.org.br\/#\/schema\/person\/image\/\",\"url\":\"https:\/\/secure.gravatar.com\/avatar\/b34fc4f4e468a4e51785917065a3db57b841f5c95dba6ad8c73aaf8f66f8f9bf?s=96&d=mm&r=g\",\"contentUrl\":\"https:\/\/secure.gravatar.com\/avatar\/b34fc4f4e468a4e51785917065a3db57b841f5c95dba6ad8c73aaf8f66f8f9bf?s=96&d=mm&r=g\",\"caption\":\"Comunica\u00e7\u00e3o PSOL\"}}]}<\/script>\n<!-- \/ Yoast SEO plugin. -->","yoast_head_json":{"title":"Justi\u00e7a Eleitoral de Bel\u00e9m, em nova a\u00e7\u00e3o, cassa candidatura de Zenaldo - PSOL 50","robots":{"index":"index","follow":"follow","max-snippet":"max-snippet:-1","max-image-preview":"max-image-preview:large","max-video-preview":"max-video-preview:-1"},"canonical":"https:\/\/psol50.org.br\/justica-eleitoral-de-belem-em-nova-acao-cassa-candidatura-de-zenaldo\/","og_locale":"pt_BR","og_type":"article","og_title":"Justi\u00e7a Eleitoral de Bel\u00e9m, em nova a\u00e7\u00e3o, cassa candidatura de Zenaldo - PSOL 50","og_description":"Zenaldo Coutinho, do PSDB, sofreu uma nova derrota na Justi\u00e7a. O juiz Ant\u00f4nio Cl\u00e1udio Cruz, da 97\u00aa Zona Eleitoral de Bel\u00e9m, proferiu decis\u00e3o na segunda-feira (21) cassando a candidatura do prefeito e de seu candidato a vice-prefeito, Orlando Reis Pantoja, por propaganda eleitoral irregular e de abuso de poder pol\u00edtico e econ\u00f4mico. A decis\u00e3o do [&hellip;]","og_url":"https:\/\/psol50.org.br\/justica-eleitoral-de-belem-em-nova-acao-cassa-candidatura-de-zenaldo\/","og_site_name":"PSOL 50","article_publisher":"https:\/\/www.facebook.com\/psol50","article_published_time":"2016-11-23T12:12:34+00:00","og_image":[{"width":1350,"height":900,"url":"https:\/\/psol50.org.br\/inc\/uploads\/2016\/11\/Zenaldo-AlbertoBitar-Dol.jpg","type":"image\/jpeg"}],"author":"Comunica\u00e7\u00e3o PSOL","twitter_card":"summary_large_image","twitter_creator":"@psol50","twitter_site":"@psol50","twitter_misc":{"Escrito por":"Comunica\u00e7\u00e3o PSOL","Est. tempo de leitura":"2 minutos"},"schema":{"@context":"https:\/\/schema.org","@graph":[{"@type":"Article","@id":"https:\/\/psol50.org.br\/justica-eleitoral-de-belem-em-nova-acao-cassa-candidatura-de-zenaldo\/#article","isPartOf":{"@id":"https:\/\/psol50.org.br\/justica-eleitoral-de-belem-em-nova-acao-cassa-candidatura-de-zenaldo\/"},"author":{"name":"Comunica\u00e7\u00e3o PSOL","@id":"https:\/\/psol50.org.br\/#\/schema\/person\/475dfa57d0b815993c714c2e96491fcd"},"headline":"Justi\u00e7a Eleitoral de Bel\u00e9m, em nova a\u00e7\u00e3o, cassa candidatura de Zenaldo","datePublished":"2016-11-23T12:12:34+00:00","mainEntityOfPage":{"@id":"https:\/\/psol50.org.br\/justica-eleitoral-de-belem-em-nova-acao-cassa-candidatura-de-zenaldo\/"},"wordCount":350,"commentCount":0,"publisher":{"@id":"https:\/\/psol50.org.br\/#organization"},"image":{"@id":"https:\/\/psol50.org.br\/justica-eleitoral-de-belem-em-nova-acao-cassa-candidatura-de-zenaldo\/#primaryimage"},"thumbnailUrl":"https:\/\/psol50.org.br\/inc\/uploads\/2016\/11\/Zenaldo-AlbertoBitar-Dol.jpg","keywords":["candidatura","cassado","elei\u00e7\u00f5es municipais","juiz Ant\u00f4nio Cl\u00e1udio Cruz","Justi\u00e7a Eleitoral de Bel\u00e9m","Orlando Reis Pantoja","prefeito","PSDB","tucano","Zenaldo Coutinho"],"articleSection":["ELEI\u00c7\u00d5ES 2016","Estados","Not\u00edcias"],"inLanguage":"pt-BR","potentialAction":[{"@type":"CommentAction","name":"Comment","target":["https:\/\/psol50.org.br\/justica-eleitoral-de-belem-em-nova-acao-cassa-candidatura-de-zenaldo\/#respond"]}]},{"@type":"WebPage","@id":"https:\/\/psol50.org.br\/justica-eleitoral-de-belem-em-nova-acao-cassa-candidatura-de-zenaldo\/","url":"https:\/\/psol50.org.br\/justica-eleitoral-de-belem-em-nova-acao-cassa-candidatura-de-zenaldo\/","name":"Justi\u00e7a Eleitoral de Bel\u00e9m, em nova a\u00e7\u00e3o, cassa candidatura de Zenaldo - PSOL 50","isPartOf":{"@id":"https:\/\/psol50.org.br\/#website"},"primaryImageOfPage":{"@id":"https:\/\/psol50.org.br\/justica-eleitoral-de-belem-em-nova-acao-cassa-candidatura-de-zenaldo\/#primaryimage"},"image":{"@id":"https:\/\/psol50.org.br\/justica-eleitoral-de-belem-em-nova-acao-cassa-candidatura-de-zenaldo\/#primaryimage"},"thumbnailUrl":"https:\/\/psol50.org.br\/inc\/uploads\/2016\/11\/Zenaldo-AlbertoBitar-Dol.jpg","datePublished":"2016-11-23T12:12:34+00:00","breadcrumb":{"@id":"https:\/\/psol50.org.br\/justica-eleitoral-de-belem-em-nova-acao-cassa-candidatura-de-zenaldo\/#breadcrumb"},"inLanguage":"pt-BR","potentialAction":[{"@type":"ReadAction","target":["https:\/\/psol50.org.br\/justica-eleitoral-de-belem-em-nova-acao-cassa-candidatura-de-zenaldo\/"]}]},{"@type":"ImageObject","inLanguage":"pt-BR","@id":"https:\/\/psol50.org.br\/justica-eleitoral-de-belem-em-nova-acao-cassa-candidatura-de-zenaldo\/#primaryimage","url":"https:\/\/psol50.org.br\/inc\/uploads\/2016\/11\/Zenaldo-AlbertoBitar-Dol.jpg","contentUrl":"https:\/\/psol50.org.br\/inc\/uploads\/2016\/11\/Zenaldo-AlbertoBitar-Dol.jpg","width":1350,"height":900},{"@type":"BreadcrumbList","@id":"https:\/\/psol50.org.br\/justica-eleitoral-de-belem-em-nova-acao-cassa-candidatura-de-zenaldo\/#breadcrumb","itemListElement":[{"@type":"ListItem","position":1,"name":"In\u00edcio","item":"https:\/\/psol50.org.br\/"},{"@type":"ListItem","position":2,"name":"Justi\u00e7a Eleitoral de Bel\u00e9m, em nova a\u00e7\u00e3o, cassa candidatura de Zenaldo"}]},{"@type":"WebSite","@id":"https:\/\/psol50.org.br\/#website","url":"https:\/\/psol50.org.br\/","name":"PSOL 50","description":"Site oficial do Partido Socialismo e Liberdade","publisher":{"@id":"https:\/\/psol50.org.br\/#organization"},"alternateName":"PSOL50","potentialAction":[{"@type":"SearchAction","target":{"@type":"EntryPoint","urlTemplate":"https:\/\/psol50.org.br\/?s={search_term_string}"},"query-input":{"@type":"PropertyValueSpecification","valueRequired":true,"valueName":"search_term_string"}}],"inLanguage":"pt-BR"},{"@type":"Organization","@id":"https:\/\/psol50.org.br\/#organization","name":"PSOL 50","alternateName":"PSOL 50","url":"https:\/\/psol50.org.br\/","logo":{"@type":"ImageObject","inLanguage":"pt-BR","@id":"https:\/\/psol50.org.br\/#\/schema\/logo\/image\/","url":"https:\/\/psol50.org.br\/inc\/uploads\/2018\/07\/capa.png","contentUrl":"https:\/\/psol50.org.br\/inc\/uploads\/2018\/07\/capa.png","width":1350,"height":900,"caption":"PSOL 50"},"image":{"@id":"https:\/\/psol50.org.br\/#\/schema\/logo\/image\/"},"sameAs":["https:\/\/www.facebook.com\/psol50","https:\/\/x.com\/psol50","https:\/\/www.instagram.com\/psol50\/","https:\/\/www.youtube.com\/channel\/UC7SnJS5o1os7a6CaiNabzcg"]},{"@type":"Person","@id":"https:\/\/psol50.org.br\/#\/schema\/person\/475dfa57d0b815993c714c2e96491fcd","name":"Comunica\u00e7\u00e3o PSOL","image":{"@type":"ImageObject","inLanguage":"pt-BR","@id":"https:\/\/psol50.org.br\/#\/schema\/person\/image\/","url":"https:\/\/secure.gravatar.com\/avatar\/b34fc4f4e468a4e51785917065a3db57b841f5c95dba6ad8c73aaf8f66f8f9bf?s=96&d=mm&r=g","contentUrl":"https:\/\/secure.gravatar.com\/avatar\/b34fc4f4e468a4e51785917065a3db57b841f5c95dba6ad8c73aaf8f66f8f9bf?s=96&d=mm&r=g","caption":"Comunica\u00e7\u00e3o PSOL"}}]}},"_links":{"self":[{"href":"https:\/\/psol50.org.br\/rest\/wp\/v2\/posts\/14581","targetHints":{"allow":["GET"]}}],"collection":[{"href":"https:\/\/psol50.org.br\/rest\/wp\/v2\/posts"}],"about":[{"href":"https:\/\/psol50.org.br\/rest\/wp\/v2\/types\/post"}],"author":[{"embeddable":true,"href":"https:\/\/psol50.org.br\/rest\/wp\/v2\/users\/2"}],"replies":[{"embeddable":true,"href":"https:\/\/psol50.org.br\/rest\/wp\/v2\/comments?post=14581"}],"version-history":[{"count":0,"href":"https:\/\/psol50.org.br\/rest\/wp\/v2\/posts\/14581\/revisions"}],"wp:featuredmedia":[{"embeddable":true,"href":"https:\/\/psol50.org.br\/rest\/wp\/v2\/media\/14582"}],"wp:attachment":[{"href":"https:\/\/psol50.org.br\/rest\/wp\/v2\/media?parent=14581"}],"wp:term":[{"taxonomy":"category","embeddable":true,"href":"https:\/\/psol50.org.br\/rest\/wp\/v2\/categories?post=14581"},{"taxonomy":"post_tag","embeddable":true,"href":"https:\/\/psol50.org.br\/rest\/wp\/v2\/tags?post=14581"}],"curies":[{"name":"wp","href":"https:\/\/api.w.org\/{rel}","templated":true}]}}