{"id":1459,"date":"2010-12-08T00:00:00","date_gmt":"2010-12-08T00:00:00","guid":{"rendered":"http:\/\/psol50.org.br\/arquivo\/2010\/12\/08\/nota-do-psolrj-deputado-eleito-jean-wyllys-sera-diplomado\/"},"modified":"2010-12-08T00:00:00","modified_gmt":"2010-12-08T00:00:00","slug":"nota-do-psolrj-deputado-eleito-jean-wyllys-sera-diplomado","status":"publish","type":"post","link":"https:\/\/psol50.org.br\/nota-do-psolrj-deputado-eleito-jean-wyllys-sera-diplomado\/","title":{"rendered":"Nota do PSOL\/RJ: Deputado eleito Jean Wyllys ser\u00e1 diplomado"},"content":{"rendered":"<p><a rel=\"attachment wp-att-6247\" href=\"http:\/\/psol50.org.br\/blog\/2010\/12\/08\/nota-do-psolrj-deputado-eleito-jean-wyllys-sera-diplomado\/bancada-psol-2010\/\"><img loading=\"lazy\" decoding=\"async\" class=\"aligncenter size-full wp-image-6247\" src=\"http:\/\/psol50.org.br\/files\/2010\/12\/bancada-psol-2010.jpg\" alt=\"\" width=\"610\" height=\"270\" \/><\/a><\/p>\n<p>Tendo em vista as noticias veiculadas, a cerca da liminar concedida pelo Ministro Marco Aur\u00e9lio Mello, do TSE solicitando a recontagem dos votos do PT do B no Rio de Janeiro o PSOL v\u00eam manifestar-se. Em nosso entendimento tal fato n\u00e3o se coaduna com o resultado democr\u00e1tico das urnas.<\/p>\n<p>A possibilidade de computar votos de candidatos impugnados ao coeficiente eleitoral, impossibilita a garantia do voto legitimado nas urnas.<\/p>\n<p>A elei\u00e7\u00e3o dos companheiros Chico Alencar e Jean Willys no Rio de Janeiro foram express\u00f5es da resist\u00eancia pol\u00edtica e \u00e9tica em nosso Estado. Fizemos uma campanha com a ficha e a cara limpa, com id\u00e9ias e projetos sem placas ou milit\u00e2ncia paga. O deputado Jean Willys foi eleito, ser\u00e1 diplomado e temos certeza que far\u00e1 um excelente mandato.<\/p>\n<p>Neste momento estamos tomando as medidas jur\u00eddicas cab\u00edveis, mas acima de tudo estamos certos que o resultado democr\u00e1tico das urnas ser\u00e1 respeitado.<br \/>\n<em><strong><br \/>\nJefferson Moura \u2013 Presidente Estadual do PSOL \u2013 RJ<\/strong><\/em><\/p>\n","protected":false},"excerpt":{"rendered":"<p>Tendo em vista as noticias veiculadas, a cerca da liminar concedida pelo Ministro Marco Aur\u00e9lio Mello, do TSE solicitando a recontagem dos votos do PT do B no Rio de Janeiro o PSOL v\u00eam manifestar-se. Em nosso entendimento tal fato n\u00e3o se coaduna com o resultado democr\u00e1tico das urnas. A possibilidade de computar votos de [&hellip;]<\/p>\n","protected":false},"author":2,"featured_media":0,"comment_status":"open","ping_status":"open","sticky":false,"template":"","format":"standard","meta":{"_acf_changed":false,"footnotes":""},"categories":[10,4766],"tags":[],"class_list":{"0":"post-1459","1":"post","2":"type-post","3":"status-publish","4":"format-standard","6":"category-acao-parlamentares","7":"category-arquivo"},"acf":[],"yoast_head":"<!-- This site is optimized with the Yoast SEO plugin v26.5 - https:\/\/yoast.com\/wordpress\/plugins\/seo\/ -->\n<title>Nota do PSOL\/RJ: Deputado eleito Jean Wyllys ser\u00e1 diplomado - PSOL 50<\/title>\n<meta name=\"robots\" content=\"index, follow, max-snippet:-1, max-image-preview:large, max-video-preview:-1\" \/>\n<link rel=\"canonical\" href=\"https:\/\/psol50.org.br\/nota-do-psolrj-deputado-eleito-jean-wyllys-sera-diplomado\/\" \/>\n<meta property=\"og:locale\" content=\"pt_BR\" \/>\n<meta property=\"og:type\" content=\"article\" \/>\n<meta property=\"og:title\" content=\"Nota do PSOL\/RJ: Deputado eleito Jean Wyllys ser\u00e1 diplomado - PSOL 50\" \/>\n<meta property=\"og:description\" content=\"Tendo em vista as noticias veiculadas, a cerca da liminar concedida pelo Ministro Marco Aur\u00e9lio Mello, do TSE solicitando a recontagem dos votos do PT do B no Rio de Janeiro o PSOL v\u00eam manifestar-se. Em nosso entendimento tal fato n\u00e3o se coaduna com o resultado democr\u00e1tico das urnas. A possibilidade de computar votos de [&hellip;]\" \/>\n<meta property=\"og:url\" content=\"https:\/\/psol50.org.br\/nota-do-psolrj-deputado-eleito-jean-wyllys-sera-diplomado\/\" \/>\n<meta property=\"og:site_name\" content=\"PSOL 50\" \/>\n<meta property=\"article:publisher\" content=\"https:\/\/www.facebook.com\/psol50\" \/>\n<meta property=\"article:published_time\" content=\"2010-12-08T00:00:00+00:00\" \/>\n<meta property=\"og:image\" content=\"http:\/\/psol50.org.br\/files\/2010\/12\/bancada-psol-2010.jpg\" \/>\n<meta name=\"author\" content=\"Comunica\u00e7\u00e3o PSOL\" \/>\n<meta name=\"twitter:card\" content=\"summary_large_image\" \/>\n<meta name=\"twitter:creator\" content=\"@psol50\" \/>\n<meta name=\"twitter:site\" content=\"@psol50\" \/>\n<meta name=\"twitter:label1\" content=\"Escrito por\" \/>\n\t<meta name=\"twitter:data1\" content=\"Comunica\u00e7\u00e3o PSOL\" \/>\n\t<meta name=\"twitter:label2\" content=\"Est. tempo de leitura\" \/>\n\t<meta name=\"twitter:data2\" content=\"1 minuto\" \/>\n<script type=\"application\/ld+json\" class=\"yoast-schema-graph\">{\"@context\":\"https:\/\/schema.org\",\"@graph\":[{\"@type\":\"Article\",\"@id\":\"https:\/\/psol50.org.br\/nota-do-psolrj-deputado-eleito-jean-wyllys-sera-diplomado\/#article\",\"isPartOf\":{\"@id\":\"https:\/\/psol50.org.br\/nota-do-psolrj-deputado-eleito-jean-wyllys-sera-diplomado\/\"},\"author\":{\"name\":\"Comunica\u00e7\u00e3o PSOL\",\"@id\":\"https:\/\/psol50.org.br\/#\/schema\/person\/475dfa57d0b815993c714c2e96491fcd\"},\"headline\":\"Nota do PSOL\/RJ: Deputado eleito Jean Wyllys ser\u00e1 diplomado\",\"datePublished\":\"2010-12-08T00:00:00+00:00\",\"mainEntityOfPage\":{\"@id\":\"https:\/\/psol50.org.br\/nota-do-psolrj-deputado-eleito-jean-wyllys-sera-diplomado\/\"},\"wordCount\":178,\"commentCount\":0,\"publisher\":{\"@id\":\"https:\/\/psol50.org.br\/#organization\"},\"image\":{\"@id\":\"https:\/\/psol50.org.br\/nota-do-psolrj-deputado-eleito-jean-wyllys-sera-diplomado\/#primaryimage\"},\"thumbnailUrl\":\"http:\/\/psol50.org.br\/files\/2010\/12\/bancada-psol-2010.jpg\",\"articleSection\":[\"A\u00e7\u00e3o Parlamentar\",\"Arquivo\"],\"inLanguage\":\"pt-BR\",\"potentialAction\":[{\"@type\":\"CommentAction\",\"name\":\"Comment\",\"target\":[\"https:\/\/psol50.org.br\/nota-do-psolrj-deputado-eleito-jean-wyllys-sera-diplomado\/#respond\"]}]},{\"@type\":\"WebPage\",\"@id\":\"https:\/\/psol50.org.br\/nota-do-psolrj-deputado-eleito-jean-wyllys-sera-diplomado\/\",\"url\":\"https:\/\/psol50.org.br\/nota-do-psolrj-deputado-eleito-jean-wyllys-sera-diplomado\/\",\"name\":\"Nota do PSOL\/RJ: Deputado eleito Jean Wyllys ser\u00e1 diplomado - PSOL 50\",\"isPartOf\":{\"@id\":\"https:\/\/psol50.org.br\/#website\"},\"primaryImageOfPage\":{\"@id\":\"https:\/\/psol50.org.br\/nota-do-psolrj-deputado-eleito-jean-wyllys-sera-diplomado\/#primaryimage\"},\"image\":{\"@id\":\"https:\/\/psol50.org.br\/nota-do-psolrj-deputado-eleito-jean-wyllys-sera-diplomado\/#primaryimage\"},\"thumbnailUrl\":\"http:\/\/psol50.org.br\/files\/2010\/12\/bancada-psol-2010.jpg\",\"datePublished\":\"2010-12-08T00:00:00+00:00\",\"breadcrumb\":{\"@id\":\"https:\/\/psol50.org.br\/nota-do-psolrj-deputado-eleito-jean-wyllys-sera-diplomado\/#breadcrumb\"},\"inLanguage\":\"pt-BR\",\"potentialAction\":[{\"@type\":\"ReadAction\",\"target\":[\"https:\/\/psol50.org.br\/nota-do-psolrj-deputado-eleito-jean-wyllys-sera-diplomado\/\"]}]},{\"@type\":\"ImageObject\",\"inLanguage\":\"pt-BR\",\"@id\":\"https:\/\/psol50.org.br\/nota-do-psolrj-deputado-eleito-jean-wyllys-sera-diplomado\/#primaryimage\",\"url\":\"http:\/\/psol50.org.br\/files\/2010\/12\/bancada-psol-2010.jpg\",\"contentUrl\":\"http:\/\/psol50.org.br\/files\/2010\/12\/bancada-psol-2010.jpg\"},{\"@type\":\"BreadcrumbList\",\"@id\":\"https:\/\/psol50.org.br\/nota-do-psolrj-deputado-eleito-jean-wyllys-sera-diplomado\/#breadcrumb\",\"itemListElement\":[{\"@type\":\"ListItem\",\"position\":1,\"name\":\"In\u00edcio\",\"item\":\"https:\/\/psol50.org.br\/\"},{\"@type\":\"ListItem\",\"position\":2,\"name\":\"Nota do PSOL\/RJ: Deputado eleito Jean Wyllys ser\u00e1 diplomado\"}]},{\"@type\":\"WebSite\",\"@id\":\"https:\/\/psol50.org.br\/#website\",\"url\":\"https:\/\/psol50.org.br\/\",\"name\":\"PSOL 50\",\"description\":\"Site oficial do Partido Socialismo e Liberdade\",\"publisher\":{\"@id\":\"https:\/\/psol50.org.br\/#organization\"},\"alternateName\":\"PSOL50\",\"potentialAction\":[{\"@type\":\"SearchAction\",\"target\":{\"@type\":\"EntryPoint\",\"urlTemplate\":\"https:\/\/psol50.org.br\/?s={search_term_string}\"},\"query-input\":{\"@type\":\"PropertyValueSpecification\",\"valueRequired\":true,\"valueName\":\"search_term_string\"}}],\"inLanguage\":\"pt-BR\"},{\"@type\":\"Organization\",\"@id\":\"https:\/\/psol50.org.br\/#organization\",\"name\":\"PSOL 50\",\"alternateName\":\"PSOL 50\",\"url\":\"https:\/\/psol50.org.br\/\",\"logo\":{\"@type\":\"ImageObject\",\"inLanguage\":\"pt-BR\",\"@id\":\"https:\/\/psol50.org.br\/#\/schema\/logo\/image\/\",\"url\":\"https:\/\/psol50.org.br\/inc\/uploads\/2018\/07\/capa.png\",\"contentUrl\":\"https:\/\/psol50.org.br\/inc\/uploads\/2018\/07\/capa.png\",\"width\":1350,\"height\":900,\"caption\":\"PSOL 50\"},\"image\":{\"@id\":\"https:\/\/psol50.org.br\/#\/schema\/logo\/image\/\"},\"sameAs\":[\"https:\/\/www.facebook.com\/psol50\",\"https:\/\/x.com\/psol50\",\"https:\/\/www.instagram.com\/psol50\/\",\"https:\/\/www.youtube.com\/channel\/UC7SnJS5o1os7a6CaiNabzcg\"]},{\"@type\":\"Person\",\"@id\":\"https:\/\/psol50.org.br\/#\/schema\/person\/475dfa57d0b815993c714c2e96491fcd\",\"name\":\"Comunica\u00e7\u00e3o PSOL\",\"image\":{\"@type\":\"ImageObject\",\"inLanguage\":\"pt-BR\",\"@id\":\"https:\/\/psol50.org.br\/#\/schema\/person\/image\/\",\"url\":\"https:\/\/secure.gravatar.com\/avatar\/b34fc4f4e468a4e51785917065a3db57b841f5c95dba6ad8c73aaf8f66f8f9bf?s=96&d=mm&r=g\",\"contentUrl\":\"https:\/\/secure.gravatar.com\/avatar\/b34fc4f4e468a4e51785917065a3db57b841f5c95dba6ad8c73aaf8f66f8f9bf?s=96&d=mm&r=g\",\"caption\":\"Comunica\u00e7\u00e3o PSOL\"}}]}<\/script>\n<!-- \/ Yoast SEO plugin. -->","yoast_head_json":{"title":"Nota do PSOL\/RJ: Deputado eleito Jean Wyllys ser\u00e1 diplomado - PSOL 50","robots":{"index":"index","follow":"follow","max-snippet":"max-snippet:-1","max-image-preview":"max-image-preview:large","max-video-preview":"max-video-preview:-1"},"canonical":"https:\/\/psol50.org.br\/nota-do-psolrj-deputado-eleito-jean-wyllys-sera-diplomado\/","og_locale":"pt_BR","og_type":"article","og_title":"Nota do PSOL\/RJ: Deputado eleito Jean Wyllys ser\u00e1 diplomado - PSOL 50","og_description":"Tendo em vista as noticias veiculadas, a cerca da liminar concedida pelo Ministro Marco Aur\u00e9lio Mello, do TSE solicitando a recontagem dos votos do PT do B no Rio de Janeiro o PSOL v\u00eam manifestar-se. Em nosso entendimento tal fato n\u00e3o se coaduna com o resultado democr\u00e1tico das urnas. A possibilidade de computar votos de [&hellip;]","og_url":"https:\/\/psol50.org.br\/nota-do-psolrj-deputado-eleito-jean-wyllys-sera-diplomado\/","og_site_name":"PSOL 50","article_publisher":"https:\/\/www.facebook.com\/psol50","article_published_time":"2010-12-08T00:00:00+00:00","og_image":[{"url":"http:\/\/psol50.org.br\/files\/2010\/12\/bancada-psol-2010.jpg","type":"","width":"","height":""}],"author":"Comunica\u00e7\u00e3o PSOL","twitter_card":"summary_large_image","twitter_creator":"@psol50","twitter_site":"@psol50","twitter_misc":{"Escrito por":"Comunica\u00e7\u00e3o PSOL","Est. tempo de leitura":"1 minuto"},"schema":{"@context":"https:\/\/schema.org","@graph":[{"@type":"Article","@id":"https:\/\/psol50.org.br\/nota-do-psolrj-deputado-eleito-jean-wyllys-sera-diplomado\/#article","isPartOf":{"@id":"https:\/\/psol50.org.br\/nota-do-psolrj-deputado-eleito-jean-wyllys-sera-diplomado\/"},"author":{"name":"Comunica\u00e7\u00e3o PSOL","@id":"https:\/\/psol50.org.br\/#\/schema\/person\/475dfa57d0b815993c714c2e96491fcd"},"headline":"Nota do PSOL\/RJ: Deputado eleito Jean Wyllys ser\u00e1 diplomado","datePublished":"2010-12-08T00:00:00+00:00","mainEntityOfPage":{"@id":"https:\/\/psol50.org.br\/nota-do-psolrj-deputado-eleito-jean-wyllys-sera-diplomado\/"},"wordCount":178,"commentCount":0,"publisher":{"@id":"https:\/\/psol50.org.br\/#organization"},"image":{"@id":"https:\/\/psol50.org.br\/nota-do-psolrj-deputado-eleito-jean-wyllys-sera-diplomado\/#primaryimage"},"thumbnailUrl":"http:\/\/psol50.org.br\/files\/2010\/12\/bancada-psol-2010.jpg","articleSection":["A\u00e7\u00e3o Parlamentar","Arquivo"],"inLanguage":"pt-BR","potentialAction":[{"@type":"CommentAction","name":"Comment","target":["https:\/\/psol50.org.br\/nota-do-psolrj-deputado-eleito-jean-wyllys-sera-diplomado\/#respond"]}]},{"@type":"WebPage","@id":"https:\/\/psol50.org.br\/nota-do-psolrj-deputado-eleito-jean-wyllys-sera-diplomado\/","url":"https:\/\/psol50.org.br\/nota-do-psolrj-deputado-eleito-jean-wyllys-sera-diplomado\/","name":"Nota do PSOL\/RJ: Deputado eleito Jean Wyllys ser\u00e1 diplomado - PSOL 50","isPartOf":{"@id":"https:\/\/psol50.org.br\/#website"},"primaryImageOfPage":{"@id":"https:\/\/psol50.org.br\/nota-do-psolrj-deputado-eleito-jean-wyllys-sera-diplomado\/#primaryimage"},"image":{"@id":"https:\/\/psol50.org.br\/nota-do-psolrj-deputado-eleito-jean-wyllys-sera-diplomado\/#primaryimage"},"thumbnailUrl":"http:\/\/psol50.org.br\/files\/2010\/12\/bancada-psol-2010.jpg","datePublished":"2010-12-08T00:00:00+00:00","breadcrumb":{"@id":"https:\/\/psol50.org.br\/nota-do-psolrj-deputado-eleito-jean-wyllys-sera-diplomado\/#breadcrumb"},"inLanguage":"pt-BR","potentialAction":[{"@type":"ReadAction","target":["https:\/\/psol50.org.br\/nota-do-psolrj-deputado-eleito-jean-wyllys-sera-diplomado\/"]}]},{"@type":"ImageObject","inLanguage":"pt-BR","@id":"https:\/\/psol50.org.br\/nota-do-psolrj-deputado-eleito-jean-wyllys-sera-diplomado\/#primaryimage","url":"http:\/\/psol50.org.br\/files\/2010\/12\/bancada-psol-2010.jpg","contentUrl":"http:\/\/psol50.org.br\/files\/2010\/12\/bancada-psol-2010.jpg"},{"@type":"BreadcrumbList","@id":"https:\/\/psol50.org.br\/nota-do-psolrj-deputado-eleito-jean-wyllys-sera-diplomado\/#breadcrumb","itemListElement":[{"@type":"ListItem","position":1,"name":"In\u00edcio","item":"https:\/\/psol50.org.br\/"},{"@type":"ListItem","position":2,"name":"Nota do PSOL\/RJ: Deputado eleito Jean Wyllys ser\u00e1 diplomado"}]},{"@type":"WebSite","@id":"https:\/\/psol50.org.br\/#website","url":"https:\/\/psol50.org.br\/","name":"PSOL 50","description":"Site oficial do Partido Socialismo e Liberdade","publisher":{"@id":"https:\/\/psol50.org.br\/#organization"},"alternateName":"PSOL50","potentialAction":[{"@type":"SearchAction","target":{"@type":"EntryPoint","urlTemplate":"https:\/\/psol50.org.br\/?s={search_term_string}"},"query-input":{"@type":"PropertyValueSpecification","valueRequired":true,"valueName":"search_term_string"}}],"inLanguage":"pt-BR"},{"@type":"Organization","@id":"https:\/\/psol50.org.br\/#organization","name":"PSOL 50","alternateName":"PSOL 50","url":"https:\/\/psol50.org.br\/","logo":{"@type":"ImageObject","inLanguage":"pt-BR","@id":"https:\/\/psol50.org.br\/#\/schema\/logo\/image\/","url":"https:\/\/psol50.org.br\/inc\/uploads\/2018\/07\/capa.png","contentUrl":"https:\/\/psol50.org.br\/inc\/uploads\/2018\/07\/capa.png","width":1350,"height":900,"caption":"PSOL 50"},"image":{"@id":"https:\/\/psol50.org.br\/#\/schema\/logo\/image\/"},"sameAs":["https:\/\/www.facebook.com\/psol50","https:\/\/x.com\/psol50","https:\/\/www.instagram.com\/psol50\/","https:\/\/www.youtube.com\/channel\/UC7SnJS5o1os7a6CaiNabzcg"]},{"@type":"Person","@id":"https:\/\/psol50.org.br\/#\/schema\/person\/475dfa57d0b815993c714c2e96491fcd","name":"Comunica\u00e7\u00e3o PSOL","image":{"@type":"ImageObject","inLanguage":"pt-BR","@id":"https:\/\/psol50.org.br\/#\/schema\/person\/image\/","url":"https:\/\/secure.gravatar.com\/avatar\/b34fc4f4e468a4e51785917065a3db57b841f5c95dba6ad8c73aaf8f66f8f9bf?s=96&d=mm&r=g","contentUrl":"https:\/\/secure.gravatar.com\/avatar\/b34fc4f4e468a4e51785917065a3db57b841f5c95dba6ad8c73aaf8f66f8f9bf?s=96&d=mm&r=g","caption":"Comunica\u00e7\u00e3o PSOL"}}]}},"_links":{"self":[{"href":"https:\/\/psol50.org.br\/rest\/wp\/v2\/posts\/1459","targetHints":{"allow":["GET"]}}],"collection":[{"href":"https:\/\/psol50.org.br\/rest\/wp\/v2\/posts"}],"about":[{"href":"https:\/\/psol50.org.br\/rest\/wp\/v2\/types\/post"}],"author":[{"embeddable":true,"href":"https:\/\/psol50.org.br\/rest\/wp\/v2\/users\/2"}],"replies":[{"embeddable":true,"href":"https:\/\/psol50.org.br\/rest\/wp\/v2\/comments?post=1459"}],"version-history":[{"count":0,"href":"https:\/\/psol50.org.br\/rest\/wp\/v2\/posts\/1459\/revisions"}],"wp:attachment":[{"href":"https:\/\/psol50.org.br\/rest\/wp\/v2\/media?parent=1459"}],"wp:term":[{"taxonomy":"category","embeddable":true,"href":"https:\/\/psol50.org.br\/rest\/wp\/v2\/categories?post=1459"},{"taxonomy":"post_tag","embeddable":true,"href":"https:\/\/psol50.org.br\/rest\/wp\/v2\/tags?post=1459"}],"curies":[{"name":"wp","href":"https:\/\/api.w.org\/{rel}","templated":true}]}}