{"id":14590,"date":"2016-11-23T14:08:35","date_gmt":"2016-11-23T14:08:35","guid":{"rendered":"http:\/\/www.psol50.org.br\/?p=14590"},"modified":"2016-11-23T14:08:35","modified_gmt":"2016-11-23T14:08:35","slug":"maykom-magalhaes-nem-bandido-e-nem-mocinho-eu-escolho-o-bom-senso","status":"publish","type":"post","link":"https:\/\/psol50.org.br\/maykom-magalhaes-nem-bandido-e-nem-mocinho-eu-escolho-o-bom-senso\/","title":{"rendered":"Maykom Magalh\u00e3es | Nem &#8220;bandido&#8221; e nem &#8220;mocinho&#8221;, eu escolho o bom senso"},"content":{"rendered":"<p>Estava acompanhando uma campanha nas redes sociais provocada por uma suposta garfe de F\u00e1tima Bernardes, onde, na vers\u00e3o dos manifestantes, teria induzido, n\u00e3o sei como porque confesso que n\u00e3o assisti o programa, a salvar a vida do \u201cbandido\u201d em detrimento da vida de um policial.<\/p>\n<p>Pois bem, o mais absurdo dessa campanha, n\u00e3o s\u00e3o as pessoas tomarem lado, nesse caso o \u201cvil\u00e3o\u201d e o \u201cmocinho\u201d, mas a banaliza\u00e7\u00e3o da vida, que nos leva ao completo estado da barb\u00e1rie. O mais absurdo \u00e9 ver pessoas de bem, pais de fam\u00edlias, pessoas crist\u00e3s defendendo a execu\u00e7\u00e3o sum\u00e1ria, a retirada de uma vida. Vivemos em um estado de direito, onde quem comete crime tem que ser punido pelo crime que cometeu, de acordo com o que est\u00e1 escrito nos infind\u00e1veis artigos, par\u00e1grafos e al\u00edneas de nossas leis e, pelo que me consta, em nenhum deles est\u00e1 escrito ou permitido a pena de morte ou a execu\u00e7\u00e3o sum\u00e1ria.<\/p>\n<p>Tenho completa certeza que alguns interpretar\u00e3o esse texto da forma que lhe \u00e9 mais conveniente, com jarg\u00f5es do tipo: \u201cMais um defensor dos direitos humanos\u201d; \u201cT\u00e1 com pena de bandido? Leva ele pra sua casa!\u201d. Outros dir\u00e3o que estou contra a pol\u00edcia. Na verdade, o que quero esclarecer aqui \u00e9 que quando se diz respeito a uma vida, seja ela de quem for, n\u00e3o se pode fazer ju\u00edzo de valor, porque a vida n\u00e3o tem pre\u00e7o e n\u00e3o \u00e9 compar\u00e1vel, devendo-se fazer todos os esfor\u00e7os para preserv\u00e1-la e isso \u00e9 um dos pontos que nos diferencia dos animais.<\/p>\n<p>O que dizer das manchetes dos \u00faltimos dias onde 7 pessoas foram executadas na cidade de Deus? S\u00e3o todos bandidos, mereceram morrer?<\/p>\n<p>E o que merecem os Policiais do Bope RJ, tidos como exemplo dentro da Pol\u00edcia como um batalh\u00e3o incorrupt\u00edvel (quem lembra do filme Tropa de Elite?), que vendiam informa\u00e7\u00f5es, armas e extorquiam traficantes? Merecem a pena de morte tamb\u00e9m? Por acaso a mesma l\u00f3gica do \u201cbandido bom \u00e9 bandido morto\u201d n\u00e3o deveria se aplicar a eles?<\/p>\n<p>N\u00c3O! Essa l\u00f3gica n\u00e3o deveria se aplicar a ningu\u00e9m, nem aos policiais e nem aos traficantes da favela, todos deveriam ser levados a julgamento, pagar pelo crime que cometeram, cumprir sua pena determinada por quem tem a compet\u00eancia de fazer isso e n\u00e3o por justiceiros travestidos de falsos moralistas. Nem vou entrar no m\u00e9rito do nosso falho sistema judici\u00e1rio e nem pelo fato de nossos pres\u00eddios estarem abarrotados de pobres e negros, enquanto os crimes de colarinho branco demoram uma eternidade para serem julgados e sentenciados, isso \u00e9 um papo para outro texto, mas a id\u00e9ia \u00e9 chamar a aten\u00e7\u00e3o pra um processo preocupante de banaliza\u00e7\u00e3o da vida, onde ao inv\u00e9s de as pessoas estarem cobrando justi\u00e7a, est\u00e3o apoiando, incitando e compartilhando com orgulho em suas redes sociais tais execu\u00e7\u00f5es, torturas e mutila\u00e7\u00f5es.<\/p>\n<p>Execu\u00e7\u00f5es sum\u00e1rias cometidas por agentes do estado, linchamentos cometidos pela popula\u00e7\u00e3o, pres\u00eddios, repress\u00e3o policial, e outras medidas paliativas e sem efic\u00e1cia real, n\u00e3o resolver\u00e3o o problema do tr\u00e1fico e da viol\u00eancia enquanto existir pobreza e mis\u00e9ria, enquanto a paisagem contrastar com favelas e condom\u00ednios de luxos. \u00c9 preciso enfrentar o problema de forma muito mais profunda, precisamos repensar nosso sistema judici\u00e1rio, desmilitarizar nossa pol\u00edcia que ainda carrega a l\u00f3gica da ditadura e o mais importante, investir pesado na educa\u00e7\u00e3o, pois como afirmou Paulo Freire, t\u00e3o questionado por aqueles que hoje defendem o \u201cescola sem partido\u201d e o \u201cbandido bom \u00e9 bandido morto\u201d: \u201cA educa\u00e7\u00e3o n\u00e3o transforma o mundo, transforma pessoas e pessoas transformam o mundo!\u201d<br \/>\nMenos \u00f3dio e mais bom senso!<\/p>\n","protected":false},"excerpt":{"rendered":"<p>Estava acompanhando uma campanha nas redes sociais provocada por uma suposta garfe de F\u00e1tima Bernardes, onde, na vers\u00e3o dos manifestantes, teria induzido, n\u00e3o sei como porque confesso que n\u00e3o assisti o programa, a salvar a vida do \u201cbandido\u201d em detrimento da vida de um policial. Pois bem, o mais absurdo dessa campanha, n\u00e3o s\u00e3o as [&hellip;]<\/p>\n","protected":false},"author":2,"featured_media":14591,"comment_status":"open","ping_status":"open","sticky":false,"template":"","format":"standard","meta":{"_acf_changed":false,"footnotes":""},"categories":[3],"tags":[534,2439],"class_list":{"0":"post-14590","1":"post","2":"type-post","3":"status-publish","4":"format-standard","5":"has-post-thumbnail","7":"category-artigos-e-entrevistas","8":"tag-direitos-humanos","9":"tag-maykom-magalhaes"},"acf":[],"yoast_head":"<!-- This site is optimized with the Yoast SEO plugin v26.5 - https:\/\/yoast.com\/wordpress\/plugins\/seo\/ -->\n<title>Maykom Magalh\u00e3es | Nem &quot;bandido&quot; e nem &quot;mocinho&quot;, eu escolho o bom senso - PSOL 50<\/title>\n<meta name=\"robots\" content=\"index, follow, max-snippet:-1, max-image-preview:large, max-video-preview:-1\" \/>\n<link rel=\"canonical\" href=\"https:\/\/psol50.org.br\/maykom-magalhaes-nem-bandido-e-nem-mocinho-eu-escolho-o-bom-senso\/\" \/>\n<meta property=\"og:locale\" content=\"pt_BR\" \/>\n<meta property=\"og:type\" content=\"article\" \/>\n<meta property=\"og:title\" content=\"Maykom Magalh\u00e3es | Nem &quot;bandido&quot; e nem &quot;mocinho&quot;, eu escolho o bom senso - PSOL 50\" \/>\n<meta property=\"og:description\" content=\"Estava acompanhando uma campanha nas redes sociais provocada por uma suposta garfe de F\u00e1tima Bernardes, onde, na vers\u00e3o dos manifestantes, teria induzido, n\u00e3o sei como porque confesso que n\u00e3o assisti o programa, a salvar a vida do \u201cbandido\u201d em detrimento da vida de um policial. Pois bem, o mais absurdo dessa campanha, n\u00e3o s\u00e3o as [&hellip;]\" \/>\n<meta property=\"og:url\" content=\"https:\/\/psol50.org.br\/maykom-magalhaes-nem-bandido-e-nem-mocinho-eu-escolho-o-bom-senso\/\" \/>\n<meta property=\"og:site_name\" content=\"PSOL 50\" \/>\n<meta property=\"article:publisher\" content=\"https:\/\/www.facebook.com\/psol50\" \/>\n<meta property=\"article:published_time\" content=\"2016-11-23T14:08:35+00:00\" \/>\n<meta property=\"og:image\" content=\"https:\/\/psol50.org.br\/inc\/uploads\/2018\/07\/capa.png\" \/>\n\t<meta property=\"og:image:width\" content=\"1350\" \/>\n\t<meta property=\"og:image:height\" content=\"900\" \/>\n\t<meta property=\"og:image:type\" content=\"image\/png\" \/>\n<meta name=\"author\" content=\"Comunica\u00e7\u00e3o PSOL\" \/>\n<meta name=\"twitter:card\" content=\"summary_large_image\" \/>\n<meta name=\"twitter:creator\" content=\"@psol50\" \/>\n<meta name=\"twitter:site\" content=\"@psol50\" \/>\n<meta name=\"twitter:label1\" content=\"Escrito por\" \/>\n\t<meta name=\"twitter:data1\" content=\"Comunica\u00e7\u00e3o PSOL\" \/>\n\t<meta name=\"twitter:label2\" content=\"Est. tempo de leitura\" \/>\n\t<meta name=\"twitter:data2\" content=\"3 minutos\" \/>\n<script type=\"application\/ld+json\" class=\"yoast-schema-graph\">{\"@context\":\"https:\/\/schema.org\",\"@graph\":[{\"@type\":\"Article\",\"@id\":\"https:\/\/psol50.org.br\/maykom-magalhaes-nem-bandido-e-nem-mocinho-eu-escolho-o-bom-senso\/#article\",\"isPartOf\":{\"@id\":\"https:\/\/psol50.org.br\/maykom-magalhaes-nem-bandido-e-nem-mocinho-eu-escolho-o-bom-senso\/\"},\"author\":{\"name\":\"Comunica\u00e7\u00e3o PSOL\",\"@id\":\"https:\/\/psol50.org.br\/#\/schema\/person\/475dfa57d0b815993c714c2e96491fcd\"},\"headline\":\"Maykom Magalh\u00e3es | Nem &#8220;bandido&#8221; e nem &#8220;mocinho&#8221;, eu escolho o bom senso\",\"datePublished\":\"2016-11-23T14:08:35+00:00\",\"mainEntityOfPage\":{\"@id\":\"https:\/\/psol50.org.br\/maykom-magalhaes-nem-bandido-e-nem-mocinho-eu-escolho-o-bom-senso\/\"},\"wordCount\":660,\"commentCount\":0,\"publisher\":{\"@id\":\"https:\/\/psol50.org.br\/#organization\"},\"image\":{\"@id\":\"https:\/\/psol50.org.br\/maykom-magalhaes-nem-bandido-e-nem-mocinho-eu-escolho-o-bom-senso\/#primaryimage\"},\"thumbnailUrl\":\"\",\"keywords\":[\"direitos humanos\",\"Maykom Magalh\u00e3es\"],\"articleSection\":[\"Artigos\"],\"inLanguage\":\"pt-BR\",\"potentialAction\":[{\"@type\":\"CommentAction\",\"name\":\"Comment\",\"target\":[\"https:\/\/psol50.org.br\/maykom-magalhaes-nem-bandido-e-nem-mocinho-eu-escolho-o-bom-senso\/#respond\"]}]},{\"@type\":\"WebPage\",\"@id\":\"https:\/\/psol50.org.br\/maykom-magalhaes-nem-bandido-e-nem-mocinho-eu-escolho-o-bom-senso\/\",\"url\":\"https:\/\/psol50.org.br\/maykom-magalhaes-nem-bandido-e-nem-mocinho-eu-escolho-o-bom-senso\/\",\"name\":\"Maykom Magalh\u00e3es | Nem \\\"bandido\\\" e nem \\\"mocinho\\\", eu escolho o bom senso - PSOL 50\",\"isPartOf\":{\"@id\":\"https:\/\/psol50.org.br\/#website\"},\"primaryImageOfPage\":{\"@id\":\"https:\/\/psol50.org.br\/maykom-magalhaes-nem-bandido-e-nem-mocinho-eu-escolho-o-bom-senso\/#primaryimage\"},\"image\":{\"@id\":\"https:\/\/psol50.org.br\/maykom-magalhaes-nem-bandido-e-nem-mocinho-eu-escolho-o-bom-senso\/#primaryimage\"},\"thumbnailUrl\":\"\",\"datePublished\":\"2016-11-23T14:08:35+00:00\",\"breadcrumb\":{\"@id\":\"https:\/\/psol50.org.br\/maykom-magalhaes-nem-bandido-e-nem-mocinho-eu-escolho-o-bom-senso\/#breadcrumb\"},\"inLanguage\":\"pt-BR\",\"potentialAction\":[{\"@type\":\"ReadAction\",\"target\":[\"https:\/\/psol50.org.br\/maykom-magalhaes-nem-bandido-e-nem-mocinho-eu-escolho-o-bom-senso\/\"]}]},{\"@type\":\"ImageObject\",\"inLanguage\":\"pt-BR\",\"@id\":\"https:\/\/psol50.org.br\/maykom-magalhaes-nem-bandido-e-nem-mocinho-eu-escolho-o-bom-senso\/#primaryimage\",\"url\":\"\",\"contentUrl\":\"\"},{\"@type\":\"BreadcrumbList\",\"@id\":\"https:\/\/psol50.org.br\/maykom-magalhaes-nem-bandido-e-nem-mocinho-eu-escolho-o-bom-senso\/#breadcrumb\",\"itemListElement\":[{\"@type\":\"ListItem\",\"position\":1,\"name\":\"In\u00edcio\",\"item\":\"https:\/\/psol50.org.br\/\"},{\"@type\":\"ListItem\",\"position\":2,\"name\":\"Maykom Magalh\u00e3es | Nem &#8220;bandido&#8221; e nem &#8220;mocinho&#8221;, eu escolho o bom senso\"}]},{\"@type\":\"WebSite\",\"@id\":\"https:\/\/psol50.org.br\/#website\",\"url\":\"https:\/\/psol50.org.br\/\",\"name\":\"PSOL 50\",\"description\":\"Site oficial do Partido Socialismo e Liberdade\",\"publisher\":{\"@id\":\"https:\/\/psol50.org.br\/#organization\"},\"alternateName\":\"PSOL50\",\"potentialAction\":[{\"@type\":\"SearchAction\",\"target\":{\"@type\":\"EntryPoint\",\"urlTemplate\":\"https:\/\/psol50.org.br\/?s={search_term_string}\"},\"query-input\":{\"@type\":\"PropertyValueSpecification\",\"valueRequired\":true,\"valueName\":\"search_term_string\"}}],\"inLanguage\":\"pt-BR\"},{\"@type\":\"Organization\",\"@id\":\"https:\/\/psol50.org.br\/#organization\",\"name\":\"PSOL 50\",\"alternateName\":\"PSOL 50\",\"url\":\"https:\/\/psol50.org.br\/\",\"logo\":{\"@type\":\"ImageObject\",\"inLanguage\":\"pt-BR\",\"@id\":\"https:\/\/psol50.org.br\/#\/schema\/logo\/image\/\",\"url\":\"https:\/\/psol50.org.br\/inc\/uploads\/2018\/07\/capa.png\",\"contentUrl\":\"https:\/\/psol50.org.br\/inc\/uploads\/2018\/07\/capa.png\",\"width\":1350,\"height\":900,\"caption\":\"PSOL 50\"},\"image\":{\"@id\":\"https:\/\/psol50.org.br\/#\/schema\/logo\/image\/\"},\"sameAs\":[\"https:\/\/www.facebook.com\/psol50\",\"https:\/\/x.com\/psol50\",\"https:\/\/www.instagram.com\/psol50\/\",\"https:\/\/www.youtube.com\/channel\/UC7SnJS5o1os7a6CaiNabzcg\"]},{\"@type\":\"Person\",\"@id\":\"https:\/\/psol50.org.br\/#\/schema\/person\/475dfa57d0b815993c714c2e96491fcd\",\"name\":\"Comunica\u00e7\u00e3o PSOL\",\"image\":{\"@type\":\"ImageObject\",\"inLanguage\":\"pt-BR\",\"@id\":\"https:\/\/psol50.org.br\/#\/schema\/person\/image\/\",\"url\":\"https:\/\/secure.gravatar.com\/avatar\/b34fc4f4e468a4e51785917065a3db57b841f5c95dba6ad8c73aaf8f66f8f9bf?s=96&d=mm&r=g\",\"contentUrl\":\"https:\/\/secure.gravatar.com\/avatar\/b34fc4f4e468a4e51785917065a3db57b841f5c95dba6ad8c73aaf8f66f8f9bf?s=96&d=mm&r=g\",\"caption\":\"Comunica\u00e7\u00e3o PSOL\"}}]}<\/script>\n<!-- \/ Yoast SEO plugin. -->","yoast_head_json":{"title":"Maykom Magalh\u00e3es | Nem \"bandido\" e nem \"mocinho\", eu escolho o bom senso - PSOL 50","robots":{"index":"index","follow":"follow","max-snippet":"max-snippet:-1","max-image-preview":"max-image-preview:large","max-video-preview":"max-video-preview:-1"},"canonical":"https:\/\/psol50.org.br\/maykom-magalhaes-nem-bandido-e-nem-mocinho-eu-escolho-o-bom-senso\/","og_locale":"pt_BR","og_type":"article","og_title":"Maykom Magalh\u00e3es | Nem \"bandido\" e nem \"mocinho\", eu escolho o bom senso - PSOL 50","og_description":"Estava acompanhando uma campanha nas redes sociais provocada por uma suposta garfe de F\u00e1tima Bernardes, onde, na vers\u00e3o dos manifestantes, teria induzido, n\u00e3o sei como porque confesso que n\u00e3o assisti o programa, a salvar a vida do \u201cbandido\u201d em detrimento da vida de um policial. Pois bem, o mais absurdo dessa campanha, n\u00e3o s\u00e3o as [&hellip;]","og_url":"https:\/\/psol50.org.br\/maykom-magalhaes-nem-bandido-e-nem-mocinho-eu-escolho-o-bom-senso\/","og_site_name":"PSOL 50","article_publisher":"https:\/\/www.facebook.com\/psol50","article_published_time":"2016-11-23T14:08:35+00:00","og_image":[{"width":1350,"height":900,"url":"https:\/\/psol50.org.br\/inc\/uploads\/2018\/07\/capa.png","type":"image\/png"}],"author":"Comunica\u00e7\u00e3o PSOL","twitter_card":"summary_large_image","twitter_creator":"@psol50","twitter_site":"@psol50","twitter_misc":{"Escrito por":"Comunica\u00e7\u00e3o PSOL","Est. tempo de leitura":"3 minutos"},"schema":{"@context":"https:\/\/schema.org","@graph":[{"@type":"Article","@id":"https:\/\/psol50.org.br\/maykom-magalhaes-nem-bandido-e-nem-mocinho-eu-escolho-o-bom-senso\/#article","isPartOf":{"@id":"https:\/\/psol50.org.br\/maykom-magalhaes-nem-bandido-e-nem-mocinho-eu-escolho-o-bom-senso\/"},"author":{"name":"Comunica\u00e7\u00e3o PSOL","@id":"https:\/\/psol50.org.br\/#\/schema\/person\/475dfa57d0b815993c714c2e96491fcd"},"headline":"Maykom Magalh\u00e3es | Nem &#8220;bandido&#8221; e nem &#8220;mocinho&#8221;, eu escolho o bom senso","datePublished":"2016-11-23T14:08:35+00:00","mainEntityOfPage":{"@id":"https:\/\/psol50.org.br\/maykom-magalhaes-nem-bandido-e-nem-mocinho-eu-escolho-o-bom-senso\/"},"wordCount":660,"commentCount":0,"publisher":{"@id":"https:\/\/psol50.org.br\/#organization"},"image":{"@id":"https:\/\/psol50.org.br\/maykom-magalhaes-nem-bandido-e-nem-mocinho-eu-escolho-o-bom-senso\/#primaryimage"},"thumbnailUrl":"","keywords":["direitos humanos","Maykom Magalh\u00e3es"],"articleSection":["Artigos"],"inLanguage":"pt-BR","potentialAction":[{"@type":"CommentAction","name":"Comment","target":["https:\/\/psol50.org.br\/maykom-magalhaes-nem-bandido-e-nem-mocinho-eu-escolho-o-bom-senso\/#respond"]}]},{"@type":"WebPage","@id":"https:\/\/psol50.org.br\/maykom-magalhaes-nem-bandido-e-nem-mocinho-eu-escolho-o-bom-senso\/","url":"https:\/\/psol50.org.br\/maykom-magalhaes-nem-bandido-e-nem-mocinho-eu-escolho-o-bom-senso\/","name":"Maykom Magalh\u00e3es | Nem \"bandido\" e nem \"mocinho\", eu escolho o bom senso - PSOL 50","isPartOf":{"@id":"https:\/\/psol50.org.br\/#website"},"primaryImageOfPage":{"@id":"https:\/\/psol50.org.br\/maykom-magalhaes-nem-bandido-e-nem-mocinho-eu-escolho-o-bom-senso\/#primaryimage"},"image":{"@id":"https:\/\/psol50.org.br\/maykom-magalhaes-nem-bandido-e-nem-mocinho-eu-escolho-o-bom-senso\/#primaryimage"},"thumbnailUrl":"","datePublished":"2016-11-23T14:08:35+00:00","breadcrumb":{"@id":"https:\/\/psol50.org.br\/maykom-magalhaes-nem-bandido-e-nem-mocinho-eu-escolho-o-bom-senso\/#breadcrumb"},"inLanguage":"pt-BR","potentialAction":[{"@type":"ReadAction","target":["https:\/\/psol50.org.br\/maykom-magalhaes-nem-bandido-e-nem-mocinho-eu-escolho-o-bom-senso\/"]}]},{"@type":"ImageObject","inLanguage":"pt-BR","@id":"https:\/\/psol50.org.br\/maykom-magalhaes-nem-bandido-e-nem-mocinho-eu-escolho-o-bom-senso\/#primaryimage","url":"","contentUrl":""},{"@type":"BreadcrumbList","@id":"https:\/\/psol50.org.br\/maykom-magalhaes-nem-bandido-e-nem-mocinho-eu-escolho-o-bom-senso\/#breadcrumb","itemListElement":[{"@type":"ListItem","position":1,"name":"In\u00edcio","item":"https:\/\/psol50.org.br\/"},{"@type":"ListItem","position":2,"name":"Maykom Magalh\u00e3es | Nem &#8220;bandido&#8221; e nem &#8220;mocinho&#8221;, eu escolho o bom senso"}]},{"@type":"WebSite","@id":"https:\/\/psol50.org.br\/#website","url":"https:\/\/psol50.org.br\/","name":"PSOL 50","description":"Site oficial do Partido Socialismo e Liberdade","publisher":{"@id":"https:\/\/psol50.org.br\/#organization"},"alternateName":"PSOL50","potentialAction":[{"@type":"SearchAction","target":{"@type":"EntryPoint","urlTemplate":"https:\/\/psol50.org.br\/?s={search_term_string}"},"query-input":{"@type":"PropertyValueSpecification","valueRequired":true,"valueName":"search_term_string"}}],"inLanguage":"pt-BR"},{"@type":"Organization","@id":"https:\/\/psol50.org.br\/#organization","name":"PSOL 50","alternateName":"PSOL 50","url":"https:\/\/psol50.org.br\/","logo":{"@type":"ImageObject","inLanguage":"pt-BR","@id":"https:\/\/psol50.org.br\/#\/schema\/logo\/image\/","url":"https:\/\/psol50.org.br\/inc\/uploads\/2018\/07\/capa.png","contentUrl":"https:\/\/psol50.org.br\/inc\/uploads\/2018\/07\/capa.png","width":1350,"height":900,"caption":"PSOL 50"},"image":{"@id":"https:\/\/psol50.org.br\/#\/schema\/logo\/image\/"},"sameAs":["https:\/\/www.facebook.com\/psol50","https:\/\/x.com\/psol50","https:\/\/www.instagram.com\/psol50\/","https:\/\/www.youtube.com\/channel\/UC7SnJS5o1os7a6CaiNabzcg"]},{"@type":"Person","@id":"https:\/\/psol50.org.br\/#\/schema\/person\/475dfa57d0b815993c714c2e96491fcd","name":"Comunica\u00e7\u00e3o PSOL","image":{"@type":"ImageObject","inLanguage":"pt-BR","@id":"https:\/\/psol50.org.br\/#\/schema\/person\/image\/","url":"https:\/\/secure.gravatar.com\/avatar\/b34fc4f4e468a4e51785917065a3db57b841f5c95dba6ad8c73aaf8f66f8f9bf?s=96&d=mm&r=g","contentUrl":"https:\/\/secure.gravatar.com\/avatar\/b34fc4f4e468a4e51785917065a3db57b841f5c95dba6ad8c73aaf8f66f8f9bf?s=96&d=mm&r=g","caption":"Comunica\u00e7\u00e3o PSOL"}}]}},"_links":{"self":[{"href":"https:\/\/psol50.org.br\/rest\/wp\/v2\/posts\/14590","targetHints":{"allow":["GET"]}}],"collection":[{"href":"https:\/\/psol50.org.br\/rest\/wp\/v2\/posts"}],"about":[{"href":"https:\/\/psol50.org.br\/rest\/wp\/v2\/types\/post"}],"author":[{"embeddable":true,"href":"https:\/\/psol50.org.br\/rest\/wp\/v2\/users\/2"}],"replies":[{"embeddable":true,"href":"https:\/\/psol50.org.br\/rest\/wp\/v2\/comments?post=14590"}],"version-history":[{"count":0,"href":"https:\/\/psol50.org.br\/rest\/wp\/v2\/posts\/14590\/revisions"}],"wp:featuredmedia":[{"embeddable":true,"href":"https:\/\/psol50.org.br\/rest\/"}],"wp:attachment":[{"href":"https:\/\/psol50.org.br\/rest\/wp\/v2\/media?parent=14590"}],"wp:term":[{"taxonomy":"category","embeddable":true,"href":"https:\/\/psol50.org.br\/rest\/wp\/v2\/categories?post=14590"},{"taxonomy":"post_tag","embeddable":true,"href":"https:\/\/psol50.org.br\/rest\/wp\/v2\/tags?post=14590"}],"curies":[{"name":"wp","href":"https:\/\/api.w.org\/{rel}","templated":true}]}}