{"id":14593,"date":"2016-11-23T14:21:24","date_gmt":"2016-11-23T14:21:24","guid":{"rendered":"http:\/\/www.psol50.org.br\/?p=14593"},"modified":"2016-11-23T14:21:24","modified_gmt":"2016-11-23T14:21:24","slug":"liderancas-de-comunidades-tradicionais-ocupam-planalto-contra-retrocessos-de-temer","status":"publish","type":"post","link":"https:\/\/psol50.org.br\/liderancas-de-comunidades-tradicionais-ocupam-planalto-contra-retrocessos-de-temer\/","title":{"rendered":"Lideran\u00e7as de comunidades tradicionais ocupam Planalto contra retrocessos de Temer"},"content":{"rendered":"<p>Cerca de 500 lideran\u00e7as ind\u00edgenas (de v\u00e1rios povos do MA, BA, RS, SC e SP), de pescadores e pescadoras artesanais, quilombolas e quebradeiras de coco ocuparam o Pal\u00e1cio do Planalto, na manh\u00e3 desta ter\u00e7a-feira (22\/11). A ocupa\u00e7\u00e3o \u00e9 realizada pela Articula\u00e7\u00e3o dos Povos e Comunidades Tradicionais.<\/p>\n<p>Esta \u00e9 a primeira ocupa\u00e7\u00e3o do Pal\u00e1cio do Planalto na gest\u00e3o Michel Temer. Na pauta dos movimentos est\u00e1 a posi\u00e7\u00e3o contr\u00e1ria \u00e0 PEC 241-55\/16 (a PEC da Morte), \u00e0 PEC 215\/00 (a PEC do fim das demarca\u00e7\u00f5es de terras ind\u00edgenas) e ao PL 4059\/12\u00a0(libera a venda de terras para estrangeiros).<\/p>\n<p>Os povos e comunidades tradicionais tamb\u00e9m cobram o presidente Michel Temer sobre os recentes boatos de poss\u00edveis mudan\u00e7as que o governo estaria planejando fazer nos procedimentos administrativos de demarca\u00e7\u00e3o das terras ind\u00edgenas.<\/p>\n<p>Al\u00e9m disso, os povos manifestam-se pela retomada das demarca\u00e7\u00f5es das terras ind\u00edgenas, quilombolas e reconhecimento e regulariza\u00e7\u00e3o dos territ\u00f3rios pesqueiros. Os povos e comunidades tradicionais divulgam ainda uma nota sobre a ocupa\u00e7\u00e3o. Leia, abaixo, a nota na \u00edntegra.<\/p>\n<p><em>Nenhum direito a menos! Contra as propostas de morte aos povos ind\u00edgenas, quilombolas e pescadores e pescadoras artesanais!<\/em><\/p>\n<p><em>N\u00f3s povos ind\u00edgenas origin\u00e1rios, comunidades tradicionais pesqueiras, comunidades quilombolas, e quebradeiras de coco baba\u00e7u, estamos em mobiliza\u00e7\u00e3o nacional denunciando o programa neoliberal dos governos, com apoio e aval do poder Legislativo e Judici\u00e1rio e nos colocamos contra todo e qualquer retrocesso nos nossos direitos j\u00e1 conquistados, com muita luta e sangue derramado.<\/em><\/p>\n<p><em>Nesse sentido denunciamos:<\/em><\/p>\n<p><em>1- Marco temporal: constitui-se num grave atentado contra o direito origin\u00e1rio dos povos ind\u00edgenas \u00e0 demarca\u00e7\u00e3o de suas terras e contra o direito dos quilombolas de terem suas terras devidamente tituladas. Viola a Constitui\u00e7\u00e3o Brasileira e os tratados internacionais, ao mesmo tempo que legitima a viol\u00eancia e o esbulho territorial cometida contra os povos at\u00e9 1988;<\/em><\/p>\n<p><em>2- A tramita\u00e7\u00e3o da PEC 215\/00, da PEC 68, PL 1610\/96, PL 4059\/12 que libera a venda de Terras para estrangeiros, por entendermos que s\u00e3o mecanismos criados para expropria\u00e7\u00e3o dos territ\u00f3rios tradicionais para implanta\u00e7\u00e3o de grandes projetos do agro \u2013 hidroneg\u00f3cio, minera\u00e7\u00e3o, produ\u00e7\u00e3o de energia e monocultivos;<\/em><\/p>\n<p><em>3- A PEC 241-5516 representa a intensifica\u00e7\u00e3o do processo de sucateamento de pol\u00edticas p\u00fablicas para efetiva\u00e7\u00e3o de direitos fundamentais. \u00c9 a PEC da morte;<\/em><\/p>\n<p><em>4- A atua\u00e7\u00e3o do poder judici\u00e1rio na concess\u00e3o de medidas liminares de reintegra\u00e7\u00e3o de posse nas \u00e1reas de retomada dentro dos territ\u00f3rios tradicionais;<\/em><\/p>\n<p><em>5- A criminaliza\u00e7\u00e3o de lideran\u00e7as de comunidades ind\u00edgenas, pescadores e quilombolas por parte do ICMBio nas \u00e1reas de sobreposi\u00e7\u00e3o de unidades de conserva\u00e7\u00e3o de prote\u00e7\u00e3o integral sobre territ\u00f3rios tradicionais.<\/em><\/p>\n<p><em>Exigimos do Estado Brasileiro:<\/em><\/p>\n<p><em>1- Acelera\u00e7\u00e3o dos processos de demarca\u00e7\u00e3o, desintrus\u00e3o e prote\u00e7\u00e3o de terras ind\u00edgenas e quilombolas, sem mudan\u00e7as nos procedimentos de demarca\u00e7\u00e3o das terras ind\u00edgenas;<\/em><\/p>\n<p><em>2- Reconhecimento e regulariza\u00e7\u00e3o dos territ\u00f3rios tradicionais pesqueiros;<\/em><\/p>\n<p><em>3- Libera\u00e7\u00e3o e aumento de recursos financeiros e pessoal para \u00f3rg\u00e3os como INCRA, FUNAI, SPU e outros para execu\u00e7\u00e3o de processos demarcat\u00f3rios de territ\u00f3rios de povos e comunidades tradicionais;<\/em><\/p>\n<p><em>4- Autonomia e protagonismo das comunidades nos processos de gest\u00e3o e fiscaliza\u00e7\u00e3o dos territ\u00f3rios e das \u00e1reas de preserva\u00e7\u00e3o;<\/em><\/p>\n<p><em>5- Revoga\u00e7\u00e3o do Decreto 8424 e 8425 por violarem os direitos das pescadoras e pescadores artesanais;<\/em><\/p>\n<p><em>6- Retorno do Minist\u00e9rio do Desenvolvimento Agr\u00e1rio para o atendimento das demandas das comunidades tradicionais e da agricultura familiar.<\/em><\/p>\n<p><em>Bras\u00edlia, Novembro de 2016.<\/em><\/p>\n<p><em>Articula\u00e7\u00e3o dos Povos e Comunidades Tradicionais<\/em><\/p>\n<p>Fonte: <em>Cimi<\/em><\/p>\n","protected":false},"excerpt":{"rendered":"<p>Cerca de 500 lideran\u00e7as ind\u00edgenas (de v\u00e1rios povos do MA, BA, RS, SC e SP), de pescadores e pescadoras artesanais, quilombolas e quebradeiras de coco ocuparam o Pal\u00e1cio do Planalto, na manh\u00e3 desta ter\u00e7a-feira (22\/11). A ocupa\u00e7\u00e3o \u00e9 realizada pela Articula\u00e7\u00e3o dos Povos e Comunidades Tradicionais. Esta \u00e9 a primeira ocupa\u00e7\u00e3o do Pal\u00e1cio do Planalto [&hellip;]<\/p>\n","protected":false},"author":2,"featured_media":14594,"comment_status":"open","ping_status":"open","sticky":false,"template":"","format":"standard","meta":{"_acf_changed":false,"footnotes":""},"categories":[1882,1104,6],"tags":[4667,533,1138,12,1748,1481,1993,4668,4634,4669,4670,447],"class_list":{"0":"post-14593","1":"post","2":"type-post","3":"status-publish","4":"format-standard","5":"has-post-thumbnail","7":"category-brasil","8":"category-movimento","9":"category-noticias","10":"tag-articulacao-dos-povos-e-comunidades-tradicionais","11":"tag-funai","12":"tag-incra","13":"tag-indigenas","14":"tag-michel-temer","15":"tag-ocupacao","16":"tag-palacio-do-planalto","17":"tag-pec-2152000","18":"tag-pec-552016","19":"tag-pescadores-artesanais","20":"tag-povos-tradicionais","21":"tag-quilombolas"},"acf":[],"yoast_head":"<!-- This site is optimized with the Yoast SEO plugin v26.5 - https:\/\/yoast.com\/wordpress\/plugins\/seo\/ -->\n<title>Lideran\u00e7as de comunidades tradicionais ocupam Planalto contra retrocessos de Temer - PSOL 50<\/title>\n<meta name=\"robots\" content=\"index, follow, max-snippet:-1, max-image-preview:large, max-video-preview:-1\" \/>\n<link rel=\"canonical\" href=\"https:\/\/psol50.org.br\/liderancas-de-comunidades-tradicionais-ocupam-planalto-contra-retrocessos-de-temer\/\" \/>\n<meta property=\"og:locale\" content=\"pt_BR\" \/>\n<meta property=\"og:type\" content=\"article\" \/>\n<meta property=\"og:title\" content=\"Lideran\u00e7as de comunidades tradicionais ocupam Planalto contra retrocessos de Temer - PSOL 50\" \/>\n<meta property=\"og:description\" content=\"Cerca de 500 lideran\u00e7as ind\u00edgenas (de v\u00e1rios povos do MA, BA, RS, SC e SP), de pescadores e pescadoras artesanais, quilombolas e quebradeiras de coco ocuparam o Pal\u00e1cio do Planalto, na manh\u00e3 desta ter\u00e7a-feira (22\/11). A ocupa\u00e7\u00e3o \u00e9 realizada pela Articula\u00e7\u00e3o dos Povos e Comunidades Tradicionais. Esta \u00e9 a primeira ocupa\u00e7\u00e3o do Pal\u00e1cio do Planalto [&hellip;]\" \/>\n<meta property=\"og:url\" content=\"https:\/\/psol50.org.br\/liderancas-de-comunidades-tradicionais-ocupam-planalto-contra-retrocessos-de-temer\/\" \/>\n<meta property=\"og:site_name\" content=\"PSOL 50\" \/>\n<meta property=\"article:publisher\" content=\"https:\/\/www.facebook.com\/psol50\" \/>\n<meta property=\"article:published_time\" content=\"2016-11-23T14:21:24+00:00\" \/>\n<meta property=\"og:image\" content=\"https:\/\/psol50.org.br\/inc\/uploads\/2018\/07\/capa.png\" \/>\n\t<meta property=\"og:image:width\" content=\"1350\" \/>\n\t<meta property=\"og:image:height\" content=\"900\" \/>\n\t<meta property=\"og:image:type\" content=\"image\/png\" \/>\n<meta name=\"author\" content=\"Comunica\u00e7\u00e3o PSOL\" \/>\n<meta name=\"twitter:card\" content=\"summary_large_image\" \/>\n<meta name=\"twitter:creator\" content=\"@psol50\" \/>\n<meta name=\"twitter:site\" content=\"@psol50\" \/>\n<meta name=\"twitter:label1\" content=\"Escrito por\" \/>\n\t<meta name=\"twitter:data1\" content=\"Comunica\u00e7\u00e3o PSOL\" \/>\n\t<meta name=\"twitter:label2\" content=\"Est. tempo de leitura\" \/>\n\t<meta name=\"twitter:data2\" content=\"3 minutos\" \/>\n<script type=\"application\/ld+json\" class=\"yoast-schema-graph\">{\"@context\":\"https:\/\/schema.org\",\"@graph\":[{\"@type\":\"Article\",\"@id\":\"https:\/\/psol50.org.br\/liderancas-de-comunidades-tradicionais-ocupam-planalto-contra-retrocessos-de-temer\/#article\",\"isPartOf\":{\"@id\":\"https:\/\/psol50.org.br\/liderancas-de-comunidades-tradicionais-ocupam-planalto-contra-retrocessos-de-temer\/\"},\"author\":{\"name\":\"Comunica\u00e7\u00e3o PSOL\",\"@id\":\"https:\/\/psol50.org.br\/#\/schema\/person\/475dfa57d0b815993c714c2e96491fcd\"},\"headline\":\"Lideran\u00e7as de comunidades tradicionais ocupam Planalto contra retrocessos de Temer\",\"datePublished\":\"2016-11-23T14:21:24+00:00\",\"mainEntityOfPage\":{\"@id\":\"https:\/\/psol50.org.br\/liderancas-de-comunidades-tradicionais-ocupam-planalto-contra-retrocessos-de-temer\/\"},\"wordCount\":626,\"commentCount\":0,\"publisher\":{\"@id\":\"https:\/\/psol50.org.br\/#organization\"},\"image\":{\"@id\":\"https:\/\/psol50.org.br\/liderancas-de-comunidades-tradicionais-ocupam-planalto-contra-retrocessos-de-temer\/#primaryimage\"},\"thumbnailUrl\":\"\",\"keywords\":[\"Articula\u00e7\u00e3o dos Povos e Comunidades Tradicionais\",\"Funai\",\"Incra\",\"Ind\u00edgenas\",\"Michel Temer\",\"ocupa\u00e7\u00e3o\",\"Pal\u00e1cio do Planalto\",\"PEC 215\/2000\",\"PEC 55\/2016\",\"pescadores artesanais\",\"povos tradicionais\",\"quilombolas\"],\"articleSection\":[\"Brasil\",\"Movimento\",\"Not\u00edcias\"],\"inLanguage\":\"pt-BR\",\"potentialAction\":[{\"@type\":\"CommentAction\",\"name\":\"Comment\",\"target\":[\"https:\/\/psol50.org.br\/liderancas-de-comunidades-tradicionais-ocupam-planalto-contra-retrocessos-de-temer\/#respond\"]}]},{\"@type\":\"WebPage\",\"@id\":\"https:\/\/psol50.org.br\/liderancas-de-comunidades-tradicionais-ocupam-planalto-contra-retrocessos-de-temer\/\",\"url\":\"https:\/\/psol50.org.br\/liderancas-de-comunidades-tradicionais-ocupam-planalto-contra-retrocessos-de-temer\/\",\"name\":\"Lideran\u00e7as de comunidades tradicionais ocupam Planalto contra retrocessos de Temer - PSOL 50\",\"isPartOf\":{\"@id\":\"https:\/\/psol50.org.br\/#website\"},\"primaryImageOfPage\":{\"@id\":\"https:\/\/psol50.org.br\/liderancas-de-comunidades-tradicionais-ocupam-planalto-contra-retrocessos-de-temer\/#primaryimage\"},\"image\":{\"@id\":\"https:\/\/psol50.org.br\/liderancas-de-comunidades-tradicionais-ocupam-planalto-contra-retrocessos-de-temer\/#primaryimage\"},\"thumbnailUrl\":\"\",\"datePublished\":\"2016-11-23T14:21:24+00:00\",\"breadcrumb\":{\"@id\":\"https:\/\/psol50.org.br\/liderancas-de-comunidades-tradicionais-ocupam-planalto-contra-retrocessos-de-temer\/#breadcrumb\"},\"inLanguage\":\"pt-BR\",\"potentialAction\":[{\"@type\":\"ReadAction\",\"target\":[\"https:\/\/psol50.org.br\/liderancas-de-comunidades-tradicionais-ocupam-planalto-contra-retrocessos-de-temer\/\"]}]},{\"@type\":\"ImageObject\",\"inLanguage\":\"pt-BR\",\"@id\":\"https:\/\/psol50.org.br\/liderancas-de-comunidades-tradicionais-ocupam-planalto-contra-retrocessos-de-temer\/#primaryimage\",\"url\":\"\",\"contentUrl\":\"\"},{\"@type\":\"BreadcrumbList\",\"@id\":\"https:\/\/psol50.org.br\/liderancas-de-comunidades-tradicionais-ocupam-planalto-contra-retrocessos-de-temer\/#breadcrumb\",\"itemListElement\":[{\"@type\":\"ListItem\",\"position\":1,\"name\":\"In\u00edcio\",\"item\":\"https:\/\/psol50.org.br\/\"},{\"@type\":\"ListItem\",\"position\":2,\"name\":\"Lideran\u00e7as de comunidades tradicionais ocupam Planalto contra retrocessos de Temer\"}]},{\"@type\":\"WebSite\",\"@id\":\"https:\/\/psol50.org.br\/#website\",\"url\":\"https:\/\/psol50.org.br\/\",\"name\":\"PSOL 50\",\"description\":\"Site oficial do Partido Socialismo e Liberdade\",\"publisher\":{\"@id\":\"https:\/\/psol50.org.br\/#organization\"},\"alternateName\":\"PSOL50\",\"potentialAction\":[{\"@type\":\"SearchAction\",\"target\":{\"@type\":\"EntryPoint\",\"urlTemplate\":\"https:\/\/psol50.org.br\/?s={search_term_string}\"},\"query-input\":{\"@type\":\"PropertyValueSpecification\",\"valueRequired\":true,\"valueName\":\"search_term_string\"}}],\"inLanguage\":\"pt-BR\"},{\"@type\":\"Organization\",\"@id\":\"https:\/\/psol50.org.br\/#organization\",\"name\":\"PSOL 50\",\"alternateName\":\"PSOL 50\",\"url\":\"https:\/\/psol50.org.br\/\",\"logo\":{\"@type\":\"ImageObject\",\"inLanguage\":\"pt-BR\",\"@id\":\"https:\/\/psol50.org.br\/#\/schema\/logo\/image\/\",\"url\":\"https:\/\/psol50.org.br\/inc\/uploads\/2018\/07\/capa.png\",\"contentUrl\":\"https:\/\/psol50.org.br\/inc\/uploads\/2018\/07\/capa.png\",\"width\":1350,\"height\":900,\"caption\":\"PSOL 50\"},\"image\":{\"@id\":\"https:\/\/psol50.org.br\/#\/schema\/logo\/image\/\"},\"sameAs\":[\"https:\/\/www.facebook.com\/psol50\",\"https:\/\/x.com\/psol50\",\"https:\/\/www.instagram.com\/psol50\/\",\"https:\/\/www.youtube.com\/channel\/UC7SnJS5o1os7a6CaiNabzcg\"]},{\"@type\":\"Person\",\"@id\":\"https:\/\/psol50.org.br\/#\/schema\/person\/475dfa57d0b815993c714c2e96491fcd\",\"name\":\"Comunica\u00e7\u00e3o PSOL\",\"image\":{\"@type\":\"ImageObject\",\"inLanguage\":\"pt-BR\",\"@id\":\"https:\/\/psol50.org.br\/#\/schema\/person\/image\/\",\"url\":\"https:\/\/secure.gravatar.com\/avatar\/b34fc4f4e468a4e51785917065a3db57b841f5c95dba6ad8c73aaf8f66f8f9bf?s=96&d=mm&r=g\",\"contentUrl\":\"https:\/\/secure.gravatar.com\/avatar\/b34fc4f4e468a4e51785917065a3db57b841f5c95dba6ad8c73aaf8f66f8f9bf?s=96&d=mm&r=g\",\"caption\":\"Comunica\u00e7\u00e3o PSOL\"}}]}<\/script>\n<!-- \/ Yoast SEO plugin. -->","yoast_head_json":{"title":"Lideran\u00e7as de comunidades tradicionais ocupam Planalto contra retrocessos de Temer - PSOL 50","robots":{"index":"index","follow":"follow","max-snippet":"max-snippet:-1","max-image-preview":"max-image-preview:large","max-video-preview":"max-video-preview:-1"},"canonical":"https:\/\/psol50.org.br\/liderancas-de-comunidades-tradicionais-ocupam-planalto-contra-retrocessos-de-temer\/","og_locale":"pt_BR","og_type":"article","og_title":"Lideran\u00e7as de comunidades tradicionais ocupam Planalto contra retrocessos de Temer - PSOL 50","og_description":"Cerca de 500 lideran\u00e7as ind\u00edgenas (de v\u00e1rios povos do MA, BA, RS, SC e SP), de pescadores e pescadoras artesanais, quilombolas e quebradeiras de coco ocuparam o Pal\u00e1cio do Planalto, na manh\u00e3 desta ter\u00e7a-feira (22\/11). A ocupa\u00e7\u00e3o \u00e9 realizada pela Articula\u00e7\u00e3o dos Povos e Comunidades Tradicionais. Esta \u00e9 a primeira ocupa\u00e7\u00e3o do Pal\u00e1cio do Planalto [&hellip;]","og_url":"https:\/\/psol50.org.br\/liderancas-de-comunidades-tradicionais-ocupam-planalto-contra-retrocessos-de-temer\/","og_site_name":"PSOL 50","article_publisher":"https:\/\/www.facebook.com\/psol50","article_published_time":"2016-11-23T14:21:24+00:00","og_image":[{"width":1350,"height":900,"url":"https:\/\/psol50.org.br\/inc\/uploads\/2018\/07\/capa.png","type":"image\/png"}],"author":"Comunica\u00e7\u00e3o PSOL","twitter_card":"summary_large_image","twitter_creator":"@psol50","twitter_site":"@psol50","twitter_misc":{"Escrito por":"Comunica\u00e7\u00e3o PSOL","Est. tempo de leitura":"3 minutos"},"schema":{"@context":"https:\/\/schema.org","@graph":[{"@type":"Article","@id":"https:\/\/psol50.org.br\/liderancas-de-comunidades-tradicionais-ocupam-planalto-contra-retrocessos-de-temer\/#article","isPartOf":{"@id":"https:\/\/psol50.org.br\/liderancas-de-comunidades-tradicionais-ocupam-planalto-contra-retrocessos-de-temer\/"},"author":{"name":"Comunica\u00e7\u00e3o PSOL","@id":"https:\/\/psol50.org.br\/#\/schema\/person\/475dfa57d0b815993c714c2e96491fcd"},"headline":"Lideran\u00e7as de comunidades tradicionais ocupam Planalto contra retrocessos de Temer","datePublished":"2016-11-23T14:21:24+00:00","mainEntityOfPage":{"@id":"https:\/\/psol50.org.br\/liderancas-de-comunidades-tradicionais-ocupam-planalto-contra-retrocessos-de-temer\/"},"wordCount":626,"commentCount":0,"publisher":{"@id":"https:\/\/psol50.org.br\/#organization"},"image":{"@id":"https:\/\/psol50.org.br\/liderancas-de-comunidades-tradicionais-ocupam-planalto-contra-retrocessos-de-temer\/#primaryimage"},"thumbnailUrl":"","keywords":["Articula\u00e7\u00e3o dos Povos e Comunidades Tradicionais","Funai","Incra","Ind\u00edgenas","Michel Temer","ocupa\u00e7\u00e3o","Pal\u00e1cio do Planalto","PEC 215\/2000","PEC 55\/2016","pescadores artesanais","povos tradicionais","quilombolas"],"articleSection":["Brasil","Movimento","Not\u00edcias"],"inLanguage":"pt-BR","potentialAction":[{"@type":"CommentAction","name":"Comment","target":["https:\/\/psol50.org.br\/liderancas-de-comunidades-tradicionais-ocupam-planalto-contra-retrocessos-de-temer\/#respond"]}]},{"@type":"WebPage","@id":"https:\/\/psol50.org.br\/liderancas-de-comunidades-tradicionais-ocupam-planalto-contra-retrocessos-de-temer\/","url":"https:\/\/psol50.org.br\/liderancas-de-comunidades-tradicionais-ocupam-planalto-contra-retrocessos-de-temer\/","name":"Lideran\u00e7as de comunidades tradicionais ocupam Planalto contra retrocessos de Temer - PSOL 50","isPartOf":{"@id":"https:\/\/psol50.org.br\/#website"},"primaryImageOfPage":{"@id":"https:\/\/psol50.org.br\/liderancas-de-comunidades-tradicionais-ocupam-planalto-contra-retrocessos-de-temer\/#primaryimage"},"image":{"@id":"https:\/\/psol50.org.br\/liderancas-de-comunidades-tradicionais-ocupam-planalto-contra-retrocessos-de-temer\/#primaryimage"},"thumbnailUrl":"","datePublished":"2016-11-23T14:21:24+00:00","breadcrumb":{"@id":"https:\/\/psol50.org.br\/liderancas-de-comunidades-tradicionais-ocupam-planalto-contra-retrocessos-de-temer\/#breadcrumb"},"inLanguage":"pt-BR","potentialAction":[{"@type":"ReadAction","target":["https:\/\/psol50.org.br\/liderancas-de-comunidades-tradicionais-ocupam-planalto-contra-retrocessos-de-temer\/"]}]},{"@type":"ImageObject","inLanguage":"pt-BR","@id":"https:\/\/psol50.org.br\/liderancas-de-comunidades-tradicionais-ocupam-planalto-contra-retrocessos-de-temer\/#primaryimage","url":"","contentUrl":""},{"@type":"BreadcrumbList","@id":"https:\/\/psol50.org.br\/liderancas-de-comunidades-tradicionais-ocupam-planalto-contra-retrocessos-de-temer\/#breadcrumb","itemListElement":[{"@type":"ListItem","position":1,"name":"In\u00edcio","item":"https:\/\/psol50.org.br\/"},{"@type":"ListItem","position":2,"name":"Lideran\u00e7as de comunidades tradicionais ocupam Planalto contra retrocessos de Temer"}]},{"@type":"WebSite","@id":"https:\/\/psol50.org.br\/#website","url":"https:\/\/psol50.org.br\/","name":"PSOL 50","description":"Site oficial do Partido Socialismo e Liberdade","publisher":{"@id":"https:\/\/psol50.org.br\/#organization"},"alternateName":"PSOL50","potentialAction":[{"@type":"SearchAction","target":{"@type":"EntryPoint","urlTemplate":"https:\/\/psol50.org.br\/?s={search_term_string}"},"query-input":{"@type":"PropertyValueSpecification","valueRequired":true,"valueName":"search_term_string"}}],"inLanguage":"pt-BR"},{"@type":"Organization","@id":"https:\/\/psol50.org.br\/#organization","name":"PSOL 50","alternateName":"PSOL 50","url":"https:\/\/psol50.org.br\/","logo":{"@type":"ImageObject","inLanguage":"pt-BR","@id":"https:\/\/psol50.org.br\/#\/schema\/logo\/image\/","url":"https:\/\/psol50.org.br\/inc\/uploads\/2018\/07\/capa.png","contentUrl":"https:\/\/psol50.org.br\/inc\/uploads\/2018\/07\/capa.png","width":1350,"height":900,"caption":"PSOL 50"},"image":{"@id":"https:\/\/psol50.org.br\/#\/schema\/logo\/image\/"},"sameAs":["https:\/\/www.facebook.com\/psol50","https:\/\/x.com\/psol50","https:\/\/www.instagram.com\/psol50\/","https:\/\/www.youtube.com\/channel\/UC7SnJS5o1os7a6CaiNabzcg"]},{"@type":"Person","@id":"https:\/\/psol50.org.br\/#\/schema\/person\/475dfa57d0b815993c714c2e96491fcd","name":"Comunica\u00e7\u00e3o PSOL","image":{"@type":"ImageObject","inLanguage":"pt-BR","@id":"https:\/\/psol50.org.br\/#\/schema\/person\/image\/","url":"https:\/\/secure.gravatar.com\/avatar\/b34fc4f4e468a4e51785917065a3db57b841f5c95dba6ad8c73aaf8f66f8f9bf?s=96&d=mm&r=g","contentUrl":"https:\/\/secure.gravatar.com\/avatar\/b34fc4f4e468a4e51785917065a3db57b841f5c95dba6ad8c73aaf8f66f8f9bf?s=96&d=mm&r=g","caption":"Comunica\u00e7\u00e3o PSOL"}}]}},"_links":{"self":[{"href":"https:\/\/psol50.org.br\/rest\/wp\/v2\/posts\/14593","targetHints":{"allow":["GET"]}}],"collection":[{"href":"https:\/\/psol50.org.br\/rest\/wp\/v2\/posts"}],"about":[{"href":"https:\/\/psol50.org.br\/rest\/wp\/v2\/types\/post"}],"author":[{"embeddable":true,"href":"https:\/\/psol50.org.br\/rest\/wp\/v2\/users\/2"}],"replies":[{"embeddable":true,"href":"https:\/\/psol50.org.br\/rest\/wp\/v2\/comments?post=14593"}],"version-history":[{"count":0,"href":"https:\/\/psol50.org.br\/rest\/wp\/v2\/posts\/14593\/revisions"}],"wp:featuredmedia":[{"embeddable":true,"href":"https:\/\/psol50.org.br\/rest\/"}],"wp:attachment":[{"href":"https:\/\/psol50.org.br\/rest\/wp\/v2\/media?parent=14593"}],"wp:term":[{"taxonomy":"category","embeddable":true,"href":"https:\/\/psol50.org.br\/rest\/wp\/v2\/categories?post=14593"},{"taxonomy":"post_tag","embeddable":true,"href":"https:\/\/psol50.org.br\/rest\/wp\/v2\/tags?post=14593"}],"curies":[{"name":"wp","href":"https:\/\/api.w.org\/{rel}","templated":true}]}}