{"id":1460,"date":"2010-12-08T00:00:00","date_gmt":"2010-12-08T00:00:00","guid":{"rendered":"http:\/\/psol50.org.br\/arquivo\/2010\/12\/08\/rj-psol-e-premiado-por-grupo-arco-iris\/"},"modified":"2010-12-08T00:00:00","modified_gmt":"2010-12-08T00:00:00","slug":"rj-psol-e-premiado-por-grupo-arco-iris","status":"publish","type":"post","link":"https:\/\/psol50.org.br\/rj-psol-e-premiado-por-grupo-arco-iris\/","title":{"rendered":"RJ: PSOL \u00e9 premiado por Grupo Arco \u00cdris"},"content":{"rendered":"<p>O PSOL recebeu na noite de 7 de dezmebro, no Rio de Janeiro, dois pr\u00eamios do Grupo Arco \u00cdris, dedicados \u00e0s personalidades e institui\u00e7\u00f5es que promoveram a\u00e7\u00f5es de visibilidade \u00e0 comunidade LGBT.<\/p>\n<p>Um dos pr\u00eamios foi dado \u00e0 Chico Alencar (PSOL\/RJ) \u201cpelo seu hist\u00f3rico enquanto parlamentar, defendendo as quest\u00f5es de direitos humanos e a pauta LGBT. [Ele] tem sido respons\u00e1vel pela aprova\u00e7\u00e3o de emendas parlamentares para a implementa\u00e7\u00e3o de pol\u00edticas p\u00fablicas pr\u00f3-LGBT no estado do Rio de Janeiro\u201d.<\/p>\n<p>O outro foi dado na categoria de marketing ao PSOL, pela propaganda veiculada no programa eleitoral de Paulo Bufalo ao governo de S\u00e3o Paulo, que exibia um beijo gay entre dois jovens.<\/p>\n<p>Reveja a propaganda aqui:<\/p>\n<div class=\"youtube-embed\" data-video_id=\"BNWkX1FT8ig\"><iframe loading=\"lazy\" title=\"Programa Paulo Bufalo governador - VOCE \/ PSOL\" width=\"696\" height=\"522\" src=\"https:\/\/www.youtube.com\/embed\/BNWkX1FT8ig?feature=oembed&#038;enablejsapi=1\" frameborder=\"0\" allow=\"accelerometer; autoplay; clipboard-write; encrypted-media; gyroscope; picture-in-picture\" allowfullscreen><\/iframe><\/div>\n","protected":false},"excerpt":{"rendered":"<p>O PSOL recebeu na noite de 7 de dezmebro, no Rio de Janeiro, dois pr\u00eamios do Grupo Arco \u00cdris, dedicados \u00e0s personalidades e institui\u00e7\u00f5es que promoveram a\u00e7\u00f5es de visibilidade \u00e0 comunidade LGBT. Um dos pr\u00eamios foi dado \u00e0 Chico Alencar (PSOL\/RJ) \u201cpelo seu hist\u00f3rico enquanto parlamentar, defendendo as quest\u00f5es de direitos humanos e a pauta [&hellip;]<\/p>\n","protected":false},"author":2,"featured_media":0,"comment_status":"open","ping_status":"open","sticky":false,"template":"","format":"standard","meta":{"_acf_changed":false,"footnotes":""},"categories":[4766],"tags":[],"class_list":{"0":"post-1460","1":"post","2":"type-post","3":"status-publish","4":"format-standard","6":"category-arquivo"},"acf":[],"yoast_head":"<!-- This site is optimized with the Yoast SEO plugin v26.5 - https:\/\/yoast.com\/wordpress\/plugins\/seo\/ -->\n<title>RJ: PSOL \u00e9 premiado por Grupo Arco \u00cdris - PSOL 50<\/title>\n<meta name=\"robots\" content=\"index, follow, max-snippet:-1, max-image-preview:large, max-video-preview:-1\" \/>\n<link rel=\"canonical\" href=\"https:\/\/psol50.org.br\/rj-psol-e-premiado-por-grupo-arco-iris\/\" \/>\n<meta property=\"og:locale\" content=\"pt_BR\" \/>\n<meta property=\"og:type\" content=\"article\" \/>\n<meta property=\"og:title\" content=\"RJ: PSOL \u00e9 premiado por Grupo Arco \u00cdris - PSOL 50\" \/>\n<meta property=\"og:description\" content=\"O PSOL recebeu na noite de 7 de dezmebro, no Rio de Janeiro, dois pr\u00eamios do Grupo Arco \u00cdris, dedicados \u00e0s personalidades e institui\u00e7\u00f5es que promoveram a\u00e7\u00f5es de visibilidade \u00e0 comunidade LGBT. Um dos pr\u00eamios foi dado \u00e0 Chico Alencar (PSOL\/RJ) \u201cpelo seu hist\u00f3rico enquanto parlamentar, defendendo as quest\u00f5es de direitos humanos e a pauta [&hellip;]\" \/>\n<meta property=\"og:url\" content=\"https:\/\/psol50.org.br\/rj-psol-e-premiado-por-grupo-arco-iris\/\" \/>\n<meta property=\"og:site_name\" content=\"PSOL 50\" \/>\n<meta property=\"article:publisher\" content=\"https:\/\/www.facebook.com\/psol50\" \/>\n<meta property=\"article:published_time\" content=\"2010-12-08T00:00:00+00:00\" \/>\n<meta property=\"og:image\" content=\"https:\/\/psol50.org.br\/inc\/uploads\/2018\/07\/capa.png\" \/>\n\t<meta property=\"og:image:width\" content=\"1350\" \/>\n\t<meta property=\"og:image:height\" content=\"900\" \/>\n\t<meta property=\"og:image:type\" content=\"image\/png\" \/>\n<meta name=\"author\" content=\"Comunica\u00e7\u00e3o PSOL\" \/>\n<meta name=\"twitter:card\" content=\"summary_large_image\" \/>\n<meta name=\"twitter:creator\" content=\"@psol50\" \/>\n<meta name=\"twitter:site\" content=\"@psol50\" \/>\n<meta name=\"twitter:label1\" content=\"Escrito por\" \/>\n\t<meta name=\"twitter:data1\" content=\"Comunica\u00e7\u00e3o PSOL\" \/>\n\t<meta name=\"twitter:label2\" content=\"Est. tempo de leitura\" \/>\n\t<meta name=\"twitter:data2\" content=\"1 minuto\" \/>\n<script type=\"application\/ld+json\" class=\"yoast-schema-graph\">{\"@context\":\"https:\/\/schema.org\",\"@graph\":[{\"@type\":\"Article\",\"@id\":\"https:\/\/psol50.org.br\/rj-psol-e-premiado-por-grupo-arco-iris\/#article\",\"isPartOf\":{\"@id\":\"https:\/\/psol50.org.br\/rj-psol-e-premiado-por-grupo-arco-iris\/\"},\"author\":{\"name\":\"Comunica\u00e7\u00e3o PSOL\",\"@id\":\"https:\/\/psol50.org.br\/#\/schema\/person\/475dfa57d0b815993c714c2e96491fcd\"},\"headline\":\"RJ: PSOL \u00e9 premiado por Grupo Arco \u00cdris\",\"datePublished\":\"2010-12-08T00:00:00+00:00\",\"mainEntityOfPage\":{\"@id\":\"https:\/\/psol50.org.br\/rj-psol-e-premiado-por-grupo-arco-iris\/\"},\"wordCount\":141,\"commentCount\":0,\"publisher\":{\"@id\":\"https:\/\/psol50.org.br\/#organization\"},\"articleSection\":[\"Arquivo\"],\"inLanguage\":\"pt-BR\",\"potentialAction\":[{\"@type\":\"CommentAction\",\"name\":\"Comment\",\"target\":[\"https:\/\/psol50.org.br\/rj-psol-e-premiado-por-grupo-arco-iris\/#respond\"]}]},{\"@type\":\"WebPage\",\"@id\":\"https:\/\/psol50.org.br\/rj-psol-e-premiado-por-grupo-arco-iris\/\",\"url\":\"https:\/\/psol50.org.br\/rj-psol-e-premiado-por-grupo-arco-iris\/\",\"name\":\"RJ: PSOL \u00e9 premiado por Grupo Arco \u00cdris - PSOL 50\",\"isPartOf\":{\"@id\":\"https:\/\/psol50.org.br\/#website\"},\"datePublished\":\"2010-12-08T00:00:00+00:00\",\"breadcrumb\":{\"@id\":\"https:\/\/psol50.org.br\/rj-psol-e-premiado-por-grupo-arco-iris\/#breadcrumb\"},\"inLanguage\":\"pt-BR\",\"potentialAction\":[{\"@type\":\"ReadAction\",\"target\":[\"https:\/\/psol50.org.br\/rj-psol-e-premiado-por-grupo-arco-iris\/\"]}]},{\"@type\":\"BreadcrumbList\",\"@id\":\"https:\/\/psol50.org.br\/rj-psol-e-premiado-por-grupo-arco-iris\/#breadcrumb\",\"itemListElement\":[{\"@type\":\"ListItem\",\"position\":1,\"name\":\"In\u00edcio\",\"item\":\"https:\/\/psol50.org.br\/\"},{\"@type\":\"ListItem\",\"position\":2,\"name\":\"RJ: PSOL \u00e9 premiado por Grupo Arco \u00cdris\"}]},{\"@type\":\"WebSite\",\"@id\":\"https:\/\/psol50.org.br\/#website\",\"url\":\"https:\/\/psol50.org.br\/\",\"name\":\"PSOL 50\",\"description\":\"Site oficial do Partido Socialismo e Liberdade\",\"publisher\":{\"@id\":\"https:\/\/psol50.org.br\/#organization\"},\"alternateName\":\"PSOL50\",\"potentialAction\":[{\"@type\":\"SearchAction\",\"target\":{\"@type\":\"EntryPoint\",\"urlTemplate\":\"https:\/\/psol50.org.br\/?s={search_term_string}\"},\"query-input\":{\"@type\":\"PropertyValueSpecification\",\"valueRequired\":true,\"valueName\":\"search_term_string\"}}],\"inLanguage\":\"pt-BR\"},{\"@type\":\"Organization\",\"@id\":\"https:\/\/psol50.org.br\/#organization\",\"name\":\"PSOL 50\",\"alternateName\":\"PSOL 50\",\"url\":\"https:\/\/psol50.org.br\/\",\"logo\":{\"@type\":\"ImageObject\",\"inLanguage\":\"pt-BR\",\"@id\":\"https:\/\/psol50.org.br\/#\/schema\/logo\/image\/\",\"url\":\"https:\/\/psol50.org.br\/inc\/uploads\/2018\/07\/capa.png\",\"contentUrl\":\"https:\/\/psol50.org.br\/inc\/uploads\/2018\/07\/capa.png\",\"width\":1350,\"height\":900,\"caption\":\"PSOL 50\"},\"image\":{\"@id\":\"https:\/\/psol50.org.br\/#\/schema\/logo\/image\/\"},\"sameAs\":[\"https:\/\/www.facebook.com\/psol50\",\"https:\/\/x.com\/psol50\",\"https:\/\/www.instagram.com\/psol50\/\",\"https:\/\/www.youtube.com\/channel\/UC7SnJS5o1os7a6CaiNabzcg\"]},{\"@type\":\"Person\",\"@id\":\"https:\/\/psol50.org.br\/#\/schema\/person\/475dfa57d0b815993c714c2e96491fcd\",\"name\":\"Comunica\u00e7\u00e3o PSOL\",\"image\":{\"@type\":\"ImageObject\",\"inLanguage\":\"pt-BR\",\"@id\":\"https:\/\/psol50.org.br\/#\/schema\/person\/image\/\",\"url\":\"https:\/\/secure.gravatar.com\/avatar\/b34fc4f4e468a4e51785917065a3db57b841f5c95dba6ad8c73aaf8f66f8f9bf?s=96&d=mm&r=g\",\"contentUrl\":\"https:\/\/secure.gravatar.com\/avatar\/b34fc4f4e468a4e51785917065a3db57b841f5c95dba6ad8c73aaf8f66f8f9bf?s=96&d=mm&r=g\",\"caption\":\"Comunica\u00e7\u00e3o PSOL\"}}]}<\/script>\n<!-- \/ Yoast SEO plugin. -->","yoast_head_json":{"title":"RJ: PSOL \u00e9 premiado por Grupo Arco \u00cdris - PSOL 50","robots":{"index":"index","follow":"follow","max-snippet":"max-snippet:-1","max-image-preview":"max-image-preview:large","max-video-preview":"max-video-preview:-1"},"canonical":"https:\/\/psol50.org.br\/rj-psol-e-premiado-por-grupo-arco-iris\/","og_locale":"pt_BR","og_type":"article","og_title":"RJ: PSOL \u00e9 premiado por Grupo Arco \u00cdris - PSOL 50","og_description":"O PSOL recebeu na noite de 7 de dezmebro, no Rio de Janeiro, dois pr\u00eamios do Grupo Arco \u00cdris, dedicados \u00e0s personalidades e institui\u00e7\u00f5es que promoveram a\u00e7\u00f5es de visibilidade \u00e0 comunidade LGBT. Um dos pr\u00eamios foi dado \u00e0 Chico Alencar (PSOL\/RJ) \u201cpelo seu hist\u00f3rico enquanto parlamentar, defendendo as quest\u00f5es de direitos humanos e a pauta [&hellip;]","og_url":"https:\/\/psol50.org.br\/rj-psol-e-premiado-por-grupo-arco-iris\/","og_site_name":"PSOL 50","article_publisher":"https:\/\/www.facebook.com\/psol50","article_published_time":"2010-12-08T00:00:00+00:00","og_image":[{"width":1350,"height":900,"url":"https:\/\/psol50.org.br\/inc\/uploads\/2018\/07\/capa.png","type":"image\/png"}],"author":"Comunica\u00e7\u00e3o PSOL","twitter_card":"summary_large_image","twitter_creator":"@psol50","twitter_site":"@psol50","twitter_misc":{"Escrito por":"Comunica\u00e7\u00e3o PSOL","Est. tempo de leitura":"1 minuto"},"schema":{"@context":"https:\/\/schema.org","@graph":[{"@type":"Article","@id":"https:\/\/psol50.org.br\/rj-psol-e-premiado-por-grupo-arco-iris\/#article","isPartOf":{"@id":"https:\/\/psol50.org.br\/rj-psol-e-premiado-por-grupo-arco-iris\/"},"author":{"name":"Comunica\u00e7\u00e3o PSOL","@id":"https:\/\/psol50.org.br\/#\/schema\/person\/475dfa57d0b815993c714c2e96491fcd"},"headline":"RJ: PSOL \u00e9 premiado por Grupo Arco \u00cdris","datePublished":"2010-12-08T00:00:00+00:00","mainEntityOfPage":{"@id":"https:\/\/psol50.org.br\/rj-psol-e-premiado-por-grupo-arco-iris\/"},"wordCount":141,"commentCount":0,"publisher":{"@id":"https:\/\/psol50.org.br\/#organization"},"articleSection":["Arquivo"],"inLanguage":"pt-BR","potentialAction":[{"@type":"CommentAction","name":"Comment","target":["https:\/\/psol50.org.br\/rj-psol-e-premiado-por-grupo-arco-iris\/#respond"]}]},{"@type":"WebPage","@id":"https:\/\/psol50.org.br\/rj-psol-e-premiado-por-grupo-arco-iris\/","url":"https:\/\/psol50.org.br\/rj-psol-e-premiado-por-grupo-arco-iris\/","name":"RJ: PSOL \u00e9 premiado por Grupo Arco \u00cdris - PSOL 50","isPartOf":{"@id":"https:\/\/psol50.org.br\/#website"},"datePublished":"2010-12-08T00:00:00+00:00","breadcrumb":{"@id":"https:\/\/psol50.org.br\/rj-psol-e-premiado-por-grupo-arco-iris\/#breadcrumb"},"inLanguage":"pt-BR","potentialAction":[{"@type":"ReadAction","target":["https:\/\/psol50.org.br\/rj-psol-e-premiado-por-grupo-arco-iris\/"]}]},{"@type":"BreadcrumbList","@id":"https:\/\/psol50.org.br\/rj-psol-e-premiado-por-grupo-arco-iris\/#breadcrumb","itemListElement":[{"@type":"ListItem","position":1,"name":"In\u00edcio","item":"https:\/\/psol50.org.br\/"},{"@type":"ListItem","position":2,"name":"RJ: PSOL \u00e9 premiado por Grupo Arco \u00cdris"}]},{"@type":"WebSite","@id":"https:\/\/psol50.org.br\/#website","url":"https:\/\/psol50.org.br\/","name":"PSOL 50","description":"Site oficial do Partido Socialismo e Liberdade","publisher":{"@id":"https:\/\/psol50.org.br\/#organization"},"alternateName":"PSOL50","potentialAction":[{"@type":"SearchAction","target":{"@type":"EntryPoint","urlTemplate":"https:\/\/psol50.org.br\/?s={search_term_string}"},"query-input":{"@type":"PropertyValueSpecification","valueRequired":true,"valueName":"search_term_string"}}],"inLanguage":"pt-BR"},{"@type":"Organization","@id":"https:\/\/psol50.org.br\/#organization","name":"PSOL 50","alternateName":"PSOL 50","url":"https:\/\/psol50.org.br\/","logo":{"@type":"ImageObject","inLanguage":"pt-BR","@id":"https:\/\/psol50.org.br\/#\/schema\/logo\/image\/","url":"https:\/\/psol50.org.br\/inc\/uploads\/2018\/07\/capa.png","contentUrl":"https:\/\/psol50.org.br\/inc\/uploads\/2018\/07\/capa.png","width":1350,"height":900,"caption":"PSOL 50"},"image":{"@id":"https:\/\/psol50.org.br\/#\/schema\/logo\/image\/"},"sameAs":["https:\/\/www.facebook.com\/psol50","https:\/\/x.com\/psol50","https:\/\/www.instagram.com\/psol50\/","https:\/\/www.youtube.com\/channel\/UC7SnJS5o1os7a6CaiNabzcg"]},{"@type":"Person","@id":"https:\/\/psol50.org.br\/#\/schema\/person\/475dfa57d0b815993c714c2e96491fcd","name":"Comunica\u00e7\u00e3o PSOL","image":{"@type":"ImageObject","inLanguage":"pt-BR","@id":"https:\/\/psol50.org.br\/#\/schema\/person\/image\/","url":"https:\/\/secure.gravatar.com\/avatar\/b34fc4f4e468a4e51785917065a3db57b841f5c95dba6ad8c73aaf8f66f8f9bf?s=96&d=mm&r=g","contentUrl":"https:\/\/secure.gravatar.com\/avatar\/b34fc4f4e468a4e51785917065a3db57b841f5c95dba6ad8c73aaf8f66f8f9bf?s=96&d=mm&r=g","caption":"Comunica\u00e7\u00e3o PSOL"}}]}},"_links":{"self":[{"href":"https:\/\/psol50.org.br\/rest\/wp\/v2\/posts\/1460","targetHints":{"allow":["GET"]}}],"collection":[{"href":"https:\/\/psol50.org.br\/rest\/wp\/v2\/posts"}],"about":[{"href":"https:\/\/psol50.org.br\/rest\/wp\/v2\/types\/post"}],"author":[{"embeddable":true,"href":"https:\/\/psol50.org.br\/rest\/wp\/v2\/users\/2"}],"replies":[{"embeddable":true,"href":"https:\/\/psol50.org.br\/rest\/wp\/v2\/comments?post=1460"}],"version-history":[{"count":0,"href":"https:\/\/psol50.org.br\/rest\/wp\/v2\/posts\/1460\/revisions"}],"wp:attachment":[{"href":"https:\/\/psol50.org.br\/rest\/wp\/v2\/media?parent=1460"}],"wp:term":[{"taxonomy":"category","embeddable":true,"href":"https:\/\/psol50.org.br\/rest\/wp\/v2\/categories?post=1460"},{"taxonomy":"post_tag","embeddable":true,"href":"https:\/\/psol50.org.br\/rest\/wp\/v2\/tags?post=1460"}],"curies":[{"name":"wp","href":"https:\/\/api.w.org\/{rel}","templated":true}]}}