{"id":14609,"date":"2016-11-23T18:09:44","date_gmt":"2016-11-23T18:09:44","guid":{"rendered":"http:\/\/www.psol50.org.br\/?p=14609"},"modified":"2016-11-23T18:09:44","modified_gmt":"2016-11-23T18:09:44","slug":"juninho-presidente-do-psol-sp-recebe-homenagem-por-luta-contra-o-racismo","status":"publish","type":"post","link":"https:\/\/psol50.org.br\/juninho-presidente-do-psol-sp-recebe-homenagem-por-luta-contra-o-racismo\/","title":{"rendered":"Juninho, presidente do PSOL SP, recebe homenagem por luta contra o racismo"},"content":{"rendered":"<p>Nesta ter\u00e7a-feira (22) o SOS Racismo, \u00f3rg\u00e3o ligado \u00e0 Assembleia Legislativa do Estado de S\u00e3o Paulo (Alesp) e coordenado pela advogada e produtora cultura Eliane Dias, realizou o evento Pr\u00eamio Zumbi dos Palmares, que homenageou lideran\u00e7as representativas da luta racial no Estado de S\u00e3o Paulo.<\/p>\n<p>Entre os homenageados est\u00e1 Juninho, ativista do movimento negro C\u00edrculo Palmarino e presidente estadual do PSOL SP. Tamb\u00e9m foram homenageados Douglas Belchior (militante da Uneafro e candidato a vereador pelo PSOL em S\u00e3o Paulo), Sueli Carneiro (Geled\u00e9s), Edson Fran\u00e7a (Unegro), Vicente C\u00e2ndido (deputado federal\/PT), Joyce Ribeiro (\u00e2ncora do jornal do SBT) e os Jornalistas Livres.<\/p>\n<p>Em seu discurso, Juninho refor\u00e7ou a import\u00e2ncia de ter um Pr\u00eamio Zumbi dos Palmares em um momento de avan\u00e7o conservador em que\u00a0as lideran\u00e7as constru\u00eddas pelo movimento social negro s\u00e3o questionadas, fruto de uma batalha ideol\u00f3gica que refor\u00e7a os ideias liberais, meritocr\u00e1ticos e que ataca a trajet\u00f3ria de resist\u00eancia e luta do povo negro. \u201c\u00c9 fundamental a gente exaltar todas as nossas lideran\u00e7as, n\u00e3o s\u00f3 de Zumbi, mas de todas as mulheres negras que ajudaram a construir a hist\u00f3ria desse pa\u00eds. N\u00e3o h\u00e1 sa\u00eddas individuais, a sa\u00edda \u00e9 coletiva. Por isso esse pr\u00eamio chamais poder\u00e1 ser s\u00f3 do Juninho, mas sim de todas as herdeiras e herdeiros que lutaram pela liberdade neste pa\u00eds\u201d, destacou.<\/p>\n<p>O ativista e dirigente tamb\u00e9m destacou o trabalho do C\u00edrculo Palmarino, que na \u00faltima d\u00e9cada vem se dedicando ao debate e a luta contra a faxina \u00e9tnica e o genoc\u00eddio do povo negro, entendendo que essa \u00e9 uma pauta urgente que precisa ser encapada pelas for\u00e7as progressistas e enfrentada pelo conjunto da sociedade brasileira.<\/p>\n","protected":false},"excerpt":{"rendered":"<p>Nesta ter\u00e7a-feira (22) o SOS Racismo, \u00f3rg\u00e3o ligado \u00e0 Assembleia Legislativa do Estado de S\u00e3o Paulo (Alesp) e coordenado pela advogada e produtora cultura Eliane Dias, realizou o evento Pr\u00eamio Zumbi dos Palmares, que homenageou lideran\u00e7as representativas da luta racial no Estado de S\u00e3o Paulo. Entre os homenageados est\u00e1 Juninho, ativista do movimento negro C\u00edrculo [&hellip;]<\/p>\n","protected":false},"author":2,"featured_media":14610,"comment_status":"open","ping_status":"open","sticky":false,"template":"","format":"standard","meta":{"_acf_changed":false,"footnotes":""},"categories":[654,1104,6],"tags":[4671,1196,1587,2277,127],"class_list":{"0":"post-14609","1":"post","2":"type-post","3":"status-publish","4":"format-standard","5":"has-post-thumbnail","7":"category-estados","8":"category-movimento","9":"category-noticias","10":"tag-douglas-belchior","11":"tag-juninho","12":"tag-movimento-negro","13":"tag-psol-sp","14":"tag-racismo"},"acf":[],"yoast_head":"<!-- This site is optimized with the Yoast SEO plugin v26.5 - https:\/\/yoast.com\/wordpress\/plugins\/seo\/ -->\n<title>Juninho, presidente do PSOL SP, recebe homenagem por luta contra o racismo - PSOL 50<\/title>\n<meta name=\"robots\" content=\"index, follow, max-snippet:-1, max-image-preview:large, max-video-preview:-1\" \/>\n<link rel=\"canonical\" href=\"https:\/\/psol50.org.br\/juninho-presidente-do-psol-sp-recebe-homenagem-por-luta-contra-o-racismo\/\" \/>\n<meta property=\"og:locale\" content=\"pt_BR\" \/>\n<meta property=\"og:type\" content=\"article\" \/>\n<meta property=\"og:title\" content=\"Juninho, presidente do PSOL SP, recebe homenagem por luta contra o racismo - PSOL 50\" \/>\n<meta property=\"og:description\" content=\"Nesta ter\u00e7a-feira (22) o SOS Racismo, \u00f3rg\u00e3o ligado \u00e0 Assembleia Legislativa do Estado de S\u00e3o Paulo (Alesp) e coordenado pela advogada e produtora cultura Eliane Dias, realizou o evento Pr\u00eamio Zumbi dos Palmares, que homenageou lideran\u00e7as representativas da luta racial no Estado de S\u00e3o Paulo. Entre os homenageados est\u00e1 Juninho, ativista do movimento negro C\u00edrculo [&hellip;]\" \/>\n<meta property=\"og:url\" content=\"https:\/\/psol50.org.br\/juninho-presidente-do-psol-sp-recebe-homenagem-por-luta-contra-o-racismo\/\" \/>\n<meta property=\"og:site_name\" content=\"PSOL 50\" \/>\n<meta property=\"article:publisher\" content=\"https:\/\/www.facebook.com\/psol50\" \/>\n<meta property=\"article:published_time\" content=\"2016-11-23T18:09:44+00:00\" \/>\n<meta property=\"og:image\" content=\"https:\/\/psol50.org.br\/inc\/uploads\/2018\/07\/capa.png\" \/>\n\t<meta property=\"og:image:width\" content=\"1350\" \/>\n\t<meta property=\"og:image:height\" content=\"900\" \/>\n\t<meta property=\"og:image:type\" content=\"image\/png\" \/>\n<meta name=\"author\" content=\"Comunica\u00e7\u00e3o PSOL\" \/>\n<meta name=\"twitter:card\" content=\"summary_large_image\" \/>\n<meta name=\"twitter:creator\" content=\"@psol50\" \/>\n<meta name=\"twitter:site\" content=\"@psol50\" \/>\n<meta name=\"twitter:label1\" content=\"Escrito por\" \/>\n\t<meta name=\"twitter:data1\" content=\"Comunica\u00e7\u00e3o PSOL\" \/>\n\t<meta name=\"twitter:label2\" content=\"Est. tempo de leitura\" \/>\n\t<meta name=\"twitter:data2\" content=\"2 minutos\" \/>\n<script type=\"application\/ld+json\" class=\"yoast-schema-graph\">{\"@context\":\"https:\/\/schema.org\",\"@graph\":[{\"@type\":\"Article\",\"@id\":\"https:\/\/psol50.org.br\/juninho-presidente-do-psol-sp-recebe-homenagem-por-luta-contra-o-racismo\/#article\",\"isPartOf\":{\"@id\":\"https:\/\/psol50.org.br\/juninho-presidente-do-psol-sp-recebe-homenagem-por-luta-contra-o-racismo\/\"},\"author\":{\"name\":\"Comunica\u00e7\u00e3o PSOL\",\"@id\":\"https:\/\/psol50.org.br\/#\/schema\/person\/475dfa57d0b815993c714c2e96491fcd\"},\"headline\":\"Juninho, presidente do PSOL SP, recebe homenagem por luta contra o racismo\",\"datePublished\":\"2016-11-23T18:09:44+00:00\",\"mainEntityOfPage\":{\"@id\":\"https:\/\/psol50.org.br\/juninho-presidente-do-psol-sp-recebe-homenagem-por-luta-contra-o-racismo\/\"},\"wordCount\":314,\"commentCount\":0,\"publisher\":{\"@id\":\"https:\/\/psol50.org.br\/#organization\"},\"image\":{\"@id\":\"https:\/\/psol50.org.br\/juninho-presidente-do-psol-sp-recebe-homenagem-por-luta-contra-o-racismo\/#primaryimage\"},\"thumbnailUrl\":\"\",\"keywords\":[\"Douglas Belchior\",\"Juninho\",\"movimento negro\",\"PSOL-SP\",\"racismo\"],\"articleSection\":[\"Estados\",\"Movimento\",\"Not\u00edcias\"],\"inLanguage\":\"pt-BR\",\"potentialAction\":[{\"@type\":\"CommentAction\",\"name\":\"Comment\",\"target\":[\"https:\/\/psol50.org.br\/juninho-presidente-do-psol-sp-recebe-homenagem-por-luta-contra-o-racismo\/#respond\"]}]},{\"@type\":\"WebPage\",\"@id\":\"https:\/\/psol50.org.br\/juninho-presidente-do-psol-sp-recebe-homenagem-por-luta-contra-o-racismo\/\",\"url\":\"https:\/\/psol50.org.br\/juninho-presidente-do-psol-sp-recebe-homenagem-por-luta-contra-o-racismo\/\",\"name\":\"Juninho, presidente do PSOL SP, recebe homenagem por luta contra o racismo - PSOL 50\",\"isPartOf\":{\"@id\":\"https:\/\/psol50.org.br\/#website\"},\"primaryImageOfPage\":{\"@id\":\"https:\/\/psol50.org.br\/juninho-presidente-do-psol-sp-recebe-homenagem-por-luta-contra-o-racismo\/#primaryimage\"},\"image\":{\"@id\":\"https:\/\/psol50.org.br\/juninho-presidente-do-psol-sp-recebe-homenagem-por-luta-contra-o-racismo\/#primaryimage\"},\"thumbnailUrl\":\"\",\"datePublished\":\"2016-11-23T18:09:44+00:00\",\"breadcrumb\":{\"@id\":\"https:\/\/psol50.org.br\/juninho-presidente-do-psol-sp-recebe-homenagem-por-luta-contra-o-racismo\/#breadcrumb\"},\"inLanguage\":\"pt-BR\",\"potentialAction\":[{\"@type\":\"ReadAction\",\"target\":[\"https:\/\/psol50.org.br\/juninho-presidente-do-psol-sp-recebe-homenagem-por-luta-contra-o-racismo\/\"]}]},{\"@type\":\"ImageObject\",\"inLanguage\":\"pt-BR\",\"@id\":\"https:\/\/psol50.org.br\/juninho-presidente-do-psol-sp-recebe-homenagem-por-luta-contra-o-racismo\/#primaryimage\",\"url\":\"\",\"contentUrl\":\"\"},{\"@type\":\"BreadcrumbList\",\"@id\":\"https:\/\/psol50.org.br\/juninho-presidente-do-psol-sp-recebe-homenagem-por-luta-contra-o-racismo\/#breadcrumb\",\"itemListElement\":[{\"@type\":\"ListItem\",\"position\":1,\"name\":\"In\u00edcio\",\"item\":\"https:\/\/psol50.org.br\/\"},{\"@type\":\"ListItem\",\"position\":2,\"name\":\"Juninho, presidente do PSOL SP, recebe homenagem por luta contra o racismo\"}]},{\"@type\":\"WebSite\",\"@id\":\"https:\/\/psol50.org.br\/#website\",\"url\":\"https:\/\/psol50.org.br\/\",\"name\":\"PSOL 50\",\"description\":\"Site oficial do Partido Socialismo e Liberdade\",\"publisher\":{\"@id\":\"https:\/\/psol50.org.br\/#organization\"},\"alternateName\":\"PSOL50\",\"potentialAction\":[{\"@type\":\"SearchAction\",\"target\":{\"@type\":\"EntryPoint\",\"urlTemplate\":\"https:\/\/psol50.org.br\/?s={search_term_string}\"},\"query-input\":{\"@type\":\"PropertyValueSpecification\",\"valueRequired\":true,\"valueName\":\"search_term_string\"}}],\"inLanguage\":\"pt-BR\"},{\"@type\":\"Organization\",\"@id\":\"https:\/\/psol50.org.br\/#organization\",\"name\":\"PSOL 50\",\"alternateName\":\"PSOL 50\",\"url\":\"https:\/\/psol50.org.br\/\",\"logo\":{\"@type\":\"ImageObject\",\"inLanguage\":\"pt-BR\",\"@id\":\"https:\/\/psol50.org.br\/#\/schema\/logo\/image\/\",\"url\":\"https:\/\/psol50.org.br\/inc\/uploads\/2018\/07\/capa.png\",\"contentUrl\":\"https:\/\/psol50.org.br\/inc\/uploads\/2018\/07\/capa.png\",\"width\":1350,\"height\":900,\"caption\":\"PSOL 50\"},\"image\":{\"@id\":\"https:\/\/psol50.org.br\/#\/schema\/logo\/image\/\"},\"sameAs\":[\"https:\/\/www.facebook.com\/psol50\",\"https:\/\/x.com\/psol50\",\"https:\/\/www.instagram.com\/psol50\/\",\"https:\/\/www.youtube.com\/channel\/UC7SnJS5o1os7a6CaiNabzcg\"]},{\"@type\":\"Person\",\"@id\":\"https:\/\/psol50.org.br\/#\/schema\/person\/475dfa57d0b815993c714c2e96491fcd\",\"name\":\"Comunica\u00e7\u00e3o PSOL\",\"image\":{\"@type\":\"ImageObject\",\"inLanguage\":\"pt-BR\",\"@id\":\"https:\/\/psol50.org.br\/#\/schema\/person\/image\/\",\"url\":\"https:\/\/secure.gravatar.com\/avatar\/b34fc4f4e468a4e51785917065a3db57b841f5c95dba6ad8c73aaf8f66f8f9bf?s=96&d=mm&r=g\",\"contentUrl\":\"https:\/\/secure.gravatar.com\/avatar\/b34fc4f4e468a4e51785917065a3db57b841f5c95dba6ad8c73aaf8f66f8f9bf?s=96&d=mm&r=g\",\"caption\":\"Comunica\u00e7\u00e3o PSOL\"}}]}<\/script>\n<!-- \/ Yoast SEO plugin. -->","yoast_head_json":{"title":"Juninho, presidente do PSOL SP, recebe homenagem por luta contra o racismo - PSOL 50","robots":{"index":"index","follow":"follow","max-snippet":"max-snippet:-1","max-image-preview":"max-image-preview:large","max-video-preview":"max-video-preview:-1"},"canonical":"https:\/\/psol50.org.br\/juninho-presidente-do-psol-sp-recebe-homenagem-por-luta-contra-o-racismo\/","og_locale":"pt_BR","og_type":"article","og_title":"Juninho, presidente do PSOL SP, recebe homenagem por luta contra o racismo - PSOL 50","og_description":"Nesta ter\u00e7a-feira (22) o SOS Racismo, \u00f3rg\u00e3o ligado \u00e0 Assembleia Legislativa do Estado de S\u00e3o Paulo (Alesp) e coordenado pela advogada e produtora cultura Eliane Dias, realizou o evento Pr\u00eamio Zumbi dos Palmares, que homenageou lideran\u00e7as representativas da luta racial no Estado de S\u00e3o Paulo. Entre os homenageados est\u00e1 Juninho, ativista do movimento negro C\u00edrculo [&hellip;]","og_url":"https:\/\/psol50.org.br\/juninho-presidente-do-psol-sp-recebe-homenagem-por-luta-contra-o-racismo\/","og_site_name":"PSOL 50","article_publisher":"https:\/\/www.facebook.com\/psol50","article_published_time":"2016-11-23T18:09:44+00:00","og_image":[{"width":1350,"height":900,"url":"https:\/\/psol50.org.br\/inc\/uploads\/2018\/07\/capa.png","type":"image\/png"}],"author":"Comunica\u00e7\u00e3o PSOL","twitter_card":"summary_large_image","twitter_creator":"@psol50","twitter_site":"@psol50","twitter_misc":{"Escrito por":"Comunica\u00e7\u00e3o PSOL","Est. tempo de leitura":"2 minutos"},"schema":{"@context":"https:\/\/schema.org","@graph":[{"@type":"Article","@id":"https:\/\/psol50.org.br\/juninho-presidente-do-psol-sp-recebe-homenagem-por-luta-contra-o-racismo\/#article","isPartOf":{"@id":"https:\/\/psol50.org.br\/juninho-presidente-do-psol-sp-recebe-homenagem-por-luta-contra-o-racismo\/"},"author":{"name":"Comunica\u00e7\u00e3o PSOL","@id":"https:\/\/psol50.org.br\/#\/schema\/person\/475dfa57d0b815993c714c2e96491fcd"},"headline":"Juninho, presidente do PSOL SP, recebe homenagem por luta contra o racismo","datePublished":"2016-11-23T18:09:44+00:00","mainEntityOfPage":{"@id":"https:\/\/psol50.org.br\/juninho-presidente-do-psol-sp-recebe-homenagem-por-luta-contra-o-racismo\/"},"wordCount":314,"commentCount":0,"publisher":{"@id":"https:\/\/psol50.org.br\/#organization"},"image":{"@id":"https:\/\/psol50.org.br\/juninho-presidente-do-psol-sp-recebe-homenagem-por-luta-contra-o-racismo\/#primaryimage"},"thumbnailUrl":"","keywords":["Douglas Belchior","Juninho","movimento negro","PSOL-SP","racismo"],"articleSection":["Estados","Movimento","Not\u00edcias"],"inLanguage":"pt-BR","potentialAction":[{"@type":"CommentAction","name":"Comment","target":["https:\/\/psol50.org.br\/juninho-presidente-do-psol-sp-recebe-homenagem-por-luta-contra-o-racismo\/#respond"]}]},{"@type":"WebPage","@id":"https:\/\/psol50.org.br\/juninho-presidente-do-psol-sp-recebe-homenagem-por-luta-contra-o-racismo\/","url":"https:\/\/psol50.org.br\/juninho-presidente-do-psol-sp-recebe-homenagem-por-luta-contra-o-racismo\/","name":"Juninho, presidente do PSOL SP, recebe homenagem por luta contra o racismo - PSOL 50","isPartOf":{"@id":"https:\/\/psol50.org.br\/#website"},"primaryImageOfPage":{"@id":"https:\/\/psol50.org.br\/juninho-presidente-do-psol-sp-recebe-homenagem-por-luta-contra-o-racismo\/#primaryimage"},"image":{"@id":"https:\/\/psol50.org.br\/juninho-presidente-do-psol-sp-recebe-homenagem-por-luta-contra-o-racismo\/#primaryimage"},"thumbnailUrl":"","datePublished":"2016-11-23T18:09:44+00:00","breadcrumb":{"@id":"https:\/\/psol50.org.br\/juninho-presidente-do-psol-sp-recebe-homenagem-por-luta-contra-o-racismo\/#breadcrumb"},"inLanguage":"pt-BR","potentialAction":[{"@type":"ReadAction","target":["https:\/\/psol50.org.br\/juninho-presidente-do-psol-sp-recebe-homenagem-por-luta-contra-o-racismo\/"]}]},{"@type":"ImageObject","inLanguage":"pt-BR","@id":"https:\/\/psol50.org.br\/juninho-presidente-do-psol-sp-recebe-homenagem-por-luta-contra-o-racismo\/#primaryimage","url":"","contentUrl":""},{"@type":"BreadcrumbList","@id":"https:\/\/psol50.org.br\/juninho-presidente-do-psol-sp-recebe-homenagem-por-luta-contra-o-racismo\/#breadcrumb","itemListElement":[{"@type":"ListItem","position":1,"name":"In\u00edcio","item":"https:\/\/psol50.org.br\/"},{"@type":"ListItem","position":2,"name":"Juninho, presidente do PSOL SP, recebe homenagem por luta contra o racismo"}]},{"@type":"WebSite","@id":"https:\/\/psol50.org.br\/#website","url":"https:\/\/psol50.org.br\/","name":"PSOL 50","description":"Site oficial do Partido Socialismo e Liberdade","publisher":{"@id":"https:\/\/psol50.org.br\/#organization"},"alternateName":"PSOL50","potentialAction":[{"@type":"SearchAction","target":{"@type":"EntryPoint","urlTemplate":"https:\/\/psol50.org.br\/?s={search_term_string}"},"query-input":{"@type":"PropertyValueSpecification","valueRequired":true,"valueName":"search_term_string"}}],"inLanguage":"pt-BR"},{"@type":"Organization","@id":"https:\/\/psol50.org.br\/#organization","name":"PSOL 50","alternateName":"PSOL 50","url":"https:\/\/psol50.org.br\/","logo":{"@type":"ImageObject","inLanguage":"pt-BR","@id":"https:\/\/psol50.org.br\/#\/schema\/logo\/image\/","url":"https:\/\/psol50.org.br\/inc\/uploads\/2018\/07\/capa.png","contentUrl":"https:\/\/psol50.org.br\/inc\/uploads\/2018\/07\/capa.png","width":1350,"height":900,"caption":"PSOL 50"},"image":{"@id":"https:\/\/psol50.org.br\/#\/schema\/logo\/image\/"},"sameAs":["https:\/\/www.facebook.com\/psol50","https:\/\/x.com\/psol50","https:\/\/www.instagram.com\/psol50\/","https:\/\/www.youtube.com\/channel\/UC7SnJS5o1os7a6CaiNabzcg"]},{"@type":"Person","@id":"https:\/\/psol50.org.br\/#\/schema\/person\/475dfa57d0b815993c714c2e96491fcd","name":"Comunica\u00e7\u00e3o PSOL","image":{"@type":"ImageObject","inLanguage":"pt-BR","@id":"https:\/\/psol50.org.br\/#\/schema\/person\/image\/","url":"https:\/\/secure.gravatar.com\/avatar\/b34fc4f4e468a4e51785917065a3db57b841f5c95dba6ad8c73aaf8f66f8f9bf?s=96&d=mm&r=g","contentUrl":"https:\/\/secure.gravatar.com\/avatar\/b34fc4f4e468a4e51785917065a3db57b841f5c95dba6ad8c73aaf8f66f8f9bf?s=96&d=mm&r=g","caption":"Comunica\u00e7\u00e3o PSOL"}}]}},"_links":{"self":[{"href":"https:\/\/psol50.org.br\/rest\/wp\/v2\/posts\/14609","targetHints":{"allow":["GET"]}}],"collection":[{"href":"https:\/\/psol50.org.br\/rest\/wp\/v2\/posts"}],"about":[{"href":"https:\/\/psol50.org.br\/rest\/wp\/v2\/types\/post"}],"author":[{"embeddable":true,"href":"https:\/\/psol50.org.br\/rest\/wp\/v2\/users\/2"}],"replies":[{"embeddable":true,"href":"https:\/\/psol50.org.br\/rest\/wp\/v2\/comments?post=14609"}],"version-history":[{"count":0,"href":"https:\/\/psol50.org.br\/rest\/wp\/v2\/posts\/14609\/revisions"}],"wp:featuredmedia":[{"embeddable":true,"href":"https:\/\/psol50.org.br\/rest\/"}],"wp:attachment":[{"href":"https:\/\/psol50.org.br\/rest\/wp\/v2\/media?parent=14609"}],"wp:term":[{"taxonomy":"category","embeddable":true,"href":"https:\/\/psol50.org.br\/rest\/wp\/v2\/categories?post=14609"},{"taxonomy":"post_tag","embeddable":true,"href":"https:\/\/psol50.org.br\/rest\/wp\/v2\/tags?post=14609"}],"curies":[{"name":"wp","href":"https:\/\/api.w.org\/{rel}","templated":true}]}}