{"id":14616,"date":"2016-11-24T12:21:36","date_gmt":"2016-11-24T12:21:36","guid":{"rendered":"http:\/\/www.psol50.org.br\/?p=14616"},"modified":"2016-11-24T12:21:36","modified_gmt":"2016-11-24T12:21:36","slug":"organizar-a-luta-e-resistir-contra-os-ataques-do-governo-sartori-nota-da-executiva-estadual-do-psol-rs","status":"publish","type":"post","link":"https:\/\/psol50.org.br\/organizar-a-luta-e-resistir-contra-os-ataques-do-governo-sartori-nota-da-executiva-estadual-do-psol-rs\/","title":{"rendered":"Organizar a luta e resistir contra os ataques do governo Sartori &#8211; Nota da Executiva Estadual do PSOL-RS"},"content":{"rendered":"<p>Organizar a luta e resistir contra os ataques brutais do governo Sartori.<\/p>\n<p>Nos \u00faltimos anos, os trabalhadores v\u00eam sofrendo por conta dos ajustes e ataques dos governos estaduais e federal. A crise econ\u00f4mica massacra as fam\u00edlias e n\u00e3o tira apenas o poder de compra, retira comida da mesa. O caos na sa\u00fade e, principalmente, na seguran\u00e7a traz instabilidade social e tira o sono dos cidad\u00e3os.<\/p>\n<p>O PMDB aproveita do descr\u00e9dito que o PT tem do movimento de massas, por ter iniciado no Brasil os ajustes contra o povo, para impor uma agenda mais neoliberal. O governo Sartori, seguindo a linha do PMDB do Rio de Janeiro com S\u00e9rgio Cabral\/Pez\u00e3o, apresentou seu pacote de maldades aos ga\u00fachos na \u00faltima segunda-feira (21). Pressionados por aplicar os ajustes, o ileg\u00edtimo governo Temer chantageia munic\u00edpios e estados a estrangular or\u00e7amentos. As propostas de Sartori s\u00e3o um verdadeiro ataque ao funcionalismo p\u00fablico. Est\u00e3o previstas mudan\u00e7as no calend\u00e1rio de pagamento e do d\u00e9cimo terceiro, impossibilitando o pagamento das contas dos servidores em dia, fim da licen\u00e7a-pr\u00eamio, aumento da contribui\u00e7\u00e3o previdenci\u00e1ria. Al\u00e9m disso, o mais nefasto \u00e9 a extin\u00e7\u00e3o ou privatiza\u00e7\u00e3o de \u00f3rg\u00e3os p\u00fablicos. Com isso, mais de mil trabalhadores podem ser demitidos. Funda\u00e7\u00f5es, que realizam um importante trabalho, ser\u00e3o extintas: Cientec, respons\u00e1vel pela Ci\u00eancia e Tecnologia; Piratini, fundamental na comunica\u00e7\u00e3o com a TVE e FM Cultura; FDRH, respons\u00e1vel pela gest\u00e3o de Recursos Humanos; FEE, que realiza importante trabalho sobre indicadores econ\u00f4micos; Fepagro, importantes pesquisas no setor agropecu\u00e1rio; Fepps, pesquisas no setor de sa\u00fade; FIGTF, ligado \u00e0 tradi\u00e7\u00e3o e ao folclore; FZB, entre importantes fun\u00e7\u00f5es, \u00fanica a produzir soro antiof\u00eddico em toda a Regi\u00e3o Sul; Metroplan, respons\u00e1vel pelo desenvolvimento integrado dos munic\u00edpios. Al\u00e9m da extin\u00e7\u00e3o da Companhia de Artes Gr\u00e1ficas CORAG e da autarquia Superintend\u00eancia de Portos e Hidrovias (SPH). Est\u00e1 prevista ainda a privatiza\u00e7\u00e3o da CEEE, CRM (detentora dos direitos de explora\u00e7\u00e3o de 89,2% das reservas de carv\u00e3o do pa\u00eds, um patrim\u00f4nio estimado por baixo em 120 bilh\u00f5es de d\u00f3lares), Sulg\u00e1s, Cesa.<\/p>\n<p>Para as privatiza\u00e7\u00f5es, mais um ataque. Ser\u00e1 necess\u00e1rio ser aprovada uma emenda que retira a obrigatoriedade de realiza\u00e7\u00e3o de plebiscito para efetivar privatiza\u00e7\u00f5es.<\/p>\n<p>Os ataques do governo Sartoti n\u00e3o mexem apenas com as in\u00fameras fam\u00edlias que sofrer\u00e3o com as demiss\u00f5es. Mexe tamb\u00e9m com a soberania da pesquisa produzida no estado, com a explora\u00e7\u00e3o dos recursos naturais, com patrim\u00f4nio de todos os ga\u00fachos. Sabemos que s\u00e3o tempos dif\u00edceis. Por um lado, a dificuldade de sindicatos, organiza\u00e7\u00f5es e partidos de representarem a indigna\u00e7\u00e3o do povo. Por outro, uma agenda conservadora que prop\u00f5e retirada de direitos e uma ofensiva na tentativa de reduzir sal\u00e1rios, aumentar tempo de trabalho, cortar investimentos nas \u00e1reas sociais.<\/p>\n<p>O Partido Socialismo e Liberdade afirma seu compromisso de lutar e resistir contra os ataques brutais \u00e0 classe trabalhadora. Atrav\u00e9s da nossa aguerrida bancada na Assembleia Legislativa com o Deputado Pedro Ruas, com nossas figuras p\u00fablicas como Luciana Genro e nossas futuras bancadas na C\u00e2mara Municipal de Porto Alegre, com os vereadores Roberto Robaina, Fernanda Melchionna e Prof. Alex Fraga, na C\u00e2mara Municipal de Viam\u00e3o, com Guto Lopes, e na C\u00e2mara Municipal de Pelotas com Fernanda Miranda. A milit\u00e2ncia do PSOL estar\u00e1 nas ruas ao lado dos servidores e do povo ga\u00facho para resistir e impedir a aprova\u00e7\u00e3o do pacote de maldades proposto. Exigimos medidas concretas para sanar as contas p\u00fablicas. Acreditamos que qualquer sa\u00edda deve passar pela taxa\u00e7\u00e3o dos mais ricos, n\u00e3o por ataques aos trabalhadores. Por isso, exigimos o fim das grandes isen\u00e7\u00f5es fiscais, um combate intransigente da sonega\u00e7\u00e3o de impostos, o fim dos altos sal\u00e1rios dos cargos de confian\u00e7a, a suspens\u00e3o imediata e renegocia\u00e7\u00e3o da d\u00edvida com a Uni\u00e3o, redu\u00e7\u00e3o dos gastos com publicidade (s\u00f3 em mar\u00e7o deste ano foram gastos R$ 3,5 milh\u00f5es), imediata extin\u00e7\u00e3o do tribunal militar.<\/p>\n<p>Acreditamos que este momento \u00e9 de unidade de todos que defendem o patrim\u00f4nio p\u00fablico e os servidores. Convocamos todos \u00e0s ruas, contra os ataques de Sartori n\u00e3o pagaremos a conta da crise. Por nenhum direito a menos lutaremos!<\/p>\n<p>Porto Alegre, 23 de novembro de 2016<\/p>\n","protected":false},"excerpt":{"rendered":"<p>Organizar a luta e resistir contra os ataques brutais do governo Sartori. Nos \u00faltimos anos, os trabalhadores v\u00eam sofrendo por conta dos ajustes e ataques dos governos estaduais e federal. A crise econ\u00f4mica massacra as fam\u00edlias e n\u00e3o tira apenas o poder de compra, retira comida da mesa. O caos na sa\u00fade e, principalmente, na [&hellip;]<\/p>\n","protected":false},"author":2,"featured_media":11554,"comment_status":"open","ping_status":"open","sticky":false,"template":"","format":"standard","meta":{"_acf_changed":false,"footnotes":""},"categories":[654,6],"tags":[4672,296,4673,4674,2174,243,3327,2202,2451,4675],"class_list":{"0":"post-14616","1":"post","2":"type-post","3":"status-publish","4":"format-standard","5":"has-post-thumbnail","7":"category-estados","8":"category-noticias","9":"tag-alex-fraga","10":"tag-fernanda-melchionna","11":"tag-fernanda-miranda","12":"tag-guto-lopes","13":"tag-luciana-genro","14":"tag-nota-do-psol","15":"tag-pedro-ruas","16":"tag-psol-rs","17":"tag-roberto-robaina","18":"tag-sartori"},"acf":[],"yoast_head":"<!-- This site is optimized with the Yoast SEO plugin v26.5 - https:\/\/yoast.com\/wordpress\/plugins\/seo\/ -->\n<title>Organizar a luta e resistir contra os ataques do governo Sartori - Nota da Executiva Estadual do PSOL-RS - PSOL 50<\/title>\n<meta name=\"robots\" content=\"index, follow, max-snippet:-1, max-image-preview:large, max-video-preview:-1\" \/>\n<link rel=\"canonical\" href=\"https:\/\/psol50.org.br\/organizar-a-luta-e-resistir-contra-os-ataques-do-governo-sartori-nota-da-executiva-estadual-do-psol-rs\/\" \/>\n<meta property=\"og:locale\" content=\"pt_BR\" \/>\n<meta property=\"og:type\" content=\"article\" \/>\n<meta property=\"og:title\" content=\"Organizar a luta e resistir contra os ataques do governo Sartori - Nota da Executiva Estadual do PSOL-RS - PSOL 50\" \/>\n<meta property=\"og:description\" content=\"Organizar a luta e resistir contra os ataques brutais do governo Sartori. Nos \u00faltimos anos, os trabalhadores v\u00eam sofrendo por conta dos ajustes e ataques dos governos estaduais e federal. A crise econ\u00f4mica massacra as fam\u00edlias e n\u00e3o tira apenas o poder de compra, retira comida da mesa. O caos na sa\u00fade e, principalmente, na [&hellip;]\" \/>\n<meta property=\"og:url\" content=\"https:\/\/psol50.org.br\/organizar-a-luta-e-resistir-contra-os-ataques-do-governo-sartori-nota-da-executiva-estadual-do-psol-rs\/\" \/>\n<meta property=\"og:site_name\" content=\"PSOL 50\" \/>\n<meta property=\"article:publisher\" content=\"https:\/\/www.facebook.com\/psol50\" \/>\n<meta property=\"article:published_time\" content=\"2016-11-24T12:21:36+00:00\" \/>\n<meta property=\"og:image\" content=\"https:\/\/psol50.org.br\/inc\/uploads\/2016\/03\/nota-psol-e1458103878106.jpg\" \/>\n\t<meta property=\"og:image:width\" content=\"1000\" \/>\n\t<meta property=\"og:image:height\" content=\"667\" \/>\n\t<meta property=\"og:image:type\" content=\"image\/jpeg\" \/>\n<meta name=\"author\" content=\"Comunica\u00e7\u00e3o PSOL\" \/>\n<meta name=\"twitter:card\" content=\"summary_large_image\" \/>\n<meta name=\"twitter:creator\" content=\"@psol50\" \/>\n<meta name=\"twitter:site\" content=\"@psol50\" \/>\n<meta name=\"twitter:label1\" content=\"Escrito por\" \/>\n\t<meta name=\"twitter:data1\" content=\"Comunica\u00e7\u00e3o PSOL\" \/>\n\t<meta name=\"twitter:label2\" content=\"Est. tempo de leitura\" \/>\n\t<meta name=\"twitter:data2\" content=\"4 minutos\" \/>\n<script type=\"application\/ld+json\" class=\"yoast-schema-graph\">{\"@context\":\"https:\/\/schema.org\",\"@graph\":[{\"@type\":\"Article\",\"@id\":\"https:\/\/psol50.org.br\/organizar-a-luta-e-resistir-contra-os-ataques-do-governo-sartori-nota-da-executiva-estadual-do-psol-rs\/#article\",\"isPartOf\":{\"@id\":\"https:\/\/psol50.org.br\/organizar-a-luta-e-resistir-contra-os-ataques-do-governo-sartori-nota-da-executiva-estadual-do-psol-rs\/\"},\"author\":{\"name\":\"Comunica\u00e7\u00e3o PSOL\",\"@id\":\"https:\/\/psol50.org.br\/#\/schema\/person\/475dfa57d0b815993c714c2e96491fcd\"},\"headline\":\"Organizar a luta e resistir contra os ataques do governo Sartori &#8211; Nota da Executiva Estadual do PSOL-RS\",\"datePublished\":\"2016-11-24T12:21:36+00:00\",\"mainEntityOfPage\":{\"@id\":\"https:\/\/psol50.org.br\/organizar-a-luta-e-resistir-contra-os-ataques-do-governo-sartori-nota-da-executiva-estadual-do-psol-rs\/\"},\"wordCount\":776,\"commentCount\":0,\"publisher\":{\"@id\":\"https:\/\/psol50.org.br\/#organization\"},\"image\":{\"@id\":\"https:\/\/psol50.org.br\/organizar-a-luta-e-resistir-contra-os-ataques-do-governo-sartori-nota-da-executiva-estadual-do-psol-rs\/#primaryimage\"},\"thumbnailUrl\":\"https:\/\/psol50.org.br\/inc\/uploads\/2016\/03\/nota-psol-e1458103878106.jpg\",\"keywords\":[\"Alex Fraga\",\"Fernanda Melchionna\",\"Fernanda Miranda\",\"Guto Lopes\",\"Luciana Genro\",\"Nota do PSOL\",\"Pedro Ruas\",\"PSOL-RS\",\"Roberto Robaina\",\"Sartori[\"],\"articleSection\":[\"Estados\",\"Not\u00edcias\"],\"inLanguage\":\"pt-BR\",\"potentialAction\":[{\"@type\":\"CommentAction\",\"name\":\"Comment\",\"target\":[\"https:\/\/psol50.org.br\/organizar-a-luta-e-resistir-contra-os-ataques-do-governo-sartori-nota-da-executiva-estadual-do-psol-rs\/#respond\"]}]},{\"@type\":\"WebPage\",\"@id\":\"https:\/\/psol50.org.br\/organizar-a-luta-e-resistir-contra-os-ataques-do-governo-sartori-nota-da-executiva-estadual-do-psol-rs\/\",\"url\":\"https:\/\/psol50.org.br\/organizar-a-luta-e-resistir-contra-os-ataques-do-governo-sartori-nota-da-executiva-estadual-do-psol-rs\/\",\"name\":\"Organizar a luta e resistir contra os ataques do governo Sartori - Nota da Executiva Estadual do PSOL-RS - PSOL 50\",\"isPartOf\":{\"@id\":\"https:\/\/psol50.org.br\/#website\"},\"primaryImageOfPage\":{\"@id\":\"https:\/\/psol50.org.br\/organizar-a-luta-e-resistir-contra-os-ataques-do-governo-sartori-nota-da-executiva-estadual-do-psol-rs\/#primaryimage\"},\"image\":{\"@id\":\"https:\/\/psol50.org.br\/organizar-a-luta-e-resistir-contra-os-ataques-do-governo-sartori-nota-da-executiva-estadual-do-psol-rs\/#primaryimage\"},\"thumbnailUrl\":\"https:\/\/psol50.org.br\/inc\/uploads\/2016\/03\/nota-psol-e1458103878106.jpg\",\"datePublished\":\"2016-11-24T12:21:36+00:00\",\"breadcrumb\":{\"@id\":\"https:\/\/psol50.org.br\/organizar-a-luta-e-resistir-contra-os-ataques-do-governo-sartori-nota-da-executiva-estadual-do-psol-rs\/#breadcrumb\"},\"inLanguage\":\"pt-BR\",\"potentialAction\":[{\"@type\":\"ReadAction\",\"target\":[\"https:\/\/psol50.org.br\/organizar-a-luta-e-resistir-contra-os-ataques-do-governo-sartori-nota-da-executiva-estadual-do-psol-rs\/\"]}]},{\"@type\":\"ImageObject\",\"inLanguage\":\"pt-BR\",\"@id\":\"https:\/\/psol50.org.br\/organizar-a-luta-e-resistir-contra-os-ataques-do-governo-sartori-nota-da-executiva-estadual-do-psol-rs\/#primaryimage\",\"url\":\"https:\/\/psol50.org.br\/inc\/uploads\/2016\/03\/nota-psol-e1458103878106.jpg\",\"contentUrl\":\"https:\/\/psol50.org.br\/inc\/uploads\/2016\/03\/nota-psol-e1458103878106.jpg\",\"width\":1000,\"height\":667},{\"@type\":\"BreadcrumbList\",\"@id\":\"https:\/\/psol50.org.br\/organizar-a-luta-e-resistir-contra-os-ataques-do-governo-sartori-nota-da-executiva-estadual-do-psol-rs\/#breadcrumb\",\"itemListElement\":[{\"@type\":\"ListItem\",\"position\":1,\"name\":\"In\u00edcio\",\"item\":\"https:\/\/psol50.org.br\/\"},{\"@type\":\"ListItem\",\"position\":2,\"name\":\"Organizar a luta e resistir contra os ataques do governo Sartori &#8211; Nota da Executiva Estadual do PSOL-RS\"}]},{\"@type\":\"WebSite\",\"@id\":\"https:\/\/psol50.org.br\/#website\",\"url\":\"https:\/\/psol50.org.br\/\",\"name\":\"PSOL 50\",\"description\":\"Site oficial do Partido Socialismo e Liberdade\",\"publisher\":{\"@id\":\"https:\/\/psol50.org.br\/#organization\"},\"alternateName\":\"PSOL50\",\"potentialAction\":[{\"@type\":\"SearchAction\",\"target\":{\"@type\":\"EntryPoint\",\"urlTemplate\":\"https:\/\/psol50.org.br\/?s={search_term_string}\"},\"query-input\":{\"@type\":\"PropertyValueSpecification\",\"valueRequired\":true,\"valueName\":\"search_term_string\"}}],\"inLanguage\":\"pt-BR\"},{\"@type\":\"Organization\",\"@id\":\"https:\/\/psol50.org.br\/#organization\",\"name\":\"PSOL 50\",\"alternateName\":\"PSOL 50\",\"url\":\"https:\/\/psol50.org.br\/\",\"logo\":{\"@type\":\"ImageObject\",\"inLanguage\":\"pt-BR\",\"@id\":\"https:\/\/psol50.org.br\/#\/schema\/logo\/image\/\",\"url\":\"https:\/\/psol50.org.br\/inc\/uploads\/2018\/07\/capa.png\",\"contentUrl\":\"https:\/\/psol50.org.br\/inc\/uploads\/2018\/07\/capa.png\",\"width\":1350,\"height\":900,\"caption\":\"PSOL 50\"},\"image\":{\"@id\":\"https:\/\/psol50.org.br\/#\/schema\/logo\/image\/\"},\"sameAs\":[\"https:\/\/www.facebook.com\/psol50\",\"https:\/\/x.com\/psol50\",\"https:\/\/www.instagram.com\/psol50\/\",\"https:\/\/www.youtube.com\/channel\/UC7SnJS5o1os7a6CaiNabzcg\"]},{\"@type\":\"Person\",\"@id\":\"https:\/\/psol50.org.br\/#\/schema\/person\/475dfa57d0b815993c714c2e96491fcd\",\"name\":\"Comunica\u00e7\u00e3o PSOL\",\"image\":{\"@type\":\"ImageObject\",\"inLanguage\":\"pt-BR\",\"@id\":\"https:\/\/psol50.org.br\/#\/schema\/person\/image\/\",\"url\":\"https:\/\/secure.gravatar.com\/avatar\/b34fc4f4e468a4e51785917065a3db57b841f5c95dba6ad8c73aaf8f66f8f9bf?s=96&d=mm&r=g\",\"contentUrl\":\"https:\/\/secure.gravatar.com\/avatar\/b34fc4f4e468a4e51785917065a3db57b841f5c95dba6ad8c73aaf8f66f8f9bf?s=96&d=mm&r=g\",\"caption\":\"Comunica\u00e7\u00e3o PSOL\"}}]}<\/script>\n<!-- \/ Yoast SEO plugin. -->","yoast_head_json":{"title":"Organizar a luta e resistir contra os ataques do governo Sartori - Nota da Executiva Estadual do PSOL-RS - PSOL 50","robots":{"index":"index","follow":"follow","max-snippet":"max-snippet:-1","max-image-preview":"max-image-preview:large","max-video-preview":"max-video-preview:-1"},"canonical":"https:\/\/psol50.org.br\/organizar-a-luta-e-resistir-contra-os-ataques-do-governo-sartori-nota-da-executiva-estadual-do-psol-rs\/","og_locale":"pt_BR","og_type":"article","og_title":"Organizar a luta e resistir contra os ataques do governo Sartori - Nota da Executiva Estadual do PSOL-RS - PSOL 50","og_description":"Organizar a luta e resistir contra os ataques brutais do governo Sartori. Nos \u00faltimos anos, os trabalhadores v\u00eam sofrendo por conta dos ajustes e ataques dos governos estaduais e federal. A crise econ\u00f4mica massacra as fam\u00edlias e n\u00e3o tira apenas o poder de compra, retira comida da mesa. O caos na sa\u00fade e, principalmente, na [&hellip;]","og_url":"https:\/\/psol50.org.br\/organizar-a-luta-e-resistir-contra-os-ataques-do-governo-sartori-nota-da-executiva-estadual-do-psol-rs\/","og_site_name":"PSOL 50","article_publisher":"https:\/\/www.facebook.com\/psol50","article_published_time":"2016-11-24T12:21:36+00:00","og_image":[{"width":1000,"height":667,"url":"https:\/\/psol50.org.br\/inc\/uploads\/2016\/03\/nota-psol-e1458103878106.jpg","type":"image\/jpeg"}],"author":"Comunica\u00e7\u00e3o PSOL","twitter_card":"summary_large_image","twitter_creator":"@psol50","twitter_site":"@psol50","twitter_misc":{"Escrito por":"Comunica\u00e7\u00e3o PSOL","Est. tempo de leitura":"4 minutos"},"schema":{"@context":"https:\/\/schema.org","@graph":[{"@type":"Article","@id":"https:\/\/psol50.org.br\/organizar-a-luta-e-resistir-contra-os-ataques-do-governo-sartori-nota-da-executiva-estadual-do-psol-rs\/#article","isPartOf":{"@id":"https:\/\/psol50.org.br\/organizar-a-luta-e-resistir-contra-os-ataques-do-governo-sartori-nota-da-executiva-estadual-do-psol-rs\/"},"author":{"name":"Comunica\u00e7\u00e3o PSOL","@id":"https:\/\/psol50.org.br\/#\/schema\/person\/475dfa57d0b815993c714c2e96491fcd"},"headline":"Organizar a luta e resistir contra os ataques do governo Sartori &#8211; Nota da Executiva Estadual do PSOL-RS","datePublished":"2016-11-24T12:21:36+00:00","mainEntityOfPage":{"@id":"https:\/\/psol50.org.br\/organizar-a-luta-e-resistir-contra-os-ataques-do-governo-sartori-nota-da-executiva-estadual-do-psol-rs\/"},"wordCount":776,"commentCount":0,"publisher":{"@id":"https:\/\/psol50.org.br\/#organization"},"image":{"@id":"https:\/\/psol50.org.br\/organizar-a-luta-e-resistir-contra-os-ataques-do-governo-sartori-nota-da-executiva-estadual-do-psol-rs\/#primaryimage"},"thumbnailUrl":"https:\/\/psol50.org.br\/inc\/uploads\/2016\/03\/nota-psol-e1458103878106.jpg","keywords":["Alex Fraga","Fernanda Melchionna","Fernanda Miranda","Guto Lopes","Luciana Genro","Nota do PSOL","Pedro Ruas","PSOL-RS","Roberto Robaina","Sartori["],"articleSection":["Estados","Not\u00edcias"],"inLanguage":"pt-BR","potentialAction":[{"@type":"CommentAction","name":"Comment","target":["https:\/\/psol50.org.br\/organizar-a-luta-e-resistir-contra-os-ataques-do-governo-sartori-nota-da-executiva-estadual-do-psol-rs\/#respond"]}]},{"@type":"WebPage","@id":"https:\/\/psol50.org.br\/organizar-a-luta-e-resistir-contra-os-ataques-do-governo-sartori-nota-da-executiva-estadual-do-psol-rs\/","url":"https:\/\/psol50.org.br\/organizar-a-luta-e-resistir-contra-os-ataques-do-governo-sartori-nota-da-executiva-estadual-do-psol-rs\/","name":"Organizar a luta e resistir contra os ataques do governo Sartori - Nota da Executiva Estadual do PSOL-RS - PSOL 50","isPartOf":{"@id":"https:\/\/psol50.org.br\/#website"},"primaryImageOfPage":{"@id":"https:\/\/psol50.org.br\/organizar-a-luta-e-resistir-contra-os-ataques-do-governo-sartori-nota-da-executiva-estadual-do-psol-rs\/#primaryimage"},"image":{"@id":"https:\/\/psol50.org.br\/organizar-a-luta-e-resistir-contra-os-ataques-do-governo-sartori-nota-da-executiva-estadual-do-psol-rs\/#primaryimage"},"thumbnailUrl":"https:\/\/psol50.org.br\/inc\/uploads\/2016\/03\/nota-psol-e1458103878106.jpg","datePublished":"2016-11-24T12:21:36+00:00","breadcrumb":{"@id":"https:\/\/psol50.org.br\/organizar-a-luta-e-resistir-contra-os-ataques-do-governo-sartori-nota-da-executiva-estadual-do-psol-rs\/#breadcrumb"},"inLanguage":"pt-BR","potentialAction":[{"@type":"ReadAction","target":["https:\/\/psol50.org.br\/organizar-a-luta-e-resistir-contra-os-ataques-do-governo-sartori-nota-da-executiva-estadual-do-psol-rs\/"]}]},{"@type":"ImageObject","inLanguage":"pt-BR","@id":"https:\/\/psol50.org.br\/organizar-a-luta-e-resistir-contra-os-ataques-do-governo-sartori-nota-da-executiva-estadual-do-psol-rs\/#primaryimage","url":"https:\/\/psol50.org.br\/inc\/uploads\/2016\/03\/nota-psol-e1458103878106.jpg","contentUrl":"https:\/\/psol50.org.br\/inc\/uploads\/2016\/03\/nota-psol-e1458103878106.jpg","width":1000,"height":667},{"@type":"BreadcrumbList","@id":"https:\/\/psol50.org.br\/organizar-a-luta-e-resistir-contra-os-ataques-do-governo-sartori-nota-da-executiva-estadual-do-psol-rs\/#breadcrumb","itemListElement":[{"@type":"ListItem","position":1,"name":"In\u00edcio","item":"https:\/\/psol50.org.br\/"},{"@type":"ListItem","position":2,"name":"Organizar a luta e resistir contra os ataques do governo Sartori &#8211; Nota da Executiva Estadual do PSOL-RS"}]},{"@type":"WebSite","@id":"https:\/\/psol50.org.br\/#website","url":"https:\/\/psol50.org.br\/","name":"PSOL 50","description":"Site oficial do Partido Socialismo e Liberdade","publisher":{"@id":"https:\/\/psol50.org.br\/#organization"},"alternateName":"PSOL50","potentialAction":[{"@type":"SearchAction","target":{"@type":"EntryPoint","urlTemplate":"https:\/\/psol50.org.br\/?s={search_term_string}"},"query-input":{"@type":"PropertyValueSpecification","valueRequired":true,"valueName":"search_term_string"}}],"inLanguage":"pt-BR"},{"@type":"Organization","@id":"https:\/\/psol50.org.br\/#organization","name":"PSOL 50","alternateName":"PSOL 50","url":"https:\/\/psol50.org.br\/","logo":{"@type":"ImageObject","inLanguage":"pt-BR","@id":"https:\/\/psol50.org.br\/#\/schema\/logo\/image\/","url":"https:\/\/psol50.org.br\/inc\/uploads\/2018\/07\/capa.png","contentUrl":"https:\/\/psol50.org.br\/inc\/uploads\/2018\/07\/capa.png","width":1350,"height":900,"caption":"PSOL 50"},"image":{"@id":"https:\/\/psol50.org.br\/#\/schema\/logo\/image\/"},"sameAs":["https:\/\/www.facebook.com\/psol50","https:\/\/x.com\/psol50","https:\/\/www.instagram.com\/psol50\/","https:\/\/www.youtube.com\/channel\/UC7SnJS5o1os7a6CaiNabzcg"]},{"@type":"Person","@id":"https:\/\/psol50.org.br\/#\/schema\/person\/475dfa57d0b815993c714c2e96491fcd","name":"Comunica\u00e7\u00e3o PSOL","image":{"@type":"ImageObject","inLanguage":"pt-BR","@id":"https:\/\/psol50.org.br\/#\/schema\/person\/image\/","url":"https:\/\/secure.gravatar.com\/avatar\/b34fc4f4e468a4e51785917065a3db57b841f5c95dba6ad8c73aaf8f66f8f9bf?s=96&d=mm&r=g","contentUrl":"https:\/\/secure.gravatar.com\/avatar\/b34fc4f4e468a4e51785917065a3db57b841f5c95dba6ad8c73aaf8f66f8f9bf?s=96&d=mm&r=g","caption":"Comunica\u00e7\u00e3o PSOL"}}]}},"_links":{"self":[{"href":"https:\/\/psol50.org.br\/rest\/wp\/v2\/posts\/14616","targetHints":{"allow":["GET"]}}],"collection":[{"href":"https:\/\/psol50.org.br\/rest\/wp\/v2\/posts"}],"about":[{"href":"https:\/\/psol50.org.br\/rest\/wp\/v2\/types\/post"}],"author":[{"embeddable":true,"href":"https:\/\/psol50.org.br\/rest\/wp\/v2\/users\/2"}],"replies":[{"embeddable":true,"href":"https:\/\/psol50.org.br\/rest\/wp\/v2\/comments?post=14616"}],"version-history":[{"count":0,"href":"https:\/\/psol50.org.br\/rest\/wp\/v2\/posts\/14616\/revisions"}],"wp:featuredmedia":[{"embeddable":true,"href":"https:\/\/psol50.org.br\/rest\/wp\/v2\/media\/11554"}],"wp:attachment":[{"href":"https:\/\/psol50.org.br\/rest\/wp\/v2\/media?parent=14616"}],"wp:term":[{"taxonomy":"category","embeddable":true,"href":"https:\/\/psol50.org.br\/rest\/wp\/v2\/categories?post=14616"},{"taxonomy":"post_tag","embeddable":true,"href":"https:\/\/psol50.org.br\/rest\/wp\/v2\/tags?post=14616"}],"curies":[{"name":"wp","href":"https:\/\/api.w.org\/{rel}","templated":true}]}}