{"id":14618,"date":"2016-11-24T13:44:12","date_gmt":"2016-11-24T13:44:12","guid":{"rendered":"http:\/\/www.psol50.org.br\/?p=14618"},"modified":"2016-11-24T13:44:12","modified_gmt":"2016-11-24T13:44:12","slug":"audiencia-publica-solicitada-pelo-psol-vai-discutir-as-mudancas-no-ensino-medio","status":"publish","type":"post","link":"https:\/\/psol50.org.br\/audiencia-publica-solicitada-pelo-psol-vai-discutir-as-mudancas-no-ensino-medio\/","title":{"rendered":"Audi\u00eancia p\u00fablica solicitada pelo PSOL vai discutir as mudan\u00e7as no ensino m\u00e9dio"},"content":{"rendered":"<p><em>Debate foi proposto pelo deputado Glauber Braga devido \u00e0s altera\u00e7\u00f5es retr\u00f3gradas propostas pelo governo Temer<\/p>\n<p><\/em>A Comiss\u00e3o de Legisla\u00e7\u00e3o Participativa (CLP) aprovou nesta quarta-feira (23\/11) requerimento para realiza\u00e7\u00e3o de audi\u00eancia p\u00fablica para discutir as altera\u00e7\u00f5es no ensino m\u00e9dio. A proposta \u00e9 de autoria dos deputados Glauber Braga (PSOL-RJ), Chico Lopes (PCdoB-CE) e da deputada \u00c9rika Kokay (PT-DF).<\/p>\n<p>As mudan\u00e7as na estrutura do ensino m\u00e9dio foram apresentadas pelo governo Michel Temer em setembro deste ano atrav\u00e9s da Medida Provis\u00f3ria 746, que ainda est\u00e1 sob an\u00e1lise do Congresso. Desde aquele m\u00eas, centenas de escolas foram ocupadas por estudantes contr\u00e1rios \u00e0 medida. Educadores, especialistas, entidades ligadas \u00e0 educa\u00e7\u00e3o tamb\u00e9m se manifestaram contrariamente.<\/p>\n<p>Na avalia\u00e7\u00e3o do PSOL, a MP \u00e9 um conjunto de decis\u00f5es equivocadas\u00a0para a educa\u00e7\u00e3o. Para o PSOL, o Congresso foi atropelado em suas compet\u00eancias pelo arb\u00edtrio do Poder Executivo pela apresenta\u00e7\u00e3o da Medida Provis\u00f3ria. A medida foi anunciada como uma forma de autonomia dos estados, mas os maiores interessados n\u00e3o foram ouvidos: professores e alunos.<\/p>\n<p>No requerimento, os deputados argumentam que o \u201cCongresso Nacional est\u00e1 discutindo uma medida provis\u00f3ria que prop\u00f5em uma reforma no ensino m\u00e9dio sem ter escutado aqueles que est\u00e3o estudando, discute, tamb\u00e9m, um projeto intitulado \u2018escola sem partido\u2019, que imp\u00f5e uma educa\u00e7\u00e3o \u2018sem educa\u00e7\u00e3o\u2019 e uma Proposta de Emenda Constitucional que corta os investimentos em pol\u00edticas sociais, especialmente, educa\u00e7\u00e3o, inviabilizando a execu\u00e7\u00e3o do Plano Nacional de Educa\u00e7\u00e3o.\u201d<\/p>\n<p>Para audi\u00eancia p\u00fablica ser\u00e3o convidados representantes do Fundo das Na\u00e7\u00f5es Unidas para a Inf\u00e2ncia (Unicef), do Instituto de Estudos Socioecon\u00f4micos (Inesc), da Campanha Nacional pelo Direito \u00e0 Educa\u00e7\u00e3o e dos estudantes das escolas ocupadas. A data ainda ser\u00e1 definida.<\/p>\n<p>&nbsp;<\/p>\n","protected":false},"excerpt":{"rendered":"<p>Debate foi proposto pelo deputado Glauber Braga devido \u00e0s altera\u00e7\u00f5es retr\u00f3gradas propostas pelo governo Temer A Comiss\u00e3o de Legisla\u00e7\u00e3o Participativa (CLP) aprovou nesta quarta-feira (23\/11) requerimento para realiza\u00e7\u00e3o de audi\u00eancia p\u00fablica para discutir as altera\u00e7\u00f5es no ensino m\u00e9dio. A proposta \u00e9 de autoria dos deputados Glauber Braga (PSOL-RJ), Chico Lopes (PCdoB-CE) e da deputada \u00c9rika [&hellip;]<\/p>\n","protected":false},"author":2,"featured_media":14619,"comment_status":"open","ping_status":"open","sticky":false,"template":"","format":"standard","meta":{"_acf_changed":false,"footnotes":""},"categories":[10,1882,2208,6],"tags":[1802,2274,1191,1748,3236,22,2195],"class_list":{"0":"post-14618","1":"post","2":"type-post","3":"status-publish","4":"format-standard","5":"has-post-thumbnail","7":"category-acao-parlamentares","8":"category-brasil","9":"category-educacao","10":"category-noticias","11":"tag-audiencia-publica","12":"tag-educacao-publica","13":"tag-glauber-braga","14":"tag-michel-temer","15":"tag-plano-nacional-de-educacao","16":"tag-psol","17":"tag-reforma-do-ensino-medio"},"acf":[],"yoast_head":"<!-- This site is optimized with the Yoast SEO plugin v26.5 - https:\/\/yoast.com\/wordpress\/plugins\/seo\/ -->\n<title>Audi\u00eancia p\u00fablica solicitada pelo PSOL vai discutir as mudan\u00e7as no ensino m\u00e9dio - PSOL 50<\/title>\n<meta name=\"robots\" content=\"index, follow, max-snippet:-1, max-image-preview:large, max-video-preview:-1\" \/>\n<link rel=\"canonical\" href=\"https:\/\/psol50.org.br\/audiencia-publica-solicitada-pelo-psol-vai-discutir-as-mudancas-no-ensino-medio\/\" \/>\n<meta property=\"og:locale\" content=\"pt_BR\" \/>\n<meta property=\"og:type\" content=\"article\" \/>\n<meta property=\"og:title\" content=\"Audi\u00eancia p\u00fablica solicitada pelo PSOL vai discutir as mudan\u00e7as no ensino m\u00e9dio - PSOL 50\" \/>\n<meta property=\"og:description\" content=\"Debate foi proposto pelo deputado Glauber Braga devido \u00e0s altera\u00e7\u00f5es retr\u00f3gradas propostas pelo governo Temer A Comiss\u00e3o de Legisla\u00e7\u00e3o Participativa (CLP) aprovou nesta quarta-feira (23\/11) requerimento para realiza\u00e7\u00e3o de audi\u00eancia p\u00fablica para discutir as altera\u00e7\u00f5es no ensino m\u00e9dio. A proposta \u00e9 de autoria dos deputados Glauber Braga (PSOL-RJ), Chico Lopes (PCdoB-CE) e da deputada \u00c9rika [&hellip;]\" \/>\n<meta property=\"og:url\" content=\"https:\/\/psol50.org.br\/audiencia-publica-solicitada-pelo-psol-vai-discutir-as-mudancas-no-ensino-medio\/\" \/>\n<meta property=\"og:site_name\" content=\"PSOL 50\" \/>\n<meta property=\"article:publisher\" content=\"https:\/\/www.facebook.com\/psol50\" \/>\n<meta property=\"article:published_time\" content=\"2016-11-24T13:44:12+00:00\" \/>\n<meta property=\"og:image\" content=\"https:\/\/psol50.org.br\/inc\/uploads\/2018\/07\/capa.png\" \/>\n\t<meta property=\"og:image:width\" content=\"1350\" \/>\n\t<meta property=\"og:image:height\" content=\"900\" \/>\n\t<meta property=\"og:image:type\" content=\"image\/png\" \/>\n<meta name=\"author\" content=\"Comunica\u00e7\u00e3o PSOL\" \/>\n<meta name=\"twitter:card\" content=\"summary_large_image\" \/>\n<meta name=\"twitter:creator\" content=\"@psol50\" \/>\n<meta name=\"twitter:site\" content=\"@psol50\" \/>\n<meta name=\"twitter:label1\" content=\"Escrito por\" \/>\n\t<meta name=\"twitter:data1\" content=\"Comunica\u00e7\u00e3o PSOL\" \/>\n\t<meta name=\"twitter:label2\" content=\"Est. tempo de leitura\" \/>\n\t<meta name=\"twitter:data2\" content=\"2 minutos\" \/>\n<script type=\"application\/ld+json\" class=\"yoast-schema-graph\">{\"@context\":\"https:\/\/schema.org\",\"@graph\":[{\"@type\":\"Article\",\"@id\":\"https:\/\/psol50.org.br\/audiencia-publica-solicitada-pelo-psol-vai-discutir-as-mudancas-no-ensino-medio\/#article\",\"isPartOf\":{\"@id\":\"https:\/\/psol50.org.br\/audiencia-publica-solicitada-pelo-psol-vai-discutir-as-mudancas-no-ensino-medio\/\"},\"author\":{\"name\":\"Comunica\u00e7\u00e3o PSOL\",\"@id\":\"https:\/\/psol50.org.br\/#\/schema\/person\/475dfa57d0b815993c714c2e96491fcd\"},\"headline\":\"Audi\u00eancia p\u00fablica solicitada pelo PSOL vai discutir as mudan\u00e7as no ensino m\u00e9dio\",\"datePublished\":\"2016-11-24T13:44:12+00:00\",\"mainEntityOfPage\":{\"@id\":\"https:\/\/psol50.org.br\/audiencia-publica-solicitada-pelo-psol-vai-discutir-as-mudancas-no-ensino-medio\/\"},\"wordCount\":324,\"commentCount\":0,\"publisher\":{\"@id\":\"https:\/\/psol50.org.br\/#organization\"},\"image\":{\"@id\":\"https:\/\/psol50.org.br\/audiencia-publica-solicitada-pelo-psol-vai-discutir-as-mudancas-no-ensino-medio\/#primaryimage\"},\"thumbnailUrl\":\"\",\"keywords\":[\"audi\u00eancia p\u00fablica\",\"educa\u00e7\u00e3o p\u00fablica\",\"Glauber Braga\",\"Michel Temer\",\"Plano Nacional de Educa\u00e7\u00e3o\",\"PSOL\",\"reforma do ensino m\u00e9dio\"],\"articleSection\":[\"A\u00e7\u00e3o Parlamentar\",\"Brasil\",\"Educa\u00e7\u00e3o\",\"Not\u00edcias\"],\"inLanguage\":\"pt-BR\",\"potentialAction\":[{\"@type\":\"CommentAction\",\"name\":\"Comment\",\"target\":[\"https:\/\/psol50.org.br\/audiencia-publica-solicitada-pelo-psol-vai-discutir-as-mudancas-no-ensino-medio\/#respond\"]}]},{\"@type\":\"WebPage\",\"@id\":\"https:\/\/psol50.org.br\/audiencia-publica-solicitada-pelo-psol-vai-discutir-as-mudancas-no-ensino-medio\/\",\"url\":\"https:\/\/psol50.org.br\/audiencia-publica-solicitada-pelo-psol-vai-discutir-as-mudancas-no-ensino-medio\/\",\"name\":\"Audi\u00eancia p\u00fablica solicitada pelo PSOL vai discutir as mudan\u00e7as no ensino m\u00e9dio - PSOL 50\",\"isPartOf\":{\"@id\":\"https:\/\/psol50.org.br\/#website\"},\"primaryImageOfPage\":{\"@id\":\"https:\/\/psol50.org.br\/audiencia-publica-solicitada-pelo-psol-vai-discutir-as-mudancas-no-ensino-medio\/#primaryimage\"},\"image\":{\"@id\":\"https:\/\/psol50.org.br\/audiencia-publica-solicitada-pelo-psol-vai-discutir-as-mudancas-no-ensino-medio\/#primaryimage\"},\"thumbnailUrl\":\"\",\"datePublished\":\"2016-11-24T13:44:12+00:00\",\"breadcrumb\":{\"@id\":\"https:\/\/psol50.org.br\/audiencia-publica-solicitada-pelo-psol-vai-discutir-as-mudancas-no-ensino-medio\/#breadcrumb\"},\"inLanguage\":\"pt-BR\",\"potentialAction\":[{\"@type\":\"ReadAction\",\"target\":[\"https:\/\/psol50.org.br\/audiencia-publica-solicitada-pelo-psol-vai-discutir-as-mudancas-no-ensino-medio\/\"]}]},{\"@type\":\"ImageObject\",\"inLanguage\":\"pt-BR\",\"@id\":\"https:\/\/psol50.org.br\/audiencia-publica-solicitada-pelo-psol-vai-discutir-as-mudancas-no-ensino-medio\/#primaryimage\",\"url\":\"\",\"contentUrl\":\"\"},{\"@type\":\"BreadcrumbList\",\"@id\":\"https:\/\/psol50.org.br\/audiencia-publica-solicitada-pelo-psol-vai-discutir-as-mudancas-no-ensino-medio\/#breadcrumb\",\"itemListElement\":[{\"@type\":\"ListItem\",\"position\":1,\"name\":\"In\u00edcio\",\"item\":\"https:\/\/psol50.org.br\/\"},{\"@type\":\"ListItem\",\"position\":2,\"name\":\"Audi\u00eancia p\u00fablica solicitada pelo PSOL vai discutir as mudan\u00e7as no ensino m\u00e9dio\"}]},{\"@type\":\"WebSite\",\"@id\":\"https:\/\/psol50.org.br\/#website\",\"url\":\"https:\/\/psol50.org.br\/\",\"name\":\"PSOL 50\",\"description\":\"Site oficial do Partido Socialismo e Liberdade\",\"publisher\":{\"@id\":\"https:\/\/psol50.org.br\/#organization\"},\"alternateName\":\"PSOL50\",\"potentialAction\":[{\"@type\":\"SearchAction\",\"target\":{\"@type\":\"EntryPoint\",\"urlTemplate\":\"https:\/\/psol50.org.br\/?s={search_term_string}\"},\"query-input\":{\"@type\":\"PropertyValueSpecification\",\"valueRequired\":true,\"valueName\":\"search_term_string\"}}],\"inLanguage\":\"pt-BR\"},{\"@type\":\"Organization\",\"@id\":\"https:\/\/psol50.org.br\/#organization\",\"name\":\"PSOL 50\",\"alternateName\":\"PSOL 50\",\"url\":\"https:\/\/psol50.org.br\/\",\"logo\":{\"@type\":\"ImageObject\",\"inLanguage\":\"pt-BR\",\"@id\":\"https:\/\/psol50.org.br\/#\/schema\/logo\/image\/\",\"url\":\"https:\/\/psol50.org.br\/inc\/uploads\/2018\/07\/capa.png\",\"contentUrl\":\"https:\/\/psol50.org.br\/inc\/uploads\/2018\/07\/capa.png\",\"width\":1350,\"height\":900,\"caption\":\"PSOL 50\"},\"image\":{\"@id\":\"https:\/\/psol50.org.br\/#\/schema\/logo\/image\/\"},\"sameAs\":[\"https:\/\/www.facebook.com\/psol50\",\"https:\/\/x.com\/psol50\",\"https:\/\/www.instagram.com\/psol50\/\",\"https:\/\/www.youtube.com\/channel\/UC7SnJS5o1os7a6CaiNabzcg\"]},{\"@type\":\"Person\",\"@id\":\"https:\/\/psol50.org.br\/#\/schema\/person\/475dfa57d0b815993c714c2e96491fcd\",\"name\":\"Comunica\u00e7\u00e3o PSOL\",\"image\":{\"@type\":\"ImageObject\",\"inLanguage\":\"pt-BR\",\"@id\":\"https:\/\/psol50.org.br\/#\/schema\/person\/image\/\",\"url\":\"https:\/\/secure.gravatar.com\/avatar\/b34fc4f4e468a4e51785917065a3db57b841f5c95dba6ad8c73aaf8f66f8f9bf?s=96&d=mm&r=g\",\"contentUrl\":\"https:\/\/secure.gravatar.com\/avatar\/b34fc4f4e468a4e51785917065a3db57b841f5c95dba6ad8c73aaf8f66f8f9bf?s=96&d=mm&r=g\",\"caption\":\"Comunica\u00e7\u00e3o PSOL\"}}]}<\/script>\n<!-- \/ Yoast SEO plugin. -->","yoast_head_json":{"title":"Audi\u00eancia p\u00fablica solicitada pelo PSOL vai discutir as mudan\u00e7as no ensino m\u00e9dio - PSOL 50","robots":{"index":"index","follow":"follow","max-snippet":"max-snippet:-1","max-image-preview":"max-image-preview:large","max-video-preview":"max-video-preview:-1"},"canonical":"https:\/\/psol50.org.br\/audiencia-publica-solicitada-pelo-psol-vai-discutir-as-mudancas-no-ensino-medio\/","og_locale":"pt_BR","og_type":"article","og_title":"Audi\u00eancia p\u00fablica solicitada pelo PSOL vai discutir as mudan\u00e7as no ensino m\u00e9dio - PSOL 50","og_description":"Debate foi proposto pelo deputado Glauber Braga devido \u00e0s altera\u00e7\u00f5es retr\u00f3gradas propostas pelo governo Temer A Comiss\u00e3o de Legisla\u00e7\u00e3o Participativa (CLP) aprovou nesta quarta-feira (23\/11) requerimento para realiza\u00e7\u00e3o de audi\u00eancia p\u00fablica para discutir as altera\u00e7\u00f5es no ensino m\u00e9dio. A proposta \u00e9 de autoria dos deputados Glauber Braga (PSOL-RJ), Chico Lopes (PCdoB-CE) e da deputada \u00c9rika [&hellip;]","og_url":"https:\/\/psol50.org.br\/audiencia-publica-solicitada-pelo-psol-vai-discutir-as-mudancas-no-ensino-medio\/","og_site_name":"PSOL 50","article_publisher":"https:\/\/www.facebook.com\/psol50","article_published_time":"2016-11-24T13:44:12+00:00","og_image":[{"width":1350,"height":900,"url":"https:\/\/psol50.org.br\/inc\/uploads\/2018\/07\/capa.png","type":"image\/png"}],"author":"Comunica\u00e7\u00e3o PSOL","twitter_card":"summary_large_image","twitter_creator":"@psol50","twitter_site":"@psol50","twitter_misc":{"Escrito por":"Comunica\u00e7\u00e3o PSOL","Est. tempo de leitura":"2 minutos"},"schema":{"@context":"https:\/\/schema.org","@graph":[{"@type":"Article","@id":"https:\/\/psol50.org.br\/audiencia-publica-solicitada-pelo-psol-vai-discutir-as-mudancas-no-ensino-medio\/#article","isPartOf":{"@id":"https:\/\/psol50.org.br\/audiencia-publica-solicitada-pelo-psol-vai-discutir-as-mudancas-no-ensino-medio\/"},"author":{"name":"Comunica\u00e7\u00e3o PSOL","@id":"https:\/\/psol50.org.br\/#\/schema\/person\/475dfa57d0b815993c714c2e96491fcd"},"headline":"Audi\u00eancia p\u00fablica solicitada pelo PSOL vai discutir as mudan\u00e7as no ensino m\u00e9dio","datePublished":"2016-11-24T13:44:12+00:00","mainEntityOfPage":{"@id":"https:\/\/psol50.org.br\/audiencia-publica-solicitada-pelo-psol-vai-discutir-as-mudancas-no-ensino-medio\/"},"wordCount":324,"commentCount":0,"publisher":{"@id":"https:\/\/psol50.org.br\/#organization"},"image":{"@id":"https:\/\/psol50.org.br\/audiencia-publica-solicitada-pelo-psol-vai-discutir-as-mudancas-no-ensino-medio\/#primaryimage"},"thumbnailUrl":"","keywords":["audi\u00eancia p\u00fablica","educa\u00e7\u00e3o p\u00fablica","Glauber Braga","Michel Temer","Plano Nacional de Educa\u00e7\u00e3o","PSOL","reforma do ensino m\u00e9dio"],"articleSection":["A\u00e7\u00e3o Parlamentar","Brasil","Educa\u00e7\u00e3o","Not\u00edcias"],"inLanguage":"pt-BR","potentialAction":[{"@type":"CommentAction","name":"Comment","target":["https:\/\/psol50.org.br\/audiencia-publica-solicitada-pelo-psol-vai-discutir-as-mudancas-no-ensino-medio\/#respond"]}]},{"@type":"WebPage","@id":"https:\/\/psol50.org.br\/audiencia-publica-solicitada-pelo-psol-vai-discutir-as-mudancas-no-ensino-medio\/","url":"https:\/\/psol50.org.br\/audiencia-publica-solicitada-pelo-psol-vai-discutir-as-mudancas-no-ensino-medio\/","name":"Audi\u00eancia p\u00fablica solicitada pelo PSOL vai discutir as mudan\u00e7as no ensino m\u00e9dio - PSOL 50","isPartOf":{"@id":"https:\/\/psol50.org.br\/#website"},"primaryImageOfPage":{"@id":"https:\/\/psol50.org.br\/audiencia-publica-solicitada-pelo-psol-vai-discutir-as-mudancas-no-ensino-medio\/#primaryimage"},"image":{"@id":"https:\/\/psol50.org.br\/audiencia-publica-solicitada-pelo-psol-vai-discutir-as-mudancas-no-ensino-medio\/#primaryimage"},"thumbnailUrl":"","datePublished":"2016-11-24T13:44:12+00:00","breadcrumb":{"@id":"https:\/\/psol50.org.br\/audiencia-publica-solicitada-pelo-psol-vai-discutir-as-mudancas-no-ensino-medio\/#breadcrumb"},"inLanguage":"pt-BR","potentialAction":[{"@type":"ReadAction","target":["https:\/\/psol50.org.br\/audiencia-publica-solicitada-pelo-psol-vai-discutir-as-mudancas-no-ensino-medio\/"]}]},{"@type":"ImageObject","inLanguage":"pt-BR","@id":"https:\/\/psol50.org.br\/audiencia-publica-solicitada-pelo-psol-vai-discutir-as-mudancas-no-ensino-medio\/#primaryimage","url":"","contentUrl":""},{"@type":"BreadcrumbList","@id":"https:\/\/psol50.org.br\/audiencia-publica-solicitada-pelo-psol-vai-discutir-as-mudancas-no-ensino-medio\/#breadcrumb","itemListElement":[{"@type":"ListItem","position":1,"name":"In\u00edcio","item":"https:\/\/psol50.org.br\/"},{"@type":"ListItem","position":2,"name":"Audi\u00eancia p\u00fablica solicitada pelo PSOL vai discutir as mudan\u00e7as no ensino m\u00e9dio"}]},{"@type":"WebSite","@id":"https:\/\/psol50.org.br\/#website","url":"https:\/\/psol50.org.br\/","name":"PSOL 50","description":"Site oficial do Partido Socialismo e Liberdade","publisher":{"@id":"https:\/\/psol50.org.br\/#organization"},"alternateName":"PSOL50","potentialAction":[{"@type":"SearchAction","target":{"@type":"EntryPoint","urlTemplate":"https:\/\/psol50.org.br\/?s={search_term_string}"},"query-input":{"@type":"PropertyValueSpecification","valueRequired":true,"valueName":"search_term_string"}}],"inLanguage":"pt-BR"},{"@type":"Organization","@id":"https:\/\/psol50.org.br\/#organization","name":"PSOL 50","alternateName":"PSOL 50","url":"https:\/\/psol50.org.br\/","logo":{"@type":"ImageObject","inLanguage":"pt-BR","@id":"https:\/\/psol50.org.br\/#\/schema\/logo\/image\/","url":"https:\/\/psol50.org.br\/inc\/uploads\/2018\/07\/capa.png","contentUrl":"https:\/\/psol50.org.br\/inc\/uploads\/2018\/07\/capa.png","width":1350,"height":900,"caption":"PSOL 50"},"image":{"@id":"https:\/\/psol50.org.br\/#\/schema\/logo\/image\/"},"sameAs":["https:\/\/www.facebook.com\/psol50","https:\/\/x.com\/psol50","https:\/\/www.instagram.com\/psol50\/","https:\/\/www.youtube.com\/channel\/UC7SnJS5o1os7a6CaiNabzcg"]},{"@type":"Person","@id":"https:\/\/psol50.org.br\/#\/schema\/person\/475dfa57d0b815993c714c2e96491fcd","name":"Comunica\u00e7\u00e3o PSOL","image":{"@type":"ImageObject","inLanguage":"pt-BR","@id":"https:\/\/psol50.org.br\/#\/schema\/person\/image\/","url":"https:\/\/secure.gravatar.com\/avatar\/b34fc4f4e468a4e51785917065a3db57b841f5c95dba6ad8c73aaf8f66f8f9bf?s=96&d=mm&r=g","contentUrl":"https:\/\/secure.gravatar.com\/avatar\/b34fc4f4e468a4e51785917065a3db57b841f5c95dba6ad8c73aaf8f66f8f9bf?s=96&d=mm&r=g","caption":"Comunica\u00e7\u00e3o PSOL"}}]}},"_links":{"self":[{"href":"https:\/\/psol50.org.br\/rest\/wp\/v2\/posts\/14618","targetHints":{"allow":["GET"]}}],"collection":[{"href":"https:\/\/psol50.org.br\/rest\/wp\/v2\/posts"}],"about":[{"href":"https:\/\/psol50.org.br\/rest\/wp\/v2\/types\/post"}],"author":[{"embeddable":true,"href":"https:\/\/psol50.org.br\/rest\/wp\/v2\/users\/2"}],"replies":[{"embeddable":true,"href":"https:\/\/psol50.org.br\/rest\/wp\/v2\/comments?post=14618"}],"version-history":[{"count":0,"href":"https:\/\/psol50.org.br\/rest\/wp\/v2\/posts\/14618\/revisions"}],"wp:featuredmedia":[{"embeddable":true,"href":"https:\/\/psol50.org.br\/rest\/"}],"wp:attachment":[{"href":"https:\/\/psol50.org.br\/rest\/wp\/v2\/media?parent=14618"}],"wp:term":[{"taxonomy":"category","embeddable":true,"href":"https:\/\/psol50.org.br\/rest\/wp\/v2\/categories?post=14618"},{"taxonomy":"post_tag","embeddable":true,"href":"https:\/\/psol50.org.br\/rest\/wp\/v2\/tags?post=14618"}],"curies":[{"name":"wp","href":"https:\/\/api.w.org\/{rel}","templated":true}]}}