{"id":14633,"date":"2016-11-25T13:08:40","date_gmt":"2016-11-25T13:08:40","guid":{"rendered":"http:\/\/www.psol50.org.br\/?p=14633"},"modified":"2016-11-25T13:08:40","modified_gmt":"2016-11-25T13:08:40","slug":"mulheres-irao-as-ruas-hoje-denunciar-os-retrocessos-e-a-violencia","status":"publish","type":"post","link":"https:\/\/psol50.org.br\/mulheres-irao-as-ruas-hoje-denunciar-os-retrocessos-e-a-violencia\/","title":{"rendered":"Mulheres ir\u00e3o \u00e0s ruas nesta sexta (25) denunciar os retrocessos e a viol\u00eancia"},"content":{"rendered":"<p>Hoje, 25 de novembro, \u00e9 o Dia Latino-americano e Caribenho de Luta Contra a Viol\u00eancia \u00e0s Mulheres. No Brasil, as mulheres ir\u00e3o \u00e0s ruas para denunciar os retrocessos que est\u00e3o em curso e os que est\u00e3o por vir, como a PEC 55\/2016 (antiga PEC 241) e a reforma da Previd\u00eancia, e toda a viol\u00eancia machista, que diariamente tira a vida de milhares de mulheres no pa\u00eds e no mundo.<\/p>\n<p>No <a href=\"https:\/\/www.facebook.com\/events\/1360407147302754\/\" target=\"_blank\" rel=\"noopener\"><span style=\"color: #0000ff\">Distrito Federal<\/span>,<\/a> o ato ser\u00e1 \u00e0s 12h, na Alameda dos Estados (em frente ao Congresso Nacional). Em <span style=\"color: #0000ff\"><a style=\"color: #0000ff\" href=\"https:\/\/www.facebook.com\/events\/339525879748499\/\" target=\"_blank\" rel=\"noopener\">S\u00e3o Paulo<\/a><\/span>, as mulheres se concentrar\u00e3o a partir das 14h, na Pra\u00e7a do Patriarca (Centro), de onde sair\u00e3o em caminhada. No <span style=\"color: #0000ff\"><a style=\"color: #0000ff\" href=\"https:\/\/www.facebook.com\/events\/1888983694669411\/?active_tab=discussion\" target=\"_blank\" rel=\"noopener\">Rio de Janeiro<\/a><\/span>, a manifesta\u00e7\u00e3o ser\u00e1 \u00e0s 17, no Largo da Carioca (Centro). Em outras dezenas de cidades, tamb\u00e9m haver\u00e1 manifesta\u00e7\u00e3o para marcar o dia.<\/p>\n<p>Agendada para vota\u00e7\u00e3o no Senado na pr\u00f3xima ter\u00e7a-feira, dia 29\/11, a Proposta de Emenda Constitucional 55 imp\u00f5e um teto para gastos em pol\u00edticas p\u00fablicas representar\u00e1 ainda mais viol\u00eancia na vida da popula\u00e7\u00e3o feminina no pa\u00eds.<\/p>\n<p>Os cortes em pol\u00edticas p\u00fablicas, al\u00e9m de \u00e1reas fundamentais como sa\u00fade e educa\u00e7\u00e3o, atingir\u00e3o tamb\u00e9m setores que ampliar\u00e3o ainda mais a vulnerabilidade das mulheres, sobretudo as v\u00edtimas de viol\u00eancia. \u00c9 o caso de \u00e1reas como a assist\u00eancia social, os direitos humanos, a moradia e as pr\u00f3prias pol\u00edticas de enfrentamento \u00e0 viol\u00eancia contra a mulher.<\/p>\n<p>Segundo o Atlas da Viol\u00eancia 2016 (Ipea\/FBSP), mais de 4750 mulheres morreram no Brasil em 2014 v\u00edtimas de viol\u00eancia. O n\u00famero pode crescer brutalmente diante dos 20 anos de cortes em \u00e1reas sociais previstos na PEC.\u00a0 Mulheres entre 15 e 29 anos est\u00e3o entre as maiores v\u00edtimas de feminic\u00eddios e os n\u00fameros mostram para um assassinato a cada hora no pa\u00eds.<\/p>\n<p><a href=\"https:\/\/www.facebook.com\/hashtag\/nemumaamenos\">#NemUmaAMenos<\/a>\u00a0<a href=\"https:\/\/www.facebook.com\/hashtag\/niunamenos\">#NiUnaMenos<\/a>\u00a0<a href=\"https:\/\/www.facebook.com\/hashtag\/vivasnosqueremos\">#VivasNosQueremos<\/a><\/p>\n<p>&nbsp;<\/p>\n<p>&nbsp;<\/p>\n","protected":false},"excerpt":{"rendered":"<p>Hoje, 25 de novembro, \u00e9 o Dia Latino-americano e Caribenho de Luta Contra a Viol\u00eancia \u00e0s Mulheres. No Brasil, as mulheres ir\u00e3o \u00e0s ruas para denunciar os retrocessos que est\u00e3o em curso e os que est\u00e3o por vir, como a PEC 55\/2016 (antiga PEC 241) e a reforma da Previd\u00eancia, e toda a viol\u00eancia machista, [&hellip;]<\/p>\n","protected":false},"author":2,"featured_media":14634,"comment_status":"open","ping_status":"open","sticky":false,"template":"","format":"standard","meta":{"_acf_changed":false,"footnotes":""},"categories":[1882,1104],"tags":[4677,4678,4679,4680,47,151,276,4681,4,4641,233],"class_list":{"0":"post-14633","1":"post","2":"type-post","3":"status-publish","4":"format-standard","5":"has-post-thumbnail","7":"category-brasil","8":"category-movimento","9":"tag-nemumaamenos","10":"tag-niunamenos","11":"tag-25-de-novembro","12":"tag-dia-latino-americano-e-caribenho-de-luta-contra-a-violencia-as-mulheres","13":"tag-feminicidio","14":"tag-golpe","15":"tag-machismo","16":"tag-mapa-da-violencia","17":"tag-mulheres","18":"tag-pec-55","19":"tag-violencia"},"acf":[],"yoast_head":"<!-- This site is optimized with the Yoast SEO plugin v26.5 - https:\/\/yoast.com\/wordpress\/plugins\/seo\/ -->\n<title>Mulheres ir\u00e3o \u00e0s ruas nesta sexta (25) denunciar os retrocessos e a viol\u00eancia - PSOL 50<\/title>\n<meta name=\"robots\" content=\"index, follow, max-snippet:-1, max-image-preview:large, max-video-preview:-1\" \/>\n<link rel=\"canonical\" href=\"https:\/\/psol50.org.br\/mulheres-irao-as-ruas-hoje-denunciar-os-retrocessos-e-a-violencia\/\" \/>\n<meta property=\"og:locale\" content=\"pt_BR\" \/>\n<meta property=\"og:type\" content=\"article\" \/>\n<meta property=\"og:title\" content=\"Mulheres ir\u00e3o \u00e0s ruas nesta sexta (25) denunciar os retrocessos e a viol\u00eancia - PSOL 50\" \/>\n<meta property=\"og:description\" content=\"Hoje, 25 de novembro, \u00e9 o Dia Latino-americano e Caribenho de Luta Contra a Viol\u00eancia \u00e0s Mulheres. No Brasil, as mulheres ir\u00e3o \u00e0s ruas para denunciar os retrocessos que est\u00e3o em curso e os que est\u00e3o por vir, como a PEC 55\/2016 (antiga PEC 241) e a reforma da Previd\u00eancia, e toda a viol\u00eancia machista, [&hellip;]\" \/>\n<meta property=\"og:url\" content=\"https:\/\/psol50.org.br\/mulheres-irao-as-ruas-hoje-denunciar-os-retrocessos-e-a-violencia\/\" \/>\n<meta property=\"og:site_name\" content=\"PSOL 50\" \/>\n<meta property=\"article:publisher\" content=\"https:\/\/www.facebook.com\/psol50\" \/>\n<meta property=\"article:published_time\" content=\"2016-11-25T13:08:40+00:00\" \/>\n<meta property=\"og:image\" content=\"https:\/\/psol50.org.br\/inc\/uploads\/2018\/07\/capa.png\" \/>\n\t<meta property=\"og:image:width\" content=\"1350\" \/>\n\t<meta property=\"og:image:height\" content=\"900\" \/>\n\t<meta property=\"og:image:type\" content=\"image\/png\" \/>\n<meta name=\"author\" content=\"Comunica\u00e7\u00e3o PSOL\" \/>\n<meta name=\"twitter:card\" content=\"summary_large_image\" \/>\n<meta name=\"twitter:creator\" content=\"@psol50\" \/>\n<meta name=\"twitter:site\" content=\"@psol50\" \/>\n<meta name=\"twitter:label1\" content=\"Escrito por\" \/>\n\t<meta name=\"twitter:data1\" content=\"Comunica\u00e7\u00e3o PSOL\" \/>\n\t<meta name=\"twitter:label2\" content=\"Est. tempo de leitura\" \/>\n\t<meta name=\"twitter:data2\" content=\"2 minutos\" \/>\n<script type=\"application\/ld+json\" class=\"yoast-schema-graph\">{\"@context\":\"https:\/\/schema.org\",\"@graph\":[{\"@type\":\"Article\",\"@id\":\"https:\/\/psol50.org.br\/mulheres-irao-as-ruas-hoje-denunciar-os-retrocessos-e-a-violencia\/#article\",\"isPartOf\":{\"@id\":\"https:\/\/psol50.org.br\/mulheres-irao-as-ruas-hoje-denunciar-os-retrocessos-e-a-violencia\/\"},\"author\":{\"name\":\"Comunica\u00e7\u00e3o PSOL\",\"@id\":\"https:\/\/psol50.org.br\/#\/schema\/person\/475dfa57d0b815993c714c2e96491fcd\"},\"headline\":\"Mulheres ir\u00e3o \u00e0s ruas nesta sexta (25) denunciar os retrocessos e a viol\u00eancia\",\"datePublished\":\"2016-11-25T13:08:40+00:00\",\"mainEntityOfPage\":{\"@id\":\"https:\/\/psol50.org.br\/mulheres-irao-as-ruas-hoje-denunciar-os-retrocessos-e-a-violencia\/\"},\"wordCount\":334,\"commentCount\":0,\"publisher\":{\"@id\":\"https:\/\/psol50.org.br\/#organization\"},\"image\":{\"@id\":\"https:\/\/psol50.org.br\/mulheres-irao-as-ruas-hoje-denunciar-os-retrocessos-e-a-violencia\/#primaryimage\"},\"thumbnailUrl\":\"\",\"keywords\":[\"#NemUmaAMenos\",\"#NiUnaMenos\",\"25 de novembro\",\"Dia Latino-americano e Caribenho de Luta Contra a Viol\u00eancia \u00e0s Mulheres\",\"feminic\u00eddio\",\"golpe\",\"machismo\",\"Mapa da Viol\u00eancia\",\"mulheres\",\"PEC 55\",\"viol\u00eancia\"],\"articleSection\":[\"Brasil\",\"Movimento\"],\"inLanguage\":\"pt-BR\",\"potentialAction\":[{\"@type\":\"CommentAction\",\"name\":\"Comment\",\"target\":[\"https:\/\/psol50.org.br\/mulheres-irao-as-ruas-hoje-denunciar-os-retrocessos-e-a-violencia\/#respond\"]}]},{\"@type\":\"WebPage\",\"@id\":\"https:\/\/psol50.org.br\/mulheres-irao-as-ruas-hoje-denunciar-os-retrocessos-e-a-violencia\/\",\"url\":\"https:\/\/psol50.org.br\/mulheres-irao-as-ruas-hoje-denunciar-os-retrocessos-e-a-violencia\/\",\"name\":\"Mulheres ir\u00e3o \u00e0s ruas nesta sexta (25) denunciar os retrocessos e a viol\u00eancia - PSOL 50\",\"isPartOf\":{\"@id\":\"https:\/\/psol50.org.br\/#website\"},\"primaryImageOfPage\":{\"@id\":\"https:\/\/psol50.org.br\/mulheres-irao-as-ruas-hoje-denunciar-os-retrocessos-e-a-violencia\/#primaryimage\"},\"image\":{\"@id\":\"https:\/\/psol50.org.br\/mulheres-irao-as-ruas-hoje-denunciar-os-retrocessos-e-a-violencia\/#primaryimage\"},\"thumbnailUrl\":\"\",\"datePublished\":\"2016-11-25T13:08:40+00:00\",\"breadcrumb\":{\"@id\":\"https:\/\/psol50.org.br\/mulheres-irao-as-ruas-hoje-denunciar-os-retrocessos-e-a-violencia\/#breadcrumb\"},\"inLanguage\":\"pt-BR\",\"potentialAction\":[{\"@type\":\"ReadAction\",\"target\":[\"https:\/\/psol50.org.br\/mulheres-irao-as-ruas-hoje-denunciar-os-retrocessos-e-a-violencia\/\"]}]},{\"@type\":\"ImageObject\",\"inLanguage\":\"pt-BR\",\"@id\":\"https:\/\/psol50.org.br\/mulheres-irao-as-ruas-hoje-denunciar-os-retrocessos-e-a-violencia\/#primaryimage\",\"url\":\"\",\"contentUrl\":\"\"},{\"@type\":\"BreadcrumbList\",\"@id\":\"https:\/\/psol50.org.br\/mulheres-irao-as-ruas-hoje-denunciar-os-retrocessos-e-a-violencia\/#breadcrumb\",\"itemListElement\":[{\"@type\":\"ListItem\",\"position\":1,\"name\":\"In\u00edcio\",\"item\":\"https:\/\/psol50.org.br\/\"},{\"@type\":\"ListItem\",\"position\":2,\"name\":\"Mulheres ir\u00e3o \u00e0s ruas nesta sexta (25) denunciar os retrocessos e a viol\u00eancia\"}]},{\"@type\":\"WebSite\",\"@id\":\"https:\/\/psol50.org.br\/#website\",\"url\":\"https:\/\/psol50.org.br\/\",\"name\":\"PSOL 50\",\"description\":\"Site oficial do Partido Socialismo e Liberdade\",\"publisher\":{\"@id\":\"https:\/\/psol50.org.br\/#organization\"},\"alternateName\":\"PSOL50\",\"potentialAction\":[{\"@type\":\"SearchAction\",\"target\":{\"@type\":\"EntryPoint\",\"urlTemplate\":\"https:\/\/psol50.org.br\/?s={search_term_string}\"},\"query-input\":{\"@type\":\"PropertyValueSpecification\",\"valueRequired\":true,\"valueName\":\"search_term_string\"}}],\"inLanguage\":\"pt-BR\"},{\"@type\":\"Organization\",\"@id\":\"https:\/\/psol50.org.br\/#organization\",\"name\":\"PSOL 50\",\"alternateName\":\"PSOL 50\",\"url\":\"https:\/\/psol50.org.br\/\",\"logo\":{\"@type\":\"ImageObject\",\"inLanguage\":\"pt-BR\",\"@id\":\"https:\/\/psol50.org.br\/#\/schema\/logo\/image\/\",\"url\":\"https:\/\/psol50.org.br\/inc\/uploads\/2018\/07\/capa.png\",\"contentUrl\":\"https:\/\/psol50.org.br\/inc\/uploads\/2018\/07\/capa.png\",\"width\":1350,\"height\":900,\"caption\":\"PSOL 50\"},\"image\":{\"@id\":\"https:\/\/psol50.org.br\/#\/schema\/logo\/image\/\"},\"sameAs\":[\"https:\/\/www.facebook.com\/psol50\",\"https:\/\/x.com\/psol50\",\"https:\/\/www.instagram.com\/psol50\/\",\"https:\/\/www.youtube.com\/channel\/UC7SnJS5o1os7a6CaiNabzcg\"]},{\"@type\":\"Person\",\"@id\":\"https:\/\/psol50.org.br\/#\/schema\/person\/475dfa57d0b815993c714c2e96491fcd\",\"name\":\"Comunica\u00e7\u00e3o PSOL\",\"image\":{\"@type\":\"ImageObject\",\"inLanguage\":\"pt-BR\",\"@id\":\"https:\/\/psol50.org.br\/#\/schema\/person\/image\/\",\"url\":\"https:\/\/secure.gravatar.com\/avatar\/b34fc4f4e468a4e51785917065a3db57b841f5c95dba6ad8c73aaf8f66f8f9bf?s=96&d=mm&r=g\",\"contentUrl\":\"https:\/\/secure.gravatar.com\/avatar\/b34fc4f4e468a4e51785917065a3db57b841f5c95dba6ad8c73aaf8f66f8f9bf?s=96&d=mm&r=g\",\"caption\":\"Comunica\u00e7\u00e3o PSOL\"}}]}<\/script>\n<!-- \/ Yoast SEO plugin. -->","yoast_head_json":{"title":"Mulheres ir\u00e3o \u00e0s ruas nesta sexta (25) denunciar os retrocessos e a viol\u00eancia - PSOL 50","robots":{"index":"index","follow":"follow","max-snippet":"max-snippet:-1","max-image-preview":"max-image-preview:large","max-video-preview":"max-video-preview:-1"},"canonical":"https:\/\/psol50.org.br\/mulheres-irao-as-ruas-hoje-denunciar-os-retrocessos-e-a-violencia\/","og_locale":"pt_BR","og_type":"article","og_title":"Mulheres ir\u00e3o \u00e0s ruas nesta sexta (25) denunciar os retrocessos e a viol\u00eancia - PSOL 50","og_description":"Hoje, 25 de novembro, \u00e9 o Dia Latino-americano e Caribenho de Luta Contra a Viol\u00eancia \u00e0s Mulheres. No Brasil, as mulheres ir\u00e3o \u00e0s ruas para denunciar os retrocessos que est\u00e3o em curso e os que est\u00e3o por vir, como a PEC 55\/2016 (antiga PEC 241) e a reforma da Previd\u00eancia, e toda a viol\u00eancia machista, [&hellip;]","og_url":"https:\/\/psol50.org.br\/mulheres-irao-as-ruas-hoje-denunciar-os-retrocessos-e-a-violencia\/","og_site_name":"PSOL 50","article_publisher":"https:\/\/www.facebook.com\/psol50","article_published_time":"2016-11-25T13:08:40+00:00","og_image":[{"width":1350,"height":900,"url":"https:\/\/psol50.org.br\/inc\/uploads\/2018\/07\/capa.png","type":"image\/png"}],"author":"Comunica\u00e7\u00e3o PSOL","twitter_card":"summary_large_image","twitter_creator":"@psol50","twitter_site":"@psol50","twitter_misc":{"Escrito por":"Comunica\u00e7\u00e3o PSOL","Est. tempo de leitura":"2 minutos"},"schema":{"@context":"https:\/\/schema.org","@graph":[{"@type":"Article","@id":"https:\/\/psol50.org.br\/mulheres-irao-as-ruas-hoje-denunciar-os-retrocessos-e-a-violencia\/#article","isPartOf":{"@id":"https:\/\/psol50.org.br\/mulheres-irao-as-ruas-hoje-denunciar-os-retrocessos-e-a-violencia\/"},"author":{"name":"Comunica\u00e7\u00e3o PSOL","@id":"https:\/\/psol50.org.br\/#\/schema\/person\/475dfa57d0b815993c714c2e96491fcd"},"headline":"Mulheres ir\u00e3o \u00e0s ruas nesta sexta (25) denunciar os retrocessos e a viol\u00eancia","datePublished":"2016-11-25T13:08:40+00:00","mainEntityOfPage":{"@id":"https:\/\/psol50.org.br\/mulheres-irao-as-ruas-hoje-denunciar-os-retrocessos-e-a-violencia\/"},"wordCount":334,"commentCount":0,"publisher":{"@id":"https:\/\/psol50.org.br\/#organization"},"image":{"@id":"https:\/\/psol50.org.br\/mulheres-irao-as-ruas-hoje-denunciar-os-retrocessos-e-a-violencia\/#primaryimage"},"thumbnailUrl":"","keywords":["#NemUmaAMenos","#NiUnaMenos","25 de novembro","Dia Latino-americano e Caribenho de Luta Contra a Viol\u00eancia \u00e0s Mulheres","feminic\u00eddio","golpe","machismo","Mapa da Viol\u00eancia","mulheres","PEC 55","viol\u00eancia"],"articleSection":["Brasil","Movimento"],"inLanguage":"pt-BR","potentialAction":[{"@type":"CommentAction","name":"Comment","target":["https:\/\/psol50.org.br\/mulheres-irao-as-ruas-hoje-denunciar-os-retrocessos-e-a-violencia\/#respond"]}]},{"@type":"WebPage","@id":"https:\/\/psol50.org.br\/mulheres-irao-as-ruas-hoje-denunciar-os-retrocessos-e-a-violencia\/","url":"https:\/\/psol50.org.br\/mulheres-irao-as-ruas-hoje-denunciar-os-retrocessos-e-a-violencia\/","name":"Mulheres ir\u00e3o \u00e0s ruas nesta sexta (25) denunciar os retrocessos e a viol\u00eancia - PSOL 50","isPartOf":{"@id":"https:\/\/psol50.org.br\/#website"},"primaryImageOfPage":{"@id":"https:\/\/psol50.org.br\/mulheres-irao-as-ruas-hoje-denunciar-os-retrocessos-e-a-violencia\/#primaryimage"},"image":{"@id":"https:\/\/psol50.org.br\/mulheres-irao-as-ruas-hoje-denunciar-os-retrocessos-e-a-violencia\/#primaryimage"},"thumbnailUrl":"","datePublished":"2016-11-25T13:08:40+00:00","breadcrumb":{"@id":"https:\/\/psol50.org.br\/mulheres-irao-as-ruas-hoje-denunciar-os-retrocessos-e-a-violencia\/#breadcrumb"},"inLanguage":"pt-BR","potentialAction":[{"@type":"ReadAction","target":["https:\/\/psol50.org.br\/mulheres-irao-as-ruas-hoje-denunciar-os-retrocessos-e-a-violencia\/"]}]},{"@type":"ImageObject","inLanguage":"pt-BR","@id":"https:\/\/psol50.org.br\/mulheres-irao-as-ruas-hoje-denunciar-os-retrocessos-e-a-violencia\/#primaryimage","url":"","contentUrl":""},{"@type":"BreadcrumbList","@id":"https:\/\/psol50.org.br\/mulheres-irao-as-ruas-hoje-denunciar-os-retrocessos-e-a-violencia\/#breadcrumb","itemListElement":[{"@type":"ListItem","position":1,"name":"In\u00edcio","item":"https:\/\/psol50.org.br\/"},{"@type":"ListItem","position":2,"name":"Mulheres ir\u00e3o \u00e0s ruas nesta sexta (25) denunciar os retrocessos e a viol\u00eancia"}]},{"@type":"WebSite","@id":"https:\/\/psol50.org.br\/#website","url":"https:\/\/psol50.org.br\/","name":"PSOL 50","description":"Site oficial do Partido Socialismo e Liberdade","publisher":{"@id":"https:\/\/psol50.org.br\/#organization"},"alternateName":"PSOL50","potentialAction":[{"@type":"SearchAction","target":{"@type":"EntryPoint","urlTemplate":"https:\/\/psol50.org.br\/?s={search_term_string}"},"query-input":{"@type":"PropertyValueSpecification","valueRequired":true,"valueName":"search_term_string"}}],"inLanguage":"pt-BR"},{"@type":"Organization","@id":"https:\/\/psol50.org.br\/#organization","name":"PSOL 50","alternateName":"PSOL 50","url":"https:\/\/psol50.org.br\/","logo":{"@type":"ImageObject","inLanguage":"pt-BR","@id":"https:\/\/psol50.org.br\/#\/schema\/logo\/image\/","url":"https:\/\/psol50.org.br\/inc\/uploads\/2018\/07\/capa.png","contentUrl":"https:\/\/psol50.org.br\/inc\/uploads\/2018\/07\/capa.png","width":1350,"height":900,"caption":"PSOL 50"},"image":{"@id":"https:\/\/psol50.org.br\/#\/schema\/logo\/image\/"},"sameAs":["https:\/\/www.facebook.com\/psol50","https:\/\/x.com\/psol50","https:\/\/www.instagram.com\/psol50\/","https:\/\/www.youtube.com\/channel\/UC7SnJS5o1os7a6CaiNabzcg"]},{"@type":"Person","@id":"https:\/\/psol50.org.br\/#\/schema\/person\/475dfa57d0b815993c714c2e96491fcd","name":"Comunica\u00e7\u00e3o PSOL","image":{"@type":"ImageObject","inLanguage":"pt-BR","@id":"https:\/\/psol50.org.br\/#\/schema\/person\/image\/","url":"https:\/\/secure.gravatar.com\/avatar\/b34fc4f4e468a4e51785917065a3db57b841f5c95dba6ad8c73aaf8f66f8f9bf?s=96&d=mm&r=g","contentUrl":"https:\/\/secure.gravatar.com\/avatar\/b34fc4f4e468a4e51785917065a3db57b841f5c95dba6ad8c73aaf8f66f8f9bf?s=96&d=mm&r=g","caption":"Comunica\u00e7\u00e3o PSOL"}}]}},"_links":{"self":[{"href":"https:\/\/psol50.org.br\/rest\/wp\/v2\/posts\/14633","targetHints":{"allow":["GET"]}}],"collection":[{"href":"https:\/\/psol50.org.br\/rest\/wp\/v2\/posts"}],"about":[{"href":"https:\/\/psol50.org.br\/rest\/wp\/v2\/types\/post"}],"author":[{"embeddable":true,"href":"https:\/\/psol50.org.br\/rest\/wp\/v2\/users\/2"}],"replies":[{"embeddable":true,"href":"https:\/\/psol50.org.br\/rest\/wp\/v2\/comments?post=14633"}],"version-history":[{"count":0,"href":"https:\/\/psol50.org.br\/rest\/wp\/v2\/posts\/14633\/revisions"}],"wp:featuredmedia":[{"embeddable":true,"href":"https:\/\/psol50.org.br\/rest\/"}],"wp:attachment":[{"href":"https:\/\/psol50.org.br\/rest\/wp\/v2\/media?parent=14633"}],"wp:term":[{"taxonomy":"category","embeddable":true,"href":"https:\/\/psol50.org.br\/rest\/wp\/v2\/categories?post=14633"},{"taxonomy":"post_tag","embeddable":true,"href":"https:\/\/psol50.org.br\/rest\/wp\/v2\/tags?post=14633"}],"curies":[{"name":"wp","href":"https:\/\/api.w.org\/{rel}","templated":true}]}}