{"id":14654,"date":"2016-11-25T19:53:20","date_gmt":"2016-11-25T19:53:20","guid":{"rendered":"http:\/\/www.psol50.org.br\/?p=14654"},"modified":"2016-11-25T19:53:20","modified_gmt":"2016-11-25T19:53:20","slug":"fundacao-lauro-campos-promove-no-dia-112-debate-sobre-reorganizacao-da-esquerda","status":"publish","type":"post","link":"https:\/\/psol50.org.br\/fundacao-lauro-campos-promove-no-dia-112-debate-sobre-reorganizacao-da-esquerda\/","title":{"rendered":"Funda\u00e7\u00e3o Lauro Campos promove, no dia 1\u00ba\/12, debate sobre reorganiza\u00e7\u00e3o da esquerda"},"content":{"rendered":"<p>A Funda\u00e7\u00e3o Lauro Campos, \u00f3rg\u00e3o de debates, formula\u00e7\u00e3o e publica\u00e7\u00f5es ligado ao PSOL, vai promover nesta quinta-feira (1) o debate &#8220;Reorganizar a esquerda &#8211; fortalecer a resist\u00eancia popular em tempos de golpe&#8221;. O evento acontece no Teatro Oficina, no bairro do Bixiga.<\/p>\n<p>J\u00e1 est\u00e3o confirmados para a mesa do debate\u00a0<strong>Ivan Valente<\/strong>, deputado federal (SP) e l\u00edder do PSOL na C\u00e2mara;\u00a0<strong>Marcelo Freixo<\/strong>, deputado estadual (RJ) e ex-candidato a prefeito do Rio pelo PSOL;\u00a0<strong>Laura Carvalho<\/strong>, economista e professora da USP;\u00a0<strong>Frei Betto<\/strong>, escritor e hist\u00f3rico militante dos movimentos sociais brasileiros;\u00a0<strong>Joaquim Soriano<\/strong>, da Funda\u00e7\u00e3o Perseu Abramo;\u00a0<strong>\u00c1urea Carolina<\/strong>, do movimento Muitas Pela Cidade Que Queremos e vereadora eleita pelo PSOL em Belo Horizonte (MG); e\u00a0<strong>Nat\u00e1lia Szermeta<\/strong>, da coordena\u00e7\u00e3o do Movimento dos Trabalhadores Sem-Teto (MTST).<\/p>\n<p><span style=\"color: #3366ff\"><strong><a style=\"color: #3366ff\" href=\"https:\/\/www.facebook.com\/events\/1253200791385589\/\" target=\"_blank\" rel=\"noopener\">Acesse o link do evento no Facebook e confirme sua presen\u00e7a clicando aqui<\/a><\/strong><\/span><\/p>\n<p>Para Juliano Medeiros, presidente da Funda\u00e7\u00e3o Lauro Campos, o debate vem em um momento important\u00edssimo para a esquerda brasileira.\u00a0&#8220;A pol\u00edtica no Brasil est\u00e1 passando por profundas transforma\u00e7\u00f5es. Para enfrentar essas transforma\u00e7\u00f5es e construir um projeto de soberania e justi\u00e7a social, precisamos de uma esquerda \u00e0 altura desses desafios, capaz de criticar os erros do passado, buscar a unidade no presente e conquistar vit\u00f3rias no futuro&#8221;, afirma.<\/p>\n<p>&#8220;Por isso, discutir a resist\u00eancia popular diante do governo Temer e as tarefas da reorganiza\u00e7\u00e3o da esquerda \u00e9 t\u00e3o importante. E o PSOL e a Funda\u00e7\u00e3o Lauro Campos est\u00e3o comprometidos com essa tarefa&#8221;.<\/p>\n<p>&nbsp;<\/p>\n<p><strong>Servi\u00e7o:<\/strong><\/p>\n<p>Debate &#8220;REORGANIZAR A ESQUERDA &#8211; fortalecer a resist\u00eancia popular em tempos de golpe&#8221;<br \/>\nData: 01\/12\/2016<br \/>\nHor\u00e1rio: 18h30<br \/>\nLocal: Teatro Oficina &#8211; rua Jaceguai, 520, Bixiga, S\u00e3o Paulo\/SP (pr\u00f3ximo ao metr\u00f4 S\u00e9 ou Liberdade)<\/p>\n<p>Entrada franca.<\/p>\n<p>Contato: comunicacao@laurocampos.org.br<\/p>\n<p>&nbsp;<\/p>\n","protected":false},"excerpt":{"rendered":"<p>A Funda\u00e7\u00e3o Lauro Campos, \u00f3rg\u00e3o de debates, formula\u00e7\u00e3o e publica\u00e7\u00f5es ligado ao PSOL, vai promover nesta quinta-feira (1) o debate &#8220;Reorganizar a esquerda &#8211; fortalecer a resist\u00eancia popular em tempos de golpe&#8221;. O evento acontece no Teatro Oficina, no bairro do Bixiga. J\u00e1 est\u00e3o confirmados para a mesa do debate\u00a0Ivan Valente, deputado federal (SP) e [&hellip;]<\/p>\n","protected":false},"author":2,"featured_media":14658,"comment_status":"open","ping_status":"open","sticky":false,"template":"","format":"standard","meta":{"_acf_changed":false,"footnotes":""},"categories":[1882,1104],"tags":[29,412,4685,2244,552,259,4618,161,101],"class_list":{"0":"post-14654","1":"post","2":"type-post","3":"status-publish","4":"format-standard","5":"has-post-thumbnail","7":"category-brasil","8":"category-movimento","9":"tag-aurea-carolina","10":"tag-debate","11":"tag-frei-betto","12":"tag-fundacao-lauro-campos","13":"tag-ivan-valente","14":"tag-juliano-medeiros","15":"tag-laura-carvalho","16":"tag-marcelo-freixo","17":"tag-mtst"},"acf":[],"yoast_head":"<!-- This site is optimized with the Yoast SEO plugin v26.5 - https:\/\/yoast.com\/wordpress\/plugins\/seo\/ -->\n<title>Funda\u00e7\u00e3o Lauro Campos promove, no dia 1\u00ba\/12, debate sobre reorganiza\u00e7\u00e3o da esquerda - PSOL 50<\/title>\n<meta name=\"robots\" content=\"index, follow, max-snippet:-1, max-image-preview:large, max-video-preview:-1\" \/>\n<link rel=\"canonical\" href=\"https:\/\/psol50.org.br\/fundacao-lauro-campos-promove-no-dia-112-debate-sobre-reorganizacao-da-esquerda\/\" \/>\n<meta property=\"og:locale\" content=\"pt_BR\" \/>\n<meta property=\"og:type\" content=\"article\" \/>\n<meta property=\"og:title\" content=\"Funda\u00e7\u00e3o Lauro Campos promove, no dia 1\u00ba\/12, debate sobre reorganiza\u00e7\u00e3o da esquerda - PSOL 50\" \/>\n<meta property=\"og:description\" content=\"A Funda\u00e7\u00e3o Lauro Campos, \u00f3rg\u00e3o de debates, formula\u00e7\u00e3o e publica\u00e7\u00f5es ligado ao PSOL, vai promover nesta quinta-feira (1) o debate &#8220;Reorganizar a esquerda &#8211; fortalecer a resist\u00eancia popular em tempos de golpe&#8221;. O evento acontece no Teatro Oficina, no bairro do Bixiga. J\u00e1 est\u00e3o confirmados para a mesa do debate\u00a0Ivan Valente, deputado federal (SP) e [&hellip;]\" \/>\n<meta property=\"og:url\" content=\"https:\/\/psol50.org.br\/fundacao-lauro-campos-promove-no-dia-112-debate-sobre-reorganizacao-da-esquerda\/\" \/>\n<meta property=\"og:site_name\" content=\"PSOL 50\" \/>\n<meta property=\"article:publisher\" content=\"https:\/\/www.facebook.com\/psol50\" \/>\n<meta property=\"article:published_time\" content=\"2016-11-25T19:53:20+00:00\" \/>\n<meta property=\"og:image\" content=\"https:\/\/psol50.org.br\/inc\/uploads\/2016\/11\/debatefundacao-sitepsol.png\" \/>\n\t<meta property=\"og:image:width\" content=\"700\" \/>\n\t<meta property=\"og:image:height\" content=\"465\" \/>\n\t<meta property=\"og:image:type\" content=\"image\/png\" \/>\n<meta name=\"author\" content=\"Comunica\u00e7\u00e3o PSOL\" \/>\n<meta name=\"twitter:card\" content=\"summary_large_image\" \/>\n<meta name=\"twitter:creator\" content=\"@psol50\" \/>\n<meta name=\"twitter:site\" content=\"@psol50\" \/>\n<meta name=\"twitter:label1\" content=\"Escrito por\" \/>\n\t<meta name=\"twitter:data1\" content=\"Comunica\u00e7\u00e3o PSOL\" \/>\n\t<meta name=\"twitter:label2\" content=\"Est. tempo de leitura\" \/>\n\t<meta name=\"twitter:data2\" content=\"2 minutos\" \/>\n<script type=\"application\/ld+json\" class=\"yoast-schema-graph\">{\"@context\":\"https:\/\/schema.org\",\"@graph\":[{\"@type\":\"Article\",\"@id\":\"https:\/\/psol50.org.br\/fundacao-lauro-campos-promove-no-dia-112-debate-sobre-reorganizacao-da-esquerda\/#article\",\"isPartOf\":{\"@id\":\"https:\/\/psol50.org.br\/fundacao-lauro-campos-promove-no-dia-112-debate-sobre-reorganizacao-da-esquerda\/\"},\"author\":{\"name\":\"Comunica\u00e7\u00e3o PSOL\",\"@id\":\"https:\/\/psol50.org.br\/#\/schema\/person\/475dfa57d0b815993c714c2e96491fcd\"},\"headline\":\"Funda\u00e7\u00e3o Lauro Campos promove, no dia 1\u00ba\/12, debate sobre reorganiza\u00e7\u00e3o da esquerda\",\"datePublished\":\"2016-11-25T19:53:20+00:00\",\"mainEntityOfPage\":{\"@id\":\"https:\/\/psol50.org.br\/fundacao-lauro-campos-promove-no-dia-112-debate-sobre-reorganizacao-da-esquerda\/\"},\"wordCount\":321,\"commentCount\":0,\"publisher\":{\"@id\":\"https:\/\/psol50.org.br\/#organization\"},\"image\":{\"@id\":\"https:\/\/psol50.org.br\/fundacao-lauro-campos-promove-no-dia-112-debate-sobre-reorganizacao-da-esquerda\/#primaryimage\"},\"thumbnailUrl\":\"https:\/\/psol50.org.br\/inc\/uploads\/2016\/11\/debatefundacao-sitepsol.png\",\"keywords\":[\"\u00c1urea Carolina\",\"debate\",\"Frei Betto\",\"Funda\u00e7\u00e3o Lauro Campos\",\"Ivan Valente\",\"Juliano Medeiros\",\"Laura Carvalho\",\"Marcelo Freixo\",\"MTST\"],\"articleSection\":[\"Brasil\",\"Movimento\"],\"inLanguage\":\"pt-BR\",\"potentialAction\":[{\"@type\":\"CommentAction\",\"name\":\"Comment\",\"target\":[\"https:\/\/psol50.org.br\/fundacao-lauro-campos-promove-no-dia-112-debate-sobre-reorganizacao-da-esquerda\/#respond\"]}]},{\"@type\":\"WebPage\",\"@id\":\"https:\/\/psol50.org.br\/fundacao-lauro-campos-promove-no-dia-112-debate-sobre-reorganizacao-da-esquerda\/\",\"url\":\"https:\/\/psol50.org.br\/fundacao-lauro-campos-promove-no-dia-112-debate-sobre-reorganizacao-da-esquerda\/\",\"name\":\"Funda\u00e7\u00e3o Lauro Campos promove, no dia 1\u00ba\/12, debate sobre reorganiza\u00e7\u00e3o da esquerda - PSOL 50\",\"isPartOf\":{\"@id\":\"https:\/\/psol50.org.br\/#website\"},\"primaryImageOfPage\":{\"@id\":\"https:\/\/psol50.org.br\/fundacao-lauro-campos-promove-no-dia-112-debate-sobre-reorganizacao-da-esquerda\/#primaryimage\"},\"image\":{\"@id\":\"https:\/\/psol50.org.br\/fundacao-lauro-campos-promove-no-dia-112-debate-sobre-reorganizacao-da-esquerda\/#primaryimage\"},\"thumbnailUrl\":\"https:\/\/psol50.org.br\/inc\/uploads\/2016\/11\/debatefundacao-sitepsol.png\",\"datePublished\":\"2016-11-25T19:53:20+00:00\",\"breadcrumb\":{\"@id\":\"https:\/\/psol50.org.br\/fundacao-lauro-campos-promove-no-dia-112-debate-sobre-reorganizacao-da-esquerda\/#breadcrumb\"},\"inLanguage\":\"pt-BR\",\"potentialAction\":[{\"@type\":\"ReadAction\",\"target\":[\"https:\/\/psol50.org.br\/fundacao-lauro-campos-promove-no-dia-112-debate-sobre-reorganizacao-da-esquerda\/\"]}]},{\"@type\":\"ImageObject\",\"inLanguage\":\"pt-BR\",\"@id\":\"https:\/\/psol50.org.br\/fundacao-lauro-campos-promove-no-dia-112-debate-sobre-reorganizacao-da-esquerda\/#primaryimage\",\"url\":\"https:\/\/psol50.org.br\/inc\/uploads\/2016\/11\/debatefundacao-sitepsol.png\",\"contentUrl\":\"https:\/\/psol50.org.br\/inc\/uploads\/2016\/11\/debatefundacao-sitepsol.png\",\"width\":700,\"height\":465},{\"@type\":\"BreadcrumbList\",\"@id\":\"https:\/\/psol50.org.br\/fundacao-lauro-campos-promove-no-dia-112-debate-sobre-reorganizacao-da-esquerda\/#breadcrumb\",\"itemListElement\":[{\"@type\":\"ListItem\",\"position\":1,\"name\":\"In\u00edcio\",\"item\":\"https:\/\/psol50.org.br\/\"},{\"@type\":\"ListItem\",\"position\":2,\"name\":\"Funda\u00e7\u00e3o Lauro Campos promove, no dia 1\u00ba\/12, debate sobre reorganiza\u00e7\u00e3o da esquerda\"}]},{\"@type\":\"WebSite\",\"@id\":\"https:\/\/psol50.org.br\/#website\",\"url\":\"https:\/\/psol50.org.br\/\",\"name\":\"PSOL 50\",\"description\":\"Site oficial do Partido Socialismo e Liberdade\",\"publisher\":{\"@id\":\"https:\/\/psol50.org.br\/#organization\"},\"alternateName\":\"PSOL50\",\"potentialAction\":[{\"@type\":\"SearchAction\",\"target\":{\"@type\":\"EntryPoint\",\"urlTemplate\":\"https:\/\/psol50.org.br\/?s={search_term_string}\"},\"query-input\":{\"@type\":\"PropertyValueSpecification\",\"valueRequired\":true,\"valueName\":\"search_term_string\"}}],\"inLanguage\":\"pt-BR\"},{\"@type\":\"Organization\",\"@id\":\"https:\/\/psol50.org.br\/#organization\",\"name\":\"PSOL 50\",\"alternateName\":\"PSOL 50\",\"url\":\"https:\/\/psol50.org.br\/\",\"logo\":{\"@type\":\"ImageObject\",\"inLanguage\":\"pt-BR\",\"@id\":\"https:\/\/psol50.org.br\/#\/schema\/logo\/image\/\",\"url\":\"https:\/\/psol50.org.br\/inc\/uploads\/2018\/07\/capa.png\",\"contentUrl\":\"https:\/\/psol50.org.br\/inc\/uploads\/2018\/07\/capa.png\",\"width\":1350,\"height\":900,\"caption\":\"PSOL 50\"},\"image\":{\"@id\":\"https:\/\/psol50.org.br\/#\/schema\/logo\/image\/\"},\"sameAs\":[\"https:\/\/www.facebook.com\/psol50\",\"https:\/\/x.com\/psol50\",\"https:\/\/www.instagram.com\/psol50\/\",\"https:\/\/www.youtube.com\/channel\/UC7SnJS5o1os7a6CaiNabzcg\"]},{\"@type\":\"Person\",\"@id\":\"https:\/\/psol50.org.br\/#\/schema\/person\/475dfa57d0b815993c714c2e96491fcd\",\"name\":\"Comunica\u00e7\u00e3o PSOL\",\"image\":{\"@type\":\"ImageObject\",\"inLanguage\":\"pt-BR\",\"@id\":\"https:\/\/psol50.org.br\/#\/schema\/person\/image\/\",\"url\":\"https:\/\/secure.gravatar.com\/avatar\/b34fc4f4e468a4e51785917065a3db57b841f5c95dba6ad8c73aaf8f66f8f9bf?s=96&d=mm&r=g\",\"contentUrl\":\"https:\/\/secure.gravatar.com\/avatar\/b34fc4f4e468a4e51785917065a3db57b841f5c95dba6ad8c73aaf8f66f8f9bf?s=96&d=mm&r=g\",\"caption\":\"Comunica\u00e7\u00e3o PSOL\"}}]}<\/script>\n<!-- \/ Yoast SEO plugin. -->","yoast_head_json":{"title":"Funda\u00e7\u00e3o Lauro Campos promove, no dia 1\u00ba\/12, debate sobre reorganiza\u00e7\u00e3o da esquerda - PSOL 50","robots":{"index":"index","follow":"follow","max-snippet":"max-snippet:-1","max-image-preview":"max-image-preview:large","max-video-preview":"max-video-preview:-1"},"canonical":"https:\/\/psol50.org.br\/fundacao-lauro-campos-promove-no-dia-112-debate-sobre-reorganizacao-da-esquerda\/","og_locale":"pt_BR","og_type":"article","og_title":"Funda\u00e7\u00e3o Lauro Campos promove, no dia 1\u00ba\/12, debate sobre reorganiza\u00e7\u00e3o da esquerda - PSOL 50","og_description":"A Funda\u00e7\u00e3o Lauro Campos, \u00f3rg\u00e3o de debates, formula\u00e7\u00e3o e publica\u00e7\u00f5es ligado ao PSOL, vai promover nesta quinta-feira (1) o debate &#8220;Reorganizar a esquerda &#8211; fortalecer a resist\u00eancia popular em tempos de golpe&#8221;. O evento acontece no Teatro Oficina, no bairro do Bixiga. J\u00e1 est\u00e3o confirmados para a mesa do debate\u00a0Ivan Valente, deputado federal (SP) e [&hellip;]","og_url":"https:\/\/psol50.org.br\/fundacao-lauro-campos-promove-no-dia-112-debate-sobre-reorganizacao-da-esquerda\/","og_site_name":"PSOL 50","article_publisher":"https:\/\/www.facebook.com\/psol50","article_published_time":"2016-11-25T19:53:20+00:00","og_image":[{"width":700,"height":465,"url":"https:\/\/psol50.org.br\/inc\/uploads\/2016\/11\/debatefundacao-sitepsol.png","type":"image\/png"}],"author":"Comunica\u00e7\u00e3o PSOL","twitter_card":"summary_large_image","twitter_creator":"@psol50","twitter_site":"@psol50","twitter_misc":{"Escrito por":"Comunica\u00e7\u00e3o PSOL","Est. tempo de leitura":"2 minutos"},"schema":{"@context":"https:\/\/schema.org","@graph":[{"@type":"Article","@id":"https:\/\/psol50.org.br\/fundacao-lauro-campos-promove-no-dia-112-debate-sobre-reorganizacao-da-esquerda\/#article","isPartOf":{"@id":"https:\/\/psol50.org.br\/fundacao-lauro-campos-promove-no-dia-112-debate-sobre-reorganizacao-da-esquerda\/"},"author":{"name":"Comunica\u00e7\u00e3o PSOL","@id":"https:\/\/psol50.org.br\/#\/schema\/person\/475dfa57d0b815993c714c2e96491fcd"},"headline":"Funda\u00e7\u00e3o Lauro Campos promove, no dia 1\u00ba\/12, debate sobre reorganiza\u00e7\u00e3o da esquerda","datePublished":"2016-11-25T19:53:20+00:00","mainEntityOfPage":{"@id":"https:\/\/psol50.org.br\/fundacao-lauro-campos-promove-no-dia-112-debate-sobre-reorganizacao-da-esquerda\/"},"wordCount":321,"commentCount":0,"publisher":{"@id":"https:\/\/psol50.org.br\/#organization"},"image":{"@id":"https:\/\/psol50.org.br\/fundacao-lauro-campos-promove-no-dia-112-debate-sobre-reorganizacao-da-esquerda\/#primaryimage"},"thumbnailUrl":"https:\/\/psol50.org.br\/inc\/uploads\/2016\/11\/debatefundacao-sitepsol.png","keywords":["\u00c1urea Carolina","debate","Frei Betto","Funda\u00e7\u00e3o Lauro Campos","Ivan Valente","Juliano Medeiros","Laura Carvalho","Marcelo Freixo","MTST"],"articleSection":["Brasil","Movimento"],"inLanguage":"pt-BR","potentialAction":[{"@type":"CommentAction","name":"Comment","target":["https:\/\/psol50.org.br\/fundacao-lauro-campos-promove-no-dia-112-debate-sobre-reorganizacao-da-esquerda\/#respond"]}]},{"@type":"WebPage","@id":"https:\/\/psol50.org.br\/fundacao-lauro-campos-promove-no-dia-112-debate-sobre-reorganizacao-da-esquerda\/","url":"https:\/\/psol50.org.br\/fundacao-lauro-campos-promove-no-dia-112-debate-sobre-reorganizacao-da-esquerda\/","name":"Funda\u00e7\u00e3o Lauro Campos promove, no dia 1\u00ba\/12, debate sobre reorganiza\u00e7\u00e3o da esquerda - PSOL 50","isPartOf":{"@id":"https:\/\/psol50.org.br\/#website"},"primaryImageOfPage":{"@id":"https:\/\/psol50.org.br\/fundacao-lauro-campos-promove-no-dia-112-debate-sobre-reorganizacao-da-esquerda\/#primaryimage"},"image":{"@id":"https:\/\/psol50.org.br\/fundacao-lauro-campos-promove-no-dia-112-debate-sobre-reorganizacao-da-esquerda\/#primaryimage"},"thumbnailUrl":"https:\/\/psol50.org.br\/inc\/uploads\/2016\/11\/debatefundacao-sitepsol.png","datePublished":"2016-11-25T19:53:20+00:00","breadcrumb":{"@id":"https:\/\/psol50.org.br\/fundacao-lauro-campos-promove-no-dia-112-debate-sobre-reorganizacao-da-esquerda\/#breadcrumb"},"inLanguage":"pt-BR","potentialAction":[{"@type":"ReadAction","target":["https:\/\/psol50.org.br\/fundacao-lauro-campos-promove-no-dia-112-debate-sobre-reorganizacao-da-esquerda\/"]}]},{"@type":"ImageObject","inLanguage":"pt-BR","@id":"https:\/\/psol50.org.br\/fundacao-lauro-campos-promove-no-dia-112-debate-sobre-reorganizacao-da-esquerda\/#primaryimage","url":"https:\/\/psol50.org.br\/inc\/uploads\/2016\/11\/debatefundacao-sitepsol.png","contentUrl":"https:\/\/psol50.org.br\/inc\/uploads\/2016\/11\/debatefundacao-sitepsol.png","width":700,"height":465},{"@type":"BreadcrumbList","@id":"https:\/\/psol50.org.br\/fundacao-lauro-campos-promove-no-dia-112-debate-sobre-reorganizacao-da-esquerda\/#breadcrumb","itemListElement":[{"@type":"ListItem","position":1,"name":"In\u00edcio","item":"https:\/\/psol50.org.br\/"},{"@type":"ListItem","position":2,"name":"Funda\u00e7\u00e3o Lauro Campos promove, no dia 1\u00ba\/12, debate sobre reorganiza\u00e7\u00e3o da esquerda"}]},{"@type":"WebSite","@id":"https:\/\/psol50.org.br\/#website","url":"https:\/\/psol50.org.br\/","name":"PSOL 50","description":"Site oficial do Partido Socialismo e Liberdade","publisher":{"@id":"https:\/\/psol50.org.br\/#organization"},"alternateName":"PSOL50","potentialAction":[{"@type":"SearchAction","target":{"@type":"EntryPoint","urlTemplate":"https:\/\/psol50.org.br\/?s={search_term_string}"},"query-input":{"@type":"PropertyValueSpecification","valueRequired":true,"valueName":"search_term_string"}}],"inLanguage":"pt-BR"},{"@type":"Organization","@id":"https:\/\/psol50.org.br\/#organization","name":"PSOL 50","alternateName":"PSOL 50","url":"https:\/\/psol50.org.br\/","logo":{"@type":"ImageObject","inLanguage":"pt-BR","@id":"https:\/\/psol50.org.br\/#\/schema\/logo\/image\/","url":"https:\/\/psol50.org.br\/inc\/uploads\/2018\/07\/capa.png","contentUrl":"https:\/\/psol50.org.br\/inc\/uploads\/2018\/07\/capa.png","width":1350,"height":900,"caption":"PSOL 50"},"image":{"@id":"https:\/\/psol50.org.br\/#\/schema\/logo\/image\/"},"sameAs":["https:\/\/www.facebook.com\/psol50","https:\/\/x.com\/psol50","https:\/\/www.instagram.com\/psol50\/","https:\/\/www.youtube.com\/channel\/UC7SnJS5o1os7a6CaiNabzcg"]},{"@type":"Person","@id":"https:\/\/psol50.org.br\/#\/schema\/person\/475dfa57d0b815993c714c2e96491fcd","name":"Comunica\u00e7\u00e3o PSOL","image":{"@type":"ImageObject","inLanguage":"pt-BR","@id":"https:\/\/psol50.org.br\/#\/schema\/person\/image\/","url":"https:\/\/secure.gravatar.com\/avatar\/b34fc4f4e468a4e51785917065a3db57b841f5c95dba6ad8c73aaf8f66f8f9bf?s=96&d=mm&r=g","contentUrl":"https:\/\/secure.gravatar.com\/avatar\/b34fc4f4e468a4e51785917065a3db57b841f5c95dba6ad8c73aaf8f66f8f9bf?s=96&d=mm&r=g","caption":"Comunica\u00e7\u00e3o PSOL"}}]}},"_links":{"self":[{"href":"https:\/\/psol50.org.br\/rest\/wp\/v2\/posts\/14654","targetHints":{"allow":["GET"]}}],"collection":[{"href":"https:\/\/psol50.org.br\/rest\/wp\/v2\/posts"}],"about":[{"href":"https:\/\/psol50.org.br\/rest\/wp\/v2\/types\/post"}],"author":[{"embeddable":true,"href":"https:\/\/psol50.org.br\/rest\/wp\/v2\/users\/2"}],"replies":[{"embeddable":true,"href":"https:\/\/psol50.org.br\/rest\/wp\/v2\/comments?post=14654"}],"version-history":[{"count":0,"href":"https:\/\/psol50.org.br\/rest\/wp\/v2\/posts\/14654\/revisions"}],"wp:featuredmedia":[{"embeddable":true,"href":"https:\/\/psol50.org.br\/rest\/wp\/v2\/media\/14658"}],"wp:attachment":[{"href":"https:\/\/psol50.org.br\/rest\/wp\/v2\/media?parent=14654"}],"wp:term":[{"taxonomy":"category","embeddable":true,"href":"https:\/\/psol50.org.br\/rest\/wp\/v2\/categories?post=14654"},{"taxonomy":"post_tag","embeddable":true,"href":"https:\/\/psol50.org.br\/rest\/wp\/v2\/tags?post=14654"}],"curies":[{"name":"wp","href":"https:\/\/api.w.org\/{rel}","templated":true}]}}