{"id":1469,"date":"2011-01-26T00:00:00","date_gmt":"2011-01-26T00:00:00","guid":{"rendered":"http:\/\/psol50.org.br\/arquivo\/2011\/01\/26\/nota-da-executiva-estadual-do-psolpe-a-necessaria-mudanca-na-politica-ambiental-do-governo-estadual\/"},"modified":"2011-01-26T00:00:00","modified_gmt":"2011-01-26T00:00:00","slug":"nota-da-executiva-estadual-do-psolpe-a-necessaria-mudanca-na-politica-ambiental-do-governo-estadual","status":"publish","type":"post","link":"https:\/\/psol50.org.br\/nota-da-executiva-estadual-do-psolpe-a-necessaria-mudanca-na-politica-ambiental-do-governo-estadual\/","title":{"rendered":"Nota da Executiva Estadual do PSOL\/PE: a necess\u00e1ria mudan\u00e7a na pol\u00edtica ambiental do governo estadual"},"content":{"rendered":"<p>O governo Eduardo Campos inicia sua segunda gest\u00e3o com o respaldo de mais de 80% dos eleitores pernambucanos. Pernambuco, que vive um momento de forte crescimento econ\u00f4mico, re\u00fane reais condi\u00e7\u00f5es materiais e pol\u00edticas que permitiriam, em havendo vontade pol\u00edtica, transformar nosso Estado em refer\u00eancia em pol\u00edticas educacionais, na sa\u00fade e na seguran\u00e7a p\u00fablicas, no trato com nossa juventude, dentre outras \u00e1reas. Na \u00e1rea ambiental, da mesma forma, reunimos condi\u00e7\u00f5es de fazer diferente de como tem sido feito at\u00e9 aqui pelos sucessivos governos, sobretudo pelo primeiro governo de Eduardo Campos, que desrespeitou de forma brutal os nossos ecossistemas.<\/p>\n<p>Diferentemente das demais \u00e1reas do governo, a \u00e1rea ambiental reinicia repaginada esta nova gest\u00e3o do governador. A cria\u00e7\u00e3o de uma nova Secretaria do Meio Ambiente e Sustentabilidade e, muito importante, a indica\u00e7\u00e3o de um quadro qualificado e comprometido com a luta ecol\u00f3gica, como o \u00e9 o secret\u00e1rio Sergio Xavier e, muito mais importante, o estabelecimento de compromissos p\u00fablicos de que a gest\u00e3o da quest\u00e3o ambiental ser\u00e1 diferente daqui pra frente no novo governo, materializada nos 15 pontos amplamente divulgados, inclusive na imprensa, na pol\u00edtica ambiental \u2013 que apesar de suas generalidades podem representar um real avan\u00e7o na pol\u00edtica ambiental em rela\u00e7\u00e3o ao governo anterior -, imp\u00f5em aos setores da sociedade que querem realmente mudan\u00e7as qualitativas nos rumos do desenvolvimento do nosso estado, o dep\u00f3sito de um voto de confian\u00e7a no trabalho do novo secret\u00e1rio Sergio Xavier.<\/p>\n<p>Neste sentido, mesmo na condi\u00e7\u00e3o inequ\u00edvoca de oposi\u00e7\u00e3o ao governo do Estado, o PSOL sa\u00fada a iniciativa da nova secretaria, do novo secret\u00e1rio e dos compromissos p\u00fablicos assumidos, pois estes se coadunam no essencial com as preocupa\u00e7\u00f5es e posi\u00e7\u00f5es program\u00e1ticas do PSOL apresentadas no processo eleitoral, quando nossas candidaturas defenderam a cria\u00e7\u00e3o de leis de responsabilidade social e ambiental no \u00e2mbito estadual.<\/p>\n<p>O PSOL espera, e certamente esta tamb\u00e9m \u00e9 a expectativa dos ambientalistas s\u00e9rios, movimentos da sociedade civil em geral, dos cidad\u00e3os e cidad\u00e3s mais atentos de nossa sociedade, que os processos de licenciamentos ambientais estejam subordinados ao atual secret\u00e1rio e aos compromissos assumidos, o que implica recompor o quadro de fiscais da CPRH, tirando-os do ex\u00edlio em bibliotecas e afins, e colocando-os de volta ao trabalho de campo. Esperamos que, no m\u00ednimo, o que restou dos nossos manguezais, sobretudo em Suape, seja preservado. Esperamos que temas como a instala\u00e7\u00e3o de usinas nucleares em nosso Estado sejam fruto de um amplo, democr\u00e1tico e respeitoso debate, o que implica respeitar a nossa Constitui\u00e7\u00e3o Estadual, que veda este tipo de empreendimento em nosso Estado enquanto n\u00e3o se esgotarem as outras fontes de produ\u00e7\u00e3o de energia el\u00e9trica dispon\u00edveis. Esperamos que a gest\u00e3o da secretaria seja de fato escutando a sociedade e os movimentos organizados.<\/p>\n<p>O PSOL, portanto, espera que todo este processo n\u00e3o seja mais uma jogada pol\u00edtica do governador, de olho na simpatia do eleitorado de Marina Silva, que atingiu mais de 19% dos eleitores pernambucanos no \u00faltimo pleito, e na tentativa de coopta\u00e7\u00e3o da emergente e importante lideran\u00e7a do ex-candidato ao governo do estado pelo PV, Sergio Xavier. Por outro lado, esperamos, e acreditamos de fato, que o novo secret\u00e1rio n\u00e3o seja capaz de trair a confian\u00e7a que a sociedade depositou no discurso \u201cverde\u201d em 2010 e que ele transporta agora para dentro do governo.<\/p>\n<p>Colocamo-nos assim, no espectro da oposi\u00e7\u00e3o, como cr\u00edticos construtivos, entre os que se disp\u00f5em a ajudar. Se o governo Eduardo Campos realizar uma inflex\u00e3o real em sua pol\u00edtica ambiental, n\u00e3o h\u00e1 raz\u00e3o para n\u00e3o receber a aprova\u00e7\u00e3o p\u00fablica do PSOL.<\/p>\n<p>Recife, 24 de janeiro de 2011.<\/p>\n<p>Executiva Estadual do PSOL\/PE<\/p>\n","protected":false},"excerpt":{"rendered":"<p>O governo Eduardo Campos inicia sua segunda gest\u00e3o com o respaldo de mais de 80% dos eleitores pernambucanos. Pernambuco, que vive um momento de forte crescimento econ\u00f4mico, re\u00fane reais condi\u00e7\u00f5es materiais e pol\u00edticas que permitiriam, em havendo vontade pol\u00edtica, transformar nosso Estado em refer\u00eancia em pol\u00edticas educacionais, na sa\u00fade e na seguran\u00e7a p\u00fablicas, no trato [&hellip;]<\/p>\n","protected":false},"author":2,"featured_media":0,"comment_status":"open","ping_status":"open","sticky":false,"template":"","format":"standard","meta":{"_acf_changed":false,"footnotes":""},"categories":[4766],"tags":[],"class_list":{"0":"post-1469","1":"post","2":"type-post","3":"status-publish","4":"format-standard","6":"category-arquivo"},"acf":[],"yoast_head":"<!-- This site is optimized with the Yoast SEO plugin v26.5 - https:\/\/yoast.com\/wordpress\/plugins\/seo\/ -->\n<title>Nota da Executiva Estadual do PSOL\/PE: a necess\u00e1ria mudan\u00e7a na pol\u00edtica ambiental do governo estadual - PSOL 50<\/title>\n<meta name=\"robots\" content=\"index, follow, max-snippet:-1, max-image-preview:large, max-video-preview:-1\" \/>\n<link rel=\"canonical\" href=\"https:\/\/psol50.org.br\/nota-da-executiva-estadual-do-psolpe-a-necessaria-mudanca-na-politica-ambiental-do-governo-estadual\/\" \/>\n<meta property=\"og:locale\" content=\"pt_BR\" \/>\n<meta property=\"og:type\" content=\"article\" \/>\n<meta property=\"og:title\" content=\"Nota da Executiva Estadual do PSOL\/PE: a necess\u00e1ria mudan\u00e7a na pol\u00edtica ambiental do governo estadual - PSOL 50\" \/>\n<meta property=\"og:description\" content=\"O governo Eduardo Campos inicia sua segunda gest\u00e3o com o respaldo de mais de 80% dos eleitores pernambucanos. Pernambuco, que vive um momento de forte crescimento econ\u00f4mico, re\u00fane reais condi\u00e7\u00f5es materiais e pol\u00edticas que permitiriam, em havendo vontade pol\u00edtica, transformar nosso Estado em refer\u00eancia em pol\u00edticas educacionais, na sa\u00fade e na seguran\u00e7a p\u00fablicas, no trato [&hellip;]\" \/>\n<meta property=\"og:url\" content=\"https:\/\/psol50.org.br\/nota-da-executiva-estadual-do-psolpe-a-necessaria-mudanca-na-politica-ambiental-do-governo-estadual\/\" \/>\n<meta property=\"og:site_name\" content=\"PSOL 50\" \/>\n<meta property=\"article:publisher\" content=\"https:\/\/www.facebook.com\/psol50\" \/>\n<meta property=\"article:published_time\" content=\"2011-01-26T00:00:00+00:00\" \/>\n<meta property=\"og:image\" content=\"https:\/\/psol50.org.br\/inc\/uploads\/2018\/07\/capa.png\" \/>\n\t<meta property=\"og:image:width\" content=\"1350\" \/>\n\t<meta property=\"og:image:height\" content=\"900\" \/>\n\t<meta property=\"og:image:type\" content=\"image\/png\" \/>\n<meta name=\"author\" content=\"Comunica\u00e7\u00e3o PSOL\" \/>\n<meta name=\"twitter:card\" content=\"summary_large_image\" \/>\n<meta name=\"twitter:creator\" content=\"@psol50\" \/>\n<meta name=\"twitter:site\" content=\"@psol50\" \/>\n<meta name=\"twitter:label1\" content=\"Escrito por\" \/>\n\t<meta name=\"twitter:data1\" content=\"Comunica\u00e7\u00e3o PSOL\" \/>\n\t<meta name=\"twitter:label2\" content=\"Est. tempo de leitura\" \/>\n\t<meta name=\"twitter:data2\" content=\"3 minutos\" \/>\n<script type=\"application\/ld+json\" class=\"yoast-schema-graph\">{\"@context\":\"https:\/\/schema.org\",\"@graph\":[{\"@type\":\"Article\",\"@id\":\"https:\/\/psol50.org.br\/nota-da-executiva-estadual-do-psolpe-a-necessaria-mudanca-na-politica-ambiental-do-governo-estadual\/#article\",\"isPartOf\":{\"@id\":\"https:\/\/psol50.org.br\/nota-da-executiva-estadual-do-psolpe-a-necessaria-mudanca-na-politica-ambiental-do-governo-estadual\/\"},\"author\":{\"name\":\"Comunica\u00e7\u00e3o PSOL\",\"@id\":\"https:\/\/psol50.org.br\/#\/schema\/person\/475dfa57d0b815993c714c2e96491fcd\"},\"headline\":\"Nota da Executiva Estadual do PSOL\/PE: a necess\u00e1ria mudan\u00e7a na pol\u00edtica ambiental do governo estadual\",\"datePublished\":\"2011-01-26T00:00:00+00:00\",\"mainEntityOfPage\":{\"@id\":\"https:\/\/psol50.org.br\/nota-da-executiva-estadual-do-psolpe-a-necessaria-mudanca-na-politica-ambiental-do-governo-estadual\/\"},\"wordCount\":670,\"commentCount\":0,\"publisher\":{\"@id\":\"https:\/\/psol50.org.br\/#organization\"},\"articleSection\":[\"Arquivo\"],\"inLanguage\":\"pt-BR\",\"potentialAction\":[{\"@type\":\"CommentAction\",\"name\":\"Comment\",\"target\":[\"https:\/\/psol50.org.br\/nota-da-executiva-estadual-do-psolpe-a-necessaria-mudanca-na-politica-ambiental-do-governo-estadual\/#respond\"]}]},{\"@type\":\"WebPage\",\"@id\":\"https:\/\/psol50.org.br\/nota-da-executiva-estadual-do-psolpe-a-necessaria-mudanca-na-politica-ambiental-do-governo-estadual\/\",\"url\":\"https:\/\/psol50.org.br\/nota-da-executiva-estadual-do-psolpe-a-necessaria-mudanca-na-politica-ambiental-do-governo-estadual\/\",\"name\":\"Nota da Executiva Estadual do PSOL\/PE: a necess\u00e1ria mudan\u00e7a na pol\u00edtica ambiental do governo estadual - PSOL 50\",\"isPartOf\":{\"@id\":\"https:\/\/psol50.org.br\/#website\"},\"datePublished\":\"2011-01-26T00:00:00+00:00\",\"breadcrumb\":{\"@id\":\"https:\/\/psol50.org.br\/nota-da-executiva-estadual-do-psolpe-a-necessaria-mudanca-na-politica-ambiental-do-governo-estadual\/#breadcrumb\"},\"inLanguage\":\"pt-BR\",\"potentialAction\":[{\"@type\":\"ReadAction\",\"target\":[\"https:\/\/psol50.org.br\/nota-da-executiva-estadual-do-psolpe-a-necessaria-mudanca-na-politica-ambiental-do-governo-estadual\/\"]}]},{\"@type\":\"BreadcrumbList\",\"@id\":\"https:\/\/psol50.org.br\/nota-da-executiva-estadual-do-psolpe-a-necessaria-mudanca-na-politica-ambiental-do-governo-estadual\/#breadcrumb\",\"itemListElement\":[{\"@type\":\"ListItem\",\"position\":1,\"name\":\"In\u00edcio\",\"item\":\"https:\/\/psol50.org.br\/\"},{\"@type\":\"ListItem\",\"position\":2,\"name\":\"Nota da Executiva Estadual do PSOL\/PE: a necess\u00e1ria mudan\u00e7a na pol\u00edtica ambiental do governo estadual\"}]},{\"@type\":\"WebSite\",\"@id\":\"https:\/\/psol50.org.br\/#website\",\"url\":\"https:\/\/psol50.org.br\/\",\"name\":\"PSOL 50\",\"description\":\"Site oficial do Partido Socialismo e Liberdade\",\"publisher\":{\"@id\":\"https:\/\/psol50.org.br\/#organization\"},\"alternateName\":\"PSOL50\",\"potentialAction\":[{\"@type\":\"SearchAction\",\"target\":{\"@type\":\"EntryPoint\",\"urlTemplate\":\"https:\/\/psol50.org.br\/?s={search_term_string}\"},\"query-input\":{\"@type\":\"PropertyValueSpecification\",\"valueRequired\":true,\"valueName\":\"search_term_string\"}}],\"inLanguage\":\"pt-BR\"},{\"@type\":\"Organization\",\"@id\":\"https:\/\/psol50.org.br\/#organization\",\"name\":\"PSOL 50\",\"alternateName\":\"PSOL 50\",\"url\":\"https:\/\/psol50.org.br\/\",\"logo\":{\"@type\":\"ImageObject\",\"inLanguage\":\"pt-BR\",\"@id\":\"https:\/\/psol50.org.br\/#\/schema\/logo\/image\/\",\"url\":\"https:\/\/psol50.org.br\/inc\/uploads\/2018\/07\/capa.png\",\"contentUrl\":\"https:\/\/psol50.org.br\/inc\/uploads\/2018\/07\/capa.png\",\"width\":1350,\"height\":900,\"caption\":\"PSOL 50\"},\"image\":{\"@id\":\"https:\/\/psol50.org.br\/#\/schema\/logo\/image\/\"},\"sameAs\":[\"https:\/\/www.facebook.com\/psol50\",\"https:\/\/x.com\/psol50\",\"https:\/\/www.instagram.com\/psol50\/\",\"https:\/\/www.youtube.com\/channel\/UC7SnJS5o1os7a6CaiNabzcg\"]},{\"@type\":\"Person\",\"@id\":\"https:\/\/psol50.org.br\/#\/schema\/person\/475dfa57d0b815993c714c2e96491fcd\",\"name\":\"Comunica\u00e7\u00e3o PSOL\",\"image\":{\"@type\":\"ImageObject\",\"inLanguage\":\"pt-BR\",\"@id\":\"https:\/\/psol50.org.br\/#\/schema\/person\/image\/\",\"url\":\"https:\/\/secure.gravatar.com\/avatar\/b34fc4f4e468a4e51785917065a3db57b841f5c95dba6ad8c73aaf8f66f8f9bf?s=96&d=mm&r=g\",\"contentUrl\":\"https:\/\/secure.gravatar.com\/avatar\/b34fc4f4e468a4e51785917065a3db57b841f5c95dba6ad8c73aaf8f66f8f9bf?s=96&d=mm&r=g\",\"caption\":\"Comunica\u00e7\u00e3o PSOL\"}}]}<\/script>\n<!-- \/ Yoast SEO plugin. -->","yoast_head_json":{"title":"Nota da Executiva Estadual do PSOL\/PE: a necess\u00e1ria mudan\u00e7a na pol\u00edtica ambiental do governo estadual - PSOL 50","robots":{"index":"index","follow":"follow","max-snippet":"max-snippet:-1","max-image-preview":"max-image-preview:large","max-video-preview":"max-video-preview:-1"},"canonical":"https:\/\/psol50.org.br\/nota-da-executiva-estadual-do-psolpe-a-necessaria-mudanca-na-politica-ambiental-do-governo-estadual\/","og_locale":"pt_BR","og_type":"article","og_title":"Nota da Executiva Estadual do PSOL\/PE: a necess\u00e1ria mudan\u00e7a na pol\u00edtica ambiental do governo estadual - PSOL 50","og_description":"O governo Eduardo Campos inicia sua segunda gest\u00e3o com o respaldo de mais de 80% dos eleitores pernambucanos. Pernambuco, que vive um momento de forte crescimento econ\u00f4mico, re\u00fane reais condi\u00e7\u00f5es materiais e pol\u00edticas que permitiriam, em havendo vontade pol\u00edtica, transformar nosso Estado em refer\u00eancia em pol\u00edticas educacionais, na sa\u00fade e na seguran\u00e7a p\u00fablicas, no trato [&hellip;]","og_url":"https:\/\/psol50.org.br\/nota-da-executiva-estadual-do-psolpe-a-necessaria-mudanca-na-politica-ambiental-do-governo-estadual\/","og_site_name":"PSOL 50","article_publisher":"https:\/\/www.facebook.com\/psol50","article_published_time":"2011-01-26T00:00:00+00:00","og_image":[{"width":1350,"height":900,"url":"https:\/\/psol50.org.br\/inc\/uploads\/2018\/07\/capa.png","type":"image\/png"}],"author":"Comunica\u00e7\u00e3o PSOL","twitter_card":"summary_large_image","twitter_creator":"@psol50","twitter_site":"@psol50","twitter_misc":{"Escrito por":"Comunica\u00e7\u00e3o PSOL","Est. tempo de leitura":"3 minutos"},"schema":{"@context":"https:\/\/schema.org","@graph":[{"@type":"Article","@id":"https:\/\/psol50.org.br\/nota-da-executiva-estadual-do-psolpe-a-necessaria-mudanca-na-politica-ambiental-do-governo-estadual\/#article","isPartOf":{"@id":"https:\/\/psol50.org.br\/nota-da-executiva-estadual-do-psolpe-a-necessaria-mudanca-na-politica-ambiental-do-governo-estadual\/"},"author":{"name":"Comunica\u00e7\u00e3o PSOL","@id":"https:\/\/psol50.org.br\/#\/schema\/person\/475dfa57d0b815993c714c2e96491fcd"},"headline":"Nota da Executiva Estadual do PSOL\/PE: a necess\u00e1ria mudan\u00e7a na pol\u00edtica ambiental do governo estadual","datePublished":"2011-01-26T00:00:00+00:00","mainEntityOfPage":{"@id":"https:\/\/psol50.org.br\/nota-da-executiva-estadual-do-psolpe-a-necessaria-mudanca-na-politica-ambiental-do-governo-estadual\/"},"wordCount":670,"commentCount":0,"publisher":{"@id":"https:\/\/psol50.org.br\/#organization"},"articleSection":["Arquivo"],"inLanguage":"pt-BR","potentialAction":[{"@type":"CommentAction","name":"Comment","target":["https:\/\/psol50.org.br\/nota-da-executiva-estadual-do-psolpe-a-necessaria-mudanca-na-politica-ambiental-do-governo-estadual\/#respond"]}]},{"@type":"WebPage","@id":"https:\/\/psol50.org.br\/nota-da-executiva-estadual-do-psolpe-a-necessaria-mudanca-na-politica-ambiental-do-governo-estadual\/","url":"https:\/\/psol50.org.br\/nota-da-executiva-estadual-do-psolpe-a-necessaria-mudanca-na-politica-ambiental-do-governo-estadual\/","name":"Nota da Executiva Estadual do PSOL\/PE: a necess\u00e1ria mudan\u00e7a na pol\u00edtica ambiental do governo estadual - PSOL 50","isPartOf":{"@id":"https:\/\/psol50.org.br\/#website"},"datePublished":"2011-01-26T00:00:00+00:00","breadcrumb":{"@id":"https:\/\/psol50.org.br\/nota-da-executiva-estadual-do-psolpe-a-necessaria-mudanca-na-politica-ambiental-do-governo-estadual\/#breadcrumb"},"inLanguage":"pt-BR","potentialAction":[{"@type":"ReadAction","target":["https:\/\/psol50.org.br\/nota-da-executiva-estadual-do-psolpe-a-necessaria-mudanca-na-politica-ambiental-do-governo-estadual\/"]}]},{"@type":"BreadcrumbList","@id":"https:\/\/psol50.org.br\/nota-da-executiva-estadual-do-psolpe-a-necessaria-mudanca-na-politica-ambiental-do-governo-estadual\/#breadcrumb","itemListElement":[{"@type":"ListItem","position":1,"name":"In\u00edcio","item":"https:\/\/psol50.org.br\/"},{"@type":"ListItem","position":2,"name":"Nota da Executiva Estadual do PSOL\/PE: a necess\u00e1ria mudan\u00e7a na pol\u00edtica ambiental do governo estadual"}]},{"@type":"WebSite","@id":"https:\/\/psol50.org.br\/#website","url":"https:\/\/psol50.org.br\/","name":"PSOL 50","description":"Site oficial do Partido Socialismo e Liberdade","publisher":{"@id":"https:\/\/psol50.org.br\/#organization"},"alternateName":"PSOL50","potentialAction":[{"@type":"SearchAction","target":{"@type":"EntryPoint","urlTemplate":"https:\/\/psol50.org.br\/?s={search_term_string}"},"query-input":{"@type":"PropertyValueSpecification","valueRequired":true,"valueName":"search_term_string"}}],"inLanguage":"pt-BR"},{"@type":"Organization","@id":"https:\/\/psol50.org.br\/#organization","name":"PSOL 50","alternateName":"PSOL 50","url":"https:\/\/psol50.org.br\/","logo":{"@type":"ImageObject","inLanguage":"pt-BR","@id":"https:\/\/psol50.org.br\/#\/schema\/logo\/image\/","url":"https:\/\/psol50.org.br\/inc\/uploads\/2018\/07\/capa.png","contentUrl":"https:\/\/psol50.org.br\/inc\/uploads\/2018\/07\/capa.png","width":1350,"height":900,"caption":"PSOL 50"},"image":{"@id":"https:\/\/psol50.org.br\/#\/schema\/logo\/image\/"},"sameAs":["https:\/\/www.facebook.com\/psol50","https:\/\/x.com\/psol50","https:\/\/www.instagram.com\/psol50\/","https:\/\/www.youtube.com\/channel\/UC7SnJS5o1os7a6CaiNabzcg"]},{"@type":"Person","@id":"https:\/\/psol50.org.br\/#\/schema\/person\/475dfa57d0b815993c714c2e96491fcd","name":"Comunica\u00e7\u00e3o PSOL","image":{"@type":"ImageObject","inLanguage":"pt-BR","@id":"https:\/\/psol50.org.br\/#\/schema\/person\/image\/","url":"https:\/\/secure.gravatar.com\/avatar\/b34fc4f4e468a4e51785917065a3db57b841f5c95dba6ad8c73aaf8f66f8f9bf?s=96&d=mm&r=g","contentUrl":"https:\/\/secure.gravatar.com\/avatar\/b34fc4f4e468a4e51785917065a3db57b841f5c95dba6ad8c73aaf8f66f8f9bf?s=96&d=mm&r=g","caption":"Comunica\u00e7\u00e3o PSOL"}}]}},"_links":{"self":[{"href":"https:\/\/psol50.org.br\/rest\/wp\/v2\/posts\/1469","targetHints":{"allow":["GET"]}}],"collection":[{"href":"https:\/\/psol50.org.br\/rest\/wp\/v2\/posts"}],"about":[{"href":"https:\/\/psol50.org.br\/rest\/wp\/v2\/types\/post"}],"author":[{"embeddable":true,"href":"https:\/\/psol50.org.br\/rest\/wp\/v2\/users\/2"}],"replies":[{"embeddable":true,"href":"https:\/\/psol50.org.br\/rest\/wp\/v2\/comments?post=1469"}],"version-history":[{"count":0,"href":"https:\/\/psol50.org.br\/rest\/wp\/v2\/posts\/1469\/revisions"}],"wp:attachment":[{"href":"https:\/\/psol50.org.br\/rest\/wp\/v2\/media?parent=1469"}],"wp:term":[{"taxonomy":"category","embeddable":true,"href":"https:\/\/psol50.org.br\/rest\/wp\/v2\/categories?post=1469"},{"taxonomy":"post_tag","embeddable":true,"href":"https:\/\/psol50.org.br\/rest\/wp\/v2\/tags?post=1469"}],"curies":[{"name":"wp","href":"https:\/\/api.w.org\/{rel}","templated":true}]}}