{"id":14726,"date":"2016-11-29T12:28:23","date_gmt":"2016-11-29T12:28:23","guid":{"rendered":"http:\/\/www.psol50.org.br\/?p=14726"},"modified":"2016-11-29T12:28:23","modified_gmt":"2016-11-29T12:28:23","slug":"audiencia-publica-proposta-por-edmilson-discute-uso-do-territorio-brasileiro","status":"publish","type":"post","link":"https:\/\/psol50.org.br\/audiencia-publica-proposta-por-edmilson-discute-uso-do-territorio-brasileiro\/","title":{"rendered":"Audi\u00eancia p\u00fablica, proposta por Edmilson, discute uso do territ\u00f3rio brasileiro\u00a0"},"content":{"rendered":"<p><em>Debate acontecer\u00e1 na C\u00e2mara dos Deputados e abordar\u00e1 <\/em><em>a perspectiva formulada pelo ge\u00f3grafo Milton Santos<\/p>\n<p><\/em>No ano de 2016, o ge\u00f3grafo Milton Santos, se vivo fosse, completaria 90 anos. Nesse mesmo ano, completam-se 15 de sua morte. Para homenagear este g\u00eanio e aprofundar a discuss\u00e3o de seu legado, o deputado Edmilson Rodrigues (PSOL\/PA) requereu audi\u00eancia p\u00fablica na Comiss\u00e3o de Integra\u00e7\u00e3o e Desenvolvimento Regional e da Amaz\u00f4nia. O evento acontecer\u00e1 nesta quarta-feira (30\/11), \u00e0s 10 horas, no Plen\u00e1rio 15 da C\u00e2mara dos Deputados.<\/p>\n<p>O tema da audi\u00eancia ser\u00e1 \u201cBrasil: uso do territ\u00f3rio e desigualdades regionais. Reflex\u00f5es sobre o futuro em uma perspectiva miltoniana\u201d. A professora Maria Ad\u00e9lia Aparecida de Souza, titular aposentada da USP, vir\u00e1 \u00e0 Bras\u00edlia falar sobre o assunto.<\/p>\n<p>Para Edmilson, esse debate \u00e9 sobremaneira importante para pensar um novo modelo de desenvolvimento que considere as diferen\u00e7as regionais do territ\u00f3rio. &#8220;Como pensar uma outra regionaliza\u00e7\u00e3o do pa\u00eds capaz de permitir que as diferen\u00e7as do territ\u00f3rio sejam percept\u00edveis ao Estado, mas n\u00e3o sejam base para desigualdade social e territorial? Como pensar um modelo que considere respeito \u00e0s diferen\u00e7as e que tenha planejamento que n\u00e3o permita desigualdades regionais&#8221;, comentou.<\/p>\n<p><strong>Milton Santos &#8211; breve biografia<br \/>\n<\/strong>At\u00e9 1964, ano em que deixa o Brasil em raz\u00e3o do golpe militar, Milton Santos conduz paralelamente uma carreira acad\u00eamica e atividades p\u00fablicas. Jornalista e redator do jornal\u00a0<em>A Tarde\u00a0<\/em>(1954-1964), professor de geografia humana na Universidade Cat\u00f3lica de Salvador (1956-1960), professor catedr\u00e1tico de geografia humana na Universidade Federal da Bahia. Em 1964, come\u00e7a uma carreira internacional imposta pela situa\u00e7\u00e3o pol\u00edtica no Brasil. Primeiro na Fran\u00e7a, professor convidado nas universidades de Toulouse, Bordeaux e Paris-Sorbonne, e no IEDES (Instituto de Estudos do Desenvolvimento Econ\u00f4mico e Social).<\/p>\n<p>De 1971 a 1977, inicia uma carreira verdadeiramente itinerante, ao sabor dos convites, passando por Estados Unidos, Canad\u00e1 e Venezuela.\u00a0Em 1977, retorna ao Brasil. Passados dois anos, volta a ensinar em universidades brasileiras, primeiro na Universidade Federal do Rio de Janeiro, de 1979 a 1983, ano em que ingressa por concurso na Universidade de S\u00e3o Paulo, professor titular de geografia humana at\u00e9 a aposentadoria compuls\u00f3ria, recebendo o t\u00edtulo de Professor Em\u00e9rito da USP em 1997 e continuando a pesquisar, publicar e orientar estudantes at\u00e9 o final de sua vida. Doze universidades brasileiras e sete universidades estrangeiras lhe outorgaram o titulo de Doutor Honoris Causa. Em 1994, recebeu o Pr\u00eamio Internacional de Geografia Vautrin Lud. Nesta \u00faltima fase de seu percurso, publica\u00a0<em>Por uma Geografia Nova, da cr\u00edtica da geografia a uma geografia cr\u00edtica<\/em>\u00a0(1978), contribui\u00e7\u00e3o \u00e0 efervesc\u00eancia e \u00e2nsia de renova\u00e7\u00e3o dessa ci\u00eancia no Brasil. \u00c9 autor de mais de 40 livros e teve mais de 800 publica\u00e7\u00f5es cient\u00edficas.<\/p>\n<p>&nbsp;<\/p>\n","protected":false},"excerpt":{"rendered":"<p>Debate acontecer\u00e1 na C\u00e2mara dos Deputados e abordar\u00e1 a perspectiva formulada pelo ge\u00f3grafo Milton Santos No ano de 2016, o ge\u00f3grafo Milton Santos, se vivo fosse, completaria 90 anos. Nesse mesmo ano, completam-se 15 de sua morte. Para homenagear este g\u00eanio e aprofundar a discuss\u00e3o de seu legado, o deputado Edmilson Rodrigues (PSOL\/PA) requereu audi\u00eancia [&hellip;]<\/p>\n","protected":false},"author":2,"featured_media":14727,"comment_status":"open","ping_status":"open","sticky":false,"template":"","format":"standard","meta":{"_acf_changed":false,"footnotes":""},"categories":[10,1882,6],"tags":[1802,973,4688,4689,4690,4691],"class_list":{"0":"post-14726","1":"post","2":"type-post","3":"status-publish","4":"format-standard","5":"has-post-thumbnail","7":"category-acao-parlamentares","8":"category-brasil","9":"category-noticias","10":"tag-audiencia-publica","11":"tag-edmilson-rodrigues","12":"tag-geografia","13":"tag-geografo","14":"tag-milton-santos","15":"tag-territorio-brasileiro"},"acf":[],"yoast_head":"<!-- This site is optimized with the Yoast SEO plugin v26.5 - https:\/\/yoast.com\/wordpress\/plugins\/seo\/ -->\n<title>Audi\u00eancia p\u00fablica, proposta por Edmilson, discute uso do territ\u00f3rio brasileiro\u00a0 - PSOL 50<\/title>\n<meta name=\"robots\" content=\"index, follow, max-snippet:-1, max-image-preview:large, max-video-preview:-1\" \/>\n<link rel=\"canonical\" href=\"https:\/\/psol50.org.br\/audiencia-publica-proposta-por-edmilson-discute-uso-do-territorio-brasileiro\/\" \/>\n<meta property=\"og:locale\" content=\"pt_BR\" \/>\n<meta property=\"og:type\" content=\"article\" \/>\n<meta property=\"og:title\" content=\"Audi\u00eancia p\u00fablica, proposta por Edmilson, discute uso do territ\u00f3rio brasileiro\u00a0 - PSOL 50\" \/>\n<meta property=\"og:description\" content=\"Debate acontecer\u00e1 na C\u00e2mara dos Deputados e abordar\u00e1 a perspectiva formulada pelo ge\u00f3grafo Milton Santos No ano de 2016, o ge\u00f3grafo Milton Santos, se vivo fosse, completaria 90 anos. Nesse mesmo ano, completam-se 15 de sua morte. Para homenagear este g\u00eanio e aprofundar a discuss\u00e3o de seu legado, o deputado Edmilson Rodrigues (PSOL\/PA) requereu audi\u00eancia [&hellip;]\" \/>\n<meta property=\"og:url\" content=\"https:\/\/psol50.org.br\/audiencia-publica-proposta-por-edmilson-discute-uso-do-territorio-brasileiro\/\" \/>\n<meta property=\"og:site_name\" content=\"PSOL 50\" \/>\n<meta property=\"article:publisher\" content=\"https:\/\/www.facebook.com\/psol50\" \/>\n<meta property=\"article:published_time\" content=\"2016-11-29T12:28:23+00:00\" \/>\n<meta property=\"og:image\" content=\"https:\/\/psol50.org.br\/inc\/uploads\/2018\/07\/capa.png\" \/>\n\t<meta property=\"og:image:width\" content=\"1350\" \/>\n\t<meta property=\"og:image:height\" content=\"900\" \/>\n\t<meta property=\"og:image:type\" content=\"image\/png\" \/>\n<meta name=\"author\" content=\"Comunica\u00e7\u00e3o PSOL\" \/>\n<meta name=\"twitter:card\" content=\"summary_large_image\" \/>\n<meta name=\"twitter:creator\" content=\"@psol50\" \/>\n<meta name=\"twitter:site\" content=\"@psol50\" \/>\n<meta name=\"twitter:label1\" content=\"Escrito por\" \/>\n\t<meta name=\"twitter:data1\" content=\"Comunica\u00e7\u00e3o PSOL\" \/>\n\t<meta name=\"twitter:label2\" content=\"Est. tempo de leitura\" \/>\n\t<meta name=\"twitter:data2\" content=\"2 minutos\" \/>\n<script type=\"application\/ld+json\" class=\"yoast-schema-graph\">{\"@context\":\"https:\/\/schema.org\",\"@graph\":[{\"@type\":\"Article\",\"@id\":\"https:\/\/psol50.org.br\/audiencia-publica-proposta-por-edmilson-discute-uso-do-territorio-brasileiro\/#article\",\"isPartOf\":{\"@id\":\"https:\/\/psol50.org.br\/audiencia-publica-proposta-por-edmilson-discute-uso-do-territorio-brasileiro\/\"},\"author\":{\"name\":\"Comunica\u00e7\u00e3o PSOL\",\"@id\":\"https:\/\/psol50.org.br\/#\/schema\/person\/475dfa57d0b815993c714c2e96491fcd\"},\"headline\":\"Audi\u00eancia p\u00fablica, proposta por Edmilson, discute uso do territ\u00f3rio brasileiro\u00a0\",\"datePublished\":\"2016-11-29T12:28:23+00:00\",\"mainEntityOfPage\":{\"@id\":\"https:\/\/psol50.org.br\/audiencia-publica-proposta-por-edmilson-discute-uso-do-territorio-brasileiro\/\"},\"wordCount\":482,\"commentCount\":0,\"publisher\":{\"@id\":\"https:\/\/psol50.org.br\/#organization\"},\"image\":{\"@id\":\"https:\/\/psol50.org.br\/audiencia-publica-proposta-por-edmilson-discute-uso-do-territorio-brasileiro\/#primaryimage\"},\"thumbnailUrl\":\"\",\"keywords\":[\"audi\u00eancia p\u00fablica\",\"Edmilson Rodrigues\",\"geografia\",\"ge\u00f3grafo\",\"Milton Santos\",\"territ\u00f3rio brasileiro\"],\"articleSection\":[\"A\u00e7\u00e3o Parlamentar\",\"Brasil\",\"Not\u00edcias\"],\"inLanguage\":\"pt-BR\",\"potentialAction\":[{\"@type\":\"CommentAction\",\"name\":\"Comment\",\"target\":[\"https:\/\/psol50.org.br\/audiencia-publica-proposta-por-edmilson-discute-uso-do-territorio-brasileiro\/#respond\"]}]},{\"@type\":\"WebPage\",\"@id\":\"https:\/\/psol50.org.br\/audiencia-publica-proposta-por-edmilson-discute-uso-do-territorio-brasileiro\/\",\"url\":\"https:\/\/psol50.org.br\/audiencia-publica-proposta-por-edmilson-discute-uso-do-territorio-brasileiro\/\",\"name\":\"Audi\u00eancia p\u00fablica, proposta por Edmilson, discute uso do territ\u00f3rio brasileiro\u00a0 - PSOL 50\",\"isPartOf\":{\"@id\":\"https:\/\/psol50.org.br\/#website\"},\"primaryImageOfPage\":{\"@id\":\"https:\/\/psol50.org.br\/audiencia-publica-proposta-por-edmilson-discute-uso-do-territorio-brasileiro\/#primaryimage\"},\"image\":{\"@id\":\"https:\/\/psol50.org.br\/audiencia-publica-proposta-por-edmilson-discute-uso-do-territorio-brasileiro\/#primaryimage\"},\"thumbnailUrl\":\"\",\"datePublished\":\"2016-11-29T12:28:23+00:00\",\"breadcrumb\":{\"@id\":\"https:\/\/psol50.org.br\/audiencia-publica-proposta-por-edmilson-discute-uso-do-territorio-brasileiro\/#breadcrumb\"},\"inLanguage\":\"pt-BR\",\"potentialAction\":[{\"@type\":\"ReadAction\",\"target\":[\"https:\/\/psol50.org.br\/audiencia-publica-proposta-por-edmilson-discute-uso-do-territorio-brasileiro\/\"]}]},{\"@type\":\"ImageObject\",\"inLanguage\":\"pt-BR\",\"@id\":\"https:\/\/psol50.org.br\/audiencia-publica-proposta-por-edmilson-discute-uso-do-territorio-brasileiro\/#primaryimage\",\"url\":\"\",\"contentUrl\":\"\"},{\"@type\":\"BreadcrumbList\",\"@id\":\"https:\/\/psol50.org.br\/audiencia-publica-proposta-por-edmilson-discute-uso-do-territorio-brasileiro\/#breadcrumb\",\"itemListElement\":[{\"@type\":\"ListItem\",\"position\":1,\"name\":\"In\u00edcio\",\"item\":\"https:\/\/psol50.org.br\/\"},{\"@type\":\"ListItem\",\"position\":2,\"name\":\"Audi\u00eancia p\u00fablica, proposta por Edmilson, discute uso do territ\u00f3rio brasileiro\u00a0\"}]},{\"@type\":\"WebSite\",\"@id\":\"https:\/\/psol50.org.br\/#website\",\"url\":\"https:\/\/psol50.org.br\/\",\"name\":\"PSOL 50\",\"description\":\"Site oficial do Partido Socialismo e Liberdade\",\"publisher\":{\"@id\":\"https:\/\/psol50.org.br\/#organization\"},\"alternateName\":\"PSOL50\",\"potentialAction\":[{\"@type\":\"SearchAction\",\"target\":{\"@type\":\"EntryPoint\",\"urlTemplate\":\"https:\/\/psol50.org.br\/?s={search_term_string}\"},\"query-input\":{\"@type\":\"PropertyValueSpecification\",\"valueRequired\":true,\"valueName\":\"search_term_string\"}}],\"inLanguage\":\"pt-BR\"},{\"@type\":\"Organization\",\"@id\":\"https:\/\/psol50.org.br\/#organization\",\"name\":\"PSOL 50\",\"alternateName\":\"PSOL 50\",\"url\":\"https:\/\/psol50.org.br\/\",\"logo\":{\"@type\":\"ImageObject\",\"inLanguage\":\"pt-BR\",\"@id\":\"https:\/\/psol50.org.br\/#\/schema\/logo\/image\/\",\"url\":\"https:\/\/psol50.org.br\/inc\/uploads\/2018\/07\/capa.png\",\"contentUrl\":\"https:\/\/psol50.org.br\/inc\/uploads\/2018\/07\/capa.png\",\"width\":1350,\"height\":900,\"caption\":\"PSOL 50\"},\"image\":{\"@id\":\"https:\/\/psol50.org.br\/#\/schema\/logo\/image\/\"},\"sameAs\":[\"https:\/\/www.facebook.com\/psol50\",\"https:\/\/x.com\/psol50\",\"https:\/\/www.instagram.com\/psol50\/\",\"https:\/\/www.youtube.com\/channel\/UC7SnJS5o1os7a6CaiNabzcg\"]},{\"@type\":\"Person\",\"@id\":\"https:\/\/psol50.org.br\/#\/schema\/person\/475dfa57d0b815993c714c2e96491fcd\",\"name\":\"Comunica\u00e7\u00e3o PSOL\",\"image\":{\"@type\":\"ImageObject\",\"inLanguage\":\"pt-BR\",\"@id\":\"https:\/\/psol50.org.br\/#\/schema\/person\/image\/\",\"url\":\"https:\/\/secure.gravatar.com\/avatar\/b34fc4f4e468a4e51785917065a3db57b841f5c95dba6ad8c73aaf8f66f8f9bf?s=96&d=mm&r=g\",\"contentUrl\":\"https:\/\/secure.gravatar.com\/avatar\/b34fc4f4e468a4e51785917065a3db57b841f5c95dba6ad8c73aaf8f66f8f9bf?s=96&d=mm&r=g\",\"caption\":\"Comunica\u00e7\u00e3o PSOL\"}}]}<\/script>\n<!-- \/ Yoast SEO plugin. -->","yoast_head_json":{"title":"Audi\u00eancia p\u00fablica, proposta por Edmilson, discute uso do territ\u00f3rio brasileiro\u00a0 - PSOL 50","robots":{"index":"index","follow":"follow","max-snippet":"max-snippet:-1","max-image-preview":"max-image-preview:large","max-video-preview":"max-video-preview:-1"},"canonical":"https:\/\/psol50.org.br\/audiencia-publica-proposta-por-edmilson-discute-uso-do-territorio-brasileiro\/","og_locale":"pt_BR","og_type":"article","og_title":"Audi\u00eancia p\u00fablica, proposta por Edmilson, discute uso do territ\u00f3rio brasileiro\u00a0 - PSOL 50","og_description":"Debate acontecer\u00e1 na C\u00e2mara dos Deputados e abordar\u00e1 a perspectiva formulada pelo ge\u00f3grafo Milton Santos No ano de 2016, o ge\u00f3grafo Milton Santos, se vivo fosse, completaria 90 anos. Nesse mesmo ano, completam-se 15 de sua morte. Para homenagear este g\u00eanio e aprofundar a discuss\u00e3o de seu legado, o deputado Edmilson Rodrigues (PSOL\/PA) requereu audi\u00eancia [&hellip;]","og_url":"https:\/\/psol50.org.br\/audiencia-publica-proposta-por-edmilson-discute-uso-do-territorio-brasileiro\/","og_site_name":"PSOL 50","article_publisher":"https:\/\/www.facebook.com\/psol50","article_published_time":"2016-11-29T12:28:23+00:00","og_image":[{"width":1350,"height":900,"url":"https:\/\/psol50.org.br\/inc\/uploads\/2018\/07\/capa.png","type":"image\/png"}],"author":"Comunica\u00e7\u00e3o PSOL","twitter_card":"summary_large_image","twitter_creator":"@psol50","twitter_site":"@psol50","twitter_misc":{"Escrito por":"Comunica\u00e7\u00e3o PSOL","Est. tempo de leitura":"2 minutos"},"schema":{"@context":"https:\/\/schema.org","@graph":[{"@type":"Article","@id":"https:\/\/psol50.org.br\/audiencia-publica-proposta-por-edmilson-discute-uso-do-territorio-brasileiro\/#article","isPartOf":{"@id":"https:\/\/psol50.org.br\/audiencia-publica-proposta-por-edmilson-discute-uso-do-territorio-brasileiro\/"},"author":{"name":"Comunica\u00e7\u00e3o PSOL","@id":"https:\/\/psol50.org.br\/#\/schema\/person\/475dfa57d0b815993c714c2e96491fcd"},"headline":"Audi\u00eancia p\u00fablica, proposta por Edmilson, discute uso do territ\u00f3rio brasileiro\u00a0","datePublished":"2016-11-29T12:28:23+00:00","mainEntityOfPage":{"@id":"https:\/\/psol50.org.br\/audiencia-publica-proposta-por-edmilson-discute-uso-do-territorio-brasileiro\/"},"wordCount":482,"commentCount":0,"publisher":{"@id":"https:\/\/psol50.org.br\/#organization"},"image":{"@id":"https:\/\/psol50.org.br\/audiencia-publica-proposta-por-edmilson-discute-uso-do-territorio-brasileiro\/#primaryimage"},"thumbnailUrl":"","keywords":["audi\u00eancia p\u00fablica","Edmilson Rodrigues","geografia","ge\u00f3grafo","Milton Santos","territ\u00f3rio brasileiro"],"articleSection":["A\u00e7\u00e3o Parlamentar","Brasil","Not\u00edcias"],"inLanguage":"pt-BR","potentialAction":[{"@type":"CommentAction","name":"Comment","target":["https:\/\/psol50.org.br\/audiencia-publica-proposta-por-edmilson-discute-uso-do-territorio-brasileiro\/#respond"]}]},{"@type":"WebPage","@id":"https:\/\/psol50.org.br\/audiencia-publica-proposta-por-edmilson-discute-uso-do-territorio-brasileiro\/","url":"https:\/\/psol50.org.br\/audiencia-publica-proposta-por-edmilson-discute-uso-do-territorio-brasileiro\/","name":"Audi\u00eancia p\u00fablica, proposta por Edmilson, discute uso do territ\u00f3rio brasileiro\u00a0 - PSOL 50","isPartOf":{"@id":"https:\/\/psol50.org.br\/#website"},"primaryImageOfPage":{"@id":"https:\/\/psol50.org.br\/audiencia-publica-proposta-por-edmilson-discute-uso-do-territorio-brasileiro\/#primaryimage"},"image":{"@id":"https:\/\/psol50.org.br\/audiencia-publica-proposta-por-edmilson-discute-uso-do-territorio-brasileiro\/#primaryimage"},"thumbnailUrl":"","datePublished":"2016-11-29T12:28:23+00:00","breadcrumb":{"@id":"https:\/\/psol50.org.br\/audiencia-publica-proposta-por-edmilson-discute-uso-do-territorio-brasileiro\/#breadcrumb"},"inLanguage":"pt-BR","potentialAction":[{"@type":"ReadAction","target":["https:\/\/psol50.org.br\/audiencia-publica-proposta-por-edmilson-discute-uso-do-territorio-brasileiro\/"]}]},{"@type":"ImageObject","inLanguage":"pt-BR","@id":"https:\/\/psol50.org.br\/audiencia-publica-proposta-por-edmilson-discute-uso-do-territorio-brasileiro\/#primaryimage","url":"","contentUrl":""},{"@type":"BreadcrumbList","@id":"https:\/\/psol50.org.br\/audiencia-publica-proposta-por-edmilson-discute-uso-do-territorio-brasileiro\/#breadcrumb","itemListElement":[{"@type":"ListItem","position":1,"name":"In\u00edcio","item":"https:\/\/psol50.org.br\/"},{"@type":"ListItem","position":2,"name":"Audi\u00eancia p\u00fablica, proposta por Edmilson, discute uso do territ\u00f3rio brasileiro\u00a0"}]},{"@type":"WebSite","@id":"https:\/\/psol50.org.br\/#website","url":"https:\/\/psol50.org.br\/","name":"PSOL 50","description":"Site oficial do Partido Socialismo e Liberdade","publisher":{"@id":"https:\/\/psol50.org.br\/#organization"},"alternateName":"PSOL50","potentialAction":[{"@type":"SearchAction","target":{"@type":"EntryPoint","urlTemplate":"https:\/\/psol50.org.br\/?s={search_term_string}"},"query-input":{"@type":"PropertyValueSpecification","valueRequired":true,"valueName":"search_term_string"}}],"inLanguage":"pt-BR"},{"@type":"Organization","@id":"https:\/\/psol50.org.br\/#organization","name":"PSOL 50","alternateName":"PSOL 50","url":"https:\/\/psol50.org.br\/","logo":{"@type":"ImageObject","inLanguage":"pt-BR","@id":"https:\/\/psol50.org.br\/#\/schema\/logo\/image\/","url":"https:\/\/psol50.org.br\/inc\/uploads\/2018\/07\/capa.png","contentUrl":"https:\/\/psol50.org.br\/inc\/uploads\/2018\/07\/capa.png","width":1350,"height":900,"caption":"PSOL 50"},"image":{"@id":"https:\/\/psol50.org.br\/#\/schema\/logo\/image\/"},"sameAs":["https:\/\/www.facebook.com\/psol50","https:\/\/x.com\/psol50","https:\/\/www.instagram.com\/psol50\/","https:\/\/www.youtube.com\/channel\/UC7SnJS5o1os7a6CaiNabzcg"]},{"@type":"Person","@id":"https:\/\/psol50.org.br\/#\/schema\/person\/475dfa57d0b815993c714c2e96491fcd","name":"Comunica\u00e7\u00e3o PSOL","image":{"@type":"ImageObject","inLanguage":"pt-BR","@id":"https:\/\/psol50.org.br\/#\/schema\/person\/image\/","url":"https:\/\/secure.gravatar.com\/avatar\/b34fc4f4e468a4e51785917065a3db57b841f5c95dba6ad8c73aaf8f66f8f9bf?s=96&d=mm&r=g","contentUrl":"https:\/\/secure.gravatar.com\/avatar\/b34fc4f4e468a4e51785917065a3db57b841f5c95dba6ad8c73aaf8f66f8f9bf?s=96&d=mm&r=g","caption":"Comunica\u00e7\u00e3o PSOL"}}]}},"_links":{"self":[{"href":"https:\/\/psol50.org.br\/rest\/wp\/v2\/posts\/14726","targetHints":{"allow":["GET"]}}],"collection":[{"href":"https:\/\/psol50.org.br\/rest\/wp\/v2\/posts"}],"about":[{"href":"https:\/\/psol50.org.br\/rest\/wp\/v2\/types\/post"}],"author":[{"embeddable":true,"href":"https:\/\/psol50.org.br\/rest\/wp\/v2\/users\/2"}],"replies":[{"embeddable":true,"href":"https:\/\/psol50.org.br\/rest\/wp\/v2\/comments?post=14726"}],"version-history":[{"count":0,"href":"https:\/\/psol50.org.br\/rest\/wp\/v2\/posts\/14726\/revisions"}],"wp:featuredmedia":[{"embeddable":true,"href":"https:\/\/psol50.org.br\/rest\/"}],"wp:attachment":[{"href":"https:\/\/psol50.org.br\/rest\/wp\/v2\/media?parent=14726"}],"wp:term":[{"taxonomy":"category","embeddable":true,"href":"https:\/\/psol50.org.br\/rest\/wp\/v2\/categories?post=14726"},{"taxonomy":"post_tag","embeddable":true,"href":"https:\/\/psol50.org.br\/rest\/wp\/v2\/tags?post=14726"}],"curies":[{"name":"wp","href":"https:\/\/api.w.org\/{rel}","templated":true}]}}