{"id":1473,"date":"2011-01-31T00:00:00","date_gmt":"2011-01-31T00:00:00","guid":{"rendered":"http:\/\/psol50.org.br\/arquivo\/2011\/01\/31\/pa-nota-publica-sobre-a-tragedia-em-belem\/"},"modified":"2011-01-31T00:00:00","modified_gmt":"2011-01-31T00:00:00","slug":"pa-nota-publica-sobre-a-tragedia-em-belem","status":"publish","type":"post","link":"https:\/\/psol50.org.br\/pa-nota-publica-sobre-a-tragedia-em-belem\/","title":{"rendered":"PA: nota p\u00fablica sobre a trag\u00e9dia em Bel\u00e9m"},"content":{"rendered":"<p><a rel=\"attachment wp-att-6488\" href=\"http:\/\/psol50.org.br\/blog\/2011\/01\/31\/pa-nota-publica-sobre-a-tragedia-em-belem\/desabamento_g_20110129\/\"><img loading=\"lazy\" decoding=\"async\" class=\"alignleft size-medium wp-image-6488\" style=\"margin-left: 5px;margin-right: 5px\" src=\"http:\/\/psol50.org.br\/files\/2011\/01\/desabamento_g_20110129-300x225.jpg\" alt=\"\" width=\"300\" height=\"225\" \/><\/a>A popula\u00e7\u00e3o de Par\u00e1 ficou profundamente consternada neste s\u00e1bado (29) com o desabamento de um pr\u00e9dio de 34 andares na travessa 3 de maio, \u00e1rea central de Bel\u00e9m. O edif\u00edcio, que estava em constru\u00e7\u00e3o, \u00e9 de propriedade da construtora Real, e o n\u00famero de v\u00edtimas fatais, at\u00e9 o momento, permanece indefinido.<\/p>\n<p>Trata-se de uma trag\u00e9dia de enormes propor\u00e7\u00f5es. Trag\u00e9dia que exp\u00f5e, a um s\u00f3 tempo, a gan\u00e2ncia do capital imobili\u00e1rio e a inefic\u00e1cia e, n\u00e3o raro, A cumplicidade, das autoridades p\u00fablicas que possuem o dever legal de zelar pela seguran\u00e7a da constru\u00e7\u00e3o civil em nosso Estado.<\/p>\n<p>A \u00e2nsia do lucro f\u00e1cil faz com que muitas empresas do setor imobili\u00e1rio, em franca expans\u00e3o nos \u00faltimos anos, sacrifiquem os cuidados b\u00e1sicos com a seguran\u00e7a de seus empreendimentos. Conforme den\u00fancia do Sindicato dos Trabalhadores da Constru\u00e7\u00e3o Civil \u00e9 comum a imposi\u00e7\u00e3o de jornadas excessivas e a criminosa neglig\u00eancia para com as normas de seguran\u00e7a no local de trabalho, que est\u00e1 na raiz do crescente n\u00famero de acidentes fatais na categoria.<\/p>\n<p>Os \u00f3rg\u00e3os fiscalizadores, notadamente aqueles vinculados \u00e0 Prefeitura de Bel\u00e9m, n\u00e3o fazem sua parte, jogando mais lenha nessa fogueira de desastres anunciados. N\u00e3o \u00e9 ocioso recordar que h\u00e1 23 anos, em agosto de 1987, Bel\u00e9m vivenciou trag\u00e9dia semelhante quando do desabamento do edif\u00edcio Raimundo Farias, matando 39 oper\u00e1rios, sem que os respons\u00e1veis tenham sido punidos.<\/p>\n<p>O PSOL no Par\u00e1 e seus parlamentares \u2013 a senadora Marinor Brito e o deputado estadual Edmilson Rodrigues -, expressam a mais irrestrita solidariedade \u00e0s fam\u00edlias das v\u00edtimas deste triste epis\u00f3dio de menosprezo \u00e0 vida humana, ao mesmo tempo em que anunciam sua firme disposi\u00e7\u00e3o de lutar, por todos os meios, para que tal crime n\u00e3o venha a ser coberto pelo vergonhoso manto da impunidade.<\/p>\n<p>Bel\u00e9m, 30 de janeiro de 2011.<\/p>\n<p>Araceli Lemos, presidenta do PSOL \u2013 PA<br \/>\nMarinor Brito, senadora da Rep\u00fablica<br \/>\nEdmilson Rodrigues, deputado estadual<\/p>\n","protected":false},"excerpt":{"rendered":"<p>A popula\u00e7\u00e3o de Par\u00e1 ficou profundamente consternada neste s\u00e1bado (29) com o desabamento de um pr\u00e9dio de 34 andares na travessa 3 de maio, \u00e1rea central de Bel\u00e9m. O edif\u00edcio, que estava em constru\u00e7\u00e3o, \u00e9 de propriedade da construtora Real, e o n\u00famero de v\u00edtimas fatais, at\u00e9 o momento, permanece indefinido. Trata-se de uma trag\u00e9dia [&hellip;]<\/p>\n","protected":false},"author":2,"featured_media":0,"comment_status":"open","ping_status":"open","sticky":false,"template":"","format":"standard","meta":{"_acf_changed":false,"footnotes":""},"categories":[4766],"tags":[],"class_list":{"0":"post-1473","1":"post","2":"type-post","3":"status-publish","4":"format-standard","6":"category-arquivo"},"acf":[],"yoast_head":"<!-- This site is optimized with the Yoast SEO plugin v26.5 - https:\/\/yoast.com\/wordpress\/plugins\/seo\/ -->\n<title>PA: nota p\u00fablica sobre a trag\u00e9dia em Bel\u00e9m - PSOL 50<\/title>\n<meta name=\"robots\" content=\"index, follow, max-snippet:-1, max-image-preview:large, max-video-preview:-1\" \/>\n<link rel=\"canonical\" href=\"https:\/\/psol50.org.br\/pa-nota-publica-sobre-a-tragedia-em-belem\/\" \/>\n<meta property=\"og:locale\" content=\"pt_BR\" \/>\n<meta property=\"og:type\" content=\"article\" \/>\n<meta property=\"og:title\" content=\"PA: nota p\u00fablica sobre a trag\u00e9dia em Bel\u00e9m - PSOL 50\" \/>\n<meta property=\"og:description\" content=\"A popula\u00e7\u00e3o de Par\u00e1 ficou profundamente consternada neste s\u00e1bado (29) com o desabamento de um pr\u00e9dio de 34 andares na travessa 3 de maio, \u00e1rea central de Bel\u00e9m. O edif\u00edcio, que estava em constru\u00e7\u00e3o, \u00e9 de propriedade da construtora Real, e o n\u00famero de v\u00edtimas fatais, at\u00e9 o momento, permanece indefinido. Trata-se de uma trag\u00e9dia [&hellip;]\" \/>\n<meta property=\"og:url\" content=\"https:\/\/psol50.org.br\/pa-nota-publica-sobre-a-tragedia-em-belem\/\" \/>\n<meta property=\"og:site_name\" content=\"PSOL 50\" \/>\n<meta property=\"article:publisher\" content=\"https:\/\/www.facebook.com\/psol50\" \/>\n<meta property=\"article:published_time\" content=\"2011-01-31T00:00:00+00:00\" \/>\n<meta property=\"og:image\" content=\"http:\/\/psol50.org.br\/files\/2011\/01\/desabamento_g_20110129-300x225.jpg\" \/>\n<meta name=\"author\" content=\"Comunica\u00e7\u00e3o PSOL\" \/>\n<meta name=\"twitter:card\" content=\"summary_large_image\" \/>\n<meta name=\"twitter:creator\" content=\"@psol50\" \/>\n<meta name=\"twitter:site\" content=\"@psol50\" \/>\n<meta name=\"twitter:label1\" content=\"Escrito por\" \/>\n\t<meta name=\"twitter:data1\" content=\"Comunica\u00e7\u00e3o PSOL\" \/>\n\t<meta name=\"twitter:label2\" content=\"Est. tempo de leitura\" \/>\n\t<meta name=\"twitter:data2\" content=\"2 minutos\" \/>\n<script type=\"application\/ld+json\" class=\"yoast-schema-graph\">{\"@context\":\"https:\/\/schema.org\",\"@graph\":[{\"@type\":\"Article\",\"@id\":\"https:\/\/psol50.org.br\/pa-nota-publica-sobre-a-tragedia-em-belem\/#article\",\"isPartOf\":{\"@id\":\"https:\/\/psol50.org.br\/pa-nota-publica-sobre-a-tragedia-em-belem\/\"},\"author\":{\"name\":\"Comunica\u00e7\u00e3o PSOL\",\"@id\":\"https:\/\/psol50.org.br\/#\/schema\/person\/475dfa57d0b815993c714c2e96491fcd\"},\"headline\":\"PA: nota p\u00fablica sobre a trag\u00e9dia em Bel\u00e9m\",\"datePublished\":\"2011-01-31T00:00:00+00:00\",\"mainEntityOfPage\":{\"@id\":\"https:\/\/psol50.org.br\/pa-nota-publica-sobre-a-tragedia-em-belem\/\"},\"wordCount\":351,\"commentCount\":0,\"publisher\":{\"@id\":\"https:\/\/psol50.org.br\/#organization\"},\"image\":{\"@id\":\"https:\/\/psol50.org.br\/pa-nota-publica-sobre-a-tragedia-em-belem\/#primaryimage\"},\"thumbnailUrl\":\"http:\/\/psol50.org.br\/files\/2011\/01\/desabamento_g_20110129-300x225.jpg\",\"articleSection\":[\"Arquivo\"],\"inLanguage\":\"pt-BR\",\"potentialAction\":[{\"@type\":\"CommentAction\",\"name\":\"Comment\",\"target\":[\"https:\/\/psol50.org.br\/pa-nota-publica-sobre-a-tragedia-em-belem\/#respond\"]}]},{\"@type\":\"WebPage\",\"@id\":\"https:\/\/psol50.org.br\/pa-nota-publica-sobre-a-tragedia-em-belem\/\",\"url\":\"https:\/\/psol50.org.br\/pa-nota-publica-sobre-a-tragedia-em-belem\/\",\"name\":\"PA: nota p\u00fablica sobre a trag\u00e9dia em Bel\u00e9m - PSOL 50\",\"isPartOf\":{\"@id\":\"https:\/\/psol50.org.br\/#website\"},\"primaryImageOfPage\":{\"@id\":\"https:\/\/psol50.org.br\/pa-nota-publica-sobre-a-tragedia-em-belem\/#primaryimage\"},\"image\":{\"@id\":\"https:\/\/psol50.org.br\/pa-nota-publica-sobre-a-tragedia-em-belem\/#primaryimage\"},\"thumbnailUrl\":\"http:\/\/psol50.org.br\/files\/2011\/01\/desabamento_g_20110129-300x225.jpg\",\"datePublished\":\"2011-01-31T00:00:00+00:00\",\"breadcrumb\":{\"@id\":\"https:\/\/psol50.org.br\/pa-nota-publica-sobre-a-tragedia-em-belem\/#breadcrumb\"},\"inLanguage\":\"pt-BR\",\"potentialAction\":[{\"@type\":\"ReadAction\",\"target\":[\"https:\/\/psol50.org.br\/pa-nota-publica-sobre-a-tragedia-em-belem\/\"]}]},{\"@type\":\"ImageObject\",\"inLanguage\":\"pt-BR\",\"@id\":\"https:\/\/psol50.org.br\/pa-nota-publica-sobre-a-tragedia-em-belem\/#primaryimage\",\"url\":\"http:\/\/psol50.org.br\/files\/2011\/01\/desabamento_g_20110129-300x225.jpg\",\"contentUrl\":\"http:\/\/psol50.org.br\/files\/2011\/01\/desabamento_g_20110129-300x225.jpg\"},{\"@type\":\"BreadcrumbList\",\"@id\":\"https:\/\/psol50.org.br\/pa-nota-publica-sobre-a-tragedia-em-belem\/#breadcrumb\",\"itemListElement\":[{\"@type\":\"ListItem\",\"position\":1,\"name\":\"In\u00edcio\",\"item\":\"https:\/\/psol50.org.br\/\"},{\"@type\":\"ListItem\",\"position\":2,\"name\":\"PA: nota p\u00fablica sobre a trag\u00e9dia em Bel\u00e9m\"}]},{\"@type\":\"WebSite\",\"@id\":\"https:\/\/psol50.org.br\/#website\",\"url\":\"https:\/\/psol50.org.br\/\",\"name\":\"PSOL 50\",\"description\":\"Site oficial do Partido Socialismo e Liberdade\",\"publisher\":{\"@id\":\"https:\/\/psol50.org.br\/#organization\"},\"alternateName\":\"PSOL50\",\"potentialAction\":[{\"@type\":\"SearchAction\",\"target\":{\"@type\":\"EntryPoint\",\"urlTemplate\":\"https:\/\/psol50.org.br\/?s={search_term_string}\"},\"query-input\":{\"@type\":\"PropertyValueSpecification\",\"valueRequired\":true,\"valueName\":\"search_term_string\"}}],\"inLanguage\":\"pt-BR\"},{\"@type\":\"Organization\",\"@id\":\"https:\/\/psol50.org.br\/#organization\",\"name\":\"PSOL 50\",\"alternateName\":\"PSOL 50\",\"url\":\"https:\/\/psol50.org.br\/\",\"logo\":{\"@type\":\"ImageObject\",\"inLanguage\":\"pt-BR\",\"@id\":\"https:\/\/psol50.org.br\/#\/schema\/logo\/image\/\",\"url\":\"https:\/\/psol50.org.br\/inc\/uploads\/2018\/07\/capa.png\",\"contentUrl\":\"https:\/\/psol50.org.br\/inc\/uploads\/2018\/07\/capa.png\",\"width\":1350,\"height\":900,\"caption\":\"PSOL 50\"},\"image\":{\"@id\":\"https:\/\/psol50.org.br\/#\/schema\/logo\/image\/\"},\"sameAs\":[\"https:\/\/www.facebook.com\/psol50\",\"https:\/\/x.com\/psol50\",\"https:\/\/www.instagram.com\/psol50\/\",\"https:\/\/www.youtube.com\/channel\/UC7SnJS5o1os7a6CaiNabzcg\"]},{\"@type\":\"Person\",\"@id\":\"https:\/\/psol50.org.br\/#\/schema\/person\/475dfa57d0b815993c714c2e96491fcd\",\"name\":\"Comunica\u00e7\u00e3o PSOL\",\"image\":{\"@type\":\"ImageObject\",\"inLanguage\":\"pt-BR\",\"@id\":\"https:\/\/psol50.org.br\/#\/schema\/person\/image\/\",\"url\":\"https:\/\/secure.gravatar.com\/avatar\/b34fc4f4e468a4e51785917065a3db57b841f5c95dba6ad8c73aaf8f66f8f9bf?s=96&d=mm&r=g\",\"contentUrl\":\"https:\/\/secure.gravatar.com\/avatar\/b34fc4f4e468a4e51785917065a3db57b841f5c95dba6ad8c73aaf8f66f8f9bf?s=96&d=mm&r=g\",\"caption\":\"Comunica\u00e7\u00e3o PSOL\"}}]}<\/script>\n<!-- \/ Yoast SEO plugin. -->","yoast_head_json":{"title":"PA: nota p\u00fablica sobre a trag\u00e9dia em Bel\u00e9m - PSOL 50","robots":{"index":"index","follow":"follow","max-snippet":"max-snippet:-1","max-image-preview":"max-image-preview:large","max-video-preview":"max-video-preview:-1"},"canonical":"https:\/\/psol50.org.br\/pa-nota-publica-sobre-a-tragedia-em-belem\/","og_locale":"pt_BR","og_type":"article","og_title":"PA: nota p\u00fablica sobre a trag\u00e9dia em Bel\u00e9m - PSOL 50","og_description":"A popula\u00e7\u00e3o de Par\u00e1 ficou profundamente consternada neste s\u00e1bado (29) com o desabamento de um pr\u00e9dio de 34 andares na travessa 3 de maio, \u00e1rea central de Bel\u00e9m. O edif\u00edcio, que estava em constru\u00e7\u00e3o, \u00e9 de propriedade da construtora Real, e o n\u00famero de v\u00edtimas fatais, at\u00e9 o momento, permanece indefinido. Trata-se de uma trag\u00e9dia [&hellip;]","og_url":"https:\/\/psol50.org.br\/pa-nota-publica-sobre-a-tragedia-em-belem\/","og_site_name":"PSOL 50","article_publisher":"https:\/\/www.facebook.com\/psol50","article_published_time":"2011-01-31T00:00:00+00:00","og_image":[{"url":"http:\/\/psol50.org.br\/files\/2011\/01\/desabamento_g_20110129-300x225.jpg","type":"","width":"","height":""}],"author":"Comunica\u00e7\u00e3o PSOL","twitter_card":"summary_large_image","twitter_creator":"@psol50","twitter_site":"@psol50","twitter_misc":{"Escrito por":"Comunica\u00e7\u00e3o PSOL","Est. tempo de leitura":"2 minutos"},"schema":{"@context":"https:\/\/schema.org","@graph":[{"@type":"Article","@id":"https:\/\/psol50.org.br\/pa-nota-publica-sobre-a-tragedia-em-belem\/#article","isPartOf":{"@id":"https:\/\/psol50.org.br\/pa-nota-publica-sobre-a-tragedia-em-belem\/"},"author":{"name":"Comunica\u00e7\u00e3o PSOL","@id":"https:\/\/psol50.org.br\/#\/schema\/person\/475dfa57d0b815993c714c2e96491fcd"},"headline":"PA: nota p\u00fablica sobre a trag\u00e9dia em Bel\u00e9m","datePublished":"2011-01-31T00:00:00+00:00","mainEntityOfPage":{"@id":"https:\/\/psol50.org.br\/pa-nota-publica-sobre-a-tragedia-em-belem\/"},"wordCount":351,"commentCount":0,"publisher":{"@id":"https:\/\/psol50.org.br\/#organization"},"image":{"@id":"https:\/\/psol50.org.br\/pa-nota-publica-sobre-a-tragedia-em-belem\/#primaryimage"},"thumbnailUrl":"http:\/\/psol50.org.br\/files\/2011\/01\/desabamento_g_20110129-300x225.jpg","articleSection":["Arquivo"],"inLanguage":"pt-BR","potentialAction":[{"@type":"CommentAction","name":"Comment","target":["https:\/\/psol50.org.br\/pa-nota-publica-sobre-a-tragedia-em-belem\/#respond"]}]},{"@type":"WebPage","@id":"https:\/\/psol50.org.br\/pa-nota-publica-sobre-a-tragedia-em-belem\/","url":"https:\/\/psol50.org.br\/pa-nota-publica-sobre-a-tragedia-em-belem\/","name":"PA: nota p\u00fablica sobre a trag\u00e9dia em Bel\u00e9m - PSOL 50","isPartOf":{"@id":"https:\/\/psol50.org.br\/#website"},"primaryImageOfPage":{"@id":"https:\/\/psol50.org.br\/pa-nota-publica-sobre-a-tragedia-em-belem\/#primaryimage"},"image":{"@id":"https:\/\/psol50.org.br\/pa-nota-publica-sobre-a-tragedia-em-belem\/#primaryimage"},"thumbnailUrl":"http:\/\/psol50.org.br\/files\/2011\/01\/desabamento_g_20110129-300x225.jpg","datePublished":"2011-01-31T00:00:00+00:00","breadcrumb":{"@id":"https:\/\/psol50.org.br\/pa-nota-publica-sobre-a-tragedia-em-belem\/#breadcrumb"},"inLanguage":"pt-BR","potentialAction":[{"@type":"ReadAction","target":["https:\/\/psol50.org.br\/pa-nota-publica-sobre-a-tragedia-em-belem\/"]}]},{"@type":"ImageObject","inLanguage":"pt-BR","@id":"https:\/\/psol50.org.br\/pa-nota-publica-sobre-a-tragedia-em-belem\/#primaryimage","url":"http:\/\/psol50.org.br\/files\/2011\/01\/desabamento_g_20110129-300x225.jpg","contentUrl":"http:\/\/psol50.org.br\/files\/2011\/01\/desabamento_g_20110129-300x225.jpg"},{"@type":"BreadcrumbList","@id":"https:\/\/psol50.org.br\/pa-nota-publica-sobre-a-tragedia-em-belem\/#breadcrumb","itemListElement":[{"@type":"ListItem","position":1,"name":"In\u00edcio","item":"https:\/\/psol50.org.br\/"},{"@type":"ListItem","position":2,"name":"PA: nota p\u00fablica sobre a trag\u00e9dia em Bel\u00e9m"}]},{"@type":"WebSite","@id":"https:\/\/psol50.org.br\/#website","url":"https:\/\/psol50.org.br\/","name":"PSOL 50","description":"Site oficial do Partido Socialismo e Liberdade","publisher":{"@id":"https:\/\/psol50.org.br\/#organization"},"alternateName":"PSOL50","potentialAction":[{"@type":"SearchAction","target":{"@type":"EntryPoint","urlTemplate":"https:\/\/psol50.org.br\/?s={search_term_string}"},"query-input":{"@type":"PropertyValueSpecification","valueRequired":true,"valueName":"search_term_string"}}],"inLanguage":"pt-BR"},{"@type":"Organization","@id":"https:\/\/psol50.org.br\/#organization","name":"PSOL 50","alternateName":"PSOL 50","url":"https:\/\/psol50.org.br\/","logo":{"@type":"ImageObject","inLanguage":"pt-BR","@id":"https:\/\/psol50.org.br\/#\/schema\/logo\/image\/","url":"https:\/\/psol50.org.br\/inc\/uploads\/2018\/07\/capa.png","contentUrl":"https:\/\/psol50.org.br\/inc\/uploads\/2018\/07\/capa.png","width":1350,"height":900,"caption":"PSOL 50"},"image":{"@id":"https:\/\/psol50.org.br\/#\/schema\/logo\/image\/"},"sameAs":["https:\/\/www.facebook.com\/psol50","https:\/\/x.com\/psol50","https:\/\/www.instagram.com\/psol50\/","https:\/\/www.youtube.com\/channel\/UC7SnJS5o1os7a6CaiNabzcg"]},{"@type":"Person","@id":"https:\/\/psol50.org.br\/#\/schema\/person\/475dfa57d0b815993c714c2e96491fcd","name":"Comunica\u00e7\u00e3o PSOL","image":{"@type":"ImageObject","inLanguage":"pt-BR","@id":"https:\/\/psol50.org.br\/#\/schema\/person\/image\/","url":"https:\/\/secure.gravatar.com\/avatar\/b34fc4f4e468a4e51785917065a3db57b841f5c95dba6ad8c73aaf8f66f8f9bf?s=96&d=mm&r=g","contentUrl":"https:\/\/secure.gravatar.com\/avatar\/b34fc4f4e468a4e51785917065a3db57b841f5c95dba6ad8c73aaf8f66f8f9bf?s=96&d=mm&r=g","caption":"Comunica\u00e7\u00e3o PSOL"}}]}},"_links":{"self":[{"href":"https:\/\/psol50.org.br\/rest\/wp\/v2\/posts\/1473","targetHints":{"allow":["GET"]}}],"collection":[{"href":"https:\/\/psol50.org.br\/rest\/wp\/v2\/posts"}],"about":[{"href":"https:\/\/psol50.org.br\/rest\/wp\/v2\/types\/post"}],"author":[{"embeddable":true,"href":"https:\/\/psol50.org.br\/rest\/wp\/v2\/users\/2"}],"replies":[{"embeddable":true,"href":"https:\/\/psol50.org.br\/rest\/wp\/v2\/comments?post=1473"}],"version-history":[{"count":0,"href":"https:\/\/psol50.org.br\/rest\/wp\/v2\/posts\/1473\/revisions"}],"wp:attachment":[{"href":"https:\/\/psol50.org.br\/rest\/wp\/v2\/media?parent=1473"}],"wp:term":[{"taxonomy":"category","embeddable":true,"href":"https:\/\/psol50.org.br\/rest\/wp\/v2\/categories?post=1473"},{"taxonomy":"post_tag","embeddable":true,"href":"https:\/\/psol50.org.br\/rest\/wp\/v2\/tags?post=1473"}],"curies":[{"name":"wp","href":"https:\/\/api.w.org\/{rel}","templated":true}]}}