{"id":14734,"date":"2016-12-01T12:41:13","date_gmt":"2016-12-01T12:41:13","guid":{"rendered":"http:\/\/www.psol50.org.br\/?p=14734"},"modified":"2016-12-01T12:41:13","modified_gmt":"2016-12-01T12:41:13","slug":"repressao-pela-pm-contra-manifestantes-marca-votacao-do-teto-de-gastos-que-avanca-no-senado","status":"publish","type":"post","link":"https:\/\/psol50.org.br\/repressao-pela-pm-contra-manifestantes-marca-votacao-do-teto-de-gastos-que-avanca-no-senado\/","title":{"rendered":"Repress\u00e3o pela PM contra manifestantes marca vota\u00e7\u00e3o do teto de gastos, que avan\u00e7a no Senado"},"content":{"rendered":"<figure id=\"attachment_14736\" aria-describedby=\"caption-attachment-14736\" style=\"width: 650px\" class=\"wp-caption aligncenter\"><img loading=\"lazy\" decoding=\"async\" class=\"wp-image-14736\" src=\"http:\/\/www.psol50.org.br\/inc\/uploads\/2016\/12\/Ato_contraPEC55_2911_Andes-300x200.jpg\" alt=\"ato_contrapec55_2911_andes\" width=\"650\" height=\"433\" \/><figcaption id=\"caption-attachment-14736\" class=\"wp-caption-text\">Foto: Andes\/SN<\/figcaption><\/figure>\n<p style=\"text-align: left\">A noite da \u00faltima ter\u00e7a-feira (29\/11) vai ficar marcada na mem\u00f3ria de milhares de pessoas que vieram \u00e0 Bras\u00edlia protestar contra a PEC 55\/2016 como o dia o em que o Estado usou o seu bra\u00e7o armado para reprimir duramente aqueles que insurgiram contra os ataques do governo de Michel Temer. Tamb\u00e9m ser\u00e1 lembrado como o dia em que o Pal\u00e1cio do Planalto e seu presidente ileg\u00edtimo conseguiram avan\u00e7ar mais um passo em sua investida contra o povo brasileiro.<\/p>\n<p>Enquanto mais de 30 mil manifestantes eram duramente reprimidos pela Pol\u00edcia Militar do governo de Rodrigo Rollemberg, do lado de fora do Congresso Nacional, os senadores aprovaram a proposta que limita os investimentos em servi\u00e7os p\u00fablicos nos pr\u00f3ximos 20 anos. Foram 61 votos a favor e apenas 14 votos contra a principal medida do ajuste do governo Temer.<\/p>\n<p>Embora o esfor\u00e7o do Pal\u00e1cio do Planalto e sua base de apoio no Senado j\u00e1 apontasse a aprova\u00e7\u00e3o da mat\u00e9ria com folga no primeiro turno do Senado, trabalhadores dos setores p\u00fablico e privado, estudantes e militantes de movimentos sociais mantiveram a disposi\u00e7\u00e3o de resistir para barrar o desmonte do servi\u00e7o p\u00fablico. Numa manifesta\u00e7\u00e3o convocada por centrais sindicais, confedera\u00e7\u00f5es, federa\u00e7\u00f5es, sindicatos e entidades estudantis, mais de 30 mil pessoas se reuniram na Esplanada dos Minist\u00e9rios. A concentra\u00e7\u00e3o teve in\u00edcio por volta das 16h em frente ao Museu Nacional da Rep\u00fablica, de onde os manifestantes sa\u00edram em caminhada rumo ao Congresso Nacional.<\/p>\n<p>J\u00e1 no gramado do Congresso Nacional, a Pol\u00edcia Militar iniciou a tentativa de dispersar a multid\u00e3o, com a emiss\u00e3o de bombas de efeito moral, g\u00e1s lacrimog\u00eaneo e spray de pimenta. Depois de conseguir retirar, \u00e0 for\u00e7a, os manifestantes do gramado, os agentes da tropa de choque da PM tamb\u00e9m retiraram todos que ainda estavam nas imedia\u00e7\u00f5es da Catedral Metropolitana.<\/p>\n<figure id=\"attachment_14737\" aria-describedby=\"caption-attachment-14737\" style=\"width: 650px\" class=\"wp-caption aligncenter\"><img loading=\"lazy\" decoding=\"async\" class=\"wp-image-14737\" src=\"http:\/\/www.psol50.org.br\/inc\/uploads\/2016\/12\/repressao_ato2911_NunahAlle_Ninja-300x200.jpg\" alt=\"Foto: Nunah Alle\/M\u00eddia Ninja\" width=\"650\" height=\"433\" \/><figcaption id=\"caption-attachment-14737\" class=\"wp-caption-text\">Foto: Nunah Alle\/M\u00eddia Ninja<\/figcaption><\/figure>\n<p>&nbsp;<\/p>\n<figure id=\"attachment_14738\" aria-describedby=\"caption-attachment-14738\" style=\"width: 650px\" class=\"wp-caption aligncenter\"><img loading=\"lazy\" decoding=\"async\" class=\"wp-image-14738\" src=\"http:\/\/www.psol50.org.br\/inc\/uploads\/2016\/12\/repressao_ato2911_NunahAlle_Ninja2-300x200.jpg\" alt=\"Foto: Nunah Alle\/M\u00eddia Ninja\" width=\"650\" height=\"433\" \/><figcaption id=\"caption-attachment-14738\" class=\"wp-caption-text\">Foto: Nunah Alle\/M\u00eddia Ninja<\/figcaption><\/figure>\n<p style=\"text-align: left\">Embora tenha havido alguns atos isolados de depreda\u00e7\u00e3o de placas, pontos de \u00f4nibus e queima de carros, a ampla maioria das pessoas que participavam do ato tinha o \u00fanico intuito de protestar contra as medidas do governo. A avalia\u00e7\u00e3o de v\u00e1rios militantes e dirigentes sindicais que acompanharam a manifesta\u00e7\u00e3o \u00e9 que a a\u00e7\u00e3o da PM, comandada pelo governo do Distrito Federal, foi completamente desproporcional, truculenta e ileg\u00edtima, com a \u00fanica inten\u00e7\u00e3o de impedir que o protesto seguisse o seu curso at\u00e9 a vota\u00e7\u00e3o final da proposta dentro do Senado.<\/p>\n<p>A a\u00e7\u00e3o da pol\u00edcia teve grande repercuss\u00e3o nas redes sociais e na m\u00eddia alternativa, enquanto a grande imprensa deu destaque apenas aos casos isolados de depreda\u00e7\u00e3o. Para muitos, as cenas das milhares de pessoas correndo das bombas de efeito moral e do g\u00e1s lacrimog\u00eaneo transformaram a Esplanada dos Minist\u00e9rios em um cen\u00e1rio de guerra. Dezenas de pessoas precisaram ser socorridas por brigadistas e pelo Corpo de Bombeiros. Muitos estudantes, que vieram em caravanas dos estados, ficaram temporariamente desaparecidos dos seus grupos, devido \u00e0 dispers\u00e3o violenta da PM. J\u00e1 era tarde da noite, quando aos poucos os manifestantes foram conseguindo voltar para suas casas ou encontrar os \u00f4nibus de suas delega\u00e7\u00f5es.<\/p>\n<figure id=\"attachment_14739\" aria-describedby=\"caption-attachment-14739\" style=\"width: 650px\" class=\"wp-caption aligncenter\"><img loading=\"lazy\" decoding=\"async\" class=\"wp-image-14739\" src=\"http:\/\/www.psol50.org.br\/inc\/uploads\/2016\/12\/Repressao_ato2911_JoanaDarcMelo_Fenajufe2-300x200.jpg\" alt=\"Foto: Joana Darc Melo\/Fenajufe\" width=\"650\" height=\"433\" \/><figcaption id=\"caption-attachment-14739\" class=\"wp-caption-text\">Foto: Joana Darc Melo\/Fenajufe<\/figcaption><\/figure>\n<p><strong>A proposta<br \/>\n<\/strong>De acordo com o texto aprovado, a partir de 2018 e pelos pr\u00f3ximos 20 anos, os gastos federais s\u00f3 poder\u00e3o aumentar de acordo com a infla\u00e7\u00e3o acumulada conforme o \u00cdndice Nacional de Pre\u00e7os ao Consumidor Amplo (IPCA).<\/p>\n<p>O novo regime fiscal valer\u00e1 para os or\u00e7amentos Fiscal e da Seguridade Social e para todos os \u00f3rg\u00e3os e poderes da Rep\u00fablica. Dentro de um mesmo poder, haver\u00e1 limites por \u00f3rg\u00e3o. Existir\u00e3o, por exemplo, limites individualizados para tribunais, Conselho Nacional de Justi\u00e7a, Senado, C\u00e2mara, Tribunal de Contas da Uni\u00e3o (TCU), Minist\u00e9rio P\u00fablico da Uni\u00e3o, Conselho Nacional do Minist\u00e9rio P\u00fablico e Defensoria P\u00fablica da Uni\u00e3o.<\/p>\n<p>O \u00f3rg\u00e3o que desrespeitar seu teto ficar\u00e1 impedido de, no ano seguinte, dar aumento salarial, contratar pessoal, criar novas despesas ou conceder incentivos fiscais, no caso do Executivo.<\/p>\n<p>A partir do d\u00e9cimo ano, o presidente da Rep\u00fablica poder\u00e1 rever o crit\u00e9rio uma vez a cada mandato presidencial, enviando um projeto de lei complementar ao Congresso Nacional.<\/p>\n<p>Segundo especialistas em finan\u00e7as e gest\u00e3o p\u00fablica, a PEC de Michel Temer n\u00e3o tem par\u00e2metro no mundo, considerando que n\u00e3o h\u00e1 registro de que nenhum outro pa\u00eds tenha implementado proposta dessa natureza, com tanto tempo de limita\u00e7\u00e3o nos investimentos.<\/p>\n<p>A a\u00e7\u00e3o desproporcional da PM n\u00e3o pode arrefecer os \u00e2nimos e a disposi\u00e7\u00e3o de seguir lutando contra as medidas do governo, que amea\u00e7am direitos sociais e trabalhistas.\u00a0A pr\u00f3xima etapa agora, pelo calend\u00e1rio definido por Renan Calheiros (PMDB-AL), presidente do Senado, \u00e9 a vota\u00e7\u00e3o em segundo turno, prevista para ocorrer no dia 13 de dezembro.<\/p>\n<p>&nbsp;<\/p>\n<p>&nbsp;<\/p>\n","protected":false},"excerpt":{"rendered":"<p>A noite da \u00faltima ter\u00e7a-feira (29\/11) vai ficar marcada na mem\u00f3ria de milhares de pessoas que vieram \u00e0 Bras\u00edlia protestar contra a PEC 55\/2016 como o dia o em que o Estado usou o seu bra\u00e7o armado para reprimir duramente aqueles que insurgiram contra os ataques do governo de Michel Temer. Tamb\u00e9m ser\u00e1 lembrado como [&hellip;]<\/p>\n","protected":false},"author":2,"featured_media":14735,"comment_status":"open","ping_status":"open","sticky":false,"template":"","format":"standard","meta":{"_acf_changed":false,"footnotes":""},"categories":[1882,1104,6],"tags":[287,1748,4641,114,115,1657,2226,703,350,3122,233],"class_list":{"0":"post-14734","1":"post","2":"type-post","3":"status-publish","4":"format-standard","5":"has-post-thumbnail","7":"category-brasil","8":"category-movimento","9":"category-noticias","10":"tag-manifestacao","11":"tag-michel-temer","12":"tag-pec-55","13":"tag-pm","14":"tag-policia-militar","15":"tag-repressao","16":"tag-rodrigo-rollemberg","17":"tag-senado","18":"tag-teto-de-gastos","19":"tag-truculencia","20":"tag-violencia"},"acf":[],"yoast_head":"<!-- This site is optimized with the Yoast SEO plugin v26.5 - https:\/\/yoast.com\/wordpress\/plugins\/seo\/ -->\n<title>Repress\u00e3o pela PM contra manifestantes marca vota\u00e7\u00e3o do teto de gastos, que avan\u00e7a no Senado - PSOL 50<\/title>\n<meta name=\"robots\" content=\"index, follow, max-snippet:-1, max-image-preview:large, max-video-preview:-1\" \/>\n<link rel=\"canonical\" href=\"https:\/\/psol50.org.br\/repressao-pela-pm-contra-manifestantes-marca-votacao-do-teto-de-gastos-que-avanca-no-senado\/\" \/>\n<meta property=\"og:locale\" content=\"pt_BR\" \/>\n<meta property=\"og:type\" content=\"article\" \/>\n<meta property=\"og:title\" content=\"Repress\u00e3o pela PM contra manifestantes marca vota\u00e7\u00e3o do teto de gastos, que avan\u00e7a no Senado - PSOL 50\" \/>\n<meta property=\"og:description\" content=\"A noite da \u00faltima ter\u00e7a-feira (29\/11) vai ficar marcada na mem\u00f3ria de milhares de pessoas que vieram \u00e0 Bras\u00edlia protestar contra a PEC 55\/2016 como o dia o em que o Estado usou o seu bra\u00e7o armado para reprimir duramente aqueles que insurgiram contra os ataques do governo de Michel Temer. Tamb\u00e9m ser\u00e1 lembrado como [&hellip;]\" \/>\n<meta property=\"og:url\" content=\"https:\/\/psol50.org.br\/repressao-pela-pm-contra-manifestantes-marca-votacao-do-teto-de-gastos-que-avanca-no-senado\/\" \/>\n<meta property=\"og:site_name\" content=\"PSOL 50\" \/>\n<meta property=\"article:publisher\" content=\"https:\/\/www.facebook.com\/psol50\" \/>\n<meta property=\"article:published_time\" content=\"2016-12-01T12:41:13+00:00\" \/>\n<meta property=\"og:image\" content=\"https:\/\/psol50.org.br\/inc\/uploads\/2018\/07\/capa.png\" \/>\n\t<meta property=\"og:image:width\" content=\"1350\" \/>\n\t<meta property=\"og:image:height\" content=\"900\" \/>\n\t<meta property=\"og:image:type\" content=\"image\/png\" \/>\n<meta name=\"author\" content=\"Comunica\u00e7\u00e3o PSOL\" \/>\n<meta name=\"twitter:card\" content=\"summary_large_image\" \/>\n<meta name=\"twitter:creator\" content=\"@psol50\" \/>\n<meta name=\"twitter:site\" content=\"@psol50\" \/>\n<meta name=\"twitter:label1\" content=\"Escrito por\" \/>\n\t<meta name=\"twitter:data1\" content=\"Comunica\u00e7\u00e3o PSOL\" \/>\n\t<meta name=\"twitter:label2\" content=\"Est. tempo de leitura\" \/>\n\t<meta name=\"twitter:data2\" content=\"4 minutos\" \/>\n<script type=\"application\/ld+json\" class=\"yoast-schema-graph\">{\"@context\":\"https:\/\/schema.org\",\"@graph\":[{\"@type\":\"Article\",\"@id\":\"https:\/\/psol50.org.br\/repressao-pela-pm-contra-manifestantes-marca-votacao-do-teto-de-gastos-que-avanca-no-senado\/#article\",\"isPartOf\":{\"@id\":\"https:\/\/psol50.org.br\/repressao-pela-pm-contra-manifestantes-marca-votacao-do-teto-de-gastos-que-avanca-no-senado\/\"},\"author\":{\"name\":\"Comunica\u00e7\u00e3o PSOL\",\"@id\":\"https:\/\/psol50.org.br\/#\/schema\/person\/475dfa57d0b815993c714c2e96491fcd\"},\"headline\":\"Repress\u00e3o pela PM contra manifestantes marca vota\u00e7\u00e3o do teto de gastos, que avan\u00e7a no Senado\",\"datePublished\":\"2016-12-01T12:41:13+00:00\",\"mainEntityOfPage\":{\"@id\":\"https:\/\/psol50.org.br\/repressao-pela-pm-contra-manifestantes-marca-votacao-do-teto-de-gastos-que-avanca-no-senado\/\"},\"wordCount\":895,\"commentCount\":0,\"publisher\":{\"@id\":\"https:\/\/psol50.org.br\/#organization\"},\"image\":{\"@id\":\"https:\/\/psol50.org.br\/repressao-pela-pm-contra-manifestantes-marca-votacao-do-teto-de-gastos-que-avanca-no-senado\/#primaryimage\"},\"thumbnailUrl\":\"\",\"keywords\":[\"manifesta\u00e7\u00e3o\",\"Michel Temer\",\"PEC 55\",\"PM\",\"Pol\u00edcia Militar\",\"Repress\u00e3o\",\"Rodrigo Rollemberg\",\"Senado\",\"Teto de gastos\",\"trucul\u00eancia\",\"viol\u00eancia\"],\"articleSection\":[\"Brasil\",\"Movimento\",\"Not\u00edcias\"],\"inLanguage\":\"pt-BR\",\"potentialAction\":[{\"@type\":\"CommentAction\",\"name\":\"Comment\",\"target\":[\"https:\/\/psol50.org.br\/repressao-pela-pm-contra-manifestantes-marca-votacao-do-teto-de-gastos-que-avanca-no-senado\/#respond\"]}]},{\"@type\":\"WebPage\",\"@id\":\"https:\/\/psol50.org.br\/repressao-pela-pm-contra-manifestantes-marca-votacao-do-teto-de-gastos-que-avanca-no-senado\/\",\"url\":\"https:\/\/psol50.org.br\/repressao-pela-pm-contra-manifestantes-marca-votacao-do-teto-de-gastos-que-avanca-no-senado\/\",\"name\":\"Repress\u00e3o pela PM contra manifestantes marca vota\u00e7\u00e3o do teto de gastos, que avan\u00e7a no Senado - PSOL 50\",\"isPartOf\":{\"@id\":\"https:\/\/psol50.org.br\/#website\"},\"primaryImageOfPage\":{\"@id\":\"https:\/\/psol50.org.br\/repressao-pela-pm-contra-manifestantes-marca-votacao-do-teto-de-gastos-que-avanca-no-senado\/#primaryimage\"},\"image\":{\"@id\":\"https:\/\/psol50.org.br\/repressao-pela-pm-contra-manifestantes-marca-votacao-do-teto-de-gastos-que-avanca-no-senado\/#primaryimage\"},\"thumbnailUrl\":\"\",\"datePublished\":\"2016-12-01T12:41:13+00:00\",\"breadcrumb\":{\"@id\":\"https:\/\/psol50.org.br\/repressao-pela-pm-contra-manifestantes-marca-votacao-do-teto-de-gastos-que-avanca-no-senado\/#breadcrumb\"},\"inLanguage\":\"pt-BR\",\"potentialAction\":[{\"@type\":\"ReadAction\",\"target\":[\"https:\/\/psol50.org.br\/repressao-pela-pm-contra-manifestantes-marca-votacao-do-teto-de-gastos-que-avanca-no-senado\/\"]}]},{\"@type\":\"ImageObject\",\"inLanguage\":\"pt-BR\",\"@id\":\"https:\/\/psol50.org.br\/repressao-pela-pm-contra-manifestantes-marca-votacao-do-teto-de-gastos-que-avanca-no-senado\/#primaryimage\",\"url\":\"\",\"contentUrl\":\"\"},{\"@type\":\"BreadcrumbList\",\"@id\":\"https:\/\/psol50.org.br\/repressao-pela-pm-contra-manifestantes-marca-votacao-do-teto-de-gastos-que-avanca-no-senado\/#breadcrumb\",\"itemListElement\":[{\"@type\":\"ListItem\",\"position\":1,\"name\":\"In\u00edcio\",\"item\":\"https:\/\/psol50.org.br\/\"},{\"@type\":\"ListItem\",\"position\":2,\"name\":\"Repress\u00e3o pela PM contra manifestantes marca vota\u00e7\u00e3o do teto de gastos, que avan\u00e7a no Senado\"}]},{\"@type\":\"WebSite\",\"@id\":\"https:\/\/psol50.org.br\/#website\",\"url\":\"https:\/\/psol50.org.br\/\",\"name\":\"PSOL 50\",\"description\":\"Site oficial do Partido Socialismo e Liberdade\",\"publisher\":{\"@id\":\"https:\/\/psol50.org.br\/#organization\"},\"alternateName\":\"PSOL50\",\"potentialAction\":[{\"@type\":\"SearchAction\",\"target\":{\"@type\":\"EntryPoint\",\"urlTemplate\":\"https:\/\/psol50.org.br\/?s={search_term_string}\"},\"query-input\":{\"@type\":\"PropertyValueSpecification\",\"valueRequired\":true,\"valueName\":\"search_term_string\"}}],\"inLanguage\":\"pt-BR\"},{\"@type\":\"Organization\",\"@id\":\"https:\/\/psol50.org.br\/#organization\",\"name\":\"PSOL 50\",\"alternateName\":\"PSOL 50\",\"url\":\"https:\/\/psol50.org.br\/\",\"logo\":{\"@type\":\"ImageObject\",\"inLanguage\":\"pt-BR\",\"@id\":\"https:\/\/psol50.org.br\/#\/schema\/logo\/image\/\",\"url\":\"https:\/\/psol50.org.br\/inc\/uploads\/2018\/07\/capa.png\",\"contentUrl\":\"https:\/\/psol50.org.br\/inc\/uploads\/2018\/07\/capa.png\",\"width\":1350,\"height\":900,\"caption\":\"PSOL 50\"},\"image\":{\"@id\":\"https:\/\/psol50.org.br\/#\/schema\/logo\/image\/\"},\"sameAs\":[\"https:\/\/www.facebook.com\/psol50\",\"https:\/\/x.com\/psol50\",\"https:\/\/www.instagram.com\/psol50\/\",\"https:\/\/www.youtube.com\/channel\/UC7SnJS5o1os7a6CaiNabzcg\"]},{\"@type\":\"Person\",\"@id\":\"https:\/\/psol50.org.br\/#\/schema\/person\/475dfa57d0b815993c714c2e96491fcd\",\"name\":\"Comunica\u00e7\u00e3o PSOL\",\"image\":{\"@type\":\"ImageObject\",\"inLanguage\":\"pt-BR\",\"@id\":\"https:\/\/psol50.org.br\/#\/schema\/person\/image\/\",\"url\":\"https:\/\/secure.gravatar.com\/avatar\/b34fc4f4e468a4e51785917065a3db57b841f5c95dba6ad8c73aaf8f66f8f9bf?s=96&d=mm&r=g\",\"contentUrl\":\"https:\/\/secure.gravatar.com\/avatar\/b34fc4f4e468a4e51785917065a3db57b841f5c95dba6ad8c73aaf8f66f8f9bf?s=96&d=mm&r=g\",\"caption\":\"Comunica\u00e7\u00e3o PSOL\"}}]}<\/script>\n<!-- \/ Yoast SEO plugin. -->","yoast_head_json":{"title":"Repress\u00e3o pela PM contra manifestantes marca vota\u00e7\u00e3o do teto de gastos, que avan\u00e7a no Senado - PSOL 50","robots":{"index":"index","follow":"follow","max-snippet":"max-snippet:-1","max-image-preview":"max-image-preview:large","max-video-preview":"max-video-preview:-1"},"canonical":"https:\/\/psol50.org.br\/repressao-pela-pm-contra-manifestantes-marca-votacao-do-teto-de-gastos-que-avanca-no-senado\/","og_locale":"pt_BR","og_type":"article","og_title":"Repress\u00e3o pela PM contra manifestantes marca vota\u00e7\u00e3o do teto de gastos, que avan\u00e7a no Senado - PSOL 50","og_description":"A noite da \u00faltima ter\u00e7a-feira (29\/11) vai ficar marcada na mem\u00f3ria de milhares de pessoas que vieram \u00e0 Bras\u00edlia protestar contra a PEC 55\/2016 como o dia o em que o Estado usou o seu bra\u00e7o armado para reprimir duramente aqueles que insurgiram contra os ataques do governo de Michel Temer. Tamb\u00e9m ser\u00e1 lembrado como [&hellip;]","og_url":"https:\/\/psol50.org.br\/repressao-pela-pm-contra-manifestantes-marca-votacao-do-teto-de-gastos-que-avanca-no-senado\/","og_site_name":"PSOL 50","article_publisher":"https:\/\/www.facebook.com\/psol50","article_published_time":"2016-12-01T12:41:13+00:00","og_image":[{"width":1350,"height":900,"url":"https:\/\/psol50.org.br\/inc\/uploads\/2018\/07\/capa.png","type":"image\/png"}],"author":"Comunica\u00e7\u00e3o PSOL","twitter_card":"summary_large_image","twitter_creator":"@psol50","twitter_site":"@psol50","twitter_misc":{"Escrito por":"Comunica\u00e7\u00e3o PSOL","Est. tempo de leitura":"4 minutos"},"schema":{"@context":"https:\/\/schema.org","@graph":[{"@type":"Article","@id":"https:\/\/psol50.org.br\/repressao-pela-pm-contra-manifestantes-marca-votacao-do-teto-de-gastos-que-avanca-no-senado\/#article","isPartOf":{"@id":"https:\/\/psol50.org.br\/repressao-pela-pm-contra-manifestantes-marca-votacao-do-teto-de-gastos-que-avanca-no-senado\/"},"author":{"name":"Comunica\u00e7\u00e3o PSOL","@id":"https:\/\/psol50.org.br\/#\/schema\/person\/475dfa57d0b815993c714c2e96491fcd"},"headline":"Repress\u00e3o pela PM contra manifestantes marca vota\u00e7\u00e3o do teto de gastos, que avan\u00e7a no Senado","datePublished":"2016-12-01T12:41:13+00:00","mainEntityOfPage":{"@id":"https:\/\/psol50.org.br\/repressao-pela-pm-contra-manifestantes-marca-votacao-do-teto-de-gastos-que-avanca-no-senado\/"},"wordCount":895,"commentCount":0,"publisher":{"@id":"https:\/\/psol50.org.br\/#organization"},"image":{"@id":"https:\/\/psol50.org.br\/repressao-pela-pm-contra-manifestantes-marca-votacao-do-teto-de-gastos-que-avanca-no-senado\/#primaryimage"},"thumbnailUrl":"","keywords":["manifesta\u00e7\u00e3o","Michel Temer","PEC 55","PM","Pol\u00edcia Militar","Repress\u00e3o","Rodrigo Rollemberg","Senado","Teto de gastos","trucul\u00eancia","viol\u00eancia"],"articleSection":["Brasil","Movimento","Not\u00edcias"],"inLanguage":"pt-BR","potentialAction":[{"@type":"CommentAction","name":"Comment","target":["https:\/\/psol50.org.br\/repressao-pela-pm-contra-manifestantes-marca-votacao-do-teto-de-gastos-que-avanca-no-senado\/#respond"]}]},{"@type":"WebPage","@id":"https:\/\/psol50.org.br\/repressao-pela-pm-contra-manifestantes-marca-votacao-do-teto-de-gastos-que-avanca-no-senado\/","url":"https:\/\/psol50.org.br\/repressao-pela-pm-contra-manifestantes-marca-votacao-do-teto-de-gastos-que-avanca-no-senado\/","name":"Repress\u00e3o pela PM contra manifestantes marca vota\u00e7\u00e3o do teto de gastos, que avan\u00e7a no Senado - PSOL 50","isPartOf":{"@id":"https:\/\/psol50.org.br\/#website"},"primaryImageOfPage":{"@id":"https:\/\/psol50.org.br\/repressao-pela-pm-contra-manifestantes-marca-votacao-do-teto-de-gastos-que-avanca-no-senado\/#primaryimage"},"image":{"@id":"https:\/\/psol50.org.br\/repressao-pela-pm-contra-manifestantes-marca-votacao-do-teto-de-gastos-que-avanca-no-senado\/#primaryimage"},"thumbnailUrl":"","datePublished":"2016-12-01T12:41:13+00:00","breadcrumb":{"@id":"https:\/\/psol50.org.br\/repressao-pela-pm-contra-manifestantes-marca-votacao-do-teto-de-gastos-que-avanca-no-senado\/#breadcrumb"},"inLanguage":"pt-BR","potentialAction":[{"@type":"ReadAction","target":["https:\/\/psol50.org.br\/repressao-pela-pm-contra-manifestantes-marca-votacao-do-teto-de-gastos-que-avanca-no-senado\/"]}]},{"@type":"ImageObject","inLanguage":"pt-BR","@id":"https:\/\/psol50.org.br\/repressao-pela-pm-contra-manifestantes-marca-votacao-do-teto-de-gastos-que-avanca-no-senado\/#primaryimage","url":"","contentUrl":""},{"@type":"BreadcrumbList","@id":"https:\/\/psol50.org.br\/repressao-pela-pm-contra-manifestantes-marca-votacao-do-teto-de-gastos-que-avanca-no-senado\/#breadcrumb","itemListElement":[{"@type":"ListItem","position":1,"name":"In\u00edcio","item":"https:\/\/psol50.org.br\/"},{"@type":"ListItem","position":2,"name":"Repress\u00e3o pela PM contra manifestantes marca vota\u00e7\u00e3o do teto de gastos, que avan\u00e7a no Senado"}]},{"@type":"WebSite","@id":"https:\/\/psol50.org.br\/#website","url":"https:\/\/psol50.org.br\/","name":"PSOL 50","description":"Site oficial do Partido Socialismo e Liberdade","publisher":{"@id":"https:\/\/psol50.org.br\/#organization"},"alternateName":"PSOL50","potentialAction":[{"@type":"SearchAction","target":{"@type":"EntryPoint","urlTemplate":"https:\/\/psol50.org.br\/?s={search_term_string}"},"query-input":{"@type":"PropertyValueSpecification","valueRequired":true,"valueName":"search_term_string"}}],"inLanguage":"pt-BR"},{"@type":"Organization","@id":"https:\/\/psol50.org.br\/#organization","name":"PSOL 50","alternateName":"PSOL 50","url":"https:\/\/psol50.org.br\/","logo":{"@type":"ImageObject","inLanguage":"pt-BR","@id":"https:\/\/psol50.org.br\/#\/schema\/logo\/image\/","url":"https:\/\/psol50.org.br\/inc\/uploads\/2018\/07\/capa.png","contentUrl":"https:\/\/psol50.org.br\/inc\/uploads\/2018\/07\/capa.png","width":1350,"height":900,"caption":"PSOL 50"},"image":{"@id":"https:\/\/psol50.org.br\/#\/schema\/logo\/image\/"},"sameAs":["https:\/\/www.facebook.com\/psol50","https:\/\/x.com\/psol50","https:\/\/www.instagram.com\/psol50\/","https:\/\/www.youtube.com\/channel\/UC7SnJS5o1os7a6CaiNabzcg"]},{"@type":"Person","@id":"https:\/\/psol50.org.br\/#\/schema\/person\/475dfa57d0b815993c714c2e96491fcd","name":"Comunica\u00e7\u00e3o PSOL","image":{"@type":"ImageObject","inLanguage":"pt-BR","@id":"https:\/\/psol50.org.br\/#\/schema\/person\/image\/","url":"https:\/\/secure.gravatar.com\/avatar\/b34fc4f4e468a4e51785917065a3db57b841f5c95dba6ad8c73aaf8f66f8f9bf?s=96&d=mm&r=g","contentUrl":"https:\/\/secure.gravatar.com\/avatar\/b34fc4f4e468a4e51785917065a3db57b841f5c95dba6ad8c73aaf8f66f8f9bf?s=96&d=mm&r=g","caption":"Comunica\u00e7\u00e3o PSOL"}}]}},"_links":{"self":[{"href":"https:\/\/psol50.org.br\/rest\/wp\/v2\/posts\/14734","targetHints":{"allow":["GET"]}}],"collection":[{"href":"https:\/\/psol50.org.br\/rest\/wp\/v2\/posts"}],"about":[{"href":"https:\/\/psol50.org.br\/rest\/wp\/v2\/types\/post"}],"author":[{"embeddable":true,"href":"https:\/\/psol50.org.br\/rest\/wp\/v2\/users\/2"}],"replies":[{"embeddable":true,"href":"https:\/\/psol50.org.br\/rest\/wp\/v2\/comments?post=14734"}],"version-history":[{"count":0,"href":"https:\/\/psol50.org.br\/rest\/wp\/v2\/posts\/14734\/revisions"}],"wp:featuredmedia":[{"embeddable":true,"href":"https:\/\/psol50.org.br\/rest\/"}],"wp:attachment":[{"href":"https:\/\/psol50.org.br\/rest\/wp\/v2\/media?parent=14734"}],"wp:term":[{"taxonomy":"category","embeddable":true,"href":"https:\/\/psol50.org.br\/rest\/wp\/v2\/categories?post=14734"},{"taxonomy":"post_tag","embeddable":true,"href":"https:\/\/psol50.org.br\/rest\/wp\/v2\/tags?post=14734"}],"curies":[{"name":"wp","href":"https:\/\/api.w.org\/{rel}","templated":true}]}}