{"id":1474,"date":"2011-01-31T00:00:00","date_gmt":"2011-01-31T00:00:00","guid":{"rendered":"http:\/\/psol50.org.br\/arquivo\/2011\/01\/31\/rjtodos-na-posse-popular-nesta-3a-feira-12-17h-na-alerj\/"},"modified":"2011-01-31T00:00:00","modified_gmt":"2011-01-31T00:00:00","slug":"rjtodos-na-posse-popular-nesta-3a-feira-12-17h-na-alerj","status":"publish","type":"post","link":"https:\/\/psol50.org.br\/rjtodos-na-posse-popular-nesta-3a-feira-12-17h-na-alerj\/","title":{"rendered":"RJ:Todos na posse popular &#8211; Nesta 3\u00aa feira (1\/2), 17h, na ALERJ"},"content":{"rendered":"<p>Fizemos uma campanha suada. Curtida. Mais que isso, fizemos uma bel\u00edssima campanha para reeleger o Mandato Marcelo Freixo. E conquistamos surpreendentes 177.253 votos.<\/p>\n<p>Voc\u00ea que participou da campanha n\u00e3o pode ficar de fora da POSSE POPULAR! Ser\u00e1 nesta ter\u00e7a, 1\u00ba de fevereiro, \u00e0s 17h, nas escadarias da Assembl\u00e9ia Legislativa do Estado do Rio de Janeiro, logo ap\u00f3s a posse oficial dos deputados estaduais do Rio de Janeiro.<\/p>\n<p>N\u00f3s, que constru\u00edmos a campanha, estaremos juntos nos pr\u00f3ximos quatro anos, construindo tamb\u00e9m o mandato. E a primeira atividade do ano come\u00e7a na POSSE POPULAR. Traga sua bandeira e a disposi\u00e7\u00e3o militante!<\/p>\n<p>Mostramos como se faz uma campanha. Agora vamos mostrar tamb\u00e9m, come\u00e7ando pela ter\u00e7a-feira, que um mandato popular t\u00e1 na rua, no dia-a-dia, nas lutas, expandindo ainda mais as conquistas realizadas no primeiro pleito. Vamos l\u00e1, vamos juntos!<\/p>\n<p>\u201cSomos muitos com coragem para mudar.\u201d<\/p>\n","protected":false},"excerpt":{"rendered":"<p>Fizemos uma campanha suada. Curtida. Mais que isso, fizemos uma bel\u00edssima campanha para reeleger o Mandato Marcelo Freixo. E conquistamos surpreendentes 177.253 votos. Voc\u00ea que participou da campanha n\u00e3o pode ficar de fora da POSSE POPULAR! Ser\u00e1 nesta ter\u00e7a, 1\u00ba de fevereiro, \u00e0s 17h, nas escadarias da Assembl\u00e9ia Legislativa do Estado do Rio de Janeiro, [&hellip;]<\/p>\n","protected":false},"author":2,"featured_media":0,"comment_status":"open","ping_status":"open","sticky":false,"template":"","format":"standard","meta":{"_acf_changed":false,"footnotes":""},"categories":[4766],"tags":[],"class_list":{"0":"post-1474","1":"post","2":"type-post","3":"status-publish","4":"format-standard","6":"category-arquivo"},"acf":[],"yoast_head":"<!-- This site is optimized with the Yoast SEO plugin v26.5 - https:\/\/yoast.com\/wordpress\/plugins\/seo\/ -->\n<title>RJ:Todos na posse popular - Nesta 3\u00aa feira (1\/2), 17h, na ALERJ - PSOL 50<\/title>\n<meta name=\"robots\" content=\"index, follow, max-snippet:-1, max-image-preview:large, max-video-preview:-1\" \/>\n<link rel=\"canonical\" href=\"https:\/\/psol50.org.br\/rjtodos-na-posse-popular-nesta-3a-feira-12-17h-na-alerj\/\" \/>\n<meta property=\"og:locale\" content=\"pt_BR\" \/>\n<meta property=\"og:type\" content=\"article\" \/>\n<meta property=\"og:title\" content=\"RJ:Todos na posse popular - Nesta 3\u00aa feira (1\/2), 17h, na ALERJ - PSOL 50\" \/>\n<meta property=\"og:description\" content=\"Fizemos uma campanha suada. Curtida. Mais que isso, fizemos uma bel\u00edssima campanha para reeleger o Mandato Marcelo Freixo. E conquistamos surpreendentes 177.253 votos. Voc\u00ea que participou da campanha n\u00e3o pode ficar de fora da POSSE POPULAR! Ser\u00e1 nesta ter\u00e7a, 1\u00ba de fevereiro, \u00e0s 17h, nas escadarias da Assembl\u00e9ia Legislativa do Estado do Rio de Janeiro, [&hellip;]\" \/>\n<meta property=\"og:url\" content=\"https:\/\/psol50.org.br\/rjtodos-na-posse-popular-nesta-3a-feira-12-17h-na-alerj\/\" \/>\n<meta property=\"og:site_name\" content=\"PSOL 50\" \/>\n<meta property=\"article:publisher\" content=\"https:\/\/www.facebook.com\/psol50\" \/>\n<meta property=\"article:published_time\" content=\"2011-01-31T00:00:00+00:00\" \/>\n<meta property=\"og:image\" content=\"https:\/\/psol50.org.br\/inc\/uploads\/2018\/07\/capa.png\" \/>\n\t<meta property=\"og:image:width\" content=\"1350\" \/>\n\t<meta property=\"og:image:height\" content=\"900\" \/>\n\t<meta property=\"og:image:type\" content=\"image\/png\" \/>\n<meta name=\"author\" content=\"Comunica\u00e7\u00e3o PSOL\" \/>\n<meta name=\"twitter:card\" content=\"summary_large_image\" \/>\n<meta name=\"twitter:creator\" content=\"@psol50\" \/>\n<meta name=\"twitter:site\" content=\"@psol50\" \/>\n<meta name=\"twitter:label1\" content=\"Escrito por\" \/>\n\t<meta name=\"twitter:data1\" content=\"Comunica\u00e7\u00e3o PSOL\" \/>\n\t<meta name=\"twitter:label2\" content=\"Est. tempo de leitura\" \/>\n\t<meta name=\"twitter:data2\" content=\"1 minuto\" \/>\n<script type=\"application\/ld+json\" class=\"yoast-schema-graph\">{\"@context\":\"https:\/\/schema.org\",\"@graph\":[{\"@type\":\"Article\",\"@id\":\"https:\/\/psol50.org.br\/rjtodos-na-posse-popular-nesta-3a-feira-12-17h-na-alerj\/#article\",\"isPartOf\":{\"@id\":\"https:\/\/psol50.org.br\/rjtodos-na-posse-popular-nesta-3a-feira-12-17h-na-alerj\/\"},\"author\":{\"name\":\"Comunica\u00e7\u00e3o PSOL\",\"@id\":\"https:\/\/psol50.org.br\/#\/schema\/person\/475dfa57d0b815993c714c2e96491fcd\"},\"headline\":\"RJ:Todos na posse popular &#8211; Nesta 3\u00aa feira (1\/2), 17h, na ALERJ\",\"datePublished\":\"2011-01-31T00:00:00+00:00\",\"mainEntityOfPage\":{\"@id\":\"https:\/\/psol50.org.br\/rjtodos-na-posse-popular-nesta-3a-feira-12-17h-na-alerj\/\"},\"wordCount\":165,\"commentCount\":0,\"publisher\":{\"@id\":\"https:\/\/psol50.org.br\/#organization\"},\"articleSection\":[\"Arquivo\"],\"inLanguage\":\"pt-BR\",\"potentialAction\":[{\"@type\":\"CommentAction\",\"name\":\"Comment\",\"target\":[\"https:\/\/psol50.org.br\/rjtodos-na-posse-popular-nesta-3a-feira-12-17h-na-alerj\/#respond\"]}]},{\"@type\":\"WebPage\",\"@id\":\"https:\/\/psol50.org.br\/rjtodos-na-posse-popular-nesta-3a-feira-12-17h-na-alerj\/\",\"url\":\"https:\/\/psol50.org.br\/rjtodos-na-posse-popular-nesta-3a-feira-12-17h-na-alerj\/\",\"name\":\"RJ:Todos na posse popular - Nesta 3\u00aa feira (1\/2), 17h, na ALERJ - PSOL 50\",\"isPartOf\":{\"@id\":\"https:\/\/psol50.org.br\/#website\"},\"datePublished\":\"2011-01-31T00:00:00+00:00\",\"breadcrumb\":{\"@id\":\"https:\/\/psol50.org.br\/rjtodos-na-posse-popular-nesta-3a-feira-12-17h-na-alerj\/#breadcrumb\"},\"inLanguage\":\"pt-BR\",\"potentialAction\":[{\"@type\":\"ReadAction\",\"target\":[\"https:\/\/psol50.org.br\/rjtodos-na-posse-popular-nesta-3a-feira-12-17h-na-alerj\/\"]}]},{\"@type\":\"BreadcrumbList\",\"@id\":\"https:\/\/psol50.org.br\/rjtodos-na-posse-popular-nesta-3a-feira-12-17h-na-alerj\/#breadcrumb\",\"itemListElement\":[{\"@type\":\"ListItem\",\"position\":1,\"name\":\"In\u00edcio\",\"item\":\"https:\/\/psol50.org.br\/\"},{\"@type\":\"ListItem\",\"position\":2,\"name\":\"RJ:Todos na posse popular &#8211; Nesta 3\u00aa feira (1\/2), 17h, na ALERJ\"}]},{\"@type\":\"WebSite\",\"@id\":\"https:\/\/psol50.org.br\/#website\",\"url\":\"https:\/\/psol50.org.br\/\",\"name\":\"PSOL 50\",\"description\":\"Site oficial do Partido Socialismo e Liberdade\",\"publisher\":{\"@id\":\"https:\/\/psol50.org.br\/#organization\"},\"alternateName\":\"PSOL50\",\"potentialAction\":[{\"@type\":\"SearchAction\",\"target\":{\"@type\":\"EntryPoint\",\"urlTemplate\":\"https:\/\/psol50.org.br\/?s={search_term_string}\"},\"query-input\":{\"@type\":\"PropertyValueSpecification\",\"valueRequired\":true,\"valueName\":\"search_term_string\"}}],\"inLanguage\":\"pt-BR\"},{\"@type\":\"Organization\",\"@id\":\"https:\/\/psol50.org.br\/#organization\",\"name\":\"PSOL 50\",\"alternateName\":\"PSOL 50\",\"url\":\"https:\/\/psol50.org.br\/\",\"logo\":{\"@type\":\"ImageObject\",\"inLanguage\":\"pt-BR\",\"@id\":\"https:\/\/psol50.org.br\/#\/schema\/logo\/image\/\",\"url\":\"https:\/\/psol50.org.br\/inc\/uploads\/2018\/07\/capa.png\",\"contentUrl\":\"https:\/\/psol50.org.br\/inc\/uploads\/2018\/07\/capa.png\",\"width\":1350,\"height\":900,\"caption\":\"PSOL 50\"},\"image\":{\"@id\":\"https:\/\/psol50.org.br\/#\/schema\/logo\/image\/\"},\"sameAs\":[\"https:\/\/www.facebook.com\/psol50\",\"https:\/\/x.com\/psol50\",\"https:\/\/www.instagram.com\/psol50\/\",\"https:\/\/www.youtube.com\/channel\/UC7SnJS5o1os7a6CaiNabzcg\"]},{\"@type\":\"Person\",\"@id\":\"https:\/\/psol50.org.br\/#\/schema\/person\/475dfa57d0b815993c714c2e96491fcd\",\"name\":\"Comunica\u00e7\u00e3o PSOL\",\"image\":{\"@type\":\"ImageObject\",\"inLanguage\":\"pt-BR\",\"@id\":\"https:\/\/psol50.org.br\/#\/schema\/person\/image\/\",\"url\":\"https:\/\/secure.gravatar.com\/avatar\/b34fc4f4e468a4e51785917065a3db57b841f5c95dba6ad8c73aaf8f66f8f9bf?s=96&d=mm&r=g\",\"contentUrl\":\"https:\/\/secure.gravatar.com\/avatar\/b34fc4f4e468a4e51785917065a3db57b841f5c95dba6ad8c73aaf8f66f8f9bf?s=96&d=mm&r=g\",\"caption\":\"Comunica\u00e7\u00e3o PSOL\"}}]}<\/script>\n<!-- \/ Yoast SEO plugin. -->","yoast_head_json":{"title":"RJ:Todos na posse popular - Nesta 3\u00aa feira (1\/2), 17h, na ALERJ - PSOL 50","robots":{"index":"index","follow":"follow","max-snippet":"max-snippet:-1","max-image-preview":"max-image-preview:large","max-video-preview":"max-video-preview:-1"},"canonical":"https:\/\/psol50.org.br\/rjtodos-na-posse-popular-nesta-3a-feira-12-17h-na-alerj\/","og_locale":"pt_BR","og_type":"article","og_title":"RJ:Todos na posse popular - Nesta 3\u00aa feira (1\/2), 17h, na ALERJ - PSOL 50","og_description":"Fizemos uma campanha suada. Curtida. Mais que isso, fizemos uma bel\u00edssima campanha para reeleger o Mandato Marcelo Freixo. E conquistamos surpreendentes 177.253 votos. Voc\u00ea que participou da campanha n\u00e3o pode ficar de fora da POSSE POPULAR! Ser\u00e1 nesta ter\u00e7a, 1\u00ba de fevereiro, \u00e0s 17h, nas escadarias da Assembl\u00e9ia Legislativa do Estado do Rio de Janeiro, [&hellip;]","og_url":"https:\/\/psol50.org.br\/rjtodos-na-posse-popular-nesta-3a-feira-12-17h-na-alerj\/","og_site_name":"PSOL 50","article_publisher":"https:\/\/www.facebook.com\/psol50","article_published_time":"2011-01-31T00:00:00+00:00","og_image":[{"width":1350,"height":900,"url":"https:\/\/psol50.org.br\/inc\/uploads\/2018\/07\/capa.png","type":"image\/png"}],"author":"Comunica\u00e7\u00e3o PSOL","twitter_card":"summary_large_image","twitter_creator":"@psol50","twitter_site":"@psol50","twitter_misc":{"Escrito por":"Comunica\u00e7\u00e3o PSOL","Est. tempo de leitura":"1 minuto"},"schema":{"@context":"https:\/\/schema.org","@graph":[{"@type":"Article","@id":"https:\/\/psol50.org.br\/rjtodos-na-posse-popular-nesta-3a-feira-12-17h-na-alerj\/#article","isPartOf":{"@id":"https:\/\/psol50.org.br\/rjtodos-na-posse-popular-nesta-3a-feira-12-17h-na-alerj\/"},"author":{"name":"Comunica\u00e7\u00e3o PSOL","@id":"https:\/\/psol50.org.br\/#\/schema\/person\/475dfa57d0b815993c714c2e96491fcd"},"headline":"RJ:Todos na posse popular &#8211; Nesta 3\u00aa feira (1\/2), 17h, na ALERJ","datePublished":"2011-01-31T00:00:00+00:00","mainEntityOfPage":{"@id":"https:\/\/psol50.org.br\/rjtodos-na-posse-popular-nesta-3a-feira-12-17h-na-alerj\/"},"wordCount":165,"commentCount":0,"publisher":{"@id":"https:\/\/psol50.org.br\/#organization"},"articleSection":["Arquivo"],"inLanguage":"pt-BR","potentialAction":[{"@type":"CommentAction","name":"Comment","target":["https:\/\/psol50.org.br\/rjtodos-na-posse-popular-nesta-3a-feira-12-17h-na-alerj\/#respond"]}]},{"@type":"WebPage","@id":"https:\/\/psol50.org.br\/rjtodos-na-posse-popular-nesta-3a-feira-12-17h-na-alerj\/","url":"https:\/\/psol50.org.br\/rjtodos-na-posse-popular-nesta-3a-feira-12-17h-na-alerj\/","name":"RJ:Todos na posse popular - Nesta 3\u00aa feira (1\/2), 17h, na ALERJ - PSOL 50","isPartOf":{"@id":"https:\/\/psol50.org.br\/#website"},"datePublished":"2011-01-31T00:00:00+00:00","breadcrumb":{"@id":"https:\/\/psol50.org.br\/rjtodos-na-posse-popular-nesta-3a-feira-12-17h-na-alerj\/#breadcrumb"},"inLanguage":"pt-BR","potentialAction":[{"@type":"ReadAction","target":["https:\/\/psol50.org.br\/rjtodos-na-posse-popular-nesta-3a-feira-12-17h-na-alerj\/"]}]},{"@type":"BreadcrumbList","@id":"https:\/\/psol50.org.br\/rjtodos-na-posse-popular-nesta-3a-feira-12-17h-na-alerj\/#breadcrumb","itemListElement":[{"@type":"ListItem","position":1,"name":"In\u00edcio","item":"https:\/\/psol50.org.br\/"},{"@type":"ListItem","position":2,"name":"RJ:Todos na posse popular &#8211; Nesta 3\u00aa feira (1\/2), 17h, na ALERJ"}]},{"@type":"WebSite","@id":"https:\/\/psol50.org.br\/#website","url":"https:\/\/psol50.org.br\/","name":"PSOL 50","description":"Site oficial do Partido Socialismo e Liberdade","publisher":{"@id":"https:\/\/psol50.org.br\/#organization"},"alternateName":"PSOL50","potentialAction":[{"@type":"SearchAction","target":{"@type":"EntryPoint","urlTemplate":"https:\/\/psol50.org.br\/?s={search_term_string}"},"query-input":{"@type":"PropertyValueSpecification","valueRequired":true,"valueName":"search_term_string"}}],"inLanguage":"pt-BR"},{"@type":"Organization","@id":"https:\/\/psol50.org.br\/#organization","name":"PSOL 50","alternateName":"PSOL 50","url":"https:\/\/psol50.org.br\/","logo":{"@type":"ImageObject","inLanguage":"pt-BR","@id":"https:\/\/psol50.org.br\/#\/schema\/logo\/image\/","url":"https:\/\/psol50.org.br\/inc\/uploads\/2018\/07\/capa.png","contentUrl":"https:\/\/psol50.org.br\/inc\/uploads\/2018\/07\/capa.png","width":1350,"height":900,"caption":"PSOL 50"},"image":{"@id":"https:\/\/psol50.org.br\/#\/schema\/logo\/image\/"},"sameAs":["https:\/\/www.facebook.com\/psol50","https:\/\/x.com\/psol50","https:\/\/www.instagram.com\/psol50\/","https:\/\/www.youtube.com\/channel\/UC7SnJS5o1os7a6CaiNabzcg"]},{"@type":"Person","@id":"https:\/\/psol50.org.br\/#\/schema\/person\/475dfa57d0b815993c714c2e96491fcd","name":"Comunica\u00e7\u00e3o PSOL","image":{"@type":"ImageObject","inLanguage":"pt-BR","@id":"https:\/\/psol50.org.br\/#\/schema\/person\/image\/","url":"https:\/\/secure.gravatar.com\/avatar\/b34fc4f4e468a4e51785917065a3db57b841f5c95dba6ad8c73aaf8f66f8f9bf?s=96&d=mm&r=g","contentUrl":"https:\/\/secure.gravatar.com\/avatar\/b34fc4f4e468a4e51785917065a3db57b841f5c95dba6ad8c73aaf8f66f8f9bf?s=96&d=mm&r=g","caption":"Comunica\u00e7\u00e3o PSOL"}}]}},"_links":{"self":[{"href":"https:\/\/psol50.org.br\/rest\/wp\/v2\/posts\/1474","targetHints":{"allow":["GET"]}}],"collection":[{"href":"https:\/\/psol50.org.br\/rest\/wp\/v2\/posts"}],"about":[{"href":"https:\/\/psol50.org.br\/rest\/wp\/v2\/types\/post"}],"author":[{"embeddable":true,"href":"https:\/\/psol50.org.br\/rest\/wp\/v2\/users\/2"}],"replies":[{"embeddable":true,"href":"https:\/\/psol50.org.br\/rest\/wp\/v2\/comments?post=1474"}],"version-history":[{"count":0,"href":"https:\/\/psol50.org.br\/rest\/wp\/v2\/posts\/1474\/revisions"}],"wp:attachment":[{"href":"https:\/\/psol50.org.br\/rest\/wp\/v2\/media?parent=1474"}],"wp:term":[{"taxonomy":"category","embeddable":true,"href":"https:\/\/psol50.org.br\/rest\/wp\/v2\/categories?post=1474"},{"taxonomy":"post_tag","embeddable":true,"href":"https:\/\/psol50.org.br\/rest\/wp\/v2\/tags?post=1474"}],"curies":[{"name":"wp","href":"https:\/\/api.w.org\/{rel}","templated":true}]}}