{"id":1475,"date":"2011-02-02T00:00:00","date_gmt":"2011-02-02T00:00:00","guid":{"rendered":"http:\/\/psol50.org.br\/arquivo\/2011\/02\/02\/rj-freixo-pede-abertura-de-cpi-das-armas\/"},"modified":"2011-02-02T00:00:00","modified_gmt":"2011-02-02T00:00:00","slug":"rj-freixo-pede-abertura-de-cpi-das-armas","status":"publish","type":"post","link":"https:\/\/psol50.org.br\/rj-freixo-pede-abertura-de-cpi-das-armas\/","title":{"rendered":"RJ: Freixo pede abertura de CPI das Armas"},"content":{"rendered":"<p>Ao iniciar o seu segundo mandato na Alerj, a primeira a\u00e7\u00e3o do deputado estadual Marcelo Freixo (PSOL) ser\u00e1 pedir a abertura de uma CPI para apura\u00e7\u00e3o dos crimes cometidos no \u00e2mbito do Estado do Rio de Janeiro relacionados ao tr\u00e1fico e ao uso de armas de fogo, muni\u00e7\u00f5es e explosivos por traficantes de drogas, milicianos, bicheiros e outros grupos criminosos. Com a coautoria do deputado Wagner Montes, Freixo vai dar entrada no requerimento no primeiro dia da nova legislatura, nesta quinta-feira (3\/2). &#8220;O que diferencia a viol\u00eancia no Rio de Janeiro da que ocorre em outros estados \u00e9 a presen\u00e7a de armamento pesado.\u00a0 Cabe ao Parlamento contribuir para a seguran\u00e7a p\u00fablica estadual na investiga\u00e7\u00e3o da origem e na identifica\u00e7\u00e3o daqueles que realmente lucram com esse neg\u00f3cio&#8221;, explica, sobre a motiva\u00e7\u00e3o de sua iniciativa, Marcelo Freixo, que presidiu em 2008 a CPI das Mil\u00edcias, que resultou no indiciamento de 225 envolvidos e na apresenta\u00e7\u00e3o de 58 propostas de a\u00e7\u00f5es concretas para o enfrentamento dessa m\u00e1fia.<\/p>\n<p>Obs: Requerimento na \u00edntegra abaixo:<\/p>\n<p>REQUERIMENTO N\u00ba<\/p>\n<p>EMENTA:<\/p>\n<p>REQUER A CRIA\u00c7\u00c3O DE COMISS\u00c3O PARLAMENTAR DE INQU\u00c9RITO COM A FINALIDADE ESPEC\u00cdFICA DE INVESTIGAR, NO \u00c2MBITO DO ESTADO DO RIO DE JANEIRO, O TR\u00c1FICO DE ARMAS, MUNI\u00c7\u00d5ES E EXPLOSIVOS E A CONSEQUENTE UTILIZA\u00c7\u00c3O DESSE ARSENAL POR TRAFICANTES DE DROGAS, MILICIANOS, BICHEIROS E OUTROS BANDOS, QUADRILHAS OU ORGANIZA\u00c7\u00d5ES CRIMINOSAS.<\/p>\n<p>Autor(es): Deputado MARCELO FREIXO, WAGNER MONTES<\/p>\n<p>Requeiro \u00e0 Mesa Diretora, nos termos no art. 30 do Regimento Interno desta Casa Legislativa, a cria\u00e7\u00e3o da Comiss\u00e3o Parlamentar de Inqu\u00e9rito &#8211; CPI &#8211; com a finalidade espec\u00edfica de investigar, no \u00e2mbito do estado do Rio de Janeiro, o tr\u00e1fico de armas, muni\u00e7\u00f5es e explosivos e a consequente utiliza\u00e7\u00e3o desse arsenal por traficantes de drogas, milicianos, bicheiros e outros bandos, quadrilhas ou organiza\u00e7\u00f5es criminosas.<\/p>\n<p>A Comiss\u00e3o ser\u00e1 composta de 5 (cinco) membros e ter\u00e1 prazo de 90 (noventa) dias para conclus\u00e3o dos seus trabalhos, prorrog\u00e1veis por 60 (sessenta) dias, conforme consta no \u00a7 6\u00ba do artigo 30 do Regimento Interno desta Casa Legislativa, c\/c a Lei n.\u00ba 1579\/52.<\/p>\n<p>Plen\u00e1rio Barbosa Lima Sobrinho, em 01 de fevereiro de 2011.<\/p>\n<p>DEPUTADO MARCELO FREIXO DEPUTADO WAGNER MONTES<\/p>\n<p>\u00c9 publico e not\u00f3rio o intenso tr\u00e1fico de armas, muni\u00e7\u00f5es e explosivos no \u00e2mbito do Estado do Rio de Janeiro e a sua utiliza\u00e7\u00e3o por traficantes de drogas, milicianos, bicheiros e outros bandos, quadrilhas ou organiza\u00e7\u00f5es criminosas.<\/p>\n<p>Embora seja significativa a quantidade de apreens\u00f5es de armas no Rio de Janeiro, n\u00e3o resta d\u00favida do quanto \u00e9 insuficiente esse n\u00famero. No per\u00edodo de janeiro a novembro de 2010, foram contabilizados 6.289 registros de apreens\u00e3o, segundo o Instituto de Seguran\u00e7a P\u00fablica (ISP\/RJ). Estima-se que a m\u00e9dia de apreens\u00e3o de armas no estado do Rio de Janeiros seja de 13 mil por ano. Por\u00e9m, segundo pesquisa do ISER, somente no munic\u00edpio do Rio de Janeiro havia em 2006 cerca de 998.621 armas em circula\u00e7\u00e3o, dessas 159.723 estariam vinculadas a atividades criminosas.<\/p>\n<p>Como observa relat\u00f3rio elaborado pela organiza\u00e7\u00e3o n\u00e3o-governamental Viva Rio, as armas de fogo matam mais pessoas do que doen\u00e7as respirat\u00f3rias, cardiovasculares, c\u00e2ncer, AIDS e acidentes de tr\u00e2nsito. A \u00edntima associa\u00e7\u00e3o entre a criminalidade violenta e o tr\u00e1fico de armas, muni\u00e7\u00f5es e explosivos \u00e9 uma das principais causas para os altos \u00edndices de letalidade por uso de armas. Os mecanismos pelos quais o tr\u00e1fico de drogas, as mil\u00edcias, os bicheiros e outros grupos criminosos acessam ilegalmente variado e expressivo arsenal, seja atrav\u00e9s do tr\u00e1fico de armas ou desviando de institui\u00e7\u00f5es p\u00fablicas, viabilizam os inflacionados \u00edndices de mortes violentas apurados anualmente no estado do Rio de Janeiro.<\/p>\n<p>Quanto ao tr\u00e1fico de drogas, chama a aten\u00e7\u00e3o o exemplo da ocupa\u00e7\u00e3o militar do Complexo do Alem\u00e3o em 2010. Segundo o jornal &#8220;Folha de S\u00e3o Paulo&#8221;, publicado em 03\/12, &#8220;em 12 dias de confrontos, incluindo as invas\u00f5es nos complexos da Vila Cruzeiro e do Complexo do Alem\u00e3o, foram apreendidas 518 armas &#8212; sendo 200 pistolas, 140 fuzis, 73 rev\u00f3lveres, 35 metralhadoras, 34 espingardas e 18 submetralhadoras, al\u00e9m de 38 granadas e seis bombas artesanais&#8221;. Tal amostragem demonstra que o tr\u00e1fico de drogas e armas andam de m\u00e3os dadas.<\/p>\n<p>H\u00e1 informa\u00e7\u00f5es no sentido de que mil\u00edcias, inclusive com a participa\u00e7\u00e3o de pol\u00edticos, mais do que utilizarem esse armamento, tamb\u00e9m o vendem para os traficantes de drogas. Segundo o portal &#8220;G1&#8221;, 21\/12\/2010, um grupo de milicianos de Duque de Caxias, na Baixada Fluminense, que negociava armas com traficantes do Conjunto de Favelas do Alem\u00e3o, na Penha, na Zona Norte do Rio, foi preso. E segue: &#8220;A opera\u00e7\u00e3o, que visa cumprir 34 mandados de pris\u00e3o j\u00e1 prendeu 20 pessoas. Entre elas, dois vereadores, policiais militares, ex-PMs, um sargento do Ex\u00e9rcito e um fuzileiro naval&#8221;.<\/p>\n<p>Bicheiros se matando numa disputa sem fim, inclusive com a utiliza\u00e7\u00e3o de explosivos por acionamento remoto, como foi o caso da morte recente do filho de um famoso bicheiro que atua no Rio de Janeiro.<\/p>\n<p>Todos esses fatos ilustram a complexa estrutura do tr\u00e1fico de armas, muni\u00e7\u00f5es e explosivos no Rio de Janeiro, bem como sua centralidade na organiza\u00e7\u00e3o das v\u00e1rias modalidades de criminalidade violenta. Enfrentar o tr\u00e1fico de armas e os desvios de armamentos das corpora\u00e7\u00f5es policiais n\u00e3o se reduz ao controle de fronteiras e nem \u00e0s opera\u00e7\u00f5es voltadas para a apreens\u00e3o dessas mercadorias, apesar do importante papel de tais a\u00e7\u00f5es.<\/p>\n<p>H\u00e1 tamb\u00e9m os problemas verificados no processo de venda, estocagem e distribui\u00e7\u00e3o de armas, como indicado por especialistas. \u00c9 sabido ainda que a maioria das armas ilegais em circula\u00e7\u00e3o foram legais em sua origem. Tanto \u00e9 assim, que h\u00e1 estudos do Minist\u00e9rio da Justi\u00e7a afirmando que as armas estrangeiras n\u00e3o passam de 20% do total das armas apreendidas, inclusive no Rio de janeiro.<\/p>\n<p>Diante desse quadro, o Poder Legislativo deve fazer a sua parte e ter uma postura mais ativa nessa quest\u00e3o por meio de uma pertinente investiga\u00e7\u00e3o pol\u00edtica. A instaura\u00e7\u00e3o de uma Comiss\u00e3o Parlamentar de Inqu\u00e9rito com esse fim \u00e9 imprescind\u00edvel para que se apure o funcionamento desse tr\u00e1fico e a consequente utiliza\u00e7\u00e3o do arsenal em tela no nosso estado, o que \u00e9 condi\u00e7\u00e3o, necess\u00e1ria, para se propor e efetivar medidas legislativas eficientes que inibam a venda e utiliza\u00e7\u00e3o il\u00edcitas de armas, bem como colaborar com a Pol\u00edcia, o Minist\u00e9rio P\u00fablico e o Judici\u00e1rio nesse sentido<\/p>\n<p>Quanto mais fraco o tr\u00e1fico desse armamento, mais seguran\u00e7a p\u00fablica ter\u00e1 a sociedade.<\/p>\n<p>DEPUTADO MARCELO FREIXO DEPUTADO WAGNER MONTES<\/p>\n","protected":false},"excerpt":{"rendered":"<p>Ao iniciar o seu segundo mandato na Alerj, a primeira a\u00e7\u00e3o do deputado estadual Marcelo Freixo (PSOL) ser\u00e1 pedir a abertura de uma CPI para apura\u00e7\u00e3o dos crimes cometidos no \u00e2mbito do Estado do Rio de Janeiro relacionados ao tr\u00e1fico e ao uso de armas de fogo, muni\u00e7\u00f5es e explosivos por traficantes de drogas, milicianos, [&hellip;]<\/p>\n","protected":false},"author":2,"featured_media":0,"comment_status":"open","ping_status":"open","sticky":false,"template":"","format":"standard","meta":{"_acf_changed":false,"footnotes":""},"categories":[4766],"tags":[],"class_list":{"0":"post-1475","1":"post","2":"type-post","3":"status-publish","4":"format-standard","6":"category-arquivo"},"acf":[],"yoast_head":"<!-- This site is optimized with the Yoast SEO plugin v26.5 - https:\/\/yoast.com\/wordpress\/plugins\/seo\/ -->\n<title>RJ: Freixo pede abertura de CPI das Armas - PSOL 50<\/title>\n<meta name=\"robots\" content=\"index, follow, max-snippet:-1, max-image-preview:large, max-video-preview:-1\" \/>\n<link rel=\"canonical\" href=\"https:\/\/psol50.org.br\/rj-freixo-pede-abertura-de-cpi-das-armas\/\" \/>\n<meta property=\"og:locale\" content=\"pt_BR\" \/>\n<meta property=\"og:type\" content=\"article\" \/>\n<meta property=\"og:title\" content=\"RJ: Freixo pede abertura de CPI das Armas - PSOL 50\" \/>\n<meta property=\"og:description\" content=\"Ao iniciar o seu segundo mandato na Alerj, a primeira a\u00e7\u00e3o do deputado estadual Marcelo Freixo (PSOL) ser\u00e1 pedir a abertura de uma CPI para apura\u00e7\u00e3o dos crimes cometidos no \u00e2mbito do Estado do Rio de Janeiro relacionados ao tr\u00e1fico e ao uso de armas de fogo, muni\u00e7\u00f5es e explosivos por traficantes de drogas, milicianos, [&hellip;]\" \/>\n<meta property=\"og:url\" content=\"https:\/\/psol50.org.br\/rj-freixo-pede-abertura-de-cpi-das-armas\/\" \/>\n<meta property=\"og:site_name\" content=\"PSOL 50\" \/>\n<meta property=\"article:publisher\" content=\"https:\/\/www.facebook.com\/psol50\" \/>\n<meta property=\"article:published_time\" content=\"2011-02-02T00:00:00+00:00\" \/>\n<meta property=\"og:image\" content=\"https:\/\/psol50.org.br\/inc\/uploads\/2018\/07\/capa.png\" \/>\n\t<meta property=\"og:image:width\" content=\"1350\" \/>\n\t<meta property=\"og:image:height\" content=\"900\" \/>\n\t<meta property=\"og:image:type\" content=\"image\/png\" \/>\n<meta name=\"author\" content=\"Comunica\u00e7\u00e3o PSOL\" \/>\n<meta name=\"twitter:card\" content=\"summary_large_image\" \/>\n<meta name=\"twitter:creator\" content=\"@psol50\" \/>\n<meta name=\"twitter:site\" content=\"@psol50\" \/>\n<meta name=\"twitter:label1\" content=\"Escrito por\" \/>\n\t<meta name=\"twitter:data1\" content=\"Comunica\u00e7\u00e3o PSOL\" \/>\n\t<meta name=\"twitter:label2\" content=\"Est. tempo de leitura\" \/>\n\t<meta name=\"twitter:data2\" content=\"6 minutos\" \/>\n<script type=\"application\/ld+json\" class=\"yoast-schema-graph\">{\"@context\":\"https:\/\/schema.org\",\"@graph\":[{\"@type\":\"Article\",\"@id\":\"https:\/\/psol50.org.br\/rj-freixo-pede-abertura-de-cpi-das-armas\/#article\",\"isPartOf\":{\"@id\":\"https:\/\/psol50.org.br\/rj-freixo-pede-abertura-de-cpi-das-armas\/\"},\"author\":{\"name\":\"Comunica\u00e7\u00e3o PSOL\",\"@id\":\"https:\/\/psol50.org.br\/#\/schema\/person\/475dfa57d0b815993c714c2e96491fcd\"},\"headline\":\"RJ: Freixo pede abertura de CPI das Armas\",\"datePublished\":\"2011-02-02T00:00:00+00:00\",\"mainEntityOfPage\":{\"@id\":\"https:\/\/psol50.org.br\/rj-freixo-pede-abertura-de-cpi-das-armas\/\"},\"wordCount\":1137,\"commentCount\":0,\"publisher\":{\"@id\":\"https:\/\/psol50.org.br\/#organization\"},\"articleSection\":[\"Arquivo\"],\"inLanguage\":\"pt-BR\",\"potentialAction\":[{\"@type\":\"CommentAction\",\"name\":\"Comment\",\"target\":[\"https:\/\/psol50.org.br\/rj-freixo-pede-abertura-de-cpi-das-armas\/#respond\"]}]},{\"@type\":\"WebPage\",\"@id\":\"https:\/\/psol50.org.br\/rj-freixo-pede-abertura-de-cpi-das-armas\/\",\"url\":\"https:\/\/psol50.org.br\/rj-freixo-pede-abertura-de-cpi-das-armas\/\",\"name\":\"RJ: Freixo pede abertura de CPI das Armas - PSOL 50\",\"isPartOf\":{\"@id\":\"https:\/\/psol50.org.br\/#website\"},\"datePublished\":\"2011-02-02T00:00:00+00:00\",\"breadcrumb\":{\"@id\":\"https:\/\/psol50.org.br\/rj-freixo-pede-abertura-de-cpi-das-armas\/#breadcrumb\"},\"inLanguage\":\"pt-BR\",\"potentialAction\":[{\"@type\":\"ReadAction\",\"target\":[\"https:\/\/psol50.org.br\/rj-freixo-pede-abertura-de-cpi-das-armas\/\"]}]},{\"@type\":\"BreadcrumbList\",\"@id\":\"https:\/\/psol50.org.br\/rj-freixo-pede-abertura-de-cpi-das-armas\/#breadcrumb\",\"itemListElement\":[{\"@type\":\"ListItem\",\"position\":1,\"name\":\"In\u00edcio\",\"item\":\"https:\/\/psol50.org.br\/\"},{\"@type\":\"ListItem\",\"position\":2,\"name\":\"RJ: Freixo pede abertura de CPI das Armas\"}]},{\"@type\":\"WebSite\",\"@id\":\"https:\/\/psol50.org.br\/#website\",\"url\":\"https:\/\/psol50.org.br\/\",\"name\":\"PSOL 50\",\"description\":\"Site oficial do Partido Socialismo e Liberdade\",\"publisher\":{\"@id\":\"https:\/\/psol50.org.br\/#organization\"},\"alternateName\":\"PSOL50\",\"potentialAction\":[{\"@type\":\"SearchAction\",\"target\":{\"@type\":\"EntryPoint\",\"urlTemplate\":\"https:\/\/psol50.org.br\/?s={search_term_string}\"},\"query-input\":{\"@type\":\"PropertyValueSpecification\",\"valueRequired\":true,\"valueName\":\"search_term_string\"}}],\"inLanguage\":\"pt-BR\"},{\"@type\":\"Organization\",\"@id\":\"https:\/\/psol50.org.br\/#organization\",\"name\":\"PSOL 50\",\"alternateName\":\"PSOL 50\",\"url\":\"https:\/\/psol50.org.br\/\",\"logo\":{\"@type\":\"ImageObject\",\"inLanguage\":\"pt-BR\",\"@id\":\"https:\/\/psol50.org.br\/#\/schema\/logo\/image\/\",\"url\":\"https:\/\/psol50.org.br\/inc\/uploads\/2018\/07\/capa.png\",\"contentUrl\":\"https:\/\/psol50.org.br\/inc\/uploads\/2018\/07\/capa.png\",\"width\":1350,\"height\":900,\"caption\":\"PSOL 50\"},\"image\":{\"@id\":\"https:\/\/psol50.org.br\/#\/schema\/logo\/image\/\"},\"sameAs\":[\"https:\/\/www.facebook.com\/psol50\",\"https:\/\/x.com\/psol50\",\"https:\/\/www.instagram.com\/psol50\/\",\"https:\/\/www.youtube.com\/channel\/UC7SnJS5o1os7a6CaiNabzcg\"]},{\"@type\":\"Person\",\"@id\":\"https:\/\/psol50.org.br\/#\/schema\/person\/475dfa57d0b815993c714c2e96491fcd\",\"name\":\"Comunica\u00e7\u00e3o PSOL\",\"image\":{\"@type\":\"ImageObject\",\"inLanguage\":\"pt-BR\",\"@id\":\"https:\/\/psol50.org.br\/#\/schema\/person\/image\/\",\"url\":\"https:\/\/secure.gravatar.com\/avatar\/b34fc4f4e468a4e51785917065a3db57b841f5c95dba6ad8c73aaf8f66f8f9bf?s=96&d=mm&r=g\",\"contentUrl\":\"https:\/\/secure.gravatar.com\/avatar\/b34fc4f4e468a4e51785917065a3db57b841f5c95dba6ad8c73aaf8f66f8f9bf?s=96&d=mm&r=g\",\"caption\":\"Comunica\u00e7\u00e3o PSOL\"}}]}<\/script>\n<!-- \/ Yoast SEO plugin. -->","yoast_head_json":{"title":"RJ: Freixo pede abertura de CPI das Armas - PSOL 50","robots":{"index":"index","follow":"follow","max-snippet":"max-snippet:-1","max-image-preview":"max-image-preview:large","max-video-preview":"max-video-preview:-1"},"canonical":"https:\/\/psol50.org.br\/rj-freixo-pede-abertura-de-cpi-das-armas\/","og_locale":"pt_BR","og_type":"article","og_title":"RJ: Freixo pede abertura de CPI das Armas - PSOL 50","og_description":"Ao iniciar o seu segundo mandato na Alerj, a primeira a\u00e7\u00e3o do deputado estadual Marcelo Freixo (PSOL) ser\u00e1 pedir a abertura de uma CPI para apura\u00e7\u00e3o dos crimes cometidos no \u00e2mbito do Estado do Rio de Janeiro relacionados ao tr\u00e1fico e ao uso de armas de fogo, muni\u00e7\u00f5es e explosivos por traficantes de drogas, milicianos, [&hellip;]","og_url":"https:\/\/psol50.org.br\/rj-freixo-pede-abertura-de-cpi-das-armas\/","og_site_name":"PSOL 50","article_publisher":"https:\/\/www.facebook.com\/psol50","article_published_time":"2011-02-02T00:00:00+00:00","og_image":[{"width":1350,"height":900,"url":"https:\/\/psol50.org.br\/inc\/uploads\/2018\/07\/capa.png","type":"image\/png"}],"author":"Comunica\u00e7\u00e3o PSOL","twitter_card":"summary_large_image","twitter_creator":"@psol50","twitter_site":"@psol50","twitter_misc":{"Escrito por":"Comunica\u00e7\u00e3o PSOL","Est. tempo de leitura":"6 minutos"},"schema":{"@context":"https:\/\/schema.org","@graph":[{"@type":"Article","@id":"https:\/\/psol50.org.br\/rj-freixo-pede-abertura-de-cpi-das-armas\/#article","isPartOf":{"@id":"https:\/\/psol50.org.br\/rj-freixo-pede-abertura-de-cpi-das-armas\/"},"author":{"name":"Comunica\u00e7\u00e3o PSOL","@id":"https:\/\/psol50.org.br\/#\/schema\/person\/475dfa57d0b815993c714c2e96491fcd"},"headline":"RJ: Freixo pede abertura de CPI das Armas","datePublished":"2011-02-02T00:00:00+00:00","mainEntityOfPage":{"@id":"https:\/\/psol50.org.br\/rj-freixo-pede-abertura-de-cpi-das-armas\/"},"wordCount":1137,"commentCount":0,"publisher":{"@id":"https:\/\/psol50.org.br\/#organization"},"articleSection":["Arquivo"],"inLanguage":"pt-BR","potentialAction":[{"@type":"CommentAction","name":"Comment","target":["https:\/\/psol50.org.br\/rj-freixo-pede-abertura-de-cpi-das-armas\/#respond"]}]},{"@type":"WebPage","@id":"https:\/\/psol50.org.br\/rj-freixo-pede-abertura-de-cpi-das-armas\/","url":"https:\/\/psol50.org.br\/rj-freixo-pede-abertura-de-cpi-das-armas\/","name":"RJ: Freixo pede abertura de CPI das Armas - PSOL 50","isPartOf":{"@id":"https:\/\/psol50.org.br\/#website"},"datePublished":"2011-02-02T00:00:00+00:00","breadcrumb":{"@id":"https:\/\/psol50.org.br\/rj-freixo-pede-abertura-de-cpi-das-armas\/#breadcrumb"},"inLanguage":"pt-BR","potentialAction":[{"@type":"ReadAction","target":["https:\/\/psol50.org.br\/rj-freixo-pede-abertura-de-cpi-das-armas\/"]}]},{"@type":"BreadcrumbList","@id":"https:\/\/psol50.org.br\/rj-freixo-pede-abertura-de-cpi-das-armas\/#breadcrumb","itemListElement":[{"@type":"ListItem","position":1,"name":"In\u00edcio","item":"https:\/\/psol50.org.br\/"},{"@type":"ListItem","position":2,"name":"RJ: Freixo pede abertura de CPI das Armas"}]},{"@type":"WebSite","@id":"https:\/\/psol50.org.br\/#website","url":"https:\/\/psol50.org.br\/","name":"PSOL 50","description":"Site oficial do Partido Socialismo e Liberdade","publisher":{"@id":"https:\/\/psol50.org.br\/#organization"},"alternateName":"PSOL50","potentialAction":[{"@type":"SearchAction","target":{"@type":"EntryPoint","urlTemplate":"https:\/\/psol50.org.br\/?s={search_term_string}"},"query-input":{"@type":"PropertyValueSpecification","valueRequired":true,"valueName":"search_term_string"}}],"inLanguage":"pt-BR"},{"@type":"Organization","@id":"https:\/\/psol50.org.br\/#organization","name":"PSOL 50","alternateName":"PSOL 50","url":"https:\/\/psol50.org.br\/","logo":{"@type":"ImageObject","inLanguage":"pt-BR","@id":"https:\/\/psol50.org.br\/#\/schema\/logo\/image\/","url":"https:\/\/psol50.org.br\/inc\/uploads\/2018\/07\/capa.png","contentUrl":"https:\/\/psol50.org.br\/inc\/uploads\/2018\/07\/capa.png","width":1350,"height":900,"caption":"PSOL 50"},"image":{"@id":"https:\/\/psol50.org.br\/#\/schema\/logo\/image\/"},"sameAs":["https:\/\/www.facebook.com\/psol50","https:\/\/x.com\/psol50","https:\/\/www.instagram.com\/psol50\/","https:\/\/www.youtube.com\/channel\/UC7SnJS5o1os7a6CaiNabzcg"]},{"@type":"Person","@id":"https:\/\/psol50.org.br\/#\/schema\/person\/475dfa57d0b815993c714c2e96491fcd","name":"Comunica\u00e7\u00e3o PSOL","image":{"@type":"ImageObject","inLanguage":"pt-BR","@id":"https:\/\/psol50.org.br\/#\/schema\/person\/image\/","url":"https:\/\/secure.gravatar.com\/avatar\/b34fc4f4e468a4e51785917065a3db57b841f5c95dba6ad8c73aaf8f66f8f9bf?s=96&d=mm&r=g","contentUrl":"https:\/\/secure.gravatar.com\/avatar\/b34fc4f4e468a4e51785917065a3db57b841f5c95dba6ad8c73aaf8f66f8f9bf?s=96&d=mm&r=g","caption":"Comunica\u00e7\u00e3o PSOL"}}]}},"_links":{"self":[{"href":"https:\/\/psol50.org.br\/rest\/wp\/v2\/posts\/1475","targetHints":{"allow":["GET"]}}],"collection":[{"href":"https:\/\/psol50.org.br\/rest\/wp\/v2\/posts"}],"about":[{"href":"https:\/\/psol50.org.br\/rest\/wp\/v2\/types\/post"}],"author":[{"embeddable":true,"href":"https:\/\/psol50.org.br\/rest\/wp\/v2\/users\/2"}],"replies":[{"embeddable":true,"href":"https:\/\/psol50.org.br\/rest\/wp\/v2\/comments?post=1475"}],"version-history":[{"count":0,"href":"https:\/\/psol50.org.br\/rest\/wp\/v2\/posts\/1475\/revisions"}],"wp:attachment":[{"href":"https:\/\/psol50.org.br\/rest\/wp\/v2\/media?parent=1475"}],"wp:term":[{"taxonomy":"category","embeddable":true,"href":"https:\/\/psol50.org.br\/rest\/wp\/v2\/categories?post=1475"},{"taxonomy":"post_tag","embeddable":true,"href":"https:\/\/psol50.org.br\/rest\/wp\/v2\/tags?post=1475"}],"curies":[{"name":"wp","href":"https:\/\/api.w.org\/{rel}","templated":true}]}}