{"id":14754,"date":"2016-12-02T11:56:08","date_gmt":"2016-12-02T11:56:08","guid":{"rendered":"http:\/\/www.psol50.org.br\/?p=14754"},"modified":"2016-12-02T11:56:08","modified_gmt":"2016-12-02T11:56:08","slug":"renan-calheiros-fiel-aliado-de-temer-e-considerado-reu-pelo-stf","status":"publish","type":"post","link":"https:\/\/psol50.org.br\/renan-calheiros-fiel-aliado-de-temer-e-considerado-reu-pelo-stf\/","title":{"rendered":"Renan Calheiros, fiel aliado de Temer, \u00e9 considerado r\u00e9u pelo STF"},"content":{"rendered":"<p>Mais um importante fato esta semana abala as estruturas do Pal\u00e1cio do Planalto e de sua base aliada no Congresso Nacional. Em vota\u00e7\u00e3o nesta quinta-feira (1\u00ba\/12), o Supremo Tribunal Federal (STF) entendeu, por 8 votos a 3, que o presidente do Senado, Renan Calheiros (PMDB-AL), \u00e9 r\u00e9u pelo crime de peculato. A decis\u00e3o foi com base na den\u00fancia apresentada pela Procuradoria-Geral da Rep\u00fablica (PGR) em 2013 contra Calheiros, que \u00e9 do mesmo partido de Michel Temer e seu fiel representante no Congresso Nacional. Com a decis\u00e3o, o senador se torna r\u00e9u na Corte pela primeira vez.<\/p>\n<p>O Supremo entendeu, no entanto, que as acusa\u00e7\u00f5es de falsidade ideol\u00f3gica e uso de documento falso, que pensavam contra Calheiros, prescreveram em 2015, oito anos depois de a infra\u00e7\u00e3o ter sido cometida, seguindo voto do relator, ministro Edson Fachin.<\/p>\n<p>Pela den\u00fancia, o presidente do Senado \u00e9 acusado de usar o lobista de uma empreiteira para pagar pens\u00e3o a uma filha. Ele tamb\u00e9m \u00e9 acusado de ter adulterado documentos para justificar os pagamentos. O caso foi revelado em 2007. Na \u00e9poca, as den\u00fancias levaram Renan a renunciar \u00e0 presid\u00eancia do Senado, cargo que, ainda assim, voltou a ocupar sete anos depois.<\/p>\n<p>Em seu relat\u00f3rio, Edson Fachin avaliou que as provas apresentadas no processo mostram que h\u00e1 ind\u00edcios de que Renan Calheiros usou em 2007 notas fiscais para mascarar desvios de verba indenizat\u00f3ria do Senado para simular os contratos de presta\u00e7\u00e3o de servi\u00e7os de loca\u00e7\u00e3o de ve\u00edculos.<\/p>\n<p>\u201cA den\u00fancia imputa ao acusado a celebra\u00e7\u00e3o de m\u00fatuo fict\u00edcio com a empresa Costa Dourada Ve\u00edculos para fim de, artificialmente, ampliar sua capacidade financeira e justificar perante o Conselho de \u00c9tica do Senado capacidade de arcar com o pagamento de pens\u00e3o aliment\u00edcia\u201d, disse o ministro.<\/p>\n<p>Para o l\u00edder do PSOL, Ivan Valente (SPO, a\u00a0decis\u00e3o do STF representa mais um rev\u00e9s contra o governo Temer. &#8220;Renan tem sido um aliado fundamental de Temer para conduzir no Senado a aprova\u00e7\u00e3o da PEC 55 (antiga 241) e as demais medidas de ajuste pretendidas pelo governo, como a reforma da previd\u00eancia e a reforma trabalhista. Ambas com a pretens\u00e3o de retirar direitos da classe trabalhadora<span class=\"text_exposed_show\"> e da maioria do povo&#8221;, afirmou.<\/span><\/p>\n<p>De acordo com o l\u00edder, a\u00a0perman\u00eancia de Renan na Presid\u00eancia do Senado depende agora do ministro Dias Toffoli, autor de um pedido de vista que paralisou a vota\u00e7\u00e3o no Supremo Tribunal Federal em que a maioria dos ministros j\u00e1 havia decidido que, quando um pol\u00edtico torna-se r\u00e9u no STF, o mesmo n\u00e3o poder\u00e1 ocupar uma cadeira na linha sucess\u00f3ria da Presid\u00eancia da Rep\u00fablica. &#8220;A situa\u00e7\u00e3o dos golpistas se complica e as press\u00f5es sobre Toffoli devem aumentar. Tudo isso, sem mencionar o estrago que ser\u00e1 feito pela mega dela\u00e7\u00e3o da Odebrecht&#8221;.<\/p>\n<p><strong>Acusa\u00e7\u00e3o<\/strong><br \/>\nNa den\u00fancia formalizada em 2013, a Procuradoria-Geral da Rep\u00fablica acusou Renan dos crimes de falsidade ideol\u00f3gica e uso de documento falso, por utilizar meios fraudulentos para justificar a origem de R$ 16,5 mil pagos mensalmente \u00e0 jornalista M\u00f4nica Veloso entre janeiro de 2004 e dezembro de 2006.<\/p>\n<p>Em processo aberto no Conselho de \u00c9tica do Senado quando o caso veio \u00e0 tona, em 2007, Renan apresentou recibos de venda de gado para comprovar uma renda compat\u00edvel com os pagamentos. Segundo laudo pericial da PGR, os documentos s\u00e3o falsos e n\u00e3o correspondem a transa\u00e7\u00f5es comerciais verdadeiras. Um dos compradores teria negado expressamente a compra de cabe\u00e7as de gado do senador.<\/p>\n<p>A PGR acusou ainda Renan do crime de peculato, por ter desviado, entre janeiro e julho de 2005, a verba indenizat\u00f3ria a que tem direito como senador. Apesar de ter apresentado notas fiscais para comprovar o aluguel de dois ve\u00edculos, os investigadores alegam que os documentos, no valor de R$ 6,4 mil cada, s\u00e3o fraudulentos.<\/p>\n<p>&#8220;N\u00e3o foram encontrados lan\u00e7amentos que possam comprovar a entrada e sa\u00edda de valores [nas contas da locadora de ve\u00edculos e do senador], situa\u00e7\u00e3o que comprova que a presta\u00e7\u00e3o de servi\u00e7os n\u00e3o ocorreu\u201d, disse o vice-procurador-geral da Rep\u00fablica, Jos\u00e9 Bonif\u00e1cio Borges de Andrada, ao ler o relat\u00f3rio da PGR, durante a sess\u00e3o.<\/p>\n<p><em>Com informa\u00e7\u00f5es da <a href=\"http:\/\/agenciabrasil.ebc.com.br\/politica\/noticia\/2016-12\/renan-calheiros-vira-reu-no-supremo-pela-primeira-vez\" target=\"_blank\" rel=\"noopener\">Ag\u00eancia Brasil<\/a><\/em><\/p>\n","protected":false},"excerpt":{"rendered":"<p>Mais um importante fato esta semana abala as estruturas do Pal\u00e1cio do Planalto e de sua base aliada no Congresso Nacional. Em vota\u00e7\u00e3o nesta quinta-feira (1\u00ba\/12), o Supremo Tribunal Federal (STF) entendeu, por 8 votos a 3, que o presidente do Senado, Renan Calheiros (PMDB-AL), \u00e9 r\u00e9u pelo crime de peculato. A decis\u00e3o foi com [&hellip;]<\/p>\n","protected":false},"author":2,"featured_media":14755,"comment_status":"open","ping_status":"open","sticky":false,"template":"","format":"standard","meta":{"_acf_changed":false,"footnotes":""},"categories":[10,1882,6],"tags":[4697,1748,77,2152,1722,22,4076,4035,2431,45],"class_list":{"0":"post-14754","1":"post","2":"type-post","3":"status-publish","4":"format-standard","5":"has-post-thumbnail","7":"category-acao-parlamentares","8":"category-brasil","9":"category-noticias","10":"tag-crime-de-peculato","11":"tag-michel-temer","12":"tag-pgr","13":"tag-pmdb","14":"tag-procuradoria-geral-da-republica","15":"tag-psol","16":"tag-renan-calheiros","17":"tag-reu","18":"tag-senado-federal","19":"tag-stf"},"acf":[],"yoast_head":"<!-- This site is optimized with the Yoast SEO plugin v26.5 - https:\/\/yoast.com\/wordpress\/plugins\/seo\/ -->\n<title>Renan Calheiros, fiel aliado de Temer, \u00e9 considerado r\u00e9u pelo STF - PSOL 50<\/title>\n<meta name=\"robots\" content=\"index, follow, max-snippet:-1, max-image-preview:large, max-video-preview:-1\" \/>\n<link rel=\"canonical\" href=\"https:\/\/psol50.org.br\/renan-calheiros-fiel-aliado-de-temer-e-considerado-reu-pelo-stf\/\" \/>\n<meta property=\"og:locale\" content=\"pt_BR\" \/>\n<meta property=\"og:type\" content=\"article\" \/>\n<meta property=\"og:title\" content=\"Renan Calheiros, fiel aliado de Temer, \u00e9 considerado r\u00e9u pelo STF - PSOL 50\" \/>\n<meta property=\"og:description\" content=\"Mais um importante fato esta semana abala as estruturas do Pal\u00e1cio do Planalto e de sua base aliada no Congresso Nacional. Em vota\u00e7\u00e3o nesta quinta-feira (1\u00ba\/12), o Supremo Tribunal Federal (STF) entendeu, por 8 votos a 3, que o presidente do Senado, Renan Calheiros (PMDB-AL), \u00e9 r\u00e9u pelo crime de peculato. A decis\u00e3o foi com [&hellip;]\" \/>\n<meta property=\"og:url\" content=\"https:\/\/psol50.org.br\/renan-calheiros-fiel-aliado-de-temer-e-considerado-reu-pelo-stf\/\" \/>\n<meta property=\"og:site_name\" content=\"PSOL 50\" \/>\n<meta property=\"article:publisher\" content=\"https:\/\/www.facebook.com\/psol50\" \/>\n<meta property=\"article:published_time\" content=\"2016-12-02T11:56:08+00:00\" \/>\n<meta property=\"og:image\" content=\"https:\/\/psol50.org.br\/inc\/uploads\/2018\/07\/capa.png\" \/>\n\t<meta property=\"og:image:width\" content=\"1350\" \/>\n\t<meta property=\"og:image:height\" content=\"900\" \/>\n\t<meta property=\"og:image:type\" content=\"image\/png\" \/>\n<meta name=\"author\" content=\"Comunica\u00e7\u00e3o PSOL\" \/>\n<meta name=\"twitter:card\" content=\"summary_large_image\" \/>\n<meta name=\"twitter:creator\" content=\"@psol50\" \/>\n<meta name=\"twitter:site\" content=\"@psol50\" \/>\n<meta name=\"twitter:label1\" content=\"Escrito por\" \/>\n\t<meta name=\"twitter:data1\" content=\"Comunica\u00e7\u00e3o PSOL\" \/>\n\t<meta name=\"twitter:label2\" content=\"Est. tempo de leitura\" \/>\n\t<meta name=\"twitter:data2\" content=\"4 minutos\" \/>\n<script type=\"application\/ld+json\" class=\"yoast-schema-graph\">{\"@context\":\"https:\/\/schema.org\",\"@graph\":[{\"@type\":\"Article\",\"@id\":\"https:\/\/psol50.org.br\/renan-calheiros-fiel-aliado-de-temer-e-considerado-reu-pelo-stf\/#article\",\"isPartOf\":{\"@id\":\"https:\/\/psol50.org.br\/renan-calheiros-fiel-aliado-de-temer-e-considerado-reu-pelo-stf\/\"},\"author\":{\"name\":\"Comunica\u00e7\u00e3o PSOL\",\"@id\":\"https:\/\/psol50.org.br\/#\/schema\/person\/475dfa57d0b815993c714c2e96491fcd\"},\"headline\":\"Renan Calheiros, fiel aliado de Temer, \u00e9 considerado r\u00e9u pelo STF\",\"datePublished\":\"2016-12-02T11:56:08+00:00\",\"mainEntityOfPage\":{\"@id\":\"https:\/\/psol50.org.br\/renan-calheiros-fiel-aliado-de-temer-e-considerado-reu-pelo-stf\/\"},\"wordCount\":735,\"commentCount\":0,\"publisher\":{\"@id\":\"https:\/\/psol50.org.br\/#organization\"},\"image\":{\"@id\":\"https:\/\/psol50.org.br\/renan-calheiros-fiel-aliado-de-temer-e-considerado-reu-pelo-stf\/#primaryimage\"},\"thumbnailUrl\":\"\",\"keywords\":[\"crime de peculato\",\"Michel Temer\",\"PGR\",\"PMDB\",\"Procuradoria Geral da Rep\u00fablica\",\"PSOL\",\"Renan Calheiros\",\"r\u00e9u\",\"Senado Federal\",\"STF\"],\"articleSection\":[\"A\u00e7\u00e3o Parlamentar\",\"Brasil\",\"Not\u00edcias\"],\"inLanguage\":\"pt-BR\",\"potentialAction\":[{\"@type\":\"CommentAction\",\"name\":\"Comment\",\"target\":[\"https:\/\/psol50.org.br\/renan-calheiros-fiel-aliado-de-temer-e-considerado-reu-pelo-stf\/#respond\"]}]},{\"@type\":\"WebPage\",\"@id\":\"https:\/\/psol50.org.br\/renan-calheiros-fiel-aliado-de-temer-e-considerado-reu-pelo-stf\/\",\"url\":\"https:\/\/psol50.org.br\/renan-calheiros-fiel-aliado-de-temer-e-considerado-reu-pelo-stf\/\",\"name\":\"Renan Calheiros, fiel aliado de Temer, \u00e9 considerado r\u00e9u pelo STF - PSOL 50\",\"isPartOf\":{\"@id\":\"https:\/\/psol50.org.br\/#website\"},\"primaryImageOfPage\":{\"@id\":\"https:\/\/psol50.org.br\/renan-calheiros-fiel-aliado-de-temer-e-considerado-reu-pelo-stf\/#primaryimage\"},\"image\":{\"@id\":\"https:\/\/psol50.org.br\/renan-calheiros-fiel-aliado-de-temer-e-considerado-reu-pelo-stf\/#primaryimage\"},\"thumbnailUrl\":\"\",\"datePublished\":\"2016-12-02T11:56:08+00:00\",\"breadcrumb\":{\"@id\":\"https:\/\/psol50.org.br\/renan-calheiros-fiel-aliado-de-temer-e-considerado-reu-pelo-stf\/#breadcrumb\"},\"inLanguage\":\"pt-BR\",\"potentialAction\":[{\"@type\":\"ReadAction\",\"target\":[\"https:\/\/psol50.org.br\/renan-calheiros-fiel-aliado-de-temer-e-considerado-reu-pelo-stf\/\"]}]},{\"@type\":\"ImageObject\",\"inLanguage\":\"pt-BR\",\"@id\":\"https:\/\/psol50.org.br\/renan-calheiros-fiel-aliado-de-temer-e-considerado-reu-pelo-stf\/#primaryimage\",\"url\":\"\",\"contentUrl\":\"\"},{\"@type\":\"BreadcrumbList\",\"@id\":\"https:\/\/psol50.org.br\/renan-calheiros-fiel-aliado-de-temer-e-considerado-reu-pelo-stf\/#breadcrumb\",\"itemListElement\":[{\"@type\":\"ListItem\",\"position\":1,\"name\":\"In\u00edcio\",\"item\":\"https:\/\/psol50.org.br\/\"},{\"@type\":\"ListItem\",\"position\":2,\"name\":\"Renan Calheiros, fiel aliado de Temer, \u00e9 considerado r\u00e9u pelo STF\"}]},{\"@type\":\"WebSite\",\"@id\":\"https:\/\/psol50.org.br\/#website\",\"url\":\"https:\/\/psol50.org.br\/\",\"name\":\"PSOL 50\",\"description\":\"Site oficial do Partido Socialismo e Liberdade\",\"publisher\":{\"@id\":\"https:\/\/psol50.org.br\/#organization\"},\"alternateName\":\"PSOL50\",\"potentialAction\":[{\"@type\":\"SearchAction\",\"target\":{\"@type\":\"EntryPoint\",\"urlTemplate\":\"https:\/\/psol50.org.br\/?s={search_term_string}\"},\"query-input\":{\"@type\":\"PropertyValueSpecification\",\"valueRequired\":true,\"valueName\":\"search_term_string\"}}],\"inLanguage\":\"pt-BR\"},{\"@type\":\"Organization\",\"@id\":\"https:\/\/psol50.org.br\/#organization\",\"name\":\"PSOL 50\",\"alternateName\":\"PSOL 50\",\"url\":\"https:\/\/psol50.org.br\/\",\"logo\":{\"@type\":\"ImageObject\",\"inLanguage\":\"pt-BR\",\"@id\":\"https:\/\/psol50.org.br\/#\/schema\/logo\/image\/\",\"url\":\"https:\/\/psol50.org.br\/inc\/uploads\/2018\/07\/capa.png\",\"contentUrl\":\"https:\/\/psol50.org.br\/inc\/uploads\/2018\/07\/capa.png\",\"width\":1350,\"height\":900,\"caption\":\"PSOL 50\"},\"image\":{\"@id\":\"https:\/\/psol50.org.br\/#\/schema\/logo\/image\/\"},\"sameAs\":[\"https:\/\/www.facebook.com\/psol50\",\"https:\/\/x.com\/psol50\",\"https:\/\/www.instagram.com\/psol50\/\",\"https:\/\/www.youtube.com\/channel\/UC7SnJS5o1os7a6CaiNabzcg\"]},{\"@type\":\"Person\",\"@id\":\"https:\/\/psol50.org.br\/#\/schema\/person\/475dfa57d0b815993c714c2e96491fcd\",\"name\":\"Comunica\u00e7\u00e3o PSOL\",\"image\":{\"@type\":\"ImageObject\",\"inLanguage\":\"pt-BR\",\"@id\":\"https:\/\/psol50.org.br\/#\/schema\/person\/image\/\",\"url\":\"https:\/\/secure.gravatar.com\/avatar\/b34fc4f4e468a4e51785917065a3db57b841f5c95dba6ad8c73aaf8f66f8f9bf?s=96&d=mm&r=g\",\"contentUrl\":\"https:\/\/secure.gravatar.com\/avatar\/b34fc4f4e468a4e51785917065a3db57b841f5c95dba6ad8c73aaf8f66f8f9bf?s=96&d=mm&r=g\",\"caption\":\"Comunica\u00e7\u00e3o PSOL\"}}]}<\/script>\n<!-- \/ Yoast SEO plugin. -->","yoast_head_json":{"title":"Renan Calheiros, fiel aliado de Temer, \u00e9 considerado r\u00e9u pelo STF - PSOL 50","robots":{"index":"index","follow":"follow","max-snippet":"max-snippet:-1","max-image-preview":"max-image-preview:large","max-video-preview":"max-video-preview:-1"},"canonical":"https:\/\/psol50.org.br\/renan-calheiros-fiel-aliado-de-temer-e-considerado-reu-pelo-stf\/","og_locale":"pt_BR","og_type":"article","og_title":"Renan Calheiros, fiel aliado de Temer, \u00e9 considerado r\u00e9u pelo STF - PSOL 50","og_description":"Mais um importante fato esta semana abala as estruturas do Pal\u00e1cio do Planalto e de sua base aliada no Congresso Nacional. Em vota\u00e7\u00e3o nesta quinta-feira (1\u00ba\/12), o Supremo Tribunal Federal (STF) entendeu, por 8 votos a 3, que o presidente do Senado, Renan Calheiros (PMDB-AL), \u00e9 r\u00e9u pelo crime de peculato. A decis\u00e3o foi com [&hellip;]","og_url":"https:\/\/psol50.org.br\/renan-calheiros-fiel-aliado-de-temer-e-considerado-reu-pelo-stf\/","og_site_name":"PSOL 50","article_publisher":"https:\/\/www.facebook.com\/psol50","article_published_time":"2016-12-02T11:56:08+00:00","og_image":[{"width":1350,"height":900,"url":"https:\/\/psol50.org.br\/inc\/uploads\/2018\/07\/capa.png","type":"image\/png"}],"author":"Comunica\u00e7\u00e3o PSOL","twitter_card":"summary_large_image","twitter_creator":"@psol50","twitter_site":"@psol50","twitter_misc":{"Escrito por":"Comunica\u00e7\u00e3o PSOL","Est. tempo de leitura":"4 minutos"},"schema":{"@context":"https:\/\/schema.org","@graph":[{"@type":"Article","@id":"https:\/\/psol50.org.br\/renan-calheiros-fiel-aliado-de-temer-e-considerado-reu-pelo-stf\/#article","isPartOf":{"@id":"https:\/\/psol50.org.br\/renan-calheiros-fiel-aliado-de-temer-e-considerado-reu-pelo-stf\/"},"author":{"name":"Comunica\u00e7\u00e3o PSOL","@id":"https:\/\/psol50.org.br\/#\/schema\/person\/475dfa57d0b815993c714c2e96491fcd"},"headline":"Renan Calheiros, fiel aliado de Temer, \u00e9 considerado r\u00e9u pelo STF","datePublished":"2016-12-02T11:56:08+00:00","mainEntityOfPage":{"@id":"https:\/\/psol50.org.br\/renan-calheiros-fiel-aliado-de-temer-e-considerado-reu-pelo-stf\/"},"wordCount":735,"commentCount":0,"publisher":{"@id":"https:\/\/psol50.org.br\/#organization"},"image":{"@id":"https:\/\/psol50.org.br\/renan-calheiros-fiel-aliado-de-temer-e-considerado-reu-pelo-stf\/#primaryimage"},"thumbnailUrl":"","keywords":["crime de peculato","Michel Temer","PGR","PMDB","Procuradoria Geral da Rep\u00fablica","PSOL","Renan Calheiros","r\u00e9u","Senado Federal","STF"],"articleSection":["A\u00e7\u00e3o Parlamentar","Brasil","Not\u00edcias"],"inLanguage":"pt-BR","potentialAction":[{"@type":"CommentAction","name":"Comment","target":["https:\/\/psol50.org.br\/renan-calheiros-fiel-aliado-de-temer-e-considerado-reu-pelo-stf\/#respond"]}]},{"@type":"WebPage","@id":"https:\/\/psol50.org.br\/renan-calheiros-fiel-aliado-de-temer-e-considerado-reu-pelo-stf\/","url":"https:\/\/psol50.org.br\/renan-calheiros-fiel-aliado-de-temer-e-considerado-reu-pelo-stf\/","name":"Renan Calheiros, fiel aliado de Temer, \u00e9 considerado r\u00e9u pelo STF - PSOL 50","isPartOf":{"@id":"https:\/\/psol50.org.br\/#website"},"primaryImageOfPage":{"@id":"https:\/\/psol50.org.br\/renan-calheiros-fiel-aliado-de-temer-e-considerado-reu-pelo-stf\/#primaryimage"},"image":{"@id":"https:\/\/psol50.org.br\/renan-calheiros-fiel-aliado-de-temer-e-considerado-reu-pelo-stf\/#primaryimage"},"thumbnailUrl":"","datePublished":"2016-12-02T11:56:08+00:00","breadcrumb":{"@id":"https:\/\/psol50.org.br\/renan-calheiros-fiel-aliado-de-temer-e-considerado-reu-pelo-stf\/#breadcrumb"},"inLanguage":"pt-BR","potentialAction":[{"@type":"ReadAction","target":["https:\/\/psol50.org.br\/renan-calheiros-fiel-aliado-de-temer-e-considerado-reu-pelo-stf\/"]}]},{"@type":"ImageObject","inLanguage":"pt-BR","@id":"https:\/\/psol50.org.br\/renan-calheiros-fiel-aliado-de-temer-e-considerado-reu-pelo-stf\/#primaryimage","url":"","contentUrl":""},{"@type":"BreadcrumbList","@id":"https:\/\/psol50.org.br\/renan-calheiros-fiel-aliado-de-temer-e-considerado-reu-pelo-stf\/#breadcrumb","itemListElement":[{"@type":"ListItem","position":1,"name":"In\u00edcio","item":"https:\/\/psol50.org.br\/"},{"@type":"ListItem","position":2,"name":"Renan Calheiros, fiel aliado de Temer, \u00e9 considerado r\u00e9u pelo STF"}]},{"@type":"WebSite","@id":"https:\/\/psol50.org.br\/#website","url":"https:\/\/psol50.org.br\/","name":"PSOL 50","description":"Site oficial do Partido Socialismo e Liberdade","publisher":{"@id":"https:\/\/psol50.org.br\/#organization"},"alternateName":"PSOL50","potentialAction":[{"@type":"SearchAction","target":{"@type":"EntryPoint","urlTemplate":"https:\/\/psol50.org.br\/?s={search_term_string}"},"query-input":{"@type":"PropertyValueSpecification","valueRequired":true,"valueName":"search_term_string"}}],"inLanguage":"pt-BR"},{"@type":"Organization","@id":"https:\/\/psol50.org.br\/#organization","name":"PSOL 50","alternateName":"PSOL 50","url":"https:\/\/psol50.org.br\/","logo":{"@type":"ImageObject","inLanguage":"pt-BR","@id":"https:\/\/psol50.org.br\/#\/schema\/logo\/image\/","url":"https:\/\/psol50.org.br\/inc\/uploads\/2018\/07\/capa.png","contentUrl":"https:\/\/psol50.org.br\/inc\/uploads\/2018\/07\/capa.png","width":1350,"height":900,"caption":"PSOL 50"},"image":{"@id":"https:\/\/psol50.org.br\/#\/schema\/logo\/image\/"},"sameAs":["https:\/\/www.facebook.com\/psol50","https:\/\/x.com\/psol50","https:\/\/www.instagram.com\/psol50\/","https:\/\/www.youtube.com\/channel\/UC7SnJS5o1os7a6CaiNabzcg"]},{"@type":"Person","@id":"https:\/\/psol50.org.br\/#\/schema\/person\/475dfa57d0b815993c714c2e96491fcd","name":"Comunica\u00e7\u00e3o PSOL","image":{"@type":"ImageObject","inLanguage":"pt-BR","@id":"https:\/\/psol50.org.br\/#\/schema\/person\/image\/","url":"https:\/\/secure.gravatar.com\/avatar\/b34fc4f4e468a4e51785917065a3db57b841f5c95dba6ad8c73aaf8f66f8f9bf?s=96&d=mm&r=g","contentUrl":"https:\/\/secure.gravatar.com\/avatar\/b34fc4f4e468a4e51785917065a3db57b841f5c95dba6ad8c73aaf8f66f8f9bf?s=96&d=mm&r=g","caption":"Comunica\u00e7\u00e3o PSOL"}}]}},"_links":{"self":[{"href":"https:\/\/psol50.org.br\/rest\/wp\/v2\/posts\/14754","targetHints":{"allow":["GET"]}}],"collection":[{"href":"https:\/\/psol50.org.br\/rest\/wp\/v2\/posts"}],"about":[{"href":"https:\/\/psol50.org.br\/rest\/wp\/v2\/types\/post"}],"author":[{"embeddable":true,"href":"https:\/\/psol50.org.br\/rest\/wp\/v2\/users\/2"}],"replies":[{"embeddable":true,"href":"https:\/\/psol50.org.br\/rest\/wp\/v2\/comments?post=14754"}],"version-history":[{"count":0,"href":"https:\/\/psol50.org.br\/rest\/wp\/v2\/posts\/14754\/revisions"}],"wp:featuredmedia":[{"embeddable":true,"href":"https:\/\/psol50.org.br\/rest\/"}],"wp:attachment":[{"href":"https:\/\/psol50.org.br\/rest\/wp\/v2\/media?parent=14754"}],"wp:term":[{"taxonomy":"category","embeddable":true,"href":"https:\/\/psol50.org.br\/rest\/wp\/v2\/categories?post=14754"},{"taxonomy":"post_tag","embeddable":true,"href":"https:\/\/psol50.org.br\/rest\/wp\/v2\/tags?post=14754"}],"curies":[{"name":"wp","href":"https:\/\/api.w.org\/{rel}","templated":true}]}}