{"id":1476,"date":"2011-02-18T00:00:00","date_gmt":"2011-02-18T00:00:00","guid":{"rendered":"http:\/\/psol50.org.br\/arquivo\/2011\/02\/18\/sp-protesto-contra-o-aumento-da-passagem-enfrenta-truculencia-da-pm\/"},"modified":"2011-02-18T00:00:00","modified_gmt":"2011-02-18T00:00:00","slug":"sp-protesto-contra-o-aumento-da-passagem-enfrenta-truculencia-da-pm","status":"publish","type":"post","link":"https:\/\/psol50.org.br\/sp-protesto-contra-o-aumento-da-passagem-enfrenta-truculencia-da-pm\/","title":{"rendered":"SP: Protesto contra o aumento da passagem enfrenta trucul\u00eancia da PM"},"content":{"rendered":"<p style=\"text-align: center\">\n<figure id=\"attachment_6655\" aria-describedby=\"caption-attachment-6655\" style=\"width: 300px\" class=\"wp-caption aligncenter\"><a rel=\"attachment wp-att-6655\" href=\"http:\/\/psol50.org.br\/blog\/2011\/02\/18\/sp-protesto-contra-o-aumento-da-passagem-enfrenta-truculencia-da-pm\/foto_vinicius_policia1-e1298045053173\/\"><img loading=\"lazy\" decoding=\"async\" class=\"size-medium wp-image-6655\" src=\"http:\/\/psol50.org.br\/files\/2011\/02\/foto_vinicius_policia1-e1298045053173-300x150.jpg\" alt=\"\" width=\"300\" height=\"150\" \/><\/a><figcaption id=\"caption-attachment-6655\" class=\"wp-caption-text\">Covardia em S\u00e3o Paulo<\/figcaption><\/figure>\n<p>Durante o sexto ato contra o aumento da tarifa do \u00f4nibus na cidade de S\u00e3o Paulo, realizado ontem (17), a Pol\u00edcia Militar tentou dispersar os manifestantes com base na viol\u00eancia. Usando bombas de g\u00e1s lacrimog\u00eaneo e de efeito moral, balas de borracha e spray de pimenta, a Pol\u00edcia Militar transformou o viaduto do ch\u00e1 em uma pra\u00e7a de guerra durante trinta minutos. Um manifestante foi hospitalizado e pelo menos outros dez ficaram feridos.<\/p>\n<p>Os protestos t\u00eam como objetivo pressionar a prefeitura para que seja revogado o aumento da tarifa de \u00f4nibus, que subiu de R$ 2,70 para R$ 3 em janeiro \u2013varia\u00e7\u00e3o de 11%\u2013 ap\u00f3s decreto do prefeito Gilberto Kassab (DEM).<\/p>\n<p>As demonstra\u00e7\u00f5es da incapacidade para o dialogo com movimento sociais da prefeitura come\u00e7ou pela manh\u00e3. O governo Kassab indicou para discutir com os representantes da frente de movimentos contra o aumento da tarifa o secret\u00e1rio adjunto da Secretaria Municipal dos Transportes, Pedro Luiz de Brito Machado, que declarou \u00e0 comiss\u00e3o que n\u00e3o poderia negociar nenhum dos pontos da pauta de reivindica\u00e7\u00f5es por n\u00e3o ter poder para isso.<\/p>\n<p>Seis estudantes se acorrentaram nas catracas de entrada do pr\u00e9dio da prefeitura ap\u00f3s a negativa de negocia\u00e7\u00e3o por parte da prefeitura, por volta das 12h30, exigindo uma reuni\u00e3o com real possibilidade de negociar as reivindica\u00e7\u00f5es. Alguns dos que se acorrentaram s\u00e3o militantes da juventude do Partido Socialismo e Liberdade.<\/p>\n<p>O pr\u00e9dio foi cercado com grades pela Guarda Civil Metropolitana e a imprensa foi proibida de ter acesso ao local.<\/p>\n<p>Do lado de fora do pr\u00e9dio da prefeitura, outros manifestantes iniciaram uma vig\u00edlia. Por volta das 18h30, o ato contava com mais de 1.000 pessoas, quando alguns manifestantes derrubaram a grade que cercava a prefeitura. A guarda civil e a Pol\u00edcia Militar agiram com trucul\u00eancia e n\u00e3o pararam ap\u00f3s as grades serem recolocadas. O batalh\u00e3o de choque foi acionado e entrou em combate corpo a corpo dezenas de manifestantes. At\u00e9 os vereadores que acompanhavam os manifestantes acorrentados, Jos\u00e9 Am\u00e9rico, Donato\u00a0 e Juliana Cardoso (PT),\u00a0 foram agredidos pela truculenta pol\u00edcia militar, que manteve os disparos por meia hora.<\/p>\n<p>Pouco menos uma hora depois do ataque da Pol\u00edtica Militar, os manifestantes retornaram \u00e0 vig\u00edlia, frustrando o plano das autoridades.<\/p>\n<p>Ivan Valente, deputado federal pelo PSOL, chegou no in\u00edcio da noite para ajudar na media\u00e7\u00e3o da negocia\u00e7\u00e3o entre os manifestantes e a prefeitura. \u201cA juventude est\u00e1 no seu direito leg\u00edtimo de protesto contra esse aumento abusivo dos \u00f4nibus na cidade de S\u00e3o Paulo, e n\u00e3o pode ser tratada dessa maneira pela Pol\u00edcia Militar\u201d, declarou o deputado.<\/p>\n<p>O ato terminou por volta das 23h30, com os estudantes acorrentados saindo pela porta da frente em comemora\u00e7\u00e3o e com compromisso de uma nova reuni\u00e3o, desta vez com o Secret\u00e1rio Especial de Rela\u00e7\u00f5es Governamentais, Antonio Carlos Rizeque Malufe, na pr\u00f3xima semana.<\/p>\n<p>Fonte: http:\/\/psolsp.org.br\/blog\/2011\/02\/18\/vergonha\/<\/p>\n","protected":false},"excerpt":{"rendered":"<p>Durante o sexto ato contra o aumento da tarifa do \u00f4nibus na cidade de S\u00e3o Paulo, realizado ontem (17), a Pol\u00edcia Militar tentou dispersar os manifestantes com base na viol\u00eancia. Usando bombas de g\u00e1s lacrimog\u00eaneo e de efeito moral, balas de borracha e spray de pimenta, a Pol\u00edcia Militar transformou o viaduto do ch\u00e1 em [&hellip;]<\/p>\n","protected":false},"author":2,"featured_media":0,"comment_status":"open","ping_status":"open","sticky":false,"template":"","format":"standard","meta":{"_acf_changed":false,"footnotes":""},"categories":[4766],"tags":[],"class_list":{"0":"post-1476","1":"post","2":"type-post","3":"status-publish","4":"format-standard","6":"category-arquivo"},"acf":[],"yoast_head":"<!-- This site is optimized with the Yoast SEO plugin v26.5 - https:\/\/yoast.com\/wordpress\/plugins\/seo\/ -->\n<title>SP: Protesto contra o aumento da passagem enfrenta trucul\u00eancia da PM - PSOL 50<\/title>\n<meta name=\"robots\" content=\"index, follow, max-snippet:-1, max-image-preview:large, max-video-preview:-1\" \/>\n<link rel=\"canonical\" href=\"https:\/\/psol50.org.br\/sp-protesto-contra-o-aumento-da-passagem-enfrenta-truculencia-da-pm\/\" \/>\n<meta property=\"og:locale\" content=\"pt_BR\" \/>\n<meta property=\"og:type\" content=\"article\" \/>\n<meta property=\"og:title\" content=\"SP: Protesto contra o aumento da passagem enfrenta trucul\u00eancia da PM - PSOL 50\" \/>\n<meta property=\"og:description\" content=\"Durante o sexto ato contra o aumento da tarifa do \u00f4nibus na cidade de S\u00e3o Paulo, realizado ontem (17), a Pol\u00edcia Militar tentou dispersar os manifestantes com base na viol\u00eancia. Usando bombas de g\u00e1s lacrimog\u00eaneo e de efeito moral, balas de borracha e spray de pimenta, a Pol\u00edcia Militar transformou o viaduto do ch\u00e1 em [&hellip;]\" \/>\n<meta property=\"og:url\" content=\"https:\/\/psol50.org.br\/sp-protesto-contra-o-aumento-da-passagem-enfrenta-truculencia-da-pm\/\" \/>\n<meta property=\"og:site_name\" content=\"PSOL 50\" \/>\n<meta property=\"article:publisher\" content=\"https:\/\/www.facebook.com\/psol50\" \/>\n<meta property=\"article:published_time\" content=\"2011-02-18T00:00:00+00:00\" \/>\n<meta property=\"og:image\" content=\"http:\/\/psol50.org.br\/files\/2011\/02\/foto_vinicius_policia1-e1298045053173-300x150.jpg\" \/>\n<meta name=\"author\" content=\"Comunica\u00e7\u00e3o PSOL\" \/>\n<meta name=\"twitter:card\" content=\"summary_large_image\" \/>\n<meta name=\"twitter:creator\" content=\"@psol50\" \/>\n<meta name=\"twitter:site\" content=\"@psol50\" \/>\n<meta name=\"twitter:label1\" content=\"Escrito por\" \/>\n\t<meta name=\"twitter:data1\" content=\"Comunica\u00e7\u00e3o PSOL\" \/>\n\t<meta name=\"twitter:label2\" content=\"Est. tempo de leitura\" \/>\n\t<meta name=\"twitter:data2\" content=\"3 minutos\" \/>\n<script type=\"application\/ld+json\" class=\"yoast-schema-graph\">{\"@context\":\"https:\/\/schema.org\",\"@graph\":[{\"@type\":\"Article\",\"@id\":\"https:\/\/psol50.org.br\/sp-protesto-contra-o-aumento-da-passagem-enfrenta-truculencia-da-pm\/#article\",\"isPartOf\":{\"@id\":\"https:\/\/psol50.org.br\/sp-protesto-contra-o-aumento-da-passagem-enfrenta-truculencia-da-pm\/\"},\"author\":{\"name\":\"Comunica\u00e7\u00e3o PSOL\",\"@id\":\"https:\/\/psol50.org.br\/#\/schema\/person\/475dfa57d0b815993c714c2e96491fcd\"},\"headline\":\"SP: Protesto contra o aumento da passagem enfrenta trucul\u00eancia da PM\",\"datePublished\":\"2011-02-18T00:00:00+00:00\",\"mainEntityOfPage\":{\"@id\":\"https:\/\/psol50.org.br\/sp-protesto-contra-o-aumento-da-passagem-enfrenta-truculencia-da-pm\/\"},\"wordCount\":533,\"commentCount\":0,\"publisher\":{\"@id\":\"https:\/\/psol50.org.br\/#organization\"},\"image\":{\"@id\":\"https:\/\/psol50.org.br\/sp-protesto-contra-o-aumento-da-passagem-enfrenta-truculencia-da-pm\/#primaryimage\"},\"thumbnailUrl\":\"http:\/\/psol50.org.br\/files\/2011\/02\/foto_vinicius_policia1-e1298045053173-300x150.jpg\",\"articleSection\":[\"Arquivo\"],\"inLanguage\":\"pt-BR\",\"potentialAction\":[{\"@type\":\"CommentAction\",\"name\":\"Comment\",\"target\":[\"https:\/\/psol50.org.br\/sp-protesto-contra-o-aumento-da-passagem-enfrenta-truculencia-da-pm\/#respond\"]}]},{\"@type\":\"WebPage\",\"@id\":\"https:\/\/psol50.org.br\/sp-protesto-contra-o-aumento-da-passagem-enfrenta-truculencia-da-pm\/\",\"url\":\"https:\/\/psol50.org.br\/sp-protesto-contra-o-aumento-da-passagem-enfrenta-truculencia-da-pm\/\",\"name\":\"SP: Protesto contra o aumento da passagem enfrenta trucul\u00eancia da PM - PSOL 50\",\"isPartOf\":{\"@id\":\"https:\/\/psol50.org.br\/#website\"},\"primaryImageOfPage\":{\"@id\":\"https:\/\/psol50.org.br\/sp-protesto-contra-o-aumento-da-passagem-enfrenta-truculencia-da-pm\/#primaryimage\"},\"image\":{\"@id\":\"https:\/\/psol50.org.br\/sp-protesto-contra-o-aumento-da-passagem-enfrenta-truculencia-da-pm\/#primaryimage\"},\"thumbnailUrl\":\"http:\/\/psol50.org.br\/files\/2011\/02\/foto_vinicius_policia1-e1298045053173-300x150.jpg\",\"datePublished\":\"2011-02-18T00:00:00+00:00\",\"breadcrumb\":{\"@id\":\"https:\/\/psol50.org.br\/sp-protesto-contra-o-aumento-da-passagem-enfrenta-truculencia-da-pm\/#breadcrumb\"},\"inLanguage\":\"pt-BR\",\"potentialAction\":[{\"@type\":\"ReadAction\",\"target\":[\"https:\/\/psol50.org.br\/sp-protesto-contra-o-aumento-da-passagem-enfrenta-truculencia-da-pm\/\"]}]},{\"@type\":\"ImageObject\",\"inLanguage\":\"pt-BR\",\"@id\":\"https:\/\/psol50.org.br\/sp-protesto-contra-o-aumento-da-passagem-enfrenta-truculencia-da-pm\/#primaryimage\",\"url\":\"http:\/\/psol50.org.br\/files\/2011\/02\/foto_vinicius_policia1-e1298045053173-300x150.jpg\",\"contentUrl\":\"http:\/\/psol50.org.br\/files\/2011\/02\/foto_vinicius_policia1-e1298045053173-300x150.jpg\"},{\"@type\":\"BreadcrumbList\",\"@id\":\"https:\/\/psol50.org.br\/sp-protesto-contra-o-aumento-da-passagem-enfrenta-truculencia-da-pm\/#breadcrumb\",\"itemListElement\":[{\"@type\":\"ListItem\",\"position\":1,\"name\":\"In\u00edcio\",\"item\":\"https:\/\/psol50.org.br\/\"},{\"@type\":\"ListItem\",\"position\":2,\"name\":\"SP: Protesto contra o aumento da passagem enfrenta trucul\u00eancia da PM\"}]},{\"@type\":\"WebSite\",\"@id\":\"https:\/\/psol50.org.br\/#website\",\"url\":\"https:\/\/psol50.org.br\/\",\"name\":\"PSOL 50\",\"description\":\"Site oficial do Partido Socialismo e Liberdade\",\"publisher\":{\"@id\":\"https:\/\/psol50.org.br\/#organization\"},\"alternateName\":\"PSOL50\",\"potentialAction\":[{\"@type\":\"SearchAction\",\"target\":{\"@type\":\"EntryPoint\",\"urlTemplate\":\"https:\/\/psol50.org.br\/?s={search_term_string}\"},\"query-input\":{\"@type\":\"PropertyValueSpecification\",\"valueRequired\":true,\"valueName\":\"search_term_string\"}}],\"inLanguage\":\"pt-BR\"},{\"@type\":\"Organization\",\"@id\":\"https:\/\/psol50.org.br\/#organization\",\"name\":\"PSOL 50\",\"alternateName\":\"PSOL 50\",\"url\":\"https:\/\/psol50.org.br\/\",\"logo\":{\"@type\":\"ImageObject\",\"inLanguage\":\"pt-BR\",\"@id\":\"https:\/\/psol50.org.br\/#\/schema\/logo\/image\/\",\"url\":\"https:\/\/psol50.org.br\/inc\/uploads\/2018\/07\/capa.png\",\"contentUrl\":\"https:\/\/psol50.org.br\/inc\/uploads\/2018\/07\/capa.png\",\"width\":1350,\"height\":900,\"caption\":\"PSOL 50\"},\"image\":{\"@id\":\"https:\/\/psol50.org.br\/#\/schema\/logo\/image\/\"},\"sameAs\":[\"https:\/\/www.facebook.com\/psol50\",\"https:\/\/x.com\/psol50\",\"https:\/\/www.instagram.com\/psol50\/\",\"https:\/\/www.youtube.com\/channel\/UC7SnJS5o1os7a6CaiNabzcg\"]},{\"@type\":\"Person\",\"@id\":\"https:\/\/psol50.org.br\/#\/schema\/person\/475dfa57d0b815993c714c2e96491fcd\",\"name\":\"Comunica\u00e7\u00e3o PSOL\",\"image\":{\"@type\":\"ImageObject\",\"inLanguage\":\"pt-BR\",\"@id\":\"https:\/\/psol50.org.br\/#\/schema\/person\/image\/\",\"url\":\"https:\/\/secure.gravatar.com\/avatar\/b34fc4f4e468a4e51785917065a3db57b841f5c95dba6ad8c73aaf8f66f8f9bf?s=96&d=mm&r=g\",\"contentUrl\":\"https:\/\/secure.gravatar.com\/avatar\/b34fc4f4e468a4e51785917065a3db57b841f5c95dba6ad8c73aaf8f66f8f9bf?s=96&d=mm&r=g\",\"caption\":\"Comunica\u00e7\u00e3o PSOL\"}}]}<\/script>\n<!-- \/ Yoast SEO plugin. -->","yoast_head_json":{"title":"SP: Protesto contra o aumento da passagem enfrenta trucul\u00eancia da PM - PSOL 50","robots":{"index":"index","follow":"follow","max-snippet":"max-snippet:-1","max-image-preview":"max-image-preview:large","max-video-preview":"max-video-preview:-1"},"canonical":"https:\/\/psol50.org.br\/sp-protesto-contra-o-aumento-da-passagem-enfrenta-truculencia-da-pm\/","og_locale":"pt_BR","og_type":"article","og_title":"SP: Protesto contra o aumento da passagem enfrenta trucul\u00eancia da PM - PSOL 50","og_description":"Durante o sexto ato contra o aumento da tarifa do \u00f4nibus na cidade de S\u00e3o Paulo, realizado ontem (17), a Pol\u00edcia Militar tentou dispersar os manifestantes com base na viol\u00eancia. Usando bombas de g\u00e1s lacrimog\u00eaneo e de efeito moral, balas de borracha e spray de pimenta, a Pol\u00edcia Militar transformou o viaduto do ch\u00e1 em [&hellip;]","og_url":"https:\/\/psol50.org.br\/sp-protesto-contra-o-aumento-da-passagem-enfrenta-truculencia-da-pm\/","og_site_name":"PSOL 50","article_publisher":"https:\/\/www.facebook.com\/psol50","article_published_time":"2011-02-18T00:00:00+00:00","og_image":[{"url":"http:\/\/psol50.org.br\/files\/2011\/02\/foto_vinicius_policia1-e1298045053173-300x150.jpg","type":"","width":"","height":""}],"author":"Comunica\u00e7\u00e3o PSOL","twitter_card":"summary_large_image","twitter_creator":"@psol50","twitter_site":"@psol50","twitter_misc":{"Escrito por":"Comunica\u00e7\u00e3o PSOL","Est. tempo de leitura":"3 minutos"},"schema":{"@context":"https:\/\/schema.org","@graph":[{"@type":"Article","@id":"https:\/\/psol50.org.br\/sp-protesto-contra-o-aumento-da-passagem-enfrenta-truculencia-da-pm\/#article","isPartOf":{"@id":"https:\/\/psol50.org.br\/sp-protesto-contra-o-aumento-da-passagem-enfrenta-truculencia-da-pm\/"},"author":{"name":"Comunica\u00e7\u00e3o PSOL","@id":"https:\/\/psol50.org.br\/#\/schema\/person\/475dfa57d0b815993c714c2e96491fcd"},"headline":"SP: Protesto contra o aumento da passagem enfrenta trucul\u00eancia da PM","datePublished":"2011-02-18T00:00:00+00:00","mainEntityOfPage":{"@id":"https:\/\/psol50.org.br\/sp-protesto-contra-o-aumento-da-passagem-enfrenta-truculencia-da-pm\/"},"wordCount":533,"commentCount":0,"publisher":{"@id":"https:\/\/psol50.org.br\/#organization"},"image":{"@id":"https:\/\/psol50.org.br\/sp-protesto-contra-o-aumento-da-passagem-enfrenta-truculencia-da-pm\/#primaryimage"},"thumbnailUrl":"http:\/\/psol50.org.br\/files\/2011\/02\/foto_vinicius_policia1-e1298045053173-300x150.jpg","articleSection":["Arquivo"],"inLanguage":"pt-BR","potentialAction":[{"@type":"CommentAction","name":"Comment","target":["https:\/\/psol50.org.br\/sp-protesto-contra-o-aumento-da-passagem-enfrenta-truculencia-da-pm\/#respond"]}]},{"@type":"WebPage","@id":"https:\/\/psol50.org.br\/sp-protesto-contra-o-aumento-da-passagem-enfrenta-truculencia-da-pm\/","url":"https:\/\/psol50.org.br\/sp-protesto-contra-o-aumento-da-passagem-enfrenta-truculencia-da-pm\/","name":"SP: Protesto contra o aumento da passagem enfrenta trucul\u00eancia da PM - PSOL 50","isPartOf":{"@id":"https:\/\/psol50.org.br\/#website"},"primaryImageOfPage":{"@id":"https:\/\/psol50.org.br\/sp-protesto-contra-o-aumento-da-passagem-enfrenta-truculencia-da-pm\/#primaryimage"},"image":{"@id":"https:\/\/psol50.org.br\/sp-protesto-contra-o-aumento-da-passagem-enfrenta-truculencia-da-pm\/#primaryimage"},"thumbnailUrl":"http:\/\/psol50.org.br\/files\/2011\/02\/foto_vinicius_policia1-e1298045053173-300x150.jpg","datePublished":"2011-02-18T00:00:00+00:00","breadcrumb":{"@id":"https:\/\/psol50.org.br\/sp-protesto-contra-o-aumento-da-passagem-enfrenta-truculencia-da-pm\/#breadcrumb"},"inLanguage":"pt-BR","potentialAction":[{"@type":"ReadAction","target":["https:\/\/psol50.org.br\/sp-protesto-contra-o-aumento-da-passagem-enfrenta-truculencia-da-pm\/"]}]},{"@type":"ImageObject","inLanguage":"pt-BR","@id":"https:\/\/psol50.org.br\/sp-protesto-contra-o-aumento-da-passagem-enfrenta-truculencia-da-pm\/#primaryimage","url":"http:\/\/psol50.org.br\/files\/2011\/02\/foto_vinicius_policia1-e1298045053173-300x150.jpg","contentUrl":"http:\/\/psol50.org.br\/files\/2011\/02\/foto_vinicius_policia1-e1298045053173-300x150.jpg"},{"@type":"BreadcrumbList","@id":"https:\/\/psol50.org.br\/sp-protesto-contra-o-aumento-da-passagem-enfrenta-truculencia-da-pm\/#breadcrumb","itemListElement":[{"@type":"ListItem","position":1,"name":"In\u00edcio","item":"https:\/\/psol50.org.br\/"},{"@type":"ListItem","position":2,"name":"SP: Protesto contra o aumento da passagem enfrenta trucul\u00eancia da PM"}]},{"@type":"WebSite","@id":"https:\/\/psol50.org.br\/#website","url":"https:\/\/psol50.org.br\/","name":"PSOL 50","description":"Site oficial do Partido Socialismo e Liberdade","publisher":{"@id":"https:\/\/psol50.org.br\/#organization"},"alternateName":"PSOL50","potentialAction":[{"@type":"SearchAction","target":{"@type":"EntryPoint","urlTemplate":"https:\/\/psol50.org.br\/?s={search_term_string}"},"query-input":{"@type":"PropertyValueSpecification","valueRequired":true,"valueName":"search_term_string"}}],"inLanguage":"pt-BR"},{"@type":"Organization","@id":"https:\/\/psol50.org.br\/#organization","name":"PSOL 50","alternateName":"PSOL 50","url":"https:\/\/psol50.org.br\/","logo":{"@type":"ImageObject","inLanguage":"pt-BR","@id":"https:\/\/psol50.org.br\/#\/schema\/logo\/image\/","url":"https:\/\/psol50.org.br\/inc\/uploads\/2018\/07\/capa.png","contentUrl":"https:\/\/psol50.org.br\/inc\/uploads\/2018\/07\/capa.png","width":1350,"height":900,"caption":"PSOL 50"},"image":{"@id":"https:\/\/psol50.org.br\/#\/schema\/logo\/image\/"},"sameAs":["https:\/\/www.facebook.com\/psol50","https:\/\/x.com\/psol50","https:\/\/www.instagram.com\/psol50\/","https:\/\/www.youtube.com\/channel\/UC7SnJS5o1os7a6CaiNabzcg"]},{"@type":"Person","@id":"https:\/\/psol50.org.br\/#\/schema\/person\/475dfa57d0b815993c714c2e96491fcd","name":"Comunica\u00e7\u00e3o PSOL","image":{"@type":"ImageObject","inLanguage":"pt-BR","@id":"https:\/\/psol50.org.br\/#\/schema\/person\/image\/","url":"https:\/\/secure.gravatar.com\/avatar\/b34fc4f4e468a4e51785917065a3db57b841f5c95dba6ad8c73aaf8f66f8f9bf?s=96&d=mm&r=g","contentUrl":"https:\/\/secure.gravatar.com\/avatar\/b34fc4f4e468a4e51785917065a3db57b841f5c95dba6ad8c73aaf8f66f8f9bf?s=96&d=mm&r=g","caption":"Comunica\u00e7\u00e3o PSOL"}}]}},"_links":{"self":[{"href":"https:\/\/psol50.org.br\/rest\/wp\/v2\/posts\/1476","targetHints":{"allow":["GET"]}}],"collection":[{"href":"https:\/\/psol50.org.br\/rest\/wp\/v2\/posts"}],"about":[{"href":"https:\/\/psol50.org.br\/rest\/wp\/v2\/types\/post"}],"author":[{"embeddable":true,"href":"https:\/\/psol50.org.br\/rest\/wp\/v2\/users\/2"}],"replies":[{"embeddable":true,"href":"https:\/\/psol50.org.br\/rest\/wp\/v2\/comments?post=1476"}],"version-history":[{"count":0,"href":"https:\/\/psol50.org.br\/rest\/wp\/v2\/posts\/1476\/revisions"}],"wp:attachment":[{"href":"https:\/\/psol50.org.br\/rest\/wp\/v2\/media?parent=1476"}],"wp:term":[{"taxonomy":"category","embeddable":true,"href":"https:\/\/psol50.org.br\/rest\/wp\/v2\/categories?post=1476"},{"taxonomy":"post_tag","embeddable":true,"href":"https:\/\/psol50.org.br\/rest\/wp\/v2\/tags?post=1476"}],"curies":[{"name":"wp","href":"https:\/\/api.w.org\/{rel}","templated":true}]}}