{"id":14768,"date":"2016-11-29T13:54:58","date_gmt":"2016-11-29T13:54:58","guid":{"rendered":"http:\/\/www.psol50.org.br\/?p=14768"},"modified":"2016-11-29T13:54:58","modified_gmt":"2016-11-29T13:54:58","slug":"ana-claudia-mielki-o-mes-da-consciencia-negra-e-a-representatividade-na-tv","status":"publish","type":"post","link":"https:\/\/psol50.org.br\/ana-claudia-mielki-o-mes-da-consciencia-negra-e-a-representatividade-na-tv\/","title":{"rendered":"Ana Cl\u00e1udia Mielki | O m\u00eas da consci\u00eancia negra e a representatividade na TV"},"content":{"rendered":"<p><span style=\"font-size: 13px\"><em>Artigo publicado originalmente no <a href=\"http:\/\/www.cartacapital.com.br\/blogs\/intervozes\/a-representatividade-do-negro-na-tv-no-mes-da-consciencia-negra\" target=\"_blank\" rel=\"noopener\">blog do Intervozes, na Carta Capital<\/a><\/em><\/span><\/p>\n<p>Recentemente fui convidada a participar de uma\u00a0entrevista\u00a0no programa VerTV, da TV Brasil, para falar do tema do arrendamento, isto \u00e9, a venda ilegal, de grades da programa\u00e7\u00e3o de TV.<\/p>\n<p>Respondi prontamente que falava do tema, mas indiquei um colega que tamb\u00e9m comp\u00f5e o Intervozes, por achar que, na posi\u00e7\u00e3o de advogado, ele estaria mais preparado para realizar este debate.<\/p>\n<p>Ouvi a seguinte resposta do\u00a0produtor: \u201cmas n\u00f3s queremos uma mulher, preferencialmente negra, participando do programa no est\u00fadio\u201d.<\/p>\n<p>Fiquei surpresa, por\u00e9m, bastante contente com a a\u00e7\u00e3o.<\/p>\n<p>Contei esta hist\u00f3ria para introduzir um debate necess\u00e1rio, que \u00e9 o papel da comunica\u00e7\u00e3o p\u00fablica na promo\u00e7\u00e3o da diversidade \u00e9tnico-racial.<\/p>\n<p>Embora muitas tenham sido as an\u00e1lises sobre o papel dos meios de comunica\u00e7\u00e3o comerciais na representa\u00e7\u00e3o negativa ou positiva da negritude, em especial neste m\u00eas de novembro, em que se celebra a\u00a0consci\u00eancia negra,\u00a0poucas t\u00eam sido as reflex\u00f5es sobre como isso se d\u00e1 nos ve\u00edculos de comunica\u00e7\u00e3o p\u00fablica.<\/p>\n<p>Em rela\u00e7\u00e3o aos meios comerciais, verificamos, ano ap\u00f3s ano, que os mesmos seguem mantendo uma postura\u00a0racista\u00a0ao n\u00e3o incorporar negros e negras de forma mais contundente em sua programa\u00e7\u00e3o.<\/p>\n<p>Por forma contundente entende-se em quantidade proporcional ao que figura na sociedade brasileira e com a qualidade e o respeito devido a esta popula\u00e7\u00e3o, promovendo a representatividade positiva e n\u00e3o a colocando exclusivamente em pap\u00e9is historicamente tidos como de subalternidade (escravos, bandidos, dom\u00e9sticas,\u00a0\u201cmulatas\u201d).<\/p>\n<p>A televis\u00e3o \u00e9 quase sempre a mais criticada, n\u00e3o por acaso, j\u00e1 que tem um poder de penetra\u00e7\u00e3o ainda muito superior aos demais dispositivos de m\u00eddia \u2013 a TV aberta chega 97,2% das resid\u00eancias brasileiras, segundo a PNAD de 2012.<\/p>\n<p>Fazendo uma compara\u00e7\u00e3o r\u00e1pida, a internet chega a pouco mais que em 50% dos lares segundo a \u00faltima pesquisa TIC Domic\u00edlios feita pelo\u00a0Comit\u00ea Gestor da Internet. Al\u00e9m disso, a televis\u00e3o \u00e9 uma m\u00eddia fundamentalmente audiovisual.<\/p>\n<p>Seria dif\u00edcil analisar a cor\/ra\u00e7a de jornalistas, especialistas e articulistas que atuam diariamente nos jornais impressos, embora suspeitemos que a\u00a0aus\u00eancia\u00a0de negros e negras a\u00ed tamb\u00e9m deva ser relevante.<\/p>\n<p>Mas retornemos \u00e0 comunica\u00e7\u00e3o p\u00fablica. Em di\u00e1logo com pessoas que ocupam ou ocuparam cadeiras da sociedade civil no extinto Conselho Curador da Empresa Brasil de Comunica\u00e7\u00e3o (EBC), soube que a ideia de promover a participa\u00e7\u00e3o de mulheres, negros e de transexuais nos ve\u00edculos da empresa vinha sendo debatida nas reuni\u00f5es do \u00f3rg\u00e3o.<\/p>\n<p>Um dos documentos usados como base era o\u00a0Indicadores de Perspectiva de G\u00eanero para a M\u00eddia, produzido pela Unesco e a ONU, em 2012. E a pr\u00f3pria composi\u00e7\u00e3o do Conselho Curador, que prev\u00ea representa\u00e7\u00e3o de grupos espec\u00edficos, com recorte de g\u00eanero e ra\u00e7a, \u00e9 um elemento determinante para que estas quest\u00f5es de inclus\u00e3o e participa\u00e7\u00e3o sejam pautadas.<\/p>\n<p>Embora n\u00e3o haja uma pol\u00edtica institucionalizada de a\u00e7\u00f5es afirmativas para a popula\u00e7\u00e3o negra nos ve\u00edculos da EBC, os exemplos trazidos aqui demonstram que existe,\u00a0sim,uma preocupa\u00e7\u00e3o, por parte de alguns funcion\u00e1rios e diretores, em promover maior diversidade na programa\u00e7\u00e3o.<\/p>\n<p>Esta perspectiva \u00e9 o que possibilitou, por exemplo, que a emissora tenha conseguido emplacar o primeiro programa LGBT (o \u00fanico na TV\u00a0aberta\u00a0brasileira) apresentado por uma transexual, a Candy Mel.<\/p>\n<div class=\"youtube-embed\" data-video_id=\"fQKwP1ZS_Yw\"><iframe loading=\"lazy\" title=\"Atriz Maeve Jinkings no Esta\u00e7\u00e3o Plural\" width=\"696\" height=\"392\" src=\"https:\/\/www.youtube.com\/embed\/fQKwP1ZS_Yw?feature=oembed&#038;enablejsapi=1\" frameborder=\"0\" allow=\"accelerometer; autoplay; clipboard-write; encrypted-media; gyroscope; picture-in-picture\" allowfullscreen><\/iframe><\/div>\n<p>O\u00a0Esta\u00e7\u00e3o Plural\u00a0conta tamb\u00e9m com uma apresentadora negra, a cantora Ellen Ol\u00e9ria, que, ao lado do jornalista Fefito Oliveira, comp\u00f5e o trio de apresentadores do programa.<\/p>\n<p>Em 2013, a EBC criou o Comit\u00ea pela Equidade de G\u00eanero e Ra\u00e7a, que vem sendo respons\u00e1vel por promover este debate de forma mais institucional\u00a0e\u00a0recebeu,\u00a0em 2015, o Selo Pr\u00f3-Equidade de G\u00eanero e Ra\u00e7a, concedido pela Secretaria de Pol\u00edtica para as Mulheres.<\/p>\n<p>Uma a\u00e7\u00e3o proposta pelo Comit\u00ea este ano foi a realiza\u00e7\u00e3o de um censo interno para conhecer como os profissionais que atuam na empresa se autodeclaram sobre ra\u00e7a, g\u00eanero, orienta\u00e7\u00e3o sexual.\u00a0A a\u00e7\u00e3o \u00e9 importante, visto que n\u00e3o se faz pol\u00edtica p\u00fablica de inclus\u00e3o sem se tra\u00e7ar o perfil dos exclu\u00eddos e os espa\u00e7os onde mais se verifica a exclus\u00e3o.<\/p>\n<p>Em novembro, por conta das celebra\u00e7\u00f5es do M\u00eas da\u00a0Consci\u00eancia Negra,\u00a0a programa\u00e7\u00e3o das TVs p\u00fablicas foi mais recheada de programas voltados \u00e0 promo\u00e7\u00e3o e valoriza\u00e7\u00e3o da cultura negra e afro-brasileira.<\/p>\n<p>Na TV Brasil foram produzidos especiais como o\u00a0Negra Raiz\u00a0(Pra\u00e7a S\u00e3o Paulo),\u00a0que foi ao ar ao longo de cinco dias, e\u00a0Um Abra\u00e7o Negro\u00a0(Pra\u00e7a Bras\u00edlia), que promoveu in\u00fameras rodas de conversa.<\/p>\n<div class=\"youtube-embed\" data-video_id=\"dW8v59hXzZI\"><iframe loading=\"lazy\" title=\"Confira a primeira reportagem da s\u00e9rie Negra Raiz em homenagem a Semana da Conci\u00eancia Negra\" width=\"696\" height=\"392\" src=\"https:\/\/www.youtube.com\/embed\/dW8v59hXzZI?feature=oembed&#038;enablejsapi=1\" frameborder=\"0\" allow=\"accelerometer; autoplay; clipboard-write; encrypted-media; gyroscope; picture-in-picture\" allowfullscreen><\/iframe><\/div>\n<p>Isto sem falar dos quadros fixos \u2013\u00a0Programa Especial,\u00a0Arte do Artista,\u00a0Est\u00fadio M\u00f3vel, Nossa L\u00edngua\u00a0e\u00a0Caminhos da Reportagem \u2013\u00a0que\u00a0trabalharam a tem\u00e1tica, levando personagens da pol\u00edtica, da cultura e da intelectualidade negra para dialogar sobre diferentes quest\u00f5es.<\/p>\n<p>Na Bahia, a TV Educativa, ve\u00edculo p\u00fablico estadual, tamb\u00e9m promoveu extensa programa\u00e7\u00e3o a partir desta \u00f3tica.<\/p>\n<p>E a TV Cultura de S\u00e3o Paulo dedicou pelo menos dois de seus programas \u2013 Manos e Minas e Caf\u00e9 Filos\u00f3fico \u2013 para debater ou homenagear a consci\u00eancia negra.<\/p>\n<p><strong>O sil\u00eancio permanente nos meios comerciais<\/strong><br \/>\nNas TVs comerciais abertas, foi quase um completo sil\u00eancio.\u00a0O programa\u00a0Como Ser\u00e1?, apresentado pela jornalista Sandra Annemberg, na TV Globo, que vai ao ar \u00e0s 6 horas da manh\u00e3 de s\u00e1bado, incluiu um quadro para celebrar o dia de Zumbi dos Palmares no dia 19\u00a0de novembro.<\/p>\n<p>O\u00a0mesmo fez o\u00a0programa\u00a0Encontro\u00a0com\u00a0F\u00e1tima Bernardes\u00a0em sua edi\u00e7\u00e3o do dia 18.\u00a0De resto, a maioria dos canais se conformou em noticiar os atos, marchas e shows promovidos pelo Brasil em seus programas noticiosos.<\/p>\n<p>Tiveram os que, ainda, optaram pela mediocridade de dar apenas uma nota de \u201cservi\u00e7o\u201d, dizendo ao telespectador \u201co que abre e o que fecha\u201d no feriado.<\/p>\n<p>A ideia de que a n\u00e3o presen\u00e7a de negros e negras nos meios de comunica\u00e7\u00e3o fere profundamente a constru\u00e7\u00e3o de nossa pr\u00f3pria autoimagem individual e coletiva \u00e9 t\u00e3o decisiva que os casos contr\u00e1rios, ou seja, quando um negro \u00e9 posto em uma posi\u00e7\u00e3o de se tornar imagem refletida e refratada de n\u00f3s mesmos de forma positiva, vira um evento de repercuss\u00e3o nacional.<\/p>\n<p>A jornalista\u00a0Maria J\u00falia Coutinho\u00a0se tornou, em 2015, a primeira apresentadora negra de um quadro fixo do\u00a0Jornal Nacional; Tais Ara\u00fajo foi, no recent\u00edssimo ano de 2004, a primeira negra protagonista de telenovela da TV Globo; e foram necess\u00e1rios 21 anos para que\u00a0Malha\u00e7\u00e3o\u00a0tivesse, enfim, a primeira negra como personagem principal \u2013 o que aconteceu este ano de 2016.<\/p>\n<p>Aos trancos e barrancos, portanto, tem sido a comunica\u00e7\u00e3o p\u00fablica, muitas vezes sem recursos e atacada por segmentos\u00a0que acreditam n\u00e3o ser papel do Estado investir neste setor, a que mais realiza a inclus\u00e3o da popula\u00e7\u00e3o negra em sua programa\u00e7\u00e3o.<\/p>\n<p>Ora pela contrata\u00e7\u00e3o de profissionais (jornalistas, apresentadores, articulistas), ora por promover, mesmo que informalmente, a\u00e7\u00f5es afirmativas que garantem especialistas negros e negras na bancada de seus programas, falando de economia, pol\u00edtica, cultura, enfim, pautas que v\u00e3o al\u00e9m das ditas \u201cquest\u00f5es raciais\u201d.<\/p>\n<p><strong>O impacto das medidas de Temer para a diversidade racial na m\u00eddia<\/strong><br \/>\nO desmonte da comunica\u00e7\u00e3o p\u00fablica, cujo princ\u00edpio fundamental \u00e9 promover comunica\u00e7\u00e3o de interesse p\u00fablico e n\u00e3o estar subordinada \u00e0 aferi\u00e7\u00e3o do lucro pode significar, portanto, um retrocesso gritante para a inclus\u00e3o da popula\u00e7\u00e3o negra nos espa\u00e7os da m\u00eddia.<\/p>\n<p>Isto sem falar que nos p\u00f5e em rota de colis\u00e3o direta com o preceito constitucional (Artigo 223) que prev\u00ea a necess\u00e1ria complementaridade do sistema de comunica\u00e7\u00e3o (p\u00fablico, privado e estatal).<br \/>\nAo editar a Medida Provis\u00f3ria 744\/2016, o\u00a0Presidente Michel Temer (PMDB) j\u00e1 deu um grande passo rumo ao desmonte,\u00a0extinguindo\u00a0o Conselho Curador da empresa \u2013justamente o \u00f3rg\u00e3o\u00a0que iniciou o debate interno sobre a necessidade de se promover, dentro da EBC, a equidade de g\u00eanero e ra\u00e7a.<\/p>\n<p>Mas os retrocessos n\u00e3o param\u00a0por a\u00ed. No dia 31 de outubro, o\u00a0governo Temer deu novos sinais preocupantes no que diz respeito \u00e0 inclus\u00e3o e valoriza\u00e7\u00e3o da cultura negra na comunica\u00e7\u00e3o, ao mudar, exatamente um dia antes do in\u00edcio do\u00a0M\u00eas da\u00a0Consci\u00eancia Negra, a vinheta de abertura do programa de r\u00e1dio\u00a0A Voz do Brasil.<\/p>\n<p>A vinheta, uma vers\u00e3o da \u00f3pera\u00a0O Guarani,\u00a0de Carlos Gomes, perdeu os sons de berimbaus e tambores, tra\u00e7os caracter\u00edsticos da cultura negra afro-brasileira. A nova (velha) vers\u00e3o, traz um som mais cl\u00e1ssico, erudito, dando ao programa, novamente, ares nacionalistas.<\/p>\n<p>Os antecedentes da gest\u00e3o Temer tamb\u00e9m\u00a0contribuem para esta preocupa\u00e7\u00e3o.<\/p>\n<p>N\u00e3o foram nomeados ministros ou secret\u00e1rios negros para o primeiro escal\u00e3o do governo, houve a subordina\u00e7\u00e3o da Secretaria de Pol\u00edticas de Promo\u00e7\u00e3o da Igualdade Racial (Seppir) ao Minist\u00e9rio da Justi\u00e7a e foi extinta a Coordena\u00e7\u00e3o de G\u00eanero e Ra\u00e7a do Instituto de Pesquisa Econ\u00f4micas Aplicadas (IPEA) \u2013 espa\u00e7o de produ\u00e7\u00e3o e dissemina\u00e7\u00e3o de conhecimento emp\u00edrico sobre a situa\u00e7\u00e3o social de mulheres e da popula\u00e7\u00e3o negra e de assessoria governamental para o aperfei\u00e7oamento da pol\u00edtica p\u00fablica aos diferentes \u00f3rg\u00e3os de governo.<\/p>\n<p>Assim, embora o programa\u00a0A Voz do Brasil\u00a0n\u00e3o esteja no bojo da comunica\u00e7\u00e3o p\u00fablica e embora sozinha a mudan\u00e7a na vinheta n\u00e3o revele muito das inten\u00e7\u00f5es que a geraram, a julgar pelo desmonte das pol\u00edticas p\u00fablicas de promo\u00e7\u00e3o da igualdade racial que est\u00e3o sendo tamb\u00e9m realizadas pelo\u00a0governo, a mudan\u00e7a da vinheta do programa sinaliza retrocessos significativos.<\/p>\n<p>E n\u00e3o se trata apenas da pol\u00edtica de inclus\u00e3o de negros e negras (o que\u00a0j\u00e1 seria o bastante), mas da pr\u00f3pria compreens\u00e3o do papel da popula\u00e7\u00e3o negra \u2013 50% dos brasileiros se encontram no leque das \u201cafro-descend\u00eancias\u201d \u2013 na constitui\u00e7\u00e3o social, cultural e econ\u00f4mica deste pa\u00eds.<\/p>\n<p>Assim, invisibilizar o negro nas a\u00e7\u00f5es pol\u00edticas ou promover medidas de desmonte de processos que vinham sendo inclusivos, como na comunica\u00e7\u00e3o p\u00fablica realizada pela EBC, s\u00e3o dois lados da mesma moeda que corroboram para a perman\u00eancia do\u00a0racismo estrutural\u00a0no Brasil.<\/p>\n<p><img loading=\"lazy\" decoding=\"async\" class=\" wp-image-14769 alignleft\" src=\"http:\/\/www.psol50.org.br\/inc\/uploads\/2016\/12\/Ana-Mielki-300x300.jpg\" alt=\"ana-mielki\" width=\"253\" height=\"253\" srcset=\"https:\/\/psol50.org.br\/inc\/uploads\/2016\/12\/Ana-Mielki-300x300.jpg 300w, https:\/\/psol50.org.br\/inc\/uploads\/2016\/12\/Ana-Mielki-150x150.jpg 150w, https:\/\/psol50.org.br\/inc\/uploads\/2016\/12\/Ana-Mielki-768x768.jpg 768w, https:\/\/psol50.org.br\/inc\/uploads\/2016\/12\/Ana-Mielki-696x696.jpg 696w, https:\/\/psol50.org.br\/inc\/uploads\/2016\/12\/Ana-Mielki.jpg 960w\" sizes=\"auto, (max-width: 253px) 100vw, 253px\" \/>\u00a0<em>Ana Cl\u00e1udia Mielke \u00e9\u00a0jornalista, militante do PSOL, mestre em Ci\u00eancias da Comunica\u00e7\u00e3o pela ECA\/USP e coordenadora executiva do Intervozes. Colaborou Cec\u00edlia Bizerra de Souza, jornalista, mestre em Comunica\u00e7\u00e3o pela UnB e membro do Intervozes.<\/em><\/p>\n","protected":false},"excerpt":{"rendered":"<p>Artigo publicado originalmente no blog do Intervozes, na Carta Capital Recentemente fui convidada a participar de uma\u00a0entrevista\u00a0no programa VerTV, da TV Brasil, para falar do tema do arrendamento, isto \u00e9, a venda ilegal, de grades da programa\u00e7\u00e3o de TV. Respondi prontamente que falava do tema, mas indiquei um colega que tamb\u00e9m comp\u00f5e o Intervozes, por [&hellip;]<\/p>\n","protected":false},"author":2,"featured_media":14770,"comment_status":"open","ping_status":"open","sticky":false,"template":"","format":"standard","meta":{"_acf_changed":false,"footnotes":""},"categories":[3,1882,2208],"tags":[4701,730,3796,731,449,3733,5,765,1322,4326,734],"class_list":{"0":"post-14768","1":"post","2":"type-post","3":"status-publish","4":"format-standard","5":"has-post-thumbnail","7":"category-artigos-e-entrevistas","8":"category-brasil","9":"category-educacao","10":"tag-ana-claudia-mielke","11":"tag-comunicacao-publica","12":"tag-dia-nacional-da-consciencia-negra","13":"tag-ebc","14":"tag-meios-de-comunicacao","15":"tag-midia","16":"tag-negras","17":"tag-negros","18":"tag-representatividade","19":"tag-tv","20":"tag-tv-brasil"},"acf":[],"yoast_head":"<!-- This site is optimized with the Yoast SEO plugin v26.5 - https:\/\/yoast.com\/wordpress\/plugins\/seo\/ -->\n<title>Ana Cl\u00e1udia Mielki | O m\u00eas da consci\u00eancia negra e a representatividade na TV - PSOL 50<\/title>\n<meta name=\"robots\" content=\"index, follow, max-snippet:-1, max-image-preview:large, max-video-preview:-1\" \/>\n<link rel=\"canonical\" href=\"https:\/\/psol50.org.br\/ana-claudia-mielki-o-mes-da-consciencia-negra-e-a-representatividade-na-tv\/\" \/>\n<meta property=\"og:locale\" content=\"pt_BR\" \/>\n<meta property=\"og:type\" content=\"article\" \/>\n<meta property=\"og:title\" content=\"Ana Cl\u00e1udia Mielki | O m\u00eas da consci\u00eancia negra e a representatividade na TV - PSOL 50\" \/>\n<meta property=\"og:description\" content=\"Artigo publicado originalmente no blog do Intervozes, na Carta Capital Recentemente fui convidada a participar de uma\u00a0entrevista\u00a0no programa VerTV, da TV Brasil, para falar do tema do arrendamento, isto \u00e9, a venda ilegal, de grades da programa\u00e7\u00e3o de TV. Respondi prontamente que falava do tema, mas indiquei um colega que tamb\u00e9m comp\u00f5e o Intervozes, por [&hellip;]\" \/>\n<meta property=\"og:url\" content=\"https:\/\/psol50.org.br\/ana-claudia-mielki-o-mes-da-consciencia-negra-e-a-representatividade-na-tv\/\" \/>\n<meta property=\"og:site_name\" content=\"PSOL 50\" \/>\n<meta property=\"article:publisher\" content=\"https:\/\/www.facebook.com\/psol50\" \/>\n<meta property=\"article:published_time\" content=\"2016-11-29T13:54:58+00:00\" \/>\n<meta property=\"og:image\" content=\"https:\/\/psol50.org.br\/inc\/uploads\/2016\/12\/Serie-Raiz-Negra-Reproducao.png\" \/>\n\t<meta property=\"og:image:width\" content=\"900\" \/>\n\t<meta property=\"og:image:height\" content=\"600\" \/>\n\t<meta property=\"og:image:type\" content=\"image\/png\" \/>\n<meta name=\"author\" content=\"Comunica\u00e7\u00e3o PSOL\" \/>\n<meta name=\"twitter:card\" content=\"summary_large_image\" \/>\n<meta name=\"twitter:creator\" content=\"@psol50\" \/>\n<meta name=\"twitter:site\" content=\"@psol50\" \/>\n<meta name=\"twitter:label1\" content=\"Escrito por\" \/>\n\t<meta name=\"twitter:data1\" content=\"Comunica\u00e7\u00e3o PSOL\" \/>\n\t<meta name=\"twitter:label2\" content=\"Est. tempo de leitura\" \/>\n\t<meta name=\"twitter:data2\" content=\"9 minutos\" \/>\n<script type=\"application\/ld+json\" class=\"yoast-schema-graph\">{\"@context\":\"https:\/\/schema.org\",\"@graph\":[{\"@type\":\"Article\",\"@id\":\"https:\/\/psol50.org.br\/ana-claudia-mielki-o-mes-da-consciencia-negra-e-a-representatividade-na-tv\/#article\",\"isPartOf\":{\"@id\":\"https:\/\/psol50.org.br\/ana-claudia-mielki-o-mes-da-consciencia-negra-e-a-representatividade-na-tv\/\"},\"author\":{\"name\":\"Comunica\u00e7\u00e3o PSOL\",\"@id\":\"https:\/\/psol50.org.br\/#\/schema\/person\/475dfa57d0b815993c714c2e96491fcd\"},\"headline\":\"Ana Cl\u00e1udia Mielki | O m\u00eas da consci\u00eancia negra e a representatividade na TV\",\"datePublished\":\"2016-11-29T13:54:58+00:00\",\"mainEntityOfPage\":{\"@id\":\"https:\/\/psol50.org.br\/ana-claudia-mielki-o-mes-da-consciencia-negra-e-a-representatividade-na-tv\/\"},\"wordCount\":1871,\"commentCount\":0,\"publisher\":{\"@id\":\"https:\/\/psol50.org.br\/#organization\"},\"image\":{\"@id\":\"https:\/\/psol50.org.br\/ana-claudia-mielki-o-mes-da-consciencia-negra-e-a-representatividade-na-tv\/#primaryimage\"},\"thumbnailUrl\":\"https:\/\/psol50.org.br\/inc\/uploads\/2016\/12\/Serie-Raiz-Negra-Reproducao.png\",\"keywords\":[\"Ana Cl\u00e1udia Mielke\",\"comunica\u00e7\u00e3o p\u00fablica\",\"Dia Nacional da Consci\u00eancia Negra\",\"EBC\",\"meios de comunica\u00e7\u00e3o\",\"m\u00eddia\",\"negras\",\"negros\",\"representatividade\",\"TV\",\"TV Brasil\"],\"articleSection\":[\"Artigos\",\"Brasil\",\"Educa\u00e7\u00e3o\"],\"inLanguage\":\"pt-BR\",\"potentialAction\":[{\"@type\":\"CommentAction\",\"name\":\"Comment\",\"target\":[\"https:\/\/psol50.org.br\/ana-claudia-mielki-o-mes-da-consciencia-negra-e-a-representatividade-na-tv\/#respond\"]}]},{\"@type\":\"WebPage\",\"@id\":\"https:\/\/psol50.org.br\/ana-claudia-mielki-o-mes-da-consciencia-negra-e-a-representatividade-na-tv\/\",\"url\":\"https:\/\/psol50.org.br\/ana-claudia-mielki-o-mes-da-consciencia-negra-e-a-representatividade-na-tv\/\",\"name\":\"Ana Cl\u00e1udia Mielki | O m\u00eas da consci\u00eancia negra e a representatividade na TV - PSOL 50\",\"isPartOf\":{\"@id\":\"https:\/\/psol50.org.br\/#website\"},\"primaryImageOfPage\":{\"@id\":\"https:\/\/psol50.org.br\/ana-claudia-mielki-o-mes-da-consciencia-negra-e-a-representatividade-na-tv\/#primaryimage\"},\"image\":{\"@id\":\"https:\/\/psol50.org.br\/ana-claudia-mielki-o-mes-da-consciencia-negra-e-a-representatividade-na-tv\/#primaryimage\"},\"thumbnailUrl\":\"https:\/\/psol50.org.br\/inc\/uploads\/2016\/12\/Serie-Raiz-Negra-Reproducao.png\",\"datePublished\":\"2016-11-29T13:54:58+00:00\",\"breadcrumb\":{\"@id\":\"https:\/\/psol50.org.br\/ana-claudia-mielki-o-mes-da-consciencia-negra-e-a-representatividade-na-tv\/#breadcrumb\"},\"inLanguage\":\"pt-BR\",\"potentialAction\":[{\"@type\":\"ReadAction\",\"target\":[\"https:\/\/psol50.org.br\/ana-claudia-mielki-o-mes-da-consciencia-negra-e-a-representatividade-na-tv\/\"]}]},{\"@type\":\"ImageObject\",\"inLanguage\":\"pt-BR\",\"@id\":\"https:\/\/psol50.org.br\/ana-claudia-mielki-o-mes-da-consciencia-negra-e-a-representatividade-na-tv\/#primaryimage\",\"url\":\"https:\/\/psol50.org.br\/inc\/uploads\/2016\/12\/Serie-Raiz-Negra-Reproducao.png\",\"contentUrl\":\"https:\/\/psol50.org.br\/inc\/uploads\/2016\/12\/Serie-Raiz-Negra-Reproducao.png\",\"width\":900,\"height\":600,\"caption\":\"S\u00e9rie Negra Raiz, da TV Brasil, discute m\u00eddia e representa\u00e7\u00e3o de negras e negros\"},{\"@type\":\"BreadcrumbList\",\"@id\":\"https:\/\/psol50.org.br\/ana-claudia-mielki-o-mes-da-consciencia-negra-e-a-representatividade-na-tv\/#breadcrumb\",\"itemListElement\":[{\"@type\":\"ListItem\",\"position\":1,\"name\":\"In\u00edcio\",\"item\":\"https:\/\/psol50.org.br\/\"},{\"@type\":\"ListItem\",\"position\":2,\"name\":\"Ana Cl\u00e1udia Mielki | O m\u00eas da consci\u00eancia negra e a representatividade na TV\"}]},{\"@type\":\"WebSite\",\"@id\":\"https:\/\/psol50.org.br\/#website\",\"url\":\"https:\/\/psol50.org.br\/\",\"name\":\"PSOL 50\",\"description\":\"Site oficial do Partido Socialismo e Liberdade\",\"publisher\":{\"@id\":\"https:\/\/psol50.org.br\/#organization\"},\"alternateName\":\"PSOL50\",\"potentialAction\":[{\"@type\":\"SearchAction\",\"target\":{\"@type\":\"EntryPoint\",\"urlTemplate\":\"https:\/\/psol50.org.br\/?s={search_term_string}\"},\"query-input\":{\"@type\":\"PropertyValueSpecification\",\"valueRequired\":true,\"valueName\":\"search_term_string\"}}],\"inLanguage\":\"pt-BR\"},{\"@type\":\"Organization\",\"@id\":\"https:\/\/psol50.org.br\/#organization\",\"name\":\"PSOL 50\",\"alternateName\":\"PSOL 50\",\"url\":\"https:\/\/psol50.org.br\/\",\"logo\":{\"@type\":\"ImageObject\",\"inLanguage\":\"pt-BR\",\"@id\":\"https:\/\/psol50.org.br\/#\/schema\/logo\/image\/\",\"url\":\"https:\/\/psol50.org.br\/inc\/uploads\/2018\/07\/capa.png\",\"contentUrl\":\"https:\/\/psol50.org.br\/inc\/uploads\/2018\/07\/capa.png\",\"width\":1350,\"height\":900,\"caption\":\"PSOL 50\"},\"image\":{\"@id\":\"https:\/\/psol50.org.br\/#\/schema\/logo\/image\/\"},\"sameAs\":[\"https:\/\/www.facebook.com\/psol50\",\"https:\/\/x.com\/psol50\",\"https:\/\/www.instagram.com\/psol50\/\",\"https:\/\/www.youtube.com\/channel\/UC7SnJS5o1os7a6CaiNabzcg\"]},{\"@type\":\"Person\",\"@id\":\"https:\/\/psol50.org.br\/#\/schema\/person\/475dfa57d0b815993c714c2e96491fcd\",\"name\":\"Comunica\u00e7\u00e3o PSOL\",\"image\":{\"@type\":\"ImageObject\",\"inLanguage\":\"pt-BR\",\"@id\":\"https:\/\/psol50.org.br\/#\/schema\/person\/image\/\",\"url\":\"https:\/\/secure.gravatar.com\/avatar\/b34fc4f4e468a4e51785917065a3db57b841f5c95dba6ad8c73aaf8f66f8f9bf?s=96&d=mm&r=g\",\"contentUrl\":\"https:\/\/secure.gravatar.com\/avatar\/b34fc4f4e468a4e51785917065a3db57b841f5c95dba6ad8c73aaf8f66f8f9bf?s=96&d=mm&r=g\",\"caption\":\"Comunica\u00e7\u00e3o PSOL\"}}]}<\/script>\n<!-- \/ Yoast SEO plugin. -->","yoast_head_json":{"title":"Ana Cl\u00e1udia Mielki | O m\u00eas da consci\u00eancia negra e a representatividade na TV - PSOL 50","robots":{"index":"index","follow":"follow","max-snippet":"max-snippet:-1","max-image-preview":"max-image-preview:large","max-video-preview":"max-video-preview:-1"},"canonical":"https:\/\/psol50.org.br\/ana-claudia-mielki-o-mes-da-consciencia-negra-e-a-representatividade-na-tv\/","og_locale":"pt_BR","og_type":"article","og_title":"Ana Cl\u00e1udia Mielki | O m\u00eas da consci\u00eancia negra e a representatividade na TV - PSOL 50","og_description":"Artigo publicado originalmente no blog do Intervozes, na Carta Capital Recentemente fui convidada a participar de uma\u00a0entrevista\u00a0no programa VerTV, da TV Brasil, para falar do tema do arrendamento, isto \u00e9, a venda ilegal, de grades da programa\u00e7\u00e3o de TV. Respondi prontamente que falava do tema, mas indiquei um colega que tamb\u00e9m comp\u00f5e o Intervozes, por [&hellip;]","og_url":"https:\/\/psol50.org.br\/ana-claudia-mielki-o-mes-da-consciencia-negra-e-a-representatividade-na-tv\/","og_site_name":"PSOL 50","article_publisher":"https:\/\/www.facebook.com\/psol50","article_published_time":"2016-11-29T13:54:58+00:00","og_image":[{"width":900,"height":600,"url":"https:\/\/psol50.org.br\/inc\/uploads\/2016\/12\/Serie-Raiz-Negra-Reproducao.png","type":"image\/png"}],"author":"Comunica\u00e7\u00e3o PSOL","twitter_card":"summary_large_image","twitter_creator":"@psol50","twitter_site":"@psol50","twitter_misc":{"Escrito por":"Comunica\u00e7\u00e3o PSOL","Est. tempo de leitura":"9 minutos"},"schema":{"@context":"https:\/\/schema.org","@graph":[{"@type":"Article","@id":"https:\/\/psol50.org.br\/ana-claudia-mielki-o-mes-da-consciencia-negra-e-a-representatividade-na-tv\/#article","isPartOf":{"@id":"https:\/\/psol50.org.br\/ana-claudia-mielki-o-mes-da-consciencia-negra-e-a-representatividade-na-tv\/"},"author":{"name":"Comunica\u00e7\u00e3o PSOL","@id":"https:\/\/psol50.org.br\/#\/schema\/person\/475dfa57d0b815993c714c2e96491fcd"},"headline":"Ana Cl\u00e1udia Mielki | O m\u00eas da consci\u00eancia negra e a representatividade na TV","datePublished":"2016-11-29T13:54:58+00:00","mainEntityOfPage":{"@id":"https:\/\/psol50.org.br\/ana-claudia-mielki-o-mes-da-consciencia-negra-e-a-representatividade-na-tv\/"},"wordCount":1871,"commentCount":0,"publisher":{"@id":"https:\/\/psol50.org.br\/#organization"},"image":{"@id":"https:\/\/psol50.org.br\/ana-claudia-mielki-o-mes-da-consciencia-negra-e-a-representatividade-na-tv\/#primaryimage"},"thumbnailUrl":"https:\/\/psol50.org.br\/inc\/uploads\/2016\/12\/Serie-Raiz-Negra-Reproducao.png","keywords":["Ana Cl\u00e1udia Mielke","comunica\u00e7\u00e3o p\u00fablica","Dia Nacional da Consci\u00eancia Negra","EBC","meios de comunica\u00e7\u00e3o","m\u00eddia","negras","negros","representatividade","TV","TV Brasil"],"articleSection":["Artigos","Brasil","Educa\u00e7\u00e3o"],"inLanguage":"pt-BR","potentialAction":[{"@type":"CommentAction","name":"Comment","target":["https:\/\/psol50.org.br\/ana-claudia-mielki-o-mes-da-consciencia-negra-e-a-representatividade-na-tv\/#respond"]}]},{"@type":"WebPage","@id":"https:\/\/psol50.org.br\/ana-claudia-mielki-o-mes-da-consciencia-negra-e-a-representatividade-na-tv\/","url":"https:\/\/psol50.org.br\/ana-claudia-mielki-o-mes-da-consciencia-negra-e-a-representatividade-na-tv\/","name":"Ana Cl\u00e1udia Mielki | O m\u00eas da consci\u00eancia negra e a representatividade na TV - PSOL 50","isPartOf":{"@id":"https:\/\/psol50.org.br\/#website"},"primaryImageOfPage":{"@id":"https:\/\/psol50.org.br\/ana-claudia-mielki-o-mes-da-consciencia-negra-e-a-representatividade-na-tv\/#primaryimage"},"image":{"@id":"https:\/\/psol50.org.br\/ana-claudia-mielki-o-mes-da-consciencia-negra-e-a-representatividade-na-tv\/#primaryimage"},"thumbnailUrl":"https:\/\/psol50.org.br\/inc\/uploads\/2016\/12\/Serie-Raiz-Negra-Reproducao.png","datePublished":"2016-11-29T13:54:58+00:00","breadcrumb":{"@id":"https:\/\/psol50.org.br\/ana-claudia-mielki-o-mes-da-consciencia-negra-e-a-representatividade-na-tv\/#breadcrumb"},"inLanguage":"pt-BR","potentialAction":[{"@type":"ReadAction","target":["https:\/\/psol50.org.br\/ana-claudia-mielki-o-mes-da-consciencia-negra-e-a-representatividade-na-tv\/"]}]},{"@type":"ImageObject","inLanguage":"pt-BR","@id":"https:\/\/psol50.org.br\/ana-claudia-mielki-o-mes-da-consciencia-negra-e-a-representatividade-na-tv\/#primaryimage","url":"https:\/\/psol50.org.br\/inc\/uploads\/2016\/12\/Serie-Raiz-Negra-Reproducao.png","contentUrl":"https:\/\/psol50.org.br\/inc\/uploads\/2016\/12\/Serie-Raiz-Negra-Reproducao.png","width":900,"height":600,"caption":"S\u00e9rie Negra Raiz, da TV Brasil, discute m\u00eddia e representa\u00e7\u00e3o de negras e negros"},{"@type":"BreadcrumbList","@id":"https:\/\/psol50.org.br\/ana-claudia-mielki-o-mes-da-consciencia-negra-e-a-representatividade-na-tv\/#breadcrumb","itemListElement":[{"@type":"ListItem","position":1,"name":"In\u00edcio","item":"https:\/\/psol50.org.br\/"},{"@type":"ListItem","position":2,"name":"Ana Cl\u00e1udia Mielki | O m\u00eas da consci\u00eancia negra e a representatividade na TV"}]},{"@type":"WebSite","@id":"https:\/\/psol50.org.br\/#website","url":"https:\/\/psol50.org.br\/","name":"PSOL 50","description":"Site oficial do Partido Socialismo e Liberdade","publisher":{"@id":"https:\/\/psol50.org.br\/#organization"},"alternateName":"PSOL50","potentialAction":[{"@type":"SearchAction","target":{"@type":"EntryPoint","urlTemplate":"https:\/\/psol50.org.br\/?s={search_term_string}"},"query-input":{"@type":"PropertyValueSpecification","valueRequired":true,"valueName":"search_term_string"}}],"inLanguage":"pt-BR"},{"@type":"Organization","@id":"https:\/\/psol50.org.br\/#organization","name":"PSOL 50","alternateName":"PSOL 50","url":"https:\/\/psol50.org.br\/","logo":{"@type":"ImageObject","inLanguage":"pt-BR","@id":"https:\/\/psol50.org.br\/#\/schema\/logo\/image\/","url":"https:\/\/psol50.org.br\/inc\/uploads\/2018\/07\/capa.png","contentUrl":"https:\/\/psol50.org.br\/inc\/uploads\/2018\/07\/capa.png","width":1350,"height":900,"caption":"PSOL 50"},"image":{"@id":"https:\/\/psol50.org.br\/#\/schema\/logo\/image\/"},"sameAs":["https:\/\/www.facebook.com\/psol50","https:\/\/x.com\/psol50","https:\/\/www.instagram.com\/psol50\/","https:\/\/www.youtube.com\/channel\/UC7SnJS5o1os7a6CaiNabzcg"]},{"@type":"Person","@id":"https:\/\/psol50.org.br\/#\/schema\/person\/475dfa57d0b815993c714c2e96491fcd","name":"Comunica\u00e7\u00e3o PSOL","image":{"@type":"ImageObject","inLanguage":"pt-BR","@id":"https:\/\/psol50.org.br\/#\/schema\/person\/image\/","url":"https:\/\/secure.gravatar.com\/avatar\/b34fc4f4e468a4e51785917065a3db57b841f5c95dba6ad8c73aaf8f66f8f9bf?s=96&d=mm&r=g","contentUrl":"https:\/\/secure.gravatar.com\/avatar\/b34fc4f4e468a4e51785917065a3db57b841f5c95dba6ad8c73aaf8f66f8f9bf?s=96&d=mm&r=g","caption":"Comunica\u00e7\u00e3o PSOL"}}]}},"_links":{"self":[{"href":"https:\/\/psol50.org.br\/rest\/wp\/v2\/posts\/14768","targetHints":{"allow":["GET"]}}],"collection":[{"href":"https:\/\/psol50.org.br\/rest\/wp\/v2\/posts"}],"about":[{"href":"https:\/\/psol50.org.br\/rest\/wp\/v2\/types\/post"}],"author":[{"embeddable":true,"href":"https:\/\/psol50.org.br\/rest\/wp\/v2\/users\/2"}],"replies":[{"embeddable":true,"href":"https:\/\/psol50.org.br\/rest\/wp\/v2\/comments?post=14768"}],"version-history":[{"count":0,"href":"https:\/\/psol50.org.br\/rest\/wp\/v2\/posts\/14768\/revisions"}],"wp:featuredmedia":[{"embeddable":true,"href":"https:\/\/psol50.org.br\/rest\/wp\/v2\/media\/14770"}],"wp:attachment":[{"href":"https:\/\/psol50.org.br\/rest\/wp\/v2\/media?parent=14768"}],"wp:term":[{"taxonomy":"category","embeddable":true,"href":"https:\/\/psol50.org.br\/rest\/wp\/v2\/categories?post=14768"},{"taxonomy":"post_tag","embeddable":true,"href":"https:\/\/psol50.org.br\/rest\/wp\/v2\/tags?post=14768"}],"curies":[{"name":"wp","href":"https:\/\/api.w.org\/{rel}","templated":true}]}}