{"id":14772,"date":"2016-12-02T20:15:31","date_gmt":"2016-12-02T20:15:31","guid":{"rendered":"http:\/\/www.psol50.org.br\/?p=14772"},"modified":"2016-12-02T20:15:31","modified_gmt":"2016-12-02T20:15:31","slug":"plenario-do-senado-vota-projeto-da-terceirizacao-na-proxima-terca","status":"publish","type":"post","link":"https:\/\/psol50.org.br\/plenario-do-senado-vota-projeto-da-terceirizacao-na-proxima-terca\/","title":{"rendered":"Plen\u00e1rio do Senado vota projeto da terceiriza\u00e7\u00e3o nesta ter\u00e7a"},"content":{"rendered":"<p style=\"text-align: justify\"><span style=\"font-weight: 400\">Na pr\u00f3xima ter\u00e7a-feira (6\/12), o plen\u00e1rio do Senado deve discutir o Projeto de Lei da C\u00e2mara (PLC) 30\/2015, ou projeto de lei da Terceiriza\u00e7\u00e3o. O texto original, de autoria do ex-deputado Sandro Mabel, tramita no legislativo desde 2004, quando ainda era titulado 4330\/04. A aprova\u00e7\u00e3o no plen\u00e1rio da C\u00e2mara\u00a0aconteceu em 2015, com votos contr\u00e1rios de toda a bancada do PSOL.<\/span><span style=\"font-weight: 400\"><br \/>\n<\/span><span style=\"font-weight: 400\"><br \/>\n<\/span><span style=\"font-weight: 400\">O PSOL sempre se posicionou contra\u00a0a pol\u00edtica de terceiriza\u00e7\u00f5es, que representa a precariza\u00e7\u00e3o dos servi\u00e7os e explora\u00e7\u00e3o dos trabalhadores, sujeitos\u00a0a jornadas de trabalho mais extensas e menos direitos. Em uma consulta p\u00fablica realizada pelo portal e-Cidadania, no site do Senado Federal, <span style=\"color: #3366ff\"><a style=\"color: #3366ff\" href=\"https:\/\/www12.senado.leg.br\/ecidadania\/visualizacaomateria?id=120928\" target=\"_blank\" rel=\"noopener\">mais de 49 mil pessoas votaram contra o projeto de lei<\/a><\/span>, enquanto apenas 8 mil eram favor\u00e1veis \u00e0 proposta. <\/span><span style=\"font-weight: 400\"><br \/>\n<\/span><span style=\"font-weight: 400\"><br \/>\n<\/span><span style=\"font-weight: 400\">O parecer que ser\u00e1 votado na ter\u00e7a que vem, do senador Paulo Paim (PT-RS), prop\u00f5e altera\u00e7\u00f5es ao texto original. Caso aprovado no Senado, o projeto de lei voltar\u00e1 \u00e0 C\u00e2mara para an\u00e1lise das mudan\u00e7as. Uma das altera\u00e7\u00f5es propostas por Paim mant\u00e9m a terceiriza\u00e7\u00e3o apenas em atividades-meio, que s\u00e3o servi\u00e7os de suporte como limpeza e transporte. O texto que foi aprovado pela C\u00e2mara, al\u00e9m de regulamentar a terceiriza\u00e7\u00e3o de atividades-meio, tamb\u00e9m dava a possibilidade de terceiriza\u00e7\u00e3o nas atividades-fim. Ficaria permitida, portanto, a terceiriza\u00e7\u00e3o dos trabalhadores que desempenham os servi\u00e7os principais oferecidos pelo \u00f3rg\u00e3o ou empresa.<\/p>\n<p><\/span><span style=\"font-weight: 400\">Pelo novo texto,\u00a0elaborado a partir de v\u00e1rios conversas com dirigentes de centrais sindicais,\u00a0tamb\u00e9m ficar\u00e1 proibida a contra\u00e7\u00e3o de pessoa f\u00edsica como pessoa jur\u00eddica, uma pr\u00e1tica muito comum hoje, que ficaria ainda mais corriqueira com o projeto original, j\u00e1 que o texto aprovado pela C\u00e2mara permitia a contrata\u00e7\u00e3o de trabalhadores como PJs, com quarentena. Isto \u00e9, o empregador poderia demitir o trabalhador e dois anos depois contrat\u00e1-lo novamente como pessoa jur\u00eddica.<\/p>\n<p>Em rela\u00e7\u00e3o \u00e0 representa\u00e7\u00e3o sindical e aos direitos dos trabalhadores, o novo texto tenta garantir a isonomia de direitos entre o contratado diretamente da empresa e o terceirizado. Al\u00e9m disso, o parecer tamb\u00e9m pro\u00edbe a subcontrata\u00e7\u00e3o ou quarteiriza\u00e7\u00e3o, com ressalvas para o segmento da constru\u00e7\u00e3o civil ou setores que possuem legisla\u00e7\u00e3o espec\u00edfica sobre o assunto.<br \/>\n<\/span><\/p>\n<p><span style=\"font-weight: 400\">Confira abaixo a fala do deputado Chico Alencar (PSOL-RJ), durante a vota\u00e7\u00e3o do PL 4330 na C\u00e2mara:<\/span><span style=\"font-weight: 400\"><br \/>\n<\/span><a href=\"https:\/\/www.youtube.com\/watch?v=Y4bxN1JrIOk\"><span style=\"font-weight: 400\"><br \/>\n<\/span><\/a><\/p>\n<div class=\"youtube-embed\" data-video_id=\"Y4bxN1JrIOk\"><iframe loading=\"lazy\" title=\"Se aprovado o PL 4330, em 8 anos o Brasil ter\u00e1 75% da for\u00e7a de trabalho terceirizada\" width=\"696\" height=\"522\" src=\"https:\/\/www.youtube.com\/embed\/Y4bxN1JrIOk?feature=oembed&#038;enablejsapi=1\" frameborder=\"0\" allow=\"accelerometer; autoplay; clipboard-write; encrypted-media; gyroscope; picture-in-picture\" allowfullscreen><\/iframe><\/div>\n<p style=\"text-align: justify\"><a href=\"https:\/\/www.youtube.com\/watch?v=Y4bxN1JrIOk\"><span style=\"font-weight: 400\"><br \/>\n<\/span><\/a><\/p>\n","protected":false},"excerpt":{"rendered":"<p>Na pr\u00f3xima ter\u00e7a-feira (6\/12), o plen\u00e1rio do Senado deve discutir o Projeto de Lei da C\u00e2mara (PLC) 30\/2015, ou projeto de lei da Terceiriza\u00e7\u00e3o. O texto original, de autoria do ex-deputado Sandro Mabel, tramita no legislativo desde 2004, quando ainda era titulado 4330\/04. A aprova\u00e7\u00e3o no plen\u00e1rio da C\u00e2mara\u00a0aconteceu em 2015, com votos contr\u00e1rios de [&hellip;]<\/p>\n","protected":false},"author":2,"featured_media":14775,"comment_status":"open","ping_status":"open","sticky":false,"template":"","format":"standard","meta":{"_acf_changed":false,"footnotes":""},"categories":[1882],"tags":[4702,1680,4703,4704,2949],"class_list":{"0":"post-14772","1":"post","2":"type-post","3":"status-publish","4":"format-standard","5":"has-post-thumbnail","7":"category-brasil","8":"tag-atividade-fim","9":"tag-chico-alencar","10":"tag-pl-344004","11":"tag-plc-3015","12":"tag-terceirizacao"},"acf":[],"yoast_head":"<!-- This site is optimized with the Yoast SEO plugin v26.5 - https:\/\/yoast.com\/wordpress\/plugins\/seo\/ -->\n<title>Plen\u00e1rio do Senado vota projeto da terceiriza\u00e7\u00e3o nesta ter\u00e7a - PSOL 50<\/title>\n<meta name=\"robots\" content=\"index, follow, max-snippet:-1, max-image-preview:large, max-video-preview:-1\" \/>\n<link rel=\"canonical\" href=\"https:\/\/psol50.org.br\/plenario-do-senado-vota-projeto-da-terceirizacao-na-proxima-terca\/\" \/>\n<meta property=\"og:locale\" content=\"pt_BR\" \/>\n<meta property=\"og:type\" content=\"article\" \/>\n<meta property=\"og:title\" content=\"Plen\u00e1rio do Senado vota projeto da terceiriza\u00e7\u00e3o nesta ter\u00e7a - PSOL 50\" \/>\n<meta property=\"og:description\" content=\"Na pr\u00f3xima ter\u00e7a-feira (6\/12), o plen\u00e1rio do Senado deve discutir o Projeto de Lei da C\u00e2mara (PLC) 30\/2015, ou projeto de lei da Terceiriza\u00e7\u00e3o. O texto original, de autoria do ex-deputado Sandro Mabel, tramita no legislativo desde 2004, quando ainda era titulado 4330\/04. A aprova\u00e7\u00e3o no plen\u00e1rio da C\u00e2mara\u00a0aconteceu em 2015, com votos contr\u00e1rios de [&hellip;]\" \/>\n<meta property=\"og:url\" content=\"https:\/\/psol50.org.br\/plenario-do-senado-vota-projeto-da-terceirizacao-na-proxima-terca\/\" \/>\n<meta property=\"og:site_name\" content=\"PSOL 50\" \/>\n<meta property=\"article:publisher\" content=\"https:\/\/www.facebook.com\/psol50\" \/>\n<meta property=\"article:published_time\" content=\"2016-12-02T20:15:31+00:00\" \/>\n<meta property=\"og:image\" content=\"https:\/\/psol50.org.br\/inc\/uploads\/2016\/12\/Tomaz-Silva-Agencia-Brasil.jpg\" \/>\n\t<meta property=\"og:image:width\" content=\"1350\" \/>\n\t<meta property=\"og:image:height\" content=\"900\" \/>\n\t<meta property=\"og:image:type\" content=\"image\/jpeg\" \/>\n<meta name=\"author\" content=\"Comunica\u00e7\u00e3o PSOL\" \/>\n<meta name=\"twitter:card\" content=\"summary_large_image\" \/>\n<meta name=\"twitter:creator\" content=\"@psol50\" \/>\n<meta name=\"twitter:site\" content=\"@psol50\" \/>\n<meta name=\"twitter:label1\" content=\"Escrito por\" \/>\n\t<meta name=\"twitter:data1\" content=\"Comunica\u00e7\u00e3o PSOL\" \/>\n\t<meta name=\"twitter:label2\" content=\"Est. tempo de leitura\" \/>\n\t<meta name=\"twitter:data2\" content=\"2 minutos\" \/>\n<script type=\"application\/ld+json\" class=\"yoast-schema-graph\">{\"@context\":\"https:\/\/schema.org\",\"@graph\":[{\"@type\":\"Article\",\"@id\":\"https:\/\/psol50.org.br\/plenario-do-senado-vota-projeto-da-terceirizacao-na-proxima-terca\/#article\",\"isPartOf\":{\"@id\":\"https:\/\/psol50.org.br\/plenario-do-senado-vota-projeto-da-terceirizacao-na-proxima-terca\/\"},\"author\":{\"name\":\"Comunica\u00e7\u00e3o PSOL\",\"@id\":\"https:\/\/psol50.org.br\/#\/schema\/person\/475dfa57d0b815993c714c2e96491fcd\"},\"headline\":\"Plen\u00e1rio do Senado vota projeto da terceiriza\u00e7\u00e3o nesta ter\u00e7a\",\"datePublished\":\"2016-12-02T20:15:31+00:00\",\"mainEntityOfPage\":{\"@id\":\"https:\/\/psol50.org.br\/plenario-do-senado-vota-projeto-da-terceirizacao-na-proxima-terca\/\"},\"wordCount\":429,\"commentCount\":0,\"publisher\":{\"@id\":\"https:\/\/psol50.org.br\/#organization\"},\"image\":{\"@id\":\"https:\/\/psol50.org.br\/plenario-do-senado-vota-projeto-da-terceirizacao-na-proxima-terca\/#primaryimage\"},\"thumbnailUrl\":\"https:\/\/psol50.org.br\/inc\/uploads\/2016\/12\/Tomaz-Silva-Agencia-Brasil.jpg\",\"keywords\":[\"atividade-fim\",\"Chico Alencar\",\"PL 3440\/04\",\"PLC 30\/15\",\"terceiriza\u00e7\u00e3o\"],\"articleSection\":[\"Brasil\"],\"inLanguage\":\"pt-BR\",\"potentialAction\":[{\"@type\":\"CommentAction\",\"name\":\"Comment\",\"target\":[\"https:\/\/psol50.org.br\/plenario-do-senado-vota-projeto-da-terceirizacao-na-proxima-terca\/#respond\"]}]},{\"@type\":\"WebPage\",\"@id\":\"https:\/\/psol50.org.br\/plenario-do-senado-vota-projeto-da-terceirizacao-na-proxima-terca\/\",\"url\":\"https:\/\/psol50.org.br\/plenario-do-senado-vota-projeto-da-terceirizacao-na-proxima-terca\/\",\"name\":\"Plen\u00e1rio do Senado vota projeto da terceiriza\u00e7\u00e3o nesta ter\u00e7a - PSOL 50\",\"isPartOf\":{\"@id\":\"https:\/\/psol50.org.br\/#website\"},\"primaryImageOfPage\":{\"@id\":\"https:\/\/psol50.org.br\/plenario-do-senado-vota-projeto-da-terceirizacao-na-proxima-terca\/#primaryimage\"},\"image\":{\"@id\":\"https:\/\/psol50.org.br\/plenario-do-senado-vota-projeto-da-terceirizacao-na-proxima-terca\/#primaryimage\"},\"thumbnailUrl\":\"https:\/\/psol50.org.br\/inc\/uploads\/2016\/12\/Tomaz-Silva-Agencia-Brasil.jpg\",\"datePublished\":\"2016-12-02T20:15:31+00:00\",\"breadcrumb\":{\"@id\":\"https:\/\/psol50.org.br\/plenario-do-senado-vota-projeto-da-terceirizacao-na-proxima-terca\/#breadcrumb\"},\"inLanguage\":\"pt-BR\",\"potentialAction\":[{\"@type\":\"ReadAction\",\"target\":[\"https:\/\/psol50.org.br\/plenario-do-senado-vota-projeto-da-terceirizacao-na-proxima-terca\/\"]}]},{\"@type\":\"ImageObject\",\"inLanguage\":\"pt-BR\",\"@id\":\"https:\/\/psol50.org.br\/plenario-do-senado-vota-projeto-da-terceirizacao-na-proxima-terca\/#primaryimage\",\"url\":\"https:\/\/psol50.org.br\/inc\/uploads\/2016\/12\/Tomaz-Silva-Agencia-Brasil.jpg\",\"contentUrl\":\"https:\/\/psol50.org.br\/inc\/uploads\/2016\/12\/Tomaz-Silva-Agencia-Brasil.jpg\",\"width\":1350,\"height\":900},{\"@type\":\"BreadcrumbList\",\"@id\":\"https:\/\/psol50.org.br\/plenario-do-senado-vota-projeto-da-terceirizacao-na-proxima-terca\/#breadcrumb\",\"itemListElement\":[{\"@type\":\"ListItem\",\"position\":1,\"name\":\"In\u00edcio\",\"item\":\"https:\/\/psol50.org.br\/\"},{\"@type\":\"ListItem\",\"position\":2,\"name\":\"Plen\u00e1rio do Senado vota projeto da terceiriza\u00e7\u00e3o nesta ter\u00e7a\"}]},{\"@type\":\"WebSite\",\"@id\":\"https:\/\/psol50.org.br\/#website\",\"url\":\"https:\/\/psol50.org.br\/\",\"name\":\"PSOL 50\",\"description\":\"Site oficial do Partido Socialismo e Liberdade\",\"publisher\":{\"@id\":\"https:\/\/psol50.org.br\/#organization\"},\"alternateName\":\"PSOL50\",\"potentialAction\":[{\"@type\":\"SearchAction\",\"target\":{\"@type\":\"EntryPoint\",\"urlTemplate\":\"https:\/\/psol50.org.br\/?s={search_term_string}\"},\"query-input\":{\"@type\":\"PropertyValueSpecification\",\"valueRequired\":true,\"valueName\":\"search_term_string\"}}],\"inLanguage\":\"pt-BR\"},{\"@type\":\"Organization\",\"@id\":\"https:\/\/psol50.org.br\/#organization\",\"name\":\"PSOL 50\",\"alternateName\":\"PSOL 50\",\"url\":\"https:\/\/psol50.org.br\/\",\"logo\":{\"@type\":\"ImageObject\",\"inLanguage\":\"pt-BR\",\"@id\":\"https:\/\/psol50.org.br\/#\/schema\/logo\/image\/\",\"url\":\"https:\/\/psol50.org.br\/inc\/uploads\/2018\/07\/capa.png\",\"contentUrl\":\"https:\/\/psol50.org.br\/inc\/uploads\/2018\/07\/capa.png\",\"width\":1350,\"height\":900,\"caption\":\"PSOL 50\"},\"image\":{\"@id\":\"https:\/\/psol50.org.br\/#\/schema\/logo\/image\/\"},\"sameAs\":[\"https:\/\/www.facebook.com\/psol50\",\"https:\/\/x.com\/psol50\",\"https:\/\/www.instagram.com\/psol50\/\",\"https:\/\/www.youtube.com\/channel\/UC7SnJS5o1os7a6CaiNabzcg\"]},{\"@type\":\"Person\",\"@id\":\"https:\/\/psol50.org.br\/#\/schema\/person\/475dfa57d0b815993c714c2e96491fcd\",\"name\":\"Comunica\u00e7\u00e3o PSOL\",\"image\":{\"@type\":\"ImageObject\",\"inLanguage\":\"pt-BR\",\"@id\":\"https:\/\/psol50.org.br\/#\/schema\/person\/image\/\",\"url\":\"https:\/\/secure.gravatar.com\/avatar\/b34fc4f4e468a4e51785917065a3db57b841f5c95dba6ad8c73aaf8f66f8f9bf?s=96&d=mm&r=g\",\"contentUrl\":\"https:\/\/secure.gravatar.com\/avatar\/b34fc4f4e468a4e51785917065a3db57b841f5c95dba6ad8c73aaf8f66f8f9bf?s=96&d=mm&r=g\",\"caption\":\"Comunica\u00e7\u00e3o PSOL\"}}]}<\/script>\n<!-- \/ Yoast SEO plugin. -->","yoast_head_json":{"title":"Plen\u00e1rio do Senado vota projeto da terceiriza\u00e7\u00e3o nesta ter\u00e7a - PSOL 50","robots":{"index":"index","follow":"follow","max-snippet":"max-snippet:-1","max-image-preview":"max-image-preview:large","max-video-preview":"max-video-preview:-1"},"canonical":"https:\/\/psol50.org.br\/plenario-do-senado-vota-projeto-da-terceirizacao-na-proxima-terca\/","og_locale":"pt_BR","og_type":"article","og_title":"Plen\u00e1rio do Senado vota projeto da terceiriza\u00e7\u00e3o nesta ter\u00e7a - PSOL 50","og_description":"Na pr\u00f3xima ter\u00e7a-feira (6\/12), o plen\u00e1rio do Senado deve discutir o Projeto de Lei da C\u00e2mara (PLC) 30\/2015, ou projeto de lei da Terceiriza\u00e7\u00e3o. O texto original, de autoria do ex-deputado Sandro Mabel, tramita no legislativo desde 2004, quando ainda era titulado 4330\/04. A aprova\u00e7\u00e3o no plen\u00e1rio da C\u00e2mara\u00a0aconteceu em 2015, com votos contr\u00e1rios de [&hellip;]","og_url":"https:\/\/psol50.org.br\/plenario-do-senado-vota-projeto-da-terceirizacao-na-proxima-terca\/","og_site_name":"PSOL 50","article_publisher":"https:\/\/www.facebook.com\/psol50","article_published_time":"2016-12-02T20:15:31+00:00","og_image":[{"width":1350,"height":900,"url":"https:\/\/psol50.org.br\/inc\/uploads\/2016\/12\/Tomaz-Silva-Agencia-Brasil.jpg","type":"image\/jpeg"}],"author":"Comunica\u00e7\u00e3o PSOL","twitter_card":"summary_large_image","twitter_creator":"@psol50","twitter_site":"@psol50","twitter_misc":{"Escrito por":"Comunica\u00e7\u00e3o PSOL","Est. tempo de leitura":"2 minutos"},"schema":{"@context":"https:\/\/schema.org","@graph":[{"@type":"Article","@id":"https:\/\/psol50.org.br\/plenario-do-senado-vota-projeto-da-terceirizacao-na-proxima-terca\/#article","isPartOf":{"@id":"https:\/\/psol50.org.br\/plenario-do-senado-vota-projeto-da-terceirizacao-na-proxima-terca\/"},"author":{"name":"Comunica\u00e7\u00e3o PSOL","@id":"https:\/\/psol50.org.br\/#\/schema\/person\/475dfa57d0b815993c714c2e96491fcd"},"headline":"Plen\u00e1rio do Senado vota projeto da terceiriza\u00e7\u00e3o nesta ter\u00e7a","datePublished":"2016-12-02T20:15:31+00:00","mainEntityOfPage":{"@id":"https:\/\/psol50.org.br\/plenario-do-senado-vota-projeto-da-terceirizacao-na-proxima-terca\/"},"wordCount":429,"commentCount":0,"publisher":{"@id":"https:\/\/psol50.org.br\/#organization"},"image":{"@id":"https:\/\/psol50.org.br\/plenario-do-senado-vota-projeto-da-terceirizacao-na-proxima-terca\/#primaryimage"},"thumbnailUrl":"https:\/\/psol50.org.br\/inc\/uploads\/2016\/12\/Tomaz-Silva-Agencia-Brasil.jpg","keywords":["atividade-fim","Chico Alencar","PL 3440\/04","PLC 30\/15","terceiriza\u00e7\u00e3o"],"articleSection":["Brasil"],"inLanguage":"pt-BR","potentialAction":[{"@type":"CommentAction","name":"Comment","target":["https:\/\/psol50.org.br\/plenario-do-senado-vota-projeto-da-terceirizacao-na-proxima-terca\/#respond"]}]},{"@type":"WebPage","@id":"https:\/\/psol50.org.br\/plenario-do-senado-vota-projeto-da-terceirizacao-na-proxima-terca\/","url":"https:\/\/psol50.org.br\/plenario-do-senado-vota-projeto-da-terceirizacao-na-proxima-terca\/","name":"Plen\u00e1rio do Senado vota projeto da terceiriza\u00e7\u00e3o nesta ter\u00e7a - PSOL 50","isPartOf":{"@id":"https:\/\/psol50.org.br\/#website"},"primaryImageOfPage":{"@id":"https:\/\/psol50.org.br\/plenario-do-senado-vota-projeto-da-terceirizacao-na-proxima-terca\/#primaryimage"},"image":{"@id":"https:\/\/psol50.org.br\/plenario-do-senado-vota-projeto-da-terceirizacao-na-proxima-terca\/#primaryimage"},"thumbnailUrl":"https:\/\/psol50.org.br\/inc\/uploads\/2016\/12\/Tomaz-Silva-Agencia-Brasil.jpg","datePublished":"2016-12-02T20:15:31+00:00","breadcrumb":{"@id":"https:\/\/psol50.org.br\/plenario-do-senado-vota-projeto-da-terceirizacao-na-proxima-terca\/#breadcrumb"},"inLanguage":"pt-BR","potentialAction":[{"@type":"ReadAction","target":["https:\/\/psol50.org.br\/plenario-do-senado-vota-projeto-da-terceirizacao-na-proxima-terca\/"]}]},{"@type":"ImageObject","inLanguage":"pt-BR","@id":"https:\/\/psol50.org.br\/plenario-do-senado-vota-projeto-da-terceirizacao-na-proxima-terca\/#primaryimage","url":"https:\/\/psol50.org.br\/inc\/uploads\/2016\/12\/Tomaz-Silva-Agencia-Brasil.jpg","contentUrl":"https:\/\/psol50.org.br\/inc\/uploads\/2016\/12\/Tomaz-Silva-Agencia-Brasil.jpg","width":1350,"height":900},{"@type":"BreadcrumbList","@id":"https:\/\/psol50.org.br\/plenario-do-senado-vota-projeto-da-terceirizacao-na-proxima-terca\/#breadcrumb","itemListElement":[{"@type":"ListItem","position":1,"name":"In\u00edcio","item":"https:\/\/psol50.org.br\/"},{"@type":"ListItem","position":2,"name":"Plen\u00e1rio do Senado vota projeto da terceiriza\u00e7\u00e3o nesta ter\u00e7a"}]},{"@type":"WebSite","@id":"https:\/\/psol50.org.br\/#website","url":"https:\/\/psol50.org.br\/","name":"PSOL 50","description":"Site oficial do Partido Socialismo e Liberdade","publisher":{"@id":"https:\/\/psol50.org.br\/#organization"},"alternateName":"PSOL50","potentialAction":[{"@type":"SearchAction","target":{"@type":"EntryPoint","urlTemplate":"https:\/\/psol50.org.br\/?s={search_term_string}"},"query-input":{"@type":"PropertyValueSpecification","valueRequired":true,"valueName":"search_term_string"}}],"inLanguage":"pt-BR"},{"@type":"Organization","@id":"https:\/\/psol50.org.br\/#organization","name":"PSOL 50","alternateName":"PSOL 50","url":"https:\/\/psol50.org.br\/","logo":{"@type":"ImageObject","inLanguage":"pt-BR","@id":"https:\/\/psol50.org.br\/#\/schema\/logo\/image\/","url":"https:\/\/psol50.org.br\/inc\/uploads\/2018\/07\/capa.png","contentUrl":"https:\/\/psol50.org.br\/inc\/uploads\/2018\/07\/capa.png","width":1350,"height":900,"caption":"PSOL 50"},"image":{"@id":"https:\/\/psol50.org.br\/#\/schema\/logo\/image\/"},"sameAs":["https:\/\/www.facebook.com\/psol50","https:\/\/x.com\/psol50","https:\/\/www.instagram.com\/psol50\/","https:\/\/www.youtube.com\/channel\/UC7SnJS5o1os7a6CaiNabzcg"]},{"@type":"Person","@id":"https:\/\/psol50.org.br\/#\/schema\/person\/475dfa57d0b815993c714c2e96491fcd","name":"Comunica\u00e7\u00e3o PSOL","image":{"@type":"ImageObject","inLanguage":"pt-BR","@id":"https:\/\/psol50.org.br\/#\/schema\/person\/image\/","url":"https:\/\/secure.gravatar.com\/avatar\/b34fc4f4e468a4e51785917065a3db57b841f5c95dba6ad8c73aaf8f66f8f9bf?s=96&d=mm&r=g","contentUrl":"https:\/\/secure.gravatar.com\/avatar\/b34fc4f4e468a4e51785917065a3db57b841f5c95dba6ad8c73aaf8f66f8f9bf?s=96&d=mm&r=g","caption":"Comunica\u00e7\u00e3o PSOL"}}]}},"_links":{"self":[{"href":"https:\/\/psol50.org.br\/rest\/wp\/v2\/posts\/14772","targetHints":{"allow":["GET"]}}],"collection":[{"href":"https:\/\/psol50.org.br\/rest\/wp\/v2\/posts"}],"about":[{"href":"https:\/\/psol50.org.br\/rest\/wp\/v2\/types\/post"}],"author":[{"embeddable":true,"href":"https:\/\/psol50.org.br\/rest\/wp\/v2\/users\/2"}],"replies":[{"embeddable":true,"href":"https:\/\/psol50.org.br\/rest\/wp\/v2\/comments?post=14772"}],"version-history":[{"count":0,"href":"https:\/\/psol50.org.br\/rest\/wp\/v2\/posts\/14772\/revisions"}],"wp:featuredmedia":[{"embeddable":true,"href":"https:\/\/psol50.org.br\/rest\/wp\/v2\/media\/14775"}],"wp:attachment":[{"href":"https:\/\/psol50.org.br\/rest\/wp\/v2\/media?parent=14772"}],"wp:term":[{"taxonomy":"category","embeddable":true,"href":"https:\/\/psol50.org.br\/rest\/wp\/v2\/categories?post=14772"},{"taxonomy":"post_tag","embeddable":true,"href":"https:\/\/psol50.org.br\/rest\/wp\/v2\/tags?post=14772"}],"curies":[{"name":"wp","href":"https:\/\/api.w.org\/{rel}","templated":true}]}}